{"id":3112,"date":"2019-01-02T05:52:05","date_gmt":"2019-01-02T04:52:05","guid":{"rendered":"http:\/\/spazio-news.it\/?p=3112"},"modified":"2019-01-29T19:58:54","modified_gmt":"2019-01-29T18:58:54","slug":"abarth-pronti-per-i-70anni-con-il-record-di-vendite-ue","status":"publish","type":"post","link":"http:\/\/spazio-news.it\/?p=3112","title":{"rendered":"ABARTH: PRONTI PER I 70\u2019ANNI CON IL RECORD DI VENDITE UE"},"content":{"rendered":"<p>Trasformare l&#8217;ordinario in straordinario, offrendo i migliori prodotti nel segmento delle auto sportive compatte. \u00c8 questa la missione del <strong>marchio dello Scorpione<\/strong>, da sempre sinonimo di <strong>performance<\/strong> e <strong>stile iconico italiano<\/strong>, che lo scorso anno ha registrato il suo <strong>record di vendita in Europa<\/strong>.<\/p>\n<p><em>\u201cCon quasi 23.500 unit\u00e0 vendute in Europa e una crescita del 36,5 per cento Abarth registra nell&#8217;anno appena concluso il suo record storico di vendite<\/em> &#8211; spiega Luca Napolitano, Head of Fiat and Abarth brand EMEA -. <em>Abbiamo colto risultati eccellenti in molti mercati, come, ad esempio, quello inglese che con oltre 5.600 unit\u00e0 e una crescita del 26,8%, fa registrare, a sua volta, il suo nuovo record di vendite; e quello spagnolo con 1.450 unit\u00e0 e una crescita del 26,6%. Sono molto orgoglioso di questi risultati che dimostrano l&#8217;internazionalit\u00e0 e l&#8217;appeal del brand al di fuori dei confini nazionali, oltre al fatto che abbiamo una gamma che risponde perfettamente alle esigenze di un target sempre pi\u00f9 ampio\u201d<\/em>.<\/p>\n<p>Per celebrare il record di vendite il marchio <a href=\"http:\/\/www.abarth.it\/\">Abarth<\/a> offrir\u00e0, a tutti i clienti europei che hanno acquistato una vettura nel 2018, un prezzo vantaggioso su alcuni preziosi <strong>accessori Mopar<\/strong> con cui personalizzare la propria auto.<\/p>\n<p>In particolare, i proprietari di una <strong>Abarth 595<\/strong> potranno usufruire di una <strong>riduzione del 20%<\/strong> sul costo dell&#8217;esclusivo battitacco in carbonio, mentre i clienti di Abarth 124 Spider e Abarth 124 GT potranno richiedere la barra duomi a un <strong>prezzo ridotto del 30%<\/strong>. La promozione sar\u00e0 valida dal <strong>1\u00b0 di febbraio<\/strong> al <strong>30 di giugno<\/strong>.<\/p>\n<p>Insieme al record di vendite, inoltre, il leggendario marchio sportivo festeggia il suo <strong>70esimo anno di vita<\/strong>, sempre all&#8217;insegna delle prestazioni e dello stile, sulle strade di tutti i giorni e sui pi\u00f9 impegnativi percorsi <strong>racing<\/strong>. \u201cUn anno da record anche nel campo sportivo dove Abarth 124 rally, alla sua seconda stagione di gare, si \u00e8 affermata come la regina della classe R-GT registrando nel suo palmares oltre 40 successi di classe in 12 campionati nazionali, la vittoria dell&#8217;Europeo R-GT e della Coppa del Mondo FIA R-GT \u2013 ha aggiunto Napolitano -. <em>Davvero dei grandi risultati che ci permettono di celebrare quest&#8217;anno con orgoglio il 70\u00b0 compleanno del marchio Abarth\u201d.<\/em><\/p>\n<p>Per celebrare degnamente i record e il compleanno \u00e8 nata la <strong>nuova gamma Abarth &#8220;70esimo Anniversario&#8221;<\/strong>, declinata sui modelli <strong>Abarth 595<\/strong>, <strong>Abarth 124 spider<\/strong> e <strong>Abarth 124 GT<\/strong>, che sar\u00e0 riconoscibile esternamente dal logo &#8220;70esimo Anniversario&#8221; sviluppato ad hoc e che spiccher\u00e0 su <strong>tutte le auto immatricolate nel 2019<\/strong>, rendendole uniche ed esclusive.<\/p>\n<p>La novit\u00e0 viene presentata in concomitanza dell&#8217;<strong>87esima edizione del Rally di Montecarlo<\/strong>, il pi\u00f9 importante rally del mondo per notoriet\u00e0 e storia. Pi\u00f9 volte le vetture dello Scorpione sono state protagoniste a Montecarlo, da ricordare la memorabile vittoria nel 1980 della 131 Abarth Rally condotta da Walter R\u00f6hrl.<\/p>\n<p>Del resto, le competizioni sono un elemento essenziale nella storia e nell&#8217;attualit\u00e0 del marchio Abarth. Il <strong>mondo del racing<\/strong> e del <strong>rally<\/strong>, infatti, rappresenta un severo banco di prova dove tutte le <strong>innovative soluzioni tecnologiche<\/strong> vengono testate nelle condizioni pi\u00f9 avverse per poi essere trasferite sulle <strong>vetture stradali Abarth<\/strong>, offrendo cos\u00ec il massimo in termini di <strong>prestazioni<\/strong>, <strong>sicurezza<\/strong> e <strong>affidabilit\u00e0<\/strong>: una prerogativa di poche case automobilistiche.<\/p>\n","protected":false},"excerpt":{"rendered":"<p>Trasformare l&#8217;ordinario in straordinario, offrendo i migliori prodotti nel segmento delle auto sportive compatte. \u00c8 questa la missione del marchio<\/p>\n","protected":false},"author":1,"featured_media":3113,"comment_status":"closed","ping_status":"open","sticky":false,"template":"","format":"standard","meta":{"colormag_page_container_layout":"default_layout","colormag_page_sidebar_layout":"default_layout","footnotes":""},"categories":[32,3],"tags":[1969,1971,1951,1970,1955,1944,1957],"class_list":["post-3112","post","type-post","status-publish","format-standard","has-post-thumbnail","hentry","category-prima-pagina","category-industria","tag-abarth","tag-abarth-124","tag-abarth-500","tag-abarth-595","tag-fca-group","tag-fiat","tag-fiat-luca-napolitano"],"yoast_head":"<!-- This site is optimized with the Yoast SEO plugin v26.8 - https:\/\/yoast.com\/product\/yoast-seo-wordpress\/ -->\n<title>ABARTH: PRONTI PER I 70\u2019ANNI CON IL RECORD DI VENDITE UE &#187; Spazio-News Magazine<\/title>\n<meta name=\"description\" content=\"Trasformare l&#039;ordinario in straordinario, offrendo i migliori prodotti nel segmento delle auto sportive compatte. \u00c8 questa la missione Abarth\" \/>\n<meta name=\"robots\" content=\"index, follow, max-snippet:-1, max-image-preview:large, max-video-preview:-1\" \/>\n<link rel=\"canonical\" href=\"http:\/\/spazio-news.it\/?p=3112\" \/>\n<meta property=\"og:locale\" content=\"it_IT\" \/>\n<meta property=\"og:type\" content=\"article\" \/>\n<meta property=\"og:title\" content=\"ABARTH: PRONTI PER I 70\u2019ANNI CON IL RECORD DI VENDITE UE &#187; Spazio-News Magazine\" \/>\n<meta property=\"og:description\" content=\"Trasformare l&#039;ordinario in straordinario, offrendo i migliori prodotti nel segmento delle auto sportive compatte. \u00c8 questa la missione Abarth\" \/>\n<meta property=\"og:url\" content=\"http:\/\/spazio-news.it\/?p=3112\" \/>\n<meta property=\"og:site_name\" content=\"Spazio-News Magazine\" \/>\n<meta property=\"article:publisher\" content=\"https:\/\/m.facebook.com\/spazio-news-magazine\" \/>\n<meta property=\"article:author\" content=\"@SpazioNewsMagazine\" \/>\n<meta property=\"article:published_time\" content=\"2019-01-02T04:52:05+00:00\" \/>\n<meta property=\"article:modified_time\" content=\"2019-01-29T18:58:54+00:00\" \/>\n<meta property=\"og:image\" content=\"http:\/\/spazio-news.it\/wp-content\/uploads\/2019\/01\/Abarth-595-Luca-Napolitano-Spazio-news.it_.jpg\" \/>\n\t<meta property=\"og:image:width\" content=\"800\" \/>\n\t<meta property=\"og:image:height\" content=\"446\" \/>\n\t<meta property=\"og:image:type\" content=\"image\/jpeg\" \/>\n<meta name=\"author\" content=\"Redazione\" \/>\n<meta name=\"twitter:card\" content=\"summary_large_image\" \/>\n<meta name=\"twitter:creator\" content=\"@news_spazio\" \/>\n<meta name=\"twitter:site\" content=\"@News_spazio\" \/>\n<meta name=\"twitter:label1\" content=\"Scritto da\" \/>\n\t<meta name=\"twitter:data1\" content=\"Redazione\" \/>\n\t<meta name=\"twitter:label2\" content=\"Tempo di lettura stimato\" \/>\n\t<meta name=\"twitter:data2\" content=\"3 minuti\" \/>\n<script type=\"application\/ld+json\" class=\"yoast-schema-graph\">{\"@context\":\"https:\/\/schema.org\",\"@graph\":[{\"@type\":\"NewsArticle\",\"@id\":\"http:\/\/spazio-news.it\/?p=3112#article\",\"isPartOf\":{\"@id\":\"http:\/\/spazio-news.it\/?p=3112\"},\"author\":{\"name\":\"Redazione\",\"@id\":\"https:\/\/spazio-news.it\/#\/schema\/person\/c600904e882e9e166ed8e5e3773d37b3\"},\"headline\":\"ABARTH: PRONTI PER I 70\u2019ANNI CON IL RECORD DI VENDITE UE\",\"datePublished\":\"2019-01-02T04:52:05+00:00\",\"dateModified\":\"2019-01-29T18:58:54+00:00\",\"mainEntityOfPage\":{\"@id\":\"http:\/\/spazio-news.it\/?p=3112\"},\"wordCount\":524,\"publisher\":{\"@id\":\"https:\/\/spazio-news.it\/#organization\"},\"image\":{\"@id\":\"http:\/\/spazio-news.it\/?p=3112#primaryimage\"},\"thumbnailUrl\":\"http:\/\/spazio-news.it\/wp-content\/uploads\/2019\/01\/Abarth-595-Luca-Napolitano-Spazio-news.it_.jpg\",\"keywords\":[\"Abarth\",\"Abarth 124\",\"Abarth 500\",\"Abarth 595\",\"FCA Group\",\"Fiat\",\"Fiat Luca Napolitano\"],\"articleSection\":[\"01 - PRIMA PAGINA\",\"02 - INDUSTRIA\"],\"inLanguage\":\"it-IT\"},{\"@type\":\"WebPage\",\"@id\":\"http:\/\/spazio-news.it\/?p=3112\",\"url\":\"http:\/\/spazio-news.it\/?p=3112\",\"name\":\"ABARTH: PRONTI PER I 70\u2019ANNI CON IL RECORD DI VENDITE UE &#187; Spazio-News Magazine\",\"isPartOf\":{\"@id\":\"https:\/\/spazio-news.it\/#website\"},\"primaryImageOfPage\":{\"@id\":\"http:\/\/spazio-news.it\/?p=3112#primaryimage\"},\"image\":{\"@id\":\"http:\/\/spazio-news.it\/?p=3112#primaryimage\"},\"thumbnailUrl\":\"http:\/\/spazio-news.it\/wp-content\/uploads\/2019\/01\/Abarth-595-Luca-Napolitano-Spazio-news.it_.jpg\",\"datePublished\":\"2019-01-02T04:52:05+00:00\",\"dateModified\":\"2019-01-29T18:58:54+00:00\",\"description\":\"Trasformare l'ordinario in straordinario, offrendo i migliori prodotti nel segmento delle auto sportive compatte. \u00c8 questa la missione Abarth\",\"breadcrumb\":{\"@id\":\"http:\/\/spazio-news.it\/?p=3112#breadcrumb\"},\"inLanguage\":\"it-IT\",\"potentialAction\":[{\"@type\":\"ReadAction\",\"target\":[\"http:\/\/spazio-news.it\/?p=3112\"]}]},{\"@type\":\"ImageObject\",\"inLanguage\":\"it-IT\",\"@id\":\"http:\/\/spazio-news.it\/?p=3112#primaryimage\",\"url\":\"http:\/\/spazio-news.it\/wp-content\/uploads\/2019\/01\/Abarth-595-Luca-Napolitano-Spazio-news.it_.jpg\",\"contentUrl\":\"http:\/\/spazio-news.it\/wp-content\/uploads\/2019\/01\/Abarth-595-Luca-Napolitano-Spazio-news.it_.jpg\",\"width\":800,\"height\":446,\"caption\":\"Abarth 595 Luca Napolitano Spazio-news.it\"},{\"@type\":\"BreadcrumbList\",\"@id\":\"http:\/\/spazio-news.it\/?p=3112#breadcrumb\",\"itemListElement\":[{\"@type\":\"ListItem\",\"position\":1,\"name\":\"Home\",\"item\":\"https:\/\/spazio-news.it\/\"},{\"@type\":\"ListItem\",\"position\":2,\"name\":\"ABARTH: PRONTI PER I 70\u2019ANNI CON IL RECORD DI VENDITE UE\"}]},{\"@type\":\"WebSite\",\"@id\":\"https:\/\/spazio-news.it\/#website\",\"url\":\"https:\/\/spazio-news.it\/\",\"name\":\"Spazio-News Magazine\",\"description\":\"La guida che sfida la complessit\u00e0 del mondo industriale\",\"publisher\":{\"@id\":\"https:\/\/spazio-news.it\/#organization\"},\"alternateName\":\"Spazio-news.it\",\"potentialAction\":[{\"@type\":\"SearchAction\",\"target\":{\"@type\":\"EntryPoint\",\"urlTemplate\":\"https:\/\/spazio-news.it\/?s={search_term_string}\"},\"query-input\":{\"@type\":\"PropertyValueSpecification\",\"valueRequired\":true,\"valueName\":\"search_term_string\"}}],\"inLanguage\":\"it-IT\"},{\"@type\":\"Organization\",\"@id\":\"https:\/\/spazio-news.it\/#organization\",\"name\":\"Spazio-News Magazine\",\"url\":\"https:\/\/spazio-news.it\/\",\"logo\":{\"@type\":\"ImageObject\",\"inLanguage\":\"it-IT\",\"@id\":\"https:\/\/spazio-news.it\/#\/schema\/logo\/image\/\",\"url\":\"http:\/\/spazio-news.it\/wp-content\/uploads\/2023\/09\/Logo-Spazio-News-512-x-512-NO-testo.jpg\",\"contentUrl\":\"http:\/\/spazio-news.it\/wp-content\/uploads\/2023\/09\/Logo-Spazio-News-512-x-512-NO-testo.jpg\",\"width\":512,\"height\":512,\"caption\":\"Spazio-News Magazine\"},\"image\":{\"@id\":\"https:\/\/spazio-news.it\/#\/schema\/logo\/image\/\"},\"sameAs\":[\"https:\/\/m.facebook.com\/spazio-news-magazine\",\"https:\/\/x.com\/News_spazio\"]},{\"@type\":\"Person\",\"@id\":\"https:\/\/spazio-news.it\/#\/schema\/person\/c600904e882e9e166ed8e5e3773d37b3\",\"name\":\"Redazione\",\"sameAs\":[\"http:\/\/spazio-news.it\",\"@SpazioNewsMagazine\",\"https:\/\/x.com\/@news_spazio\"],\"url\":\"http:\/\/spazio-news.it\/?author=1\"}]}<\/script>\n<!-- \/ Yoast SEO plugin. -->","yoast_head_json":{"title":"ABARTH: PRONTI PER I 70\u2019ANNI CON IL RECORD DI VENDITE UE &#187; Spazio-News Magazine","description":"Trasformare l'ordinario in straordinario, offrendo i migliori prodotti nel segmento delle auto sportive compatte. \u00c8 questa la missione Abarth","robots":{"index":"index","follow":"follow","max-snippet":"max-snippet:-1","max-image-preview":"max-image-preview:large","max-video-preview":"max-video-preview:-1"},"canonical":"http:\/\/spazio-news.it\/?p=3112","og_locale":"it_IT","og_type":"article","og_title":"ABARTH: PRONTI PER I 70\u2019ANNI CON IL RECORD DI VENDITE UE &#187; Spazio-News Magazine","og_description":"Trasformare l'ordinario in straordinario, offrendo i migliori prodotti nel segmento delle auto sportive compatte. \u00c8 questa la missione Abarth","og_url":"http:\/\/spazio-news.it\/?p=3112","og_site_name":"Spazio-News Magazine","article_publisher":"https:\/\/m.facebook.com\/spazio-news-magazine","article_author":"@SpazioNewsMagazine","article_published_time":"2019-01-02T04:52:05+00:00","article_modified_time":"2019-01-29T18:58:54+00:00","og_image":[{"width":800,"height":446,"url":"http:\/\/spazio-news.it\/wp-content\/uploads\/2019\/01\/Abarth-595-Luca-Napolitano-Spazio-news.it_.jpg","type":"image\/jpeg"}],"author":"Redazione","twitter_card":"summary_large_image","twitter_creator":"@news_spazio","twitter_site":"@News_spazio","twitter_misc":{"Scritto da":"Redazione","Tempo di lettura stimato":"3 minuti"},"schema":{"@context":"https:\/\/schema.org","@graph":[{"@type":"NewsArticle","@id":"http:\/\/spazio-news.it\/?p=3112#article","isPartOf":{"@id":"http:\/\/spazio-news.it\/?p=3112"},"author":{"name":"Redazione","@id":"https:\/\/spazio-news.it\/#\/schema\/person\/c600904e882e9e166ed8e5e3773d37b3"},"headline":"ABARTH: PRONTI PER I 70\u2019ANNI CON IL RECORD DI VENDITE UE","datePublished":"2019-01-02T04:52:05+00:00","dateModified":"2019-01-29T18:58:54+00:00","mainEntityOfPage":{"@id":"http:\/\/spazio-news.it\/?p=3112"},"wordCount":524,"publisher":{"@id":"https:\/\/spazio-news.it\/#organization"},"image":{"@id":"http:\/\/spazio-news.it\/?p=3112#primaryimage"},"thumbnailUrl":"http:\/\/spazio-news.it\/wp-content\/uploads\/2019\/01\/Abarth-595-Luca-Napolitano-Spazio-news.it_.jpg","keywords":["Abarth","Abarth 124","Abarth 500","Abarth 595","FCA Group","Fiat","Fiat Luca Napolitano"],"articleSection":["01 - PRIMA PAGINA","02 - INDUSTRIA"],"inLanguage":"it-IT"},{"@type":"WebPage","@id":"http:\/\/spazio-news.it\/?p=3112","url":"http:\/\/spazio-news.it\/?p=3112","name":"ABARTH: PRONTI PER I 70\u2019ANNI CON IL RECORD DI VENDITE UE &#187; Spazio-News Magazine","isPartOf":{"@id":"https:\/\/spazio-news.it\/#website"},"primaryImageOfPage":{"@id":"http:\/\/spazio-news.it\/?p=3112#primaryimage"},"image":{"@id":"http:\/\/spazio-news.it\/?p=3112#primaryimage"},"thumbnailUrl":"http:\/\/spazio-news.it\/wp-content\/uploads\/2019\/01\/Abarth-595-Luca-Napolitano-Spazio-news.it_.jpg","datePublished":"2019-01-02T04:52:05+00:00","dateModified":"2019-01-29T18:58:54+00:00","description":"Trasformare l'ordinario in straordinario, offrendo i migliori prodotti nel segmento delle auto sportive compatte. \u00c8 questa la missione Abarth","breadcrumb":{"@id":"http:\/\/spazio-news.it\/?p=3112#breadcrumb"},"inLanguage":"it-IT","potentialAction":[{"@type":"ReadAction","target":["http:\/\/spazio-news.it\/?p=3112"]}]},{"@type":"ImageObject","inLanguage":"it-IT","@id":"http:\/\/spazio-news.it\/?p=3112#primaryimage","url":"http:\/\/spazio-news.it\/wp-content\/uploads\/2019\/01\/Abarth-595-Luca-Napolitano-Spazio-news.it_.jpg","contentUrl":"http:\/\/spazio-news.it\/wp-content\/uploads\/2019\/01\/Abarth-595-Luca-Napolitano-Spazio-news.it_.jpg","width":800,"height":446,"caption":"Abarth 595 Luca Napolitano Spazio-news.it"},{"@type":"BreadcrumbList","@id":"http:\/\/spazio-news.it\/?p=3112#breadcrumb","itemListElement":[{"@type":"ListItem","position":1,"name":"Home","item":"https:\/\/spazio-news.it\/"},{"@type":"ListItem","position":2,"name":"ABARTH: PRONTI PER I 70\u2019ANNI CON IL RECORD DI VENDITE UE"}]},{"@type":"WebSite","@id":"https:\/\/spazio-news.it\/#website","url":"https:\/\/spazio-news.it\/","name":"Spazio-News Magazine","description":"La guida che sfida la complessit\u00e0 del mondo industriale","publisher":{"@id":"https:\/\/spazio-news.it\/#organization"},"alternateName":"Spazio-news.it","potentialAction":[{"@type":"SearchAction","target":{"@type":"EntryPoint","urlTemplate":"https:\/\/spazio-news.it\/?s={search_term_string}"},"query-input":{"@type":"PropertyValueSpecification","valueRequired":true,"valueName":"search_term_string"}}],"inLanguage":"it-IT"},{"@type":"Organization","@id":"https:\/\/spazio-news.it\/#organization","name":"Spazio-News Magazine","url":"https:\/\/spazio-news.it\/","logo":{"@type":"ImageObject","inLanguage":"it-IT","@id":"https:\/\/spazio-news.it\/#\/schema\/logo\/image\/","url":"http:\/\/spazio-news.it\/wp-content\/uploads\/2023\/09\/Logo-Spazio-News-512-x-512-NO-testo.jpg","contentUrl":"http:\/\/spazio-news.it\/wp-content\/uploads\/2023\/09\/Logo-Spazio-News-512-x-512-NO-testo.jpg","width":512,"height":512,"caption":"Spazio-News Magazine"},"image":{"@id":"https:\/\/spazio-news.it\/#\/schema\/logo\/image\/"},"sameAs":["https:\/\/m.facebook.com\/spazio-news-magazine","https:\/\/x.com\/News_spazio"]},{"@type":"Person","@id":"https:\/\/spazio-news.it\/#\/schema\/person\/c600904e882e9e166ed8e5e3773d37b3","name":"Redazione","sameAs":["http:\/\/spazio-news.it","@SpazioNewsMagazine","https:\/\/x.com\/@news_spazio"],"url":"http:\/\/spazio-news.it\/?author=1"}]}},"_links":{"self":[{"href":"http:\/\/spazio-news.it\/index.php?rest_route=\/wp\/v2\/posts\/3112","targetHints":{"allow":["GET"]}}],"collection":[{"href":"http:\/\/spazio-news.it\/index.php?rest_route=\/wp\/v2\/posts"}],"about":[{"href":"http:\/\/spazio-news.it\/index.php?rest_route=\/wp\/v2\/types\/post"}],"author":[{"embeddable":true,"href":"http:\/\/spazio-news.it\/index.php?rest_route=\/wp\/v2\/users\/1"}],"replies":[{"embeddable":true,"href":"http:\/\/spazio-news.it\/index.php?rest_route=%2Fwp%2Fv2%2Fcomments&post=3112"}],"version-history":[{"count":1,"href":"http:\/\/spazio-news.it\/index.php?rest_route=\/wp\/v2\/posts\/3112\/revisions"}],"predecessor-version":[{"id":3114,"href":"http:\/\/spazio-news.it\/index.php?rest_route=\/wp\/v2\/posts\/3112\/revisions\/3114"}],"wp:featuredmedia":[{"embeddable":true,"href":"http:\/\/spazio-news.it\/index.php?rest_route=\/wp\/v2\/media\/3113"}],"wp:attachment":[{"href":"http:\/\/spazio-news.it\/index.php?rest_route=%2Fwp%2Fv2%2Fmedia&parent=3112"}],"wp:term":[{"taxonomy":"category","embeddable":true,"href":"http:\/\/spazio-news.it\/index.php?rest_route=%2Fwp%2Fv2%2Fcategories&post=3112"},{"taxonomy":"post_tag","embeddable":true,"href":"http:\/\/spazio-news.it\/index.php?rest_route=%2Fwp%2Fv2%2Ftags&post=3112"}],"curies":[{"name":"wp","href":"https:\/\/api.w.org\/{rel}","templated":true}]}}