{"id":3204,"date":"2019-02-06T05:56:39","date_gmt":"2019-02-06T04:56:39","guid":{"rendered":"http:\/\/spazio-news.it\/?p=3204"},"modified":"2019-05-27T20:07:04","modified_gmt":"2019-05-27T19:07:04","slug":"am-aotc-qualificato-il-nuovo-personale-jfac","status":"publish","type":"post","link":"http:\/\/spazio-news.it\/?p=3204","title":{"rendered":"AM, AOTC: QUALIFICATO IL NUOVO PERSONALE JFAC"},"content":{"rendered":"<p>Si \u00e8 concluso, presso l&#8217;<strong>Air Operation Training Centre &#8211; AOTC<\/strong> del <strong>Comando Operazioni Aeree &#8211; COA<\/strong> di <strong>Poggio Renatico<\/strong> (FE), il corso di <strong>Air Command and Control Execution<\/strong> che fornisce ai frequentatori le conoscenze necessarie ad operare all&#8217;interno delle divisioni &#8220;<strong>Combat Plans<\/strong>&#8221; e &#8220;<strong>Combat operations<\/strong>&#8221; di strutture <strong>JFAC &#8211; Joint Force Air Component<\/strong>.<\/p>\n<p><em>\u201c<strong>Il JFAC<\/strong> \u00e8 una struttura di comando e controllo che viene attivata, all&#8217;occorrenza, durante una crisi. Il suo compito \u00e8 quello di pianificare, sviluppare, assegnare e condurre missioni aeree in conformit\u00e0 con quelle che sono le direttive impartite dalla Difesa<\/em> \u2013 si legge nella nota dell\u2019AMI -. <em>In tempo di pace la struttura permanente \u00e8 chiamata Core JFAC. L&#8217;Italian Core JFAC, situato presso il COA, ha come incarico lo sviluppo delle Standard Operating Procedures (SOPs) che verranno impiegate in caso di attivazione. Il Core JFAC \u00e8 costituito da un numero ridotto di persone. Per questo motivo nel caso di attivazione necessita di adeguati rinforzi in termini di personale opportunamente formato\u201d<\/em>.<\/p>\n<p><strong>Il corso<\/strong><strong>. <\/strong>Dopo un primo modulo di lezioni frontali incentrate sulla struttura e sui processi del <strong>JFAC<\/strong> ed un ciclo di <strong>lezioni ed attivit\u00e0 pratiche relative all&#8217;utilizzo del sistema di Comando e Controllo ICC &#8211; Integrated Command and Control Software for Air Operations<\/strong>, i 17 frequentatori hanno messo in pratica le procedure apprese attraverso un&#8217;esercitazione che li ha coinvolti nello sviluppo e nell&#8217;esecuzione di un <strong>Air<\/strong> <strong>Tasking Order &#8211; ATO<\/strong>.<\/p>\n<p><strong>Lo scenario dell&#8217;esercitazione.<\/strong> Nella fase pratica del corso \u00e8 stato\u00a0<strong>simulato<\/strong>\u00a0uno scenario che ha previsto l&#8217;impiego di tutte le\u00a0capacit\u00e0 operative\u00a0dell&#8217;<strong>Aeronautica Militare<\/strong>:\u00a0<strong>difesa aerea<\/strong>, <strong>sorveglianza<\/strong> e <strong>ricognizione<\/strong>, <strong> attacco di precisione<\/strong>,\u00a0<strong>mobilit\u00e0<\/strong> e <strong>trasporto<\/strong>, <strong>ricerca e soccorso<\/strong>, con particolare attenzione alle\u00a0procedure di impiego congiunto di <strong>assetti di 4^ e di 5^ generazione<\/strong>.<\/p>\n<p>Il Corso si \u00e8 concluso con un incontro con il <strong>Comandante del COA<\/strong>, <strong>Generale di Divisione Aerea Antonio Conserva<\/strong>, che ha sottolineato l&#8217;alta motivazione e la professionalit\u00e0 espressa dai frequentatori.<\/p>\n","protected":false},"excerpt":{"rendered":"<p>Si \u00e8 concluso, presso l&#8217;Air Operation Training Centre &#8211; AOTC del Comando Operazioni Aeree &#8211; COA di Poggio Renatico (FE),<\/p>\n","protected":false},"author":1,"featured_media":1341,"comment_status":"closed","ping_status":"open","sticky":false,"template":"","format":"standard","meta":{"colormag_page_container_layout":"default_layout","colormag_page_sidebar_layout":"default_layout","footnotes":""},"categories":[32,4],"tags":[54,234],"class_list":["post-3204","post","type-post","status-publish","format-standard","has-post-thumbnail","hentry","category-prima-pagina","category-istituzioni","tag-aeronautica-militare-italiana","tag-comando-operazioni-aeree-coa"],"yoast_head":"<!-- This site is optimized with the Yoast SEO plugin v26.8 - https:\/\/yoast.com\/product\/yoast-seo-wordpress\/ -->\n<title>AM, AOTC: QUALIFICATO IL NUOVO PERSONALE JFAC &#187; Spazio-News Magazine<\/title>\n<meta name=\"description\" content=\"Si \u00e8 concluso, presso l&#039;Air Operation Training Centre - AOTC del Comando Operazioni Aeree - COA di Poggio Renatico (FE), il corso di\" \/>\n<meta name=\"robots\" content=\"index, follow, max-snippet:-1, max-image-preview:large, max-video-preview:-1\" \/>\n<link rel=\"canonical\" href=\"http:\/\/spazio-news.it\/?p=3204\" \/>\n<meta property=\"og:locale\" content=\"it_IT\" \/>\n<meta property=\"og:type\" content=\"article\" \/>\n<meta property=\"og:title\" content=\"AM, AOTC: QUALIFICATO IL NUOVO PERSONALE JFAC &#187; Spazio-News Magazine\" \/>\n<meta property=\"og:description\" content=\"Si \u00e8 concluso, presso l&#039;Air Operation Training Centre - AOTC del Comando Operazioni Aeree - COA di Poggio Renatico (FE), il corso di\" \/>\n<meta property=\"og:url\" content=\"http:\/\/spazio-news.it\/?p=3204\" \/>\n<meta property=\"og:site_name\" content=\"Spazio-News Magazine\" \/>\n<meta property=\"article:publisher\" content=\"https:\/\/m.facebook.com\/spazio-news-magazine\" \/>\n<meta property=\"article:author\" content=\"@SpazioNewsMagazine\" \/>\n<meta property=\"article:published_time\" content=\"2019-02-06T04:56:39+00:00\" \/>\n<meta property=\"article:modified_time\" content=\"2019-05-27T19:07:04+00:00\" \/>\n<meta property=\"og:image\" content=\"http:\/\/spazio-news.it\/wp-content\/uploads\/2018\/10\/AeronauticaMilitare_Palazzo_Roma_Spazio-news-e1538675771624.jpg\" \/>\n\t<meta property=\"og:image:width\" content=\"800\" \/>\n\t<meta property=\"og:image:height\" content=\"446\" \/>\n\t<meta property=\"og:image:type\" content=\"image\/jpeg\" \/>\n<meta name=\"author\" content=\"Redazione\" \/>\n<meta name=\"twitter:card\" content=\"summary_large_image\" \/>\n<meta name=\"twitter:creator\" content=\"@news_spazio\" \/>\n<meta name=\"twitter:site\" content=\"@News_spazio\" \/>\n<meta name=\"twitter:label1\" content=\"Scritto da\" \/>\n\t<meta name=\"twitter:data1\" content=\"Redazione\" \/>\n\t<meta name=\"twitter:label2\" content=\"Tempo di lettura stimato\" \/>\n\t<meta name=\"twitter:data2\" content=\"2 minuti\" \/>\n<script type=\"application\/ld+json\" class=\"yoast-schema-graph\">{\"@context\":\"https:\/\/schema.org\",\"@graph\":[{\"@type\":\"NewsArticle\",\"@id\":\"http:\/\/spazio-news.it\/?p=3204#article\",\"isPartOf\":{\"@id\":\"http:\/\/spazio-news.it\/?p=3204\"},\"author\":{\"name\":\"Redazione\",\"@id\":\"http:\/\/spazio-news.it\/#\/schema\/person\/c600904e882e9e166ed8e5e3773d37b3\"},\"headline\":\"AM, AOTC: QUALIFICATO IL NUOVO PERSONALE JFAC\",\"datePublished\":\"2019-02-06T04:56:39+00:00\",\"dateModified\":\"2019-05-27T19:07:04+00:00\",\"mainEntityOfPage\":{\"@id\":\"http:\/\/spazio-news.it\/?p=3204\"},\"wordCount\":325,\"publisher\":{\"@id\":\"http:\/\/spazio-news.it\/#organization\"},\"image\":{\"@id\":\"http:\/\/spazio-news.it\/?p=3204#primaryimage\"},\"thumbnailUrl\":\"http:\/\/spazio-news.it\/wp-content\/uploads\/2018\/10\/AeronauticaMilitare_Palazzo_Roma_Spazio-news-e1538675771624.jpg\",\"keywords\":[\"Aeronautica Militare Italiana\",\"Comando Operazioni Aeree COA\"],\"articleSection\":[\"01 - PRIMA PAGINA\",\"03 - ISTITUZIONI\"],\"inLanguage\":\"it-IT\"},{\"@type\":\"WebPage\",\"@id\":\"http:\/\/spazio-news.it\/?p=3204\",\"url\":\"http:\/\/spazio-news.it\/?p=3204\",\"name\":\"AM, AOTC: QUALIFICATO IL NUOVO PERSONALE JFAC &#187; Spazio-News Magazine\",\"isPartOf\":{\"@id\":\"http:\/\/spazio-news.it\/#website\"},\"primaryImageOfPage\":{\"@id\":\"http:\/\/spazio-news.it\/?p=3204#primaryimage\"},\"image\":{\"@id\":\"http:\/\/spazio-news.it\/?p=3204#primaryimage\"},\"thumbnailUrl\":\"http:\/\/spazio-news.it\/wp-content\/uploads\/2018\/10\/AeronauticaMilitare_Palazzo_Roma_Spazio-news-e1538675771624.jpg\",\"datePublished\":\"2019-02-06T04:56:39+00:00\",\"dateModified\":\"2019-05-27T19:07:04+00:00\",\"description\":\"Si \u00e8 concluso, presso l'Air Operation Training Centre - AOTC del Comando Operazioni Aeree - COA di Poggio Renatico (FE), il corso di\",\"breadcrumb\":{\"@id\":\"http:\/\/spazio-news.it\/?p=3204#breadcrumb\"},\"inLanguage\":\"it-IT\",\"potentialAction\":[{\"@type\":\"ReadAction\",\"target\":[\"http:\/\/spazio-news.it\/?p=3204\"]}]},{\"@type\":\"ImageObject\",\"inLanguage\":\"it-IT\",\"@id\":\"http:\/\/spazio-news.it\/?p=3204#primaryimage\",\"url\":\"http:\/\/spazio-news.it\/wp-content\/uploads\/2018\/10\/AeronauticaMilitare_Palazzo_Roma_Spazio-news-e1538675771624.jpg\",\"contentUrl\":\"http:\/\/spazio-news.it\/wp-content\/uploads\/2018\/10\/AeronauticaMilitare_Palazzo_Roma_Spazio-news-e1538675771624.jpg\",\"width\":800,\"height\":446,\"caption\":\"AeronauticaMilitare_Palazzo_Roma_Spazio-news\"},{\"@type\":\"BreadcrumbList\",\"@id\":\"http:\/\/spazio-news.it\/?p=3204#breadcrumb\",\"itemListElement\":[{\"@type\":\"ListItem\",\"position\":1,\"name\":\"Home\",\"item\":\"http:\/\/spazio-news.it\/\"},{\"@type\":\"ListItem\",\"position\":2,\"name\":\"AM, AOTC: QUALIFICATO IL NUOVO PERSONALE JFAC\"}]},{\"@type\":\"WebSite\",\"@id\":\"http:\/\/spazio-news.it\/#website\",\"url\":\"http:\/\/spazio-news.it\/\",\"name\":\"Spazio-News Magazine\",\"description\":\"La guida che sfida la complessit\u00e0 del mondo industriale\",\"publisher\":{\"@id\":\"http:\/\/spazio-news.it\/#organization\"},\"alternateName\":\"Spazio-news.it\",\"potentialAction\":[{\"@type\":\"SearchAction\",\"target\":{\"@type\":\"EntryPoint\",\"urlTemplate\":\"http:\/\/spazio-news.it\/?s={search_term_string}\"},\"query-input\":{\"@type\":\"PropertyValueSpecification\",\"valueRequired\":true,\"valueName\":\"search_term_string\"}}],\"inLanguage\":\"it-IT\"},{\"@type\":\"Organization\",\"@id\":\"http:\/\/spazio-news.it\/#organization\",\"name\":\"Spazio-News Magazine\",\"url\":\"http:\/\/spazio-news.it\/\",\"logo\":{\"@type\":\"ImageObject\",\"inLanguage\":\"it-IT\",\"@id\":\"http:\/\/spazio-news.it\/#\/schema\/logo\/image\/\",\"url\":\"http:\/\/spazio-news.it\/wp-content\/uploads\/2023\/09\/Logo-Spazio-News-512-x-512-NO-testo.jpg\",\"contentUrl\":\"http:\/\/spazio-news.it\/wp-content\/uploads\/2023\/09\/Logo-Spazio-News-512-x-512-NO-testo.jpg\",\"width\":512,\"height\":512,\"caption\":\"Spazio-News Magazine\"},\"image\":{\"@id\":\"http:\/\/spazio-news.it\/#\/schema\/logo\/image\/\"},\"sameAs\":[\"https:\/\/m.facebook.com\/spazio-news-magazine\",\"https:\/\/x.com\/News_spazio\"]},{\"@type\":\"Person\",\"@id\":\"http:\/\/spazio-news.it\/#\/schema\/person\/c600904e882e9e166ed8e5e3773d37b3\",\"name\":\"Redazione\",\"sameAs\":[\"http:\/\/spazio-news.it\",\"@SpazioNewsMagazine\",\"https:\/\/x.com\/@news_spazio\"],\"url\":\"http:\/\/spazio-news.it\/?author=1\"}]}<\/script>\n<!-- \/ Yoast SEO plugin. -->","yoast_head_json":{"title":"AM, AOTC: QUALIFICATO IL NUOVO PERSONALE JFAC &#187; Spazio-News Magazine","description":"Si \u00e8 concluso, presso l'Air Operation Training Centre - AOTC del Comando Operazioni Aeree - COA di Poggio Renatico (FE), il corso di","robots":{"index":"index","follow":"follow","max-snippet":"max-snippet:-1","max-image-preview":"max-image-preview:large","max-video-preview":"max-video-preview:-1"},"canonical":"http:\/\/spazio-news.it\/?p=3204","og_locale":"it_IT","og_type":"article","og_title":"AM, AOTC: QUALIFICATO IL NUOVO PERSONALE JFAC &#187; Spazio-News Magazine","og_description":"Si \u00e8 concluso, presso l'Air Operation Training Centre - AOTC del Comando Operazioni Aeree - COA di Poggio Renatico (FE), il corso di","og_url":"http:\/\/spazio-news.it\/?p=3204","og_site_name":"Spazio-News Magazine","article_publisher":"https:\/\/m.facebook.com\/spazio-news-magazine","article_author":"@SpazioNewsMagazine","article_published_time":"2019-02-06T04:56:39+00:00","article_modified_time":"2019-05-27T19:07:04+00:00","og_image":[{"width":800,"height":446,"url":"http:\/\/spazio-news.it\/wp-content\/uploads\/2018\/10\/AeronauticaMilitare_Palazzo_Roma_Spazio-news-e1538675771624.jpg","type":"image\/jpeg"}],"author":"Redazione","twitter_card":"summary_large_image","twitter_creator":"@news_spazio","twitter_site":"@News_spazio","twitter_misc":{"Scritto da":"Redazione","Tempo di lettura stimato":"2 minuti"},"schema":{"@context":"https:\/\/schema.org","@graph":[{"@type":"NewsArticle","@id":"http:\/\/spazio-news.it\/?p=3204#article","isPartOf":{"@id":"http:\/\/spazio-news.it\/?p=3204"},"author":{"name":"Redazione","@id":"http:\/\/spazio-news.it\/#\/schema\/person\/c600904e882e9e166ed8e5e3773d37b3"},"headline":"AM, AOTC: QUALIFICATO IL NUOVO PERSONALE JFAC","datePublished":"2019-02-06T04:56:39+00:00","dateModified":"2019-05-27T19:07:04+00:00","mainEntityOfPage":{"@id":"http:\/\/spazio-news.it\/?p=3204"},"wordCount":325,"publisher":{"@id":"http:\/\/spazio-news.it\/#organization"},"image":{"@id":"http:\/\/spazio-news.it\/?p=3204#primaryimage"},"thumbnailUrl":"http:\/\/spazio-news.it\/wp-content\/uploads\/2018\/10\/AeronauticaMilitare_Palazzo_Roma_Spazio-news-e1538675771624.jpg","keywords":["Aeronautica Militare Italiana","Comando Operazioni Aeree COA"],"articleSection":["01 - PRIMA PAGINA","03 - ISTITUZIONI"],"inLanguage":"it-IT"},{"@type":"WebPage","@id":"http:\/\/spazio-news.it\/?p=3204","url":"http:\/\/spazio-news.it\/?p=3204","name":"AM, AOTC: QUALIFICATO IL NUOVO PERSONALE JFAC &#187; Spazio-News Magazine","isPartOf":{"@id":"http:\/\/spazio-news.it\/#website"},"primaryImageOfPage":{"@id":"http:\/\/spazio-news.it\/?p=3204#primaryimage"},"image":{"@id":"http:\/\/spazio-news.it\/?p=3204#primaryimage"},"thumbnailUrl":"http:\/\/spazio-news.it\/wp-content\/uploads\/2018\/10\/AeronauticaMilitare_Palazzo_Roma_Spazio-news-e1538675771624.jpg","datePublished":"2019-02-06T04:56:39+00:00","dateModified":"2019-05-27T19:07:04+00:00","description":"Si \u00e8 concluso, presso l'Air Operation Training Centre - AOTC del Comando Operazioni Aeree - COA di Poggio Renatico (FE), il corso di","breadcrumb":{"@id":"http:\/\/spazio-news.it\/?p=3204#breadcrumb"},"inLanguage":"it-IT","potentialAction":[{"@type":"ReadAction","target":["http:\/\/spazio-news.it\/?p=3204"]}]},{"@type":"ImageObject","inLanguage":"it-IT","@id":"http:\/\/spazio-news.it\/?p=3204#primaryimage","url":"http:\/\/spazio-news.it\/wp-content\/uploads\/2018\/10\/AeronauticaMilitare_Palazzo_Roma_Spazio-news-e1538675771624.jpg","contentUrl":"http:\/\/spazio-news.it\/wp-content\/uploads\/2018\/10\/AeronauticaMilitare_Palazzo_Roma_Spazio-news-e1538675771624.jpg","width":800,"height":446,"caption":"AeronauticaMilitare_Palazzo_Roma_Spazio-news"},{"@type":"BreadcrumbList","@id":"http:\/\/spazio-news.it\/?p=3204#breadcrumb","itemListElement":[{"@type":"ListItem","position":1,"name":"Home","item":"http:\/\/spazio-news.it\/"},{"@type":"ListItem","position":2,"name":"AM, AOTC: QUALIFICATO IL NUOVO PERSONALE JFAC"}]},{"@type":"WebSite","@id":"http:\/\/spazio-news.it\/#website","url":"http:\/\/spazio-news.it\/","name":"Spazio-News Magazine","description":"La guida che sfida la complessit\u00e0 del mondo industriale","publisher":{"@id":"http:\/\/spazio-news.it\/#organization"},"alternateName":"Spazio-news.it","potentialAction":[{"@type":"SearchAction","target":{"@type":"EntryPoint","urlTemplate":"http:\/\/spazio-news.it\/?s={search_term_string}"},"query-input":{"@type":"PropertyValueSpecification","valueRequired":true,"valueName":"search_term_string"}}],"inLanguage":"it-IT"},{"@type":"Organization","@id":"http:\/\/spazio-news.it\/#organization","name":"Spazio-News Magazine","url":"http:\/\/spazio-news.it\/","logo":{"@type":"ImageObject","inLanguage":"it-IT","@id":"http:\/\/spazio-news.it\/#\/schema\/logo\/image\/","url":"http:\/\/spazio-news.it\/wp-content\/uploads\/2023\/09\/Logo-Spazio-News-512-x-512-NO-testo.jpg","contentUrl":"http:\/\/spazio-news.it\/wp-content\/uploads\/2023\/09\/Logo-Spazio-News-512-x-512-NO-testo.jpg","width":512,"height":512,"caption":"Spazio-News Magazine"},"image":{"@id":"http:\/\/spazio-news.it\/#\/schema\/logo\/image\/"},"sameAs":["https:\/\/m.facebook.com\/spazio-news-magazine","https:\/\/x.com\/News_spazio"]},{"@type":"Person","@id":"http:\/\/spazio-news.it\/#\/schema\/person\/c600904e882e9e166ed8e5e3773d37b3","name":"Redazione","sameAs":["http:\/\/spazio-news.it","@SpazioNewsMagazine","https:\/\/x.com\/@news_spazio"],"url":"http:\/\/spazio-news.it\/?author=1"}]}},"_links":{"self":[{"href":"http:\/\/spazio-news.it\/index.php?rest_route=\/wp\/v2\/posts\/3204","targetHints":{"allow":["GET"]}}],"collection":[{"href":"http:\/\/spazio-news.it\/index.php?rest_route=\/wp\/v2\/posts"}],"about":[{"href":"http:\/\/spazio-news.it\/index.php?rest_route=\/wp\/v2\/types\/post"}],"author":[{"embeddable":true,"href":"http:\/\/spazio-news.it\/index.php?rest_route=\/wp\/v2\/users\/1"}],"replies":[{"embeddable":true,"href":"http:\/\/spazio-news.it\/index.php?rest_route=%2Fwp%2Fv2%2Fcomments&post=3204"}],"version-history":[{"count":4,"href":"http:\/\/spazio-news.it\/index.php?rest_route=\/wp\/v2\/posts\/3204\/revisions"}],"predecessor-version":[{"id":4677,"href":"http:\/\/spazio-news.it\/index.php?rest_route=\/wp\/v2\/posts\/3204\/revisions\/4677"}],"wp:featuredmedia":[{"embeddable":true,"href":"http:\/\/spazio-news.it\/index.php?rest_route=\/wp\/v2\/media\/1341"}],"wp:attachment":[{"href":"http:\/\/spazio-news.it\/index.php?rest_route=%2Fwp%2Fv2%2Fmedia&parent=3204"}],"wp:term":[{"taxonomy":"category","embeddable":true,"href":"http:\/\/spazio-news.it\/index.php?rest_route=%2Fwp%2Fv2%2Fcategories&post=3204"},{"taxonomy":"post_tag","embeddable":true,"href":"http:\/\/spazio-news.it\/index.php?rest_route=%2Fwp%2Fv2%2Ftags&post=3204"}],"curies":[{"name":"wp","href":"https:\/\/api.w.org\/{rel}","templated":true}]}}