{"id":3213,"date":"2019-02-07T12:06:34","date_gmt":"2019-02-07T11:06:34","guid":{"rendered":"http:\/\/spazio-news.it\/?p=3213"},"modified":"2019-06-18T19:53:15","modified_gmt":"2019-06-18T18:53:15","slug":"boeing-e-aerion-corp-per-il-volo-supersonico","status":"publish","type":"post","link":"http:\/\/spazio-news.it\/?p=3213","title":{"rendered":"BOEING E AERION CORP. PER IL VOLO SUPERSONICO"},"content":{"rendered":"<p><a href=\"https:\/\/www.boeing.com\/\" target=\"_blank\" rel=\"noopener\">Boeing<\/a> e Aerion Corp., azienda pioneristica nel campo degli aerei supersonici di prossima generazione con sede a Reno, in Nevada, hanno siglato un accordo di collaborazione con lo scopo di accelerare lo sviluppo della tecnologia e della progettazione dell\u2019aereo e per aprire la strada al volo supersonico in nuovi mercati. I termini dell\u2019accordo non sono stati rivelati.<br \/>\nBoeing fornir\u00e0 risorse ingegneristiche, di produzione e flight test, oltre a know-how specifico per portare sul mercato il business jet supersonico <strong>AS2<\/strong>, progettato per raggiungere velocit\u00e0 fino a 1,4 Mach o circa 1.000 miglia all\u2019ora. Grazie alla capacit\u00e0 di volare il 70% pi\u00f9 veloce rispetto agli attuali business jet, l\u2019AS2 consentir\u00e0 di risparmiare circa tre ore su un volo transatlantico, soddisfacendo o addirittura superando gli obiettivi di prestazione ambientale. L\u2019aereo effettuer\u00e0 il suo primo volo, da programma, nel 2023.<\/p>\n<p><em>\u201cBoeing \u00e8 a capo di una trasformazione della mobilit\u00e0 che consentir\u00e0 di collegare il mondo in modo sicuro ed efficiente pi\u00f9 velocemente che mai<\/em> &#8211; ha commentato <strong>Steve Nordlund<\/strong>, vice president e general manager di Boeing NeXt -. <em>Si tratta di un investimento all\u2019avanguardia strategico nello sviluppo futuro della tecnologia supersonica. Attraverso questa partnership che combina l\u2019expertise supersonica di Aerion con il livello industriale di Boeing e con la sua esperienza nell\u2019aeronautica, abbiamo il team giusto per costruire il futuro del volo supersonico sostenibile\u201d<\/em>.<\/p>\n<p>Fondata nel 2003 per sviluppare nuove tecnologie aerodinamiche efficienti per gli aerei supersonici, Aerion ha introdotto il progetto del suo business jet da 12 passeggeri AS2 nel 2014. Nel 2018, ha presentato il design dei motori <strong>GE Affinity<\/strong> dell\u2019AS2, motori che rispettano gli standard attuali sulle emissioni e sul rumore.<\/p>\n<p><em>\u201cAerion \u00e8 il leader industriale che definisce il ritorno al volo supersonico di successo e sostenibile<\/em> &#8211; ha dichiarato <strong>Tom Vice<\/strong>, chairman, president e chief executive officer di Aerion -. <em>L\u2019AS2 \u00e8 il punto di lancio per il futuro del volo supersonico efficiente e conforme alle normative. Insieme a Boeing, stiamo creando un futuro pi\u00f9 veloce e pi\u00f9 connesso con possibilit\u00e0 eccezionali per rafforzare la produttivit\u00e0 e il potenziale dell\u2019umanit\u00e0\u201d<\/em>.<\/p>\n","protected":false},"excerpt":{"rendered":"<p>Boeing e Aerion Corp., azienda pioneristica nel campo degli aerei supersonici di prossima generazione con sede a Reno, in Nevada,<\/p>\n","protected":false},"author":1,"featured_media":3214,"comment_status":"closed","ping_status":"open","sticky":false,"template":"","format":"standard","meta":{"colormag_page_container_layout":"default_layout","colormag_page_sidebar_layout":"default_layout","footnotes":""},"categories":[32,3],"tags":[2036,2038,172,1495,2037,2039],"class_list":["post-3213","post","type-post","status-publish","format-standard","has-post-thumbnail","hentry","category-prima-pagina","category-industria","tag-aerion-corp","tag-as2","tag-boeing","tag-steve-nordlund","tag-tom-vice","tag-volo-supersonico"],"yoast_head":"<!-- This site is optimized with the Yoast SEO plugin v26.8 - https:\/\/yoast.com\/product\/yoast-seo-wordpress\/ -->\n<title>BOEING E AERION CORP. PER IL VOLO SUPERSONICO &#187; Spazio-News Magazine<\/title>\n<meta name=\"description\" content=\"Boeing e Aerion Corp. hanno siglato un accordo per accelerare lo sviluppo dell\u2019aereo e aprire la strada al volo supersonico in nuovi mercati\" \/>\n<meta name=\"robots\" content=\"index, follow, max-snippet:-1, max-image-preview:large, max-video-preview:-1\" \/>\n<link rel=\"canonical\" href=\"http:\/\/spazio-news.it\/?p=3213\" \/>\n<meta property=\"og:locale\" content=\"it_IT\" \/>\n<meta property=\"og:type\" content=\"article\" \/>\n<meta property=\"og:title\" content=\"BOEING E AERION CORP. PER IL VOLO SUPERSONICO &#187; Spazio-News Magazine\" \/>\n<meta property=\"og:description\" content=\"Boeing e Aerion Corp. hanno siglato un accordo per accelerare lo sviluppo dell\u2019aereo e aprire la strada al volo supersonico in nuovi mercati\" \/>\n<meta property=\"og:url\" content=\"http:\/\/spazio-news.it\/?p=3213\" \/>\n<meta property=\"og:site_name\" content=\"Spazio-News Magazine\" \/>\n<meta property=\"article:publisher\" content=\"https:\/\/m.facebook.com\/spazio-news-magazine\" \/>\n<meta property=\"article:author\" content=\"@SpazioNewsMagazine\" \/>\n<meta property=\"article:published_time\" content=\"2019-02-07T11:06:34+00:00\" \/>\n<meta property=\"article:modified_time\" content=\"2019-06-18T18:53:15+00:00\" \/>\n<meta property=\"og:image\" content=\"http:\/\/spazio-news.it\/wp-content\/uploads\/2019\/02\/Boeing_VoloSupersonico_spazio-news-e1551016399751.png\" \/>\n\t<meta property=\"og:image:width\" content=\"800\" \/>\n\t<meta property=\"og:image:height\" content=\"446\" \/>\n\t<meta property=\"og:image:type\" content=\"image\/png\" \/>\n<meta name=\"author\" content=\"Redazione\" \/>\n<meta name=\"twitter:card\" content=\"summary_large_image\" \/>\n<meta name=\"twitter:creator\" content=\"@news_spazio\" \/>\n<meta name=\"twitter:site\" content=\"@News_spazio\" \/>\n<meta name=\"twitter:label1\" content=\"Scritto da\" \/>\n\t<meta name=\"twitter:data1\" content=\"Redazione\" \/>\n\t<meta name=\"twitter:label2\" content=\"Tempo di lettura stimato\" \/>\n\t<meta name=\"twitter:data2\" content=\"2 minuti\" \/>\n<script type=\"application\/ld+json\" class=\"yoast-schema-graph\">{\"@context\":\"https:\/\/schema.org\",\"@graph\":[{\"@type\":\"NewsArticle\",\"@id\":\"http:\/\/spazio-news.it\/?p=3213#article\",\"isPartOf\":{\"@id\":\"http:\/\/spazio-news.it\/?p=3213\"},\"author\":{\"name\":\"Redazione\",\"@id\":\"http:\/\/spazio-news.it\/#\/schema\/person\/c600904e882e9e166ed8e5e3773d37b3\"},\"headline\":\"BOEING E AERION CORP. PER IL VOLO SUPERSONICO\",\"datePublished\":\"2019-02-07T11:06:34+00:00\",\"dateModified\":\"2019-06-18T18:53:15+00:00\",\"mainEntityOfPage\":{\"@id\":\"http:\/\/spazio-news.it\/?p=3213\"},\"wordCount\":348,\"publisher\":{\"@id\":\"http:\/\/spazio-news.it\/#organization\"},\"image\":{\"@id\":\"http:\/\/spazio-news.it\/?p=3213#primaryimage\"},\"thumbnailUrl\":\"http:\/\/spazio-news.it\/wp-content\/uploads\/2019\/02\/Boeing_VoloSupersonico_spazio-news-e1551016399751.png\",\"keywords\":[\"Aerion Corp\",\"AS2\",\"Boeing\",\"Steve Nordlund\",\"Tom Vice\",\"volo supersonico\"],\"articleSection\":[\"01 - PRIMA PAGINA\",\"02 - INDUSTRIA\"],\"inLanguage\":\"it-IT\"},{\"@type\":\"WebPage\",\"@id\":\"http:\/\/spazio-news.it\/?p=3213\",\"url\":\"http:\/\/spazio-news.it\/?p=3213\",\"name\":\"BOEING E AERION CORP. PER IL VOLO SUPERSONICO &#187; Spazio-News Magazine\",\"isPartOf\":{\"@id\":\"http:\/\/spazio-news.it\/#website\"},\"primaryImageOfPage\":{\"@id\":\"http:\/\/spazio-news.it\/?p=3213#primaryimage\"},\"image\":{\"@id\":\"http:\/\/spazio-news.it\/?p=3213#primaryimage\"},\"thumbnailUrl\":\"http:\/\/spazio-news.it\/wp-content\/uploads\/2019\/02\/Boeing_VoloSupersonico_spazio-news-e1551016399751.png\",\"datePublished\":\"2019-02-07T11:06:34+00:00\",\"dateModified\":\"2019-06-18T18:53:15+00:00\",\"description\":\"Boeing e Aerion Corp. hanno siglato un accordo per accelerare lo sviluppo dell\u2019aereo e aprire la strada al volo supersonico in nuovi mercati\",\"breadcrumb\":{\"@id\":\"http:\/\/spazio-news.it\/?p=3213#breadcrumb\"},\"inLanguage\":\"it-IT\",\"potentialAction\":[{\"@type\":\"ReadAction\",\"target\":[\"http:\/\/spazio-news.it\/?p=3213\"]}]},{\"@type\":\"ImageObject\",\"inLanguage\":\"it-IT\",\"@id\":\"http:\/\/spazio-news.it\/?p=3213#primaryimage\",\"url\":\"http:\/\/spazio-news.it\/wp-content\/uploads\/2019\/02\/Boeing_VoloSupersonico_spazio-news-e1551016399751.png\",\"contentUrl\":\"http:\/\/spazio-news.it\/wp-content\/uploads\/2019\/02\/Boeing_VoloSupersonico_spazio-news-e1551016399751.png\",\"width\":800,\"height\":446,\"caption\":\"Boeing_VoloSupersonico_spazio-news\"},{\"@type\":\"BreadcrumbList\",\"@id\":\"http:\/\/spazio-news.it\/?p=3213#breadcrumb\",\"itemListElement\":[{\"@type\":\"ListItem\",\"position\":1,\"name\":\"Home\",\"item\":\"http:\/\/spazio-news.it\/\"},{\"@type\":\"ListItem\",\"position\":2,\"name\":\"BOEING E AERION CORP. PER IL VOLO SUPERSONICO\"}]},{\"@type\":\"WebSite\",\"@id\":\"http:\/\/spazio-news.it\/#website\",\"url\":\"http:\/\/spazio-news.it\/\",\"name\":\"Spazio-News Magazine\",\"description\":\"La guida che sfida la complessit\u00e0 del mondo industriale\",\"publisher\":{\"@id\":\"http:\/\/spazio-news.it\/#organization\"},\"alternateName\":\"Spazio-news.it\",\"potentialAction\":[{\"@type\":\"SearchAction\",\"target\":{\"@type\":\"EntryPoint\",\"urlTemplate\":\"http:\/\/spazio-news.it\/?s={search_term_string}\"},\"query-input\":{\"@type\":\"PropertyValueSpecification\",\"valueRequired\":true,\"valueName\":\"search_term_string\"}}],\"inLanguage\":\"it-IT\"},{\"@type\":\"Organization\",\"@id\":\"http:\/\/spazio-news.it\/#organization\",\"name\":\"Spazio-News Magazine\",\"url\":\"http:\/\/spazio-news.it\/\",\"logo\":{\"@type\":\"ImageObject\",\"inLanguage\":\"it-IT\",\"@id\":\"http:\/\/spazio-news.it\/#\/schema\/logo\/image\/\",\"url\":\"http:\/\/spazio-news.it\/wp-content\/uploads\/2023\/09\/Logo-Spazio-News-512-x-512-NO-testo.jpg\",\"contentUrl\":\"http:\/\/spazio-news.it\/wp-content\/uploads\/2023\/09\/Logo-Spazio-News-512-x-512-NO-testo.jpg\",\"width\":512,\"height\":512,\"caption\":\"Spazio-News Magazine\"},\"image\":{\"@id\":\"http:\/\/spazio-news.it\/#\/schema\/logo\/image\/\"},\"sameAs\":[\"https:\/\/m.facebook.com\/spazio-news-magazine\",\"https:\/\/x.com\/News_spazio\"]},{\"@type\":\"Person\",\"@id\":\"http:\/\/spazio-news.it\/#\/schema\/person\/c600904e882e9e166ed8e5e3773d37b3\",\"name\":\"Redazione\",\"sameAs\":[\"http:\/\/spazio-news.it\",\"@SpazioNewsMagazine\",\"https:\/\/x.com\/@news_spazio\"],\"url\":\"http:\/\/spazio-news.it\/?author=1\"}]}<\/script>\n<!-- \/ Yoast SEO plugin. -->","yoast_head_json":{"title":"BOEING E AERION CORP. PER IL VOLO SUPERSONICO &#187; Spazio-News Magazine","description":"Boeing e Aerion Corp. hanno siglato un accordo per accelerare lo sviluppo dell\u2019aereo e aprire la strada al volo supersonico in nuovi mercati","robots":{"index":"index","follow":"follow","max-snippet":"max-snippet:-1","max-image-preview":"max-image-preview:large","max-video-preview":"max-video-preview:-1"},"canonical":"http:\/\/spazio-news.it\/?p=3213","og_locale":"it_IT","og_type":"article","og_title":"BOEING E AERION CORP. PER IL VOLO SUPERSONICO &#187; Spazio-News Magazine","og_description":"Boeing e Aerion Corp. hanno siglato un accordo per accelerare lo sviluppo dell\u2019aereo e aprire la strada al volo supersonico in nuovi mercati","og_url":"http:\/\/spazio-news.it\/?p=3213","og_site_name":"Spazio-News Magazine","article_publisher":"https:\/\/m.facebook.com\/spazio-news-magazine","article_author":"@SpazioNewsMagazine","article_published_time":"2019-02-07T11:06:34+00:00","article_modified_time":"2019-06-18T18:53:15+00:00","og_image":[{"width":800,"height":446,"url":"http:\/\/spazio-news.it\/wp-content\/uploads\/2019\/02\/Boeing_VoloSupersonico_spazio-news-e1551016399751.png","type":"image\/png"}],"author":"Redazione","twitter_card":"summary_large_image","twitter_creator":"@news_spazio","twitter_site":"@News_spazio","twitter_misc":{"Scritto da":"Redazione","Tempo di lettura stimato":"2 minuti"},"schema":{"@context":"https:\/\/schema.org","@graph":[{"@type":"NewsArticle","@id":"http:\/\/spazio-news.it\/?p=3213#article","isPartOf":{"@id":"http:\/\/spazio-news.it\/?p=3213"},"author":{"name":"Redazione","@id":"http:\/\/spazio-news.it\/#\/schema\/person\/c600904e882e9e166ed8e5e3773d37b3"},"headline":"BOEING E AERION CORP. PER IL VOLO SUPERSONICO","datePublished":"2019-02-07T11:06:34+00:00","dateModified":"2019-06-18T18:53:15+00:00","mainEntityOfPage":{"@id":"http:\/\/spazio-news.it\/?p=3213"},"wordCount":348,"publisher":{"@id":"http:\/\/spazio-news.it\/#organization"},"image":{"@id":"http:\/\/spazio-news.it\/?p=3213#primaryimage"},"thumbnailUrl":"http:\/\/spazio-news.it\/wp-content\/uploads\/2019\/02\/Boeing_VoloSupersonico_spazio-news-e1551016399751.png","keywords":["Aerion Corp","AS2","Boeing","Steve Nordlund","Tom Vice","volo supersonico"],"articleSection":["01 - PRIMA PAGINA","02 - INDUSTRIA"],"inLanguage":"it-IT"},{"@type":"WebPage","@id":"http:\/\/spazio-news.it\/?p=3213","url":"http:\/\/spazio-news.it\/?p=3213","name":"BOEING E AERION CORP. PER IL VOLO SUPERSONICO &#187; Spazio-News Magazine","isPartOf":{"@id":"http:\/\/spazio-news.it\/#website"},"primaryImageOfPage":{"@id":"http:\/\/spazio-news.it\/?p=3213#primaryimage"},"image":{"@id":"http:\/\/spazio-news.it\/?p=3213#primaryimage"},"thumbnailUrl":"http:\/\/spazio-news.it\/wp-content\/uploads\/2019\/02\/Boeing_VoloSupersonico_spazio-news-e1551016399751.png","datePublished":"2019-02-07T11:06:34+00:00","dateModified":"2019-06-18T18:53:15+00:00","description":"Boeing e Aerion Corp. hanno siglato un accordo per accelerare lo sviluppo dell\u2019aereo e aprire la strada al volo supersonico in nuovi mercati","breadcrumb":{"@id":"http:\/\/spazio-news.it\/?p=3213#breadcrumb"},"inLanguage":"it-IT","potentialAction":[{"@type":"ReadAction","target":["http:\/\/spazio-news.it\/?p=3213"]}]},{"@type":"ImageObject","inLanguage":"it-IT","@id":"http:\/\/spazio-news.it\/?p=3213#primaryimage","url":"http:\/\/spazio-news.it\/wp-content\/uploads\/2019\/02\/Boeing_VoloSupersonico_spazio-news-e1551016399751.png","contentUrl":"http:\/\/spazio-news.it\/wp-content\/uploads\/2019\/02\/Boeing_VoloSupersonico_spazio-news-e1551016399751.png","width":800,"height":446,"caption":"Boeing_VoloSupersonico_spazio-news"},{"@type":"BreadcrumbList","@id":"http:\/\/spazio-news.it\/?p=3213#breadcrumb","itemListElement":[{"@type":"ListItem","position":1,"name":"Home","item":"http:\/\/spazio-news.it\/"},{"@type":"ListItem","position":2,"name":"BOEING E AERION CORP. PER IL VOLO SUPERSONICO"}]},{"@type":"WebSite","@id":"http:\/\/spazio-news.it\/#website","url":"http:\/\/spazio-news.it\/","name":"Spazio-News Magazine","description":"La guida che sfida la complessit\u00e0 del mondo industriale","publisher":{"@id":"http:\/\/spazio-news.it\/#organization"},"alternateName":"Spazio-news.it","potentialAction":[{"@type":"SearchAction","target":{"@type":"EntryPoint","urlTemplate":"http:\/\/spazio-news.it\/?s={search_term_string}"},"query-input":{"@type":"PropertyValueSpecification","valueRequired":true,"valueName":"search_term_string"}}],"inLanguage":"it-IT"},{"@type":"Organization","@id":"http:\/\/spazio-news.it\/#organization","name":"Spazio-News Magazine","url":"http:\/\/spazio-news.it\/","logo":{"@type":"ImageObject","inLanguage":"it-IT","@id":"http:\/\/spazio-news.it\/#\/schema\/logo\/image\/","url":"http:\/\/spazio-news.it\/wp-content\/uploads\/2023\/09\/Logo-Spazio-News-512-x-512-NO-testo.jpg","contentUrl":"http:\/\/spazio-news.it\/wp-content\/uploads\/2023\/09\/Logo-Spazio-News-512-x-512-NO-testo.jpg","width":512,"height":512,"caption":"Spazio-News Magazine"},"image":{"@id":"http:\/\/spazio-news.it\/#\/schema\/logo\/image\/"},"sameAs":["https:\/\/m.facebook.com\/spazio-news-magazine","https:\/\/x.com\/News_spazio"]},{"@type":"Person","@id":"http:\/\/spazio-news.it\/#\/schema\/person\/c600904e882e9e166ed8e5e3773d37b3","name":"Redazione","sameAs":["http:\/\/spazio-news.it","@SpazioNewsMagazine","https:\/\/x.com\/@news_spazio"],"url":"http:\/\/spazio-news.it\/?author=1"}]}},"_links":{"self":[{"href":"http:\/\/spazio-news.it\/index.php?rest_route=\/wp\/v2\/posts\/3213","targetHints":{"allow":["GET"]}}],"collection":[{"href":"http:\/\/spazio-news.it\/index.php?rest_route=\/wp\/v2\/posts"}],"about":[{"href":"http:\/\/spazio-news.it\/index.php?rest_route=\/wp\/v2\/types\/post"}],"author":[{"embeddable":true,"href":"http:\/\/spazio-news.it\/index.php?rest_route=\/wp\/v2\/users\/1"}],"replies":[{"embeddable":true,"href":"http:\/\/spazio-news.it\/index.php?rest_route=%2Fwp%2Fv2%2Fcomments&post=3213"}],"version-history":[{"count":3,"href":"http:\/\/spazio-news.it\/index.php?rest_route=\/wp\/v2\/posts\/3213\/revisions"}],"predecessor-version":[{"id":5142,"href":"http:\/\/spazio-news.it\/index.php?rest_route=\/wp\/v2\/posts\/3213\/revisions\/5142"}],"wp:featuredmedia":[{"embeddable":true,"href":"http:\/\/spazio-news.it\/index.php?rest_route=\/wp\/v2\/media\/3214"}],"wp:attachment":[{"href":"http:\/\/spazio-news.it\/index.php?rest_route=%2Fwp%2Fv2%2Fmedia&parent=3213"}],"wp:term":[{"taxonomy":"category","embeddable":true,"href":"http:\/\/spazio-news.it\/index.php?rest_route=%2Fwp%2Fv2%2Fcategories&post=3213"},{"taxonomy":"post_tag","embeddable":true,"href":"http:\/\/spazio-news.it\/index.php?rest_route=%2Fwp%2Fv2%2Ftags&post=3213"}],"curies":[{"name":"wp","href":"https:\/\/api.w.org\/{rel}","templated":true}]}}