{"id":3234,"date":"2019-02-11T09:16:56","date_gmt":"2019-02-11T08:16:56","guid":{"rendered":"http:\/\/spazio-news.it\/?p=3234"},"modified":"2019-10-03T20:05:32","modified_gmt":"2019-10-03T19:05:32","slug":"futuro-aereo-da-combattimento-airbus-dassault","status":"publish","type":"post","link":"http:\/\/spazio-news.it\/?p=3234","title":{"rendered":"FUTURO AEREO DA COMBATTIMENTO AIRBUS-DASSAULT"},"content":{"rendered":"\n<p>Francia e Germania hanno assegnato il primo contratto in assoluto a <a href=\"https:\/\/www.dassault-aviation.com\">Dassault Aviation<\/a> e <a href=\"http:\/\/www.airbus.com\">Airbus<\/a> per il programma del Sistema di combattimento aereo del futuro &#8211; <strong>Future Combat Air System (FCAS)<\/strong>. Il lancio di questo studio biennale congiunto, la cui data di inizio \u00e8 il 20 febbraio 2019, \u00e8 stato annunciato dal ministro francese della Difesa, <strong>Florence Parly<\/strong>, e dalla sua omologa tedesca, <strong>Ursula von der Leyen<\/strong>, nel corso di un incontro che si \u00e8 tenuto a Parigi. La decisione congiunta di entrambi i Paesi rappresenta una pietra miliare per assicurare la sovranit\u00e0 europea e la leadership tecnologica nel settore dell&#8217;aviazione militare per i prossimi decenni. <br><br><em>&#8220;Questo nuovo step \u00e8 un elemento fondamentale per garantire l\u2019autonomia strategica dell\u2019Europa di domani<\/em> &#8211; ha dichiarato <strong>Eric Trappier<\/strong>, Presidente e Ceo di Dassault Aviation -. <em>Dassault Aviation, mobiliter\u00e0 le proprie competenze in qualit\u00e0 di System Architect e Integrator, per soddisfare i requisiti delle Nazioni e per far s\u00ec che il nostro continente resti leader di livello mondiale nel campo cruciale dei sistemi di combattimento aereo\u201d<\/em>. <br><br><em>&#8220;Il Future Combat Air System \u00e8 uno dei pi\u00f9 ambiziosi programmi di difesa europei di questo secolo<\/em> &#8211; ha dichiarato <strong>Dirk Hoke<\/strong>, Ceo di Airbus Defence and Space -. <em>Con la firma di questo contratto stiamo finalmente avviando questo programma ad alta tecnologia. Entrambe le societ\u00e0 si sono impegnate a fornire alle nostre nazioni le migliori soluzioni per quanto riguarda l\u2019aereo da combattimento di nuova generazione e i sistemi di sistemi che lo accompagnano. Siamo davvero entusiasti di questa opportunit\u00e0 e siamo onorati della fiducia riposta in entrambe le nostre aziende&#8221;<\/em>. <br><br>Il sistema di armamenti di prossima generazione consister\u00e0 in un aereo da combattimento di nuova generazione &#8211; <strong>&#8220;New Generation Fighter&#8221; (NGF)<\/strong> &#8211; con equipaggio, abbinato a una serie di armamenti nuovi e potenziati, oltre a un insieme di sistemi senza pilota (droni) interconnessi grazie a un Cloud da Combattimento e dal suo ecosistema, il tutto integrato in un&#8217;architettura di sistema di sistemi FCAS. Lo studio preliminare congiunto si basa sul documento High Level Common Operational Requirements siglato dai ministri della Difesa di Francia e Germania nel corso del <strong>Salone dell\u2019Aviazione ILA di Berlino<\/strong> dell\u2019aprile 2018 e dei rispettivi studi preliminari nazionali. Scopo dello studio congiunto \u00e8 concettualizzare le diverse capacit\u00e0 del FCAS e porre le basi della loro definizione e futura industrializzazione in vista di una completa capacit\u00e0 operativa, stimata per il 2040. In quest\u2019ottica, saranno preparati dei programmi di dimostratori che verranno lanciati nel corso del prossimo <strong>Salone dell\u2019Aviazione di Parigi <\/strong>che si svolger\u00e0 a giugno. <\/p>\n","protected":false},"excerpt":{"rendered":"<p>Francia e Germania hanno assegnato il primo contratto in assoluto a Dassault Aviation e Airbus per il programma del Sistema<\/p>\n","protected":false},"author":1,"featured_media":3235,"comment_status":"closed","ping_status":"open","sticky":false,"template":"","format":"standard","meta":{"colormag_page_container_layout":"default_layout","colormag_page_sidebar_layout":"default_layout","footnotes":""},"categories":[32,3],"tags":[33,1742,2057,2059,2056,2058,2060],"class_list":["post-3234","post","type-post","status-publish","format-standard","has-post-thumbnail","hentry","category-prima-pagina","category-industria","tag-airbus","tag-dassault-aviation-sa","tag-eric-trappier","tag-florence-parly","tag-future-combat-air-system","tag-new-generation-fighter","tag-ursula-von-der-leyen"],"yoast_head":"<!-- This site is optimized with the Yoast SEO plugin v26.8 - https:\/\/yoast.com\/product\/yoast-seo-wordpress\/ -->\n<title>FUTURO AEREO DA COMBATTIMENTO AIRBUS-DASSAULT &#187; Spazio-News Magazine<\/title>\n<meta name=\"description\" content=\"Francia e Germania hanno assegnato il primo contratto a Dassault Aviation e Airbus per studio del Sistema di combattimento aereo del futuro\" \/>\n<meta name=\"robots\" content=\"index, follow, max-snippet:-1, max-image-preview:large, max-video-preview:-1\" \/>\n<link rel=\"canonical\" href=\"http:\/\/spazio-news.it\/?p=3234\" \/>\n<meta property=\"og:locale\" content=\"it_IT\" \/>\n<meta property=\"og:type\" content=\"article\" \/>\n<meta property=\"og:title\" content=\"FUTURO AEREO DA COMBATTIMENTO AIRBUS-DASSAULT &#187; Spazio-News Magazine\" \/>\n<meta property=\"og:description\" content=\"Francia e Germania hanno assegnato il primo contratto a Dassault Aviation e Airbus per studio del Sistema di combattimento aereo del futuro\" \/>\n<meta property=\"og:url\" content=\"http:\/\/spazio-news.it\/?p=3234\" \/>\n<meta property=\"og:site_name\" content=\"Spazio-News Magazine\" \/>\n<meta property=\"article:publisher\" content=\"https:\/\/m.facebook.com\/spazio-news-magazine\" \/>\n<meta property=\"article:author\" content=\"@SpazioNewsMagazine\" \/>\n<meta property=\"article:published_time\" content=\"2019-02-11T08:16:56+00:00\" \/>\n<meta property=\"article:modified_time\" content=\"2019-10-03T19:05:32+00:00\" \/>\n<meta property=\"og:image\" content=\"http:\/\/spazio-news.it\/wp-content\/uploads\/2019\/02\/Dassault_Airbus_spazio-news-e1551016302856.jpg\" \/>\n\t<meta property=\"og:image:width\" content=\"800\" \/>\n\t<meta property=\"og:image:height\" content=\"446\" \/>\n\t<meta property=\"og:image:type\" content=\"image\/jpeg\" \/>\n<meta name=\"author\" content=\"Redazione\" \/>\n<meta name=\"twitter:card\" content=\"summary_large_image\" \/>\n<meta name=\"twitter:creator\" content=\"@news_spazio\" \/>\n<meta name=\"twitter:site\" content=\"@News_spazio\" \/>\n<meta name=\"twitter:label1\" content=\"Scritto da\" \/>\n\t<meta name=\"twitter:data1\" content=\"Redazione\" \/>\n\t<meta name=\"twitter:label2\" content=\"Tempo di lettura stimato\" \/>\n\t<meta name=\"twitter:data2\" content=\"2 minuti\" \/>\n<script type=\"application\/ld+json\" class=\"yoast-schema-graph\">{\"@context\":\"https:\/\/schema.org\",\"@graph\":[{\"@type\":\"NewsArticle\",\"@id\":\"http:\/\/spazio-news.it\/?p=3234#article\",\"isPartOf\":{\"@id\":\"http:\/\/spazio-news.it\/?p=3234\"},\"author\":{\"name\":\"Redazione\",\"@id\":\"http:\/\/spazio-news.it\/#\/schema\/person\/c600904e882e9e166ed8e5e3773d37b3\"},\"headline\":\"FUTURO AEREO DA COMBATTIMENTO AIRBUS-DASSAULT\",\"datePublished\":\"2019-02-11T08:16:56+00:00\",\"dateModified\":\"2019-10-03T19:05:32+00:00\",\"mainEntityOfPage\":{\"@id\":\"http:\/\/spazio-news.it\/?p=3234\"},\"wordCount\":424,\"publisher\":{\"@id\":\"http:\/\/spazio-news.it\/#organization\"},\"image\":{\"@id\":\"http:\/\/spazio-news.it\/?p=3234#primaryimage\"},\"thumbnailUrl\":\"http:\/\/spazio-news.it\/wp-content\/uploads\/2019\/02\/Dassault_Airbus_spazio-news-e1551016302856.jpg\",\"keywords\":[\"Airbus\",\"Dassault Aviation SA\",\"Eric Trappier\",\"Florence Parly\",\"Future Combat Air System\",\"New Generation Fighter\",\"Ursula von der Leyen\"],\"articleSection\":[\"01 - PRIMA PAGINA\",\"02 - INDUSTRIA\"],\"inLanguage\":\"it-IT\"},{\"@type\":\"WebPage\",\"@id\":\"http:\/\/spazio-news.it\/?p=3234\",\"url\":\"http:\/\/spazio-news.it\/?p=3234\",\"name\":\"FUTURO AEREO DA COMBATTIMENTO AIRBUS-DASSAULT &#187; Spazio-News Magazine\",\"isPartOf\":{\"@id\":\"http:\/\/spazio-news.it\/#website\"},\"primaryImageOfPage\":{\"@id\":\"http:\/\/spazio-news.it\/?p=3234#primaryimage\"},\"image\":{\"@id\":\"http:\/\/spazio-news.it\/?p=3234#primaryimage\"},\"thumbnailUrl\":\"http:\/\/spazio-news.it\/wp-content\/uploads\/2019\/02\/Dassault_Airbus_spazio-news-e1551016302856.jpg\",\"datePublished\":\"2019-02-11T08:16:56+00:00\",\"dateModified\":\"2019-10-03T19:05:32+00:00\",\"description\":\"Francia e Germania hanno assegnato il primo contratto a Dassault Aviation e Airbus per studio del Sistema di combattimento aereo del futuro\",\"breadcrumb\":{\"@id\":\"http:\/\/spazio-news.it\/?p=3234#breadcrumb\"},\"inLanguage\":\"it-IT\",\"potentialAction\":[{\"@type\":\"ReadAction\",\"target\":[\"http:\/\/spazio-news.it\/?p=3234\"]}]},{\"@type\":\"ImageObject\",\"inLanguage\":\"it-IT\",\"@id\":\"http:\/\/spazio-news.it\/?p=3234#primaryimage\",\"url\":\"http:\/\/spazio-news.it\/wp-content\/uploads\/2019\/02\/Dassault_Airbus_spazio-news-e1551016302856.jpg\",\"contentUrl\":\"http:\/\/spazio-news.it\/wp-content\/uploads\/2019\/02\/Dassault_Airbus_spazio-news-e1551016302856.jpg\",\"width\":800,\"height\":446,\"caption\":\"Dassault_Airbus_spazio-news\"},{\"@type\":\"BreadcrumbList\",\"@id\":\"http:\/\/spazio-news.it\/?p=3234#breadcrumb\",\"itemListElement\":[{\"@type\":\"ListItem\",\"position\":1,\"name\":\"Home\",\"item\":\"http:\/\/spazio-news.it\/\"},{\"@type\":\"ListItem\",\"position\":2,\"name\":\"FUTURO AEREO DA COMBATTIMENTO AIRBUS-DASSAULT\"}]},{\"@type\":\"WebSite\",\"@id\":\"http:\/\/spazio-news.it\/#website\",\"url\":\"http:\/\/spazio-news.it\/\",\"name\":\"Spazio-News Magazine\",\"description\":\"La guida che sfida la complessit\u00e0 del mondo industriale\",\"publisher\":{\"@id\":\"http:\/\/spazio-news.it\/#organization\"},\"alternateName\":\"Spazio-news.it\",\"potentialAction\":[{\"@type\":\"SearchAction\",\"target\":{\"@type\":\"EntryPoint\",\"urlTemplate\":\"http:\/\/spazio-news.it\/?s={search_term_string}\"},\"query-input\":{\"@type\":\"PropertyValueSpecification\",\"valueRequired\":true,\"valueName\":\"search_term_string\"}}],\"inLanguage\":\"it-IT\"},{\"@type\":\"Organization\",\"@id\":\"http:\/\/spazio-news.it\/#organization\",\"name\":\"Spazio-News Magazine\",\"url\":\"http:\/\/spazio-news.it\/\",\"logo\":{\"@type\":\"ImageObject\",\"inLanguage\":\"it-IT\",\"@id\":\"http:\/\/spazio-news.it\/#\/schema\/logo\/image\/\",\"url\":\"http:\/\/spazio-news.it\/wp-content\/uploads\/2023\/09\/Logo-Spazio-News-512-x-512-NO-testo.jpg\",\"contentUrl\":\"http:\/\/spazio-news.it\/wp-content\/uploads\/2023\/09\/Logo-Spazio-News-512-x-512-NO-testo.jpg\",\"width\":512,\"height\":512,\"caption\":\"Spazio-News Magazine\"},\"image\":{\"@id\":\"http:\/\/spazio-news.it\/#\/schema\/logo\/image\/\"},\"sameAs\":[\"https:\/\/m.facebook.com\/spazio-news-magazine\",\"https:\/\/x.com\/News_spazio\"]},{\"@type\":\"Person\",\"@id\":\"http:\/\/spazio-news.it\/#\/schema\/person\/c600904e882e9e166ed8e5e3773d37b3\",\"name\":\"Redazione\",\"sameAs\":[\"http:\/\/spazio-news.it\",\"@SpazioNewsMagazine\",\"https:\/\/x.com\/@news_spazio\"],\"url\":\"http:\/\/spazio-news.it\/?author=1\"}]}<\/script>\n<!-- \/ Yoast SEO plugin. -->","yoast_head_json":{"title":"FUTURO AEREO DA COMBATTIMENTO AIRBUS-DASSAULT &#187; Spazio-News Magazine","description":"Francia e Germania hanno assegnato il primo contratto a Dassault Aviation e Airbus per studio del Sistema di combattimento aereo del futuro","robots":{"index":"index","follow":"follow","max-snippet":"max-snippet:-1","max-image-preview":"max-image-preview:large","max-video-preview":"max-video-preview:-1"},"canonical":"http:\/\/spazio-news.it\/?p=3234","og_locale":"it_IT","og_type":"article","og_title":"FUTURO AEREO DA COMBATTIMENTO AIRBUS-DASSAULT &#187; Spazio-News Magazine","og_description":"Francia e Germania hanno assegnato il primo contratto a Dassault Aviation e Airbus per studio del Sistema di combattimento aereo del futuro","og_url":"http:\/\/spazio-news.it\/?p=3234","og_site_name":"Spazio-News Magazine","article_publisher":"https:\/\/m.facebook.com\/spazio-news-magazine","article_author":"@SpazioNewsMagazine","article_published_time":"2019-02-11T08:16:56+00:00","article_modified_time":"2019-10-03T19:05:32+00:00","og_image":[{"width":800,"height":446,"url":"http:\/\/spazio-news.it\/wp-content\/uploads\/2019\/02\/Dassault_Airbus_spazio-news-e1551016302856.jpg","type":"image\/jpeg"}],"author":"Redazione","twitter_card":"summary_large_image","twitter_creator":"@news_spazio","twitter_site":"@News_spazio","twitter_misc":{"Scritto da":"Redazione","Tempo di lettura stimato":"2 minuti"},"schema":{"@context":"https:\/\/schema.org","@graph":[{"@type":"NewsArticle","@id":"http:\/\/spazio-news.it\/?p=3234#article","isPartOf":{"@id":"http:\/\/spazio-news.it\/?p=3234"},"author":{"name":"Redazione","@id":"http:\/\/spazio-news.it\/#\/schema\/person\/c600904e882e9e166ed8e5e3773d37b3"},"headline":"FUTURO AEREO DA COMBATTIMENTO AIRBUS-DASSAULT","datePublished":"2019-02-11T08:16:56+00:00","dateModified":"2019-10-03T19:05:32+00:00","mainEntityOfPage":{"@id":"http:\/\/spazio-news.it\/?p=3234"},"wordCount":424,"publisher":{"@id":"http:\/\/spazio-news.it\/#organization"},"image":{"@id":"http:\/\/spazio-news.it\/?p=3234#primaryimage"},"thumbnailUrl":"http:\/\/spazio-news.it\/wp-content\/uploads\/2019\/02\/Dassault_Airbus_spazio-news-e1551016302856.jpg","keywords":["Airbus","Dassault Aviation SA","Eric Trappier","Florence Parly","Future Combat Air System","New Generation Fighter","Ursula von der Leyen"],"articleSection":["01 - PRIMA PAGINA","02 - INDUSTRIA"],"inLanguage":"it-IT"},{"@type":"WebPage","@id":"http:\/\/spazio-news.it\/?p=3234","url":"http:\/\/spazio-news.it\/?p=3234","name":"FUTURO AEREO DA COMBATTIMENTO AIRBUS-DASSAULT &#187; Spazio-News Magazine","isPartOf":{"@id":"http:\/\/spazio-news.it\/#website"},"primaryImageOfPage":{"@id":"http:\/\/spazio-news.it\/?p=3234#primaryimage"},"image":{"@id":"http:\/\/spazio-news.it\/?p=3234#primaryimage"},"thumbnailUrl":"http:\/\/spazio-news.it\/wp-content\/uploads\/2019\/02\/Dassault_Airbus_spazio-news-e1551016302856.jpg","datePublished":"2019-02-11T08:16:56+00:00","dateModified":"2019-10-03T19:05:32+00:00","description":"Francia e Germania hanno assegnato il primo contratto a Dassault Aviation e Airbus per studio del Sistema di combattimento aereo del futuro","breadcrumb":{"@id":"http:\/\/spazio-news.it\/?p=3234#breadcrumb"},"inLanguage":"it-IT","potentialAction":[{"@type":"ReadAction","target":["http:\/\/spazio-news.it\/?p=3234"]}]},{"@type":"ImageObject","inLanguage":"it-IT","@id":"http:\/\/spazio-news.it\/?p=3234#primaryimage","url":"http:\/\/spazio-news.it\/wp-content\/uploads\/2019\/02\/Dassault_Airbus_spazio-news-e1551016302856.jpg","contentUrl":"http:\/\/spazio-news.it\/wp-content\/uploads\/2019\/02\/Dassault_Airbus_spazio-news-e1551016302856.jpg","width":800,"height":446,"caption":"Dassault_Airbus_spazio-news"},{"@type":"BreadcrumbList","@id":"http:\/\/spazio-news.it\/?p=3234#breadcrumb","itemListElement":[{"@type":"ListItem","position":1,"name":"Home","item":"http:\/\/spazio-news.it\/"},{"@type":"ListItem","position":2,"name":"FUTURO AEREO DA COMBATTIMENTO AIRBUS-DASSAULT"}]},{"@type":"WebSite","@id":"http:\/\/spazio-news.it\/#website","url":"http:\/\/spazio-news.it\/","name":"Spazio-News Magazine","description":"La guida che sfida la complessit\u00e0 del mondo industriale","publisher":{"@id":"http:\/\/spazio-news.it\/#organization"},"alternateName":"Spazio-news.it","potentialAction":[{"@type":"SearchAction","target":{"@type":"EntryPoint","urlTemplate":"http:\/\/spazio-news.it\/?s={search_term_string}"},"query-input":{"@type":"PropertyValueSpecification","valueRequired":true,"valueName":"search_term_string"}}],"inLanguage":"it-IT"},{"@type":"Organization","@id":"http:\/\/spazio-news.it\/#organization","name":"Spazio-News Magazine","url":"http:\/\/spazio-news.it\/","logo":{"@type":"ImageObject","inLanguage":"it-IT","@id":"http:\/\/spazio-news.it\/#\/schema\/logo\/image\/","url":"http:\/\/spazio-news.it\/wp-content\/uploads\/2023\/09\/Logo-Spazio-News-512-x-512-NO-testo.jpg","contentUrl":"http:\/\/spazio-news.it\/wp-content\/uploads\/2023\/09\/Logo-Spazio-News-512-x-512-NO-testo.jpg","width":512,"height":512,"caption":"Spazio-News Magazine"},"image":{"@id":"http:\/\/spazio-news.it\/#\/schema\/logo\/image\/"},"sameAs":["https:\/\/m.facebook.com\/spazio-news-magazine","https:\/\/x.com\/News_spazio"]},{"@type":"Person","@id":"http:\/\/spazio-news.it\/#\/schema\/person\/c600904e882e9e166ed8e5e3773d37b3","name":"Redazione","sameAs":["http:\/\/spazio-news.it","@SpazioNewsMagazine","https:\/\/x.com\/@news_spazio"],"url":"http:\/\/spazio-news.it\/?author=1"}]}},"_links":{"self":[{"href":"http:\/\/spazio-news.it\/index.php?rest_route=\/wp\/v2\/posts\/3234","targetHints":{"allow":["GET"]}}],"collection":[{"href":"http:\/\/spazio-news.it\/index.php?rest_route=\/wp\/v2\/posts"}],"about":[{"href":"http:\/\/spazio-news.it\/index.php?rest_route=\/wp\/v2\/types\/post"}],"author":[{"embeddable":true,"href":"http:\/\/spazio-news.it\/index.php?rest_route=\/wp\/v2\/users\/1"}],"replies":[{"embeddable":true,"href":"http:\/\/spazio-news.it\/index.php?rest_route=%2Fwp%2Fv2%2Fcomments&post=3234"}],"version-history":[{"count":3,"href":"http:\/\/spazio-news.it\/index.php?rest_route=\/wp\/v2\/posts\/3234\/revisions"}],"predecessor-version":[{"id":6586,"href":"http:\/\/spazio-news.it\/index.php?rest_route=\/wp\/v2\/posts\/3234\/revisions\/6586"}],"wp:featuredmedia":[{"embeddable":true,"href":"http:\/\/spazio-news.it\/index.php?rest_route=\/wp\/v2\/media\/3235"}],"wp:attachment":[{"href":"http:\/\/spazio-news.it\/index.php?rest_route=%2Fwp%2Fv2%2Fmedia&parent=3234"}],"wp:term":[{"taxonomy":"category","embeddable":true,"href":"http:\/\/spazio-news.it\/index.php?rest_route=%2Fwp%2Fv2%2Fcategories&post=3234"},{"taxonomy":"post_tag","embeddable":true,"href":"http:\/\/spazio-news.it\/index.php?rest_route=%2Fwp%2Fv2%2Ftags&post=3234"}],"curies":[{"name":"wp","href":"https:\/\/api.w.org\/{rel}","templated":true}]}}