{"id":3251,"date":"2019-02-11T08:06:10","date_gmt":"2019-02-11T07:06:10","guid":{"rendered":"http:\/\/spazio-news.it\/?p=3251"},"modified":"2019-02-07T20:11:35","modified_gmt":"2019-02-07T19:11:35","slug":"nasce-fondazione-leonardo-civilta-delle-macchine","status":"publish","type":"post","link":"http:\/\/spazio-news.it\/?p=3251","title":{"rendered":"NASCE FONDAZIONE LEONARDO &#8211; CIVILT\u00c0 DELLE MACCHINE"},"content":{"rendered":"<p>\u00c8 stata presentata ufficialmente, la scorsa settimana, la <strong>Fondazione Leonardo &#8211; Civilt\u00e0 delle Macchine<\/strong>, istituzione che intende favorire il <strong>dialogo con la societ\u00e0 civile<\/strong>, promuovere nei territori di riferimento la <strong> cultura industriale<\/strong> e <strong>d\u2019impresa<\/strong>, <strong>valorizzare il patrimonio culturale e museale, diffondere conoscenza<\/strong>.<\/p>\n<p>Alla presenza del <strong>Presidente del Consiglio<\/strong>, Prof. <strong>Giuseppe Conte<\/strong>, del <strong>Presidente di Leonardo<\/strong>, <strong>b<\/strong>, e dell\u2019<strong>Amministratore Delegato <\/strong>di <a href=\"http:\/\/www.leonardocompany.com\/\">Leonardo<\/a>, <strong>Alessandro Profumo<\/strong>, \u00e8 stato <strong>Luciano Violante<\/strong>, <strong>Presidente della Fondazione<\/strong>, ad illustrarne le aree progettuali e gli obiettivi, in occasione di una cerimonia svoltasi al MAXXI di Roma. Ospite dell\u2019evento Bernd Roeck, Prof. Dr. Historisches Seminar der Universit\u00e4t Z\u00fcrich (Universit\u00e0 di Zurigo), che ha tenuto una lectio magistralis su Leonardo da Vinci, dal titolo \u201c<em><strong>Leonardo e l\u2019era della meccanizzazione, le idee, le viti, le macchine<\/strong><\/em>\u201c. Il <strong>Presidente del Consiglio<\/strong>, <strong>Giuseppe Conte<\/strong>, ha chiuso gli interventi dei relatori.<\/p>\n<p><em>\u201cL\u2019impegno della Fondazione \u00e8 di contribuire a un rinnovato umanesimo per la diffusione della conoscenza al servizio del nostro Paese e a beneficio di noi tutti \u201d<\/em>, ha commentato Luciano Violante, Presidente della Fondazione Leonardo &#8211; Civilt\u00e0 delle Macchine, <em>\u201cLeonardo da Vinci ci ha indicato quanto sia importante coniugare scienza, tecnologia e arte mantenendo sempre al centro l\u2019uomo e i suoi bisogni futuri\u201d<\/em>.<\/p>\n<p><em>\u201cIl lancio della Fondazione Leonardo-Civilt\u00e0 delle Macchine segna un momento importante sia nella storia del nostro Gruppo, che lo scorso anno ha celebrato il suo settantesimo anniversario, sia nel percorso di dialogo e reciproco confronto sviluppatosi nel nostro Paese tra Industria e Cultura, tra Scienza e Arte\u201d<\/em>, ha sottolineato Alessandro Profumo, Amministratore Delegato di Leonardo.<\/p>\n<p>Le numerose iniziative <em>in fieri <\/em> della <strong>Fondazione<\/strong> sono volte a:<\/p>\n<ul>\n<li>promuovere progetti di valorizzazione del patrimonio storico e tecnologico,<\/li>\n<li>alimentare un nuovo \u201cumanesimo industriale\u201d, coniugando un passato ricco di successi industriali con un futuro sempre pi\u00f9 tecnologico e promuovendo l\u2019idea di una tecnologia al servizio del bene comune,<\/li>\n<li>incrementare l\u2019attrattivit\u00e0 e lo sviluppo territoriale diffondendo la cultura e la formazione industriale.<\/li>\n<\/ul>\n<p><strong>Presidente Onorario della Fondazione \u00e8<\/strong> <strong>Giovanni De Gennaro<\/strong> mentre l\u2019ing. <strong>Lorenzo Fiori<\/strong> \u00e8 stato nominato <strong>Direttore Generale<\/strong>.<\/p>\n<p>A partire dal prossimo mese di <strong>maggio<\/strong> e con cadenza <strong>trimestrale<\/strong> <strong> rinascer\u00e0 la storica rivista \u201cCivilt\u00e0 delle Macchine\u201d<\/strong>, dal gennaio 1953 al 1979 <strong>house organ ufficiale dell\u2019allora Finmeccanica<\/strong>. \u201cCivilt\u00e0 delle Macchine\u201d, che tra i collaboratori vant\u00f2 figure di altissimo prestigio come <strong>Giuseppe Ungaretti<\/strong>, <strong>Alberto Moravia<\/strong> e <strong>Carlo Emilio Gadda<\/strong>, ha rappresentato, per numerosi anni, un ponte tra le <strong>culture<\/strong> <strong>umanistica<\/strong> e <strong>scientifica<\/strong>. Il nuovo progetto editoriale si pone il medesimo obiettivo, allo scopo di favorire il dialogo tra il sapere umanistico e il sapere scientifico, e si proietta in coerenza con il futuro della Fondazione, luogo ideale per mettere a confronto e <strong>favorire il dialogo tra Umanesimo e tecnologi<\/strong>a.<\/p>\n","protected":false},"excerpt":{"rendered":"<p>\u00c8 stata presentata ufficialmente, la scorsa settimana, la Fondazione Leonardo &#8211; Civilt\u00e0 delle Macchine, istituzione che intende favorire il dialogo<\/p>\n","protected":false},"author":1,"featured_media":520,"comment_status":"closed","ping_status":"open","sticky":false,"template":"","format":"standard","meta":{"colormag_page_container_layout":"default_layout","colormag_page_sidebar_layout":"default_layout","footnotes":""},"categories":[32,5],"tags":[2065,452,762,260],"class_list":["post-3251","post","type-post","status-publish","format-standard","has-post-thumbnail","hentry","category-prima-pagina","category-ricerca-innovazione","tag-fondazione-leonardo-civilta-delle-macchine","tag-giuseppe-conte","tag-innovazione","tag-leonardo-spa"],"yoast_head":"<!-- This site is optimized with the Yoast SEO plugin v26.8 - https:\/\/yoast.com\/product\/yoast-seo-wordpress\/ -->\n<title>NASCE FONDAZIONE LEONARDO - CIVILT\u00c0 DELLE MACCHINE &#187; Spazio-News Magazine<\/title>\n<meta name=\"description\" content=\"\u00c8 stata presentata ufficialmente, la scorsa settimana, la Fondazione Leonardo - Civilt\u00e0 delle Macchine, istituzione che intende\" \/>\n<meta name=\"robots\" content=\"index, follow, max-snippet:-1, max-image-preview:large, max-video-preview:-1\" \/>\n<link rel=\"canonical\" href=\"http:\/\/spazio-news.it\/?p=3251\" \/>\n<meta property=\"og:locale\" content=\"it_IT\" \/>\n<meta property=\"og:type\" content=\"article\" \/>\n<meta property=\"og:title\" content=\"NASCE FONDAZIONE LEONARDO - CIVILT\u00c0 DELLE MACCHINE &#187; Spazio-News Magazine\" \/>\n<meta property=\"og:description\" content=\"\u00c8 stata presentata ufficialmente, la scorsa settimana, la Fondazione Leonardo - Civilt\u00e0 delle Macchine, istituzione che intende\" \/>\n<meta property=\"og:url\" content=\"http:\/\/spazio-news.it\/?p=3251\" \/>\n<meta property=\"og:site_name\" content=\"Spazio-News Magazine\" \/>\n<meta property=\"article:publisher\" content=\"https:\/\/m.facebook.com\/spazio-news-magazine\" \/>\n<meta property=\"article:author\" content=\"@SpazioNewsMagazine\" \/>\n<meta property=\"article:published_time\" content=\"2019-02-11T07:06:10+00:00\" \/>\n<meta property=\"og:image\" content=\"http:\/\/spazio-news.it\/wp-content\/uploads\/2018\/08\/Spazio-news.it-Leonardo-Alessandro-Profumo-e1557669798681.jpg\" \/>\n\t<meta property=\"og:image:width\" content=\"800\" \/>\n\t<meta property=\"og:image:height\" content=\"446\" \/>\n\t<meta property=\"og:image:type\" content=\"image\/jpeg\" \/>\n<meta name=\"author\" content=\"Redazione\" \/>\n<meta name=\"twitter:card\" content=\"summary_large_image\" \/>\n<meta name=\"twitter:creator\" content=\"@news_spazio\" \/>\n<meta name=\"twitter:site\" content=\"@News_spazio\" \/>\n<meta name=\"twitter:label1\" content=\"Scritto da\" \/>\n\t<meta name=\"twitter:data1\" content=\"Redazione\" \/>\n\t<meta name=\"twitter:label2\" content=\"Tempo di lettura stimato\" \/>\n\t<meta name=\"twitter:data2\" content=\"2 minuti\" \/>\n<script type=\"application\/ld+json\" class=\"yoast-schema-graph\">{\"@context\":\"https:\/\/schema.org\",\"@graph\":[{\"@type\":\"NewsArticle\",\"@id\":\"http:\/\/spazio-news.it\/?p=3251#article\",\"isPartOf\":{\"@id\":\"http:\/\/spazio-news.it\/?p=3251\"},\"author\":{\"name\":\"Redazione\",\"@id\":\"http:\/\/spazio-news.it\/#\/schema\/person\/c600904e882e9e166ed8e5e3773d37b3\"},\"headline\":\"NASCE FONDAZIONE LEONARDO &#8211; CIVILT\u00c0 DELLE MACCHINE\",\"datePublished\":\"2019-02-11T07:06:10+00:00\",\"mainEntityOfPage\":{\"@id\":\"http:\/\/spazio-news.it\/?p=3251\"},\"wordCount\":453,\"publisher\":{\"@id\":\"http:\/\/spazio-news.it\/#organization\"},\"image\":{\"@id\":\"http:\/\/spazio-news.it\/?p=3251#primaryimage\"},\"thumbnailUrl\":\"http:\/\/spazio-news.it\/wp-content\/uploads\/2018\/08\/Spazio-news.it-Leonardo-Alessandro-Profumo-e1557669798681.jpg\",\"keywords\":[\"Fondazione Leonardo - Civilt\u00e0 delle Macchine\",\"Giuseppe Conte\",\"Innovazione\",\"Leonardo SPA\"],\"articleSection\":[\"01 - PRIMA PAGINA\",\"05 - RICERCA &amp; INNOVAZIONE\"],\"inLanguage\":\"it-IT\"},{\"@type\":\"WebPage\",\"@id\":\"http:\/\/spazio-news.it\/?p=3251\",\"url\":\"http:\/\/spazio-news.it\/?p=3251\",\"name\":\"NASCE FONDAZIONE LEONARDO - CIVILT\u00c0 DELLE MACCHINE &#187; Spazio-News Magazine\",\"isPartOf\":{\"@id\":\"http:\/\/spazio-news.it\/#website\"},\"primaryImageOfPage\":{\"@id\":\"http:\/\/spazio-news.it\/?p=3251#primaryimage\"},\"image\":{\"@id\":\"http:\/\/spazio-news.it\/?p=3251#primaryimage\"},\"thumbnailUrl\":\"http:\/\/spazio-news.it\/wp-content\/uploads\/2018\/08\/Spazio-news.it-Leonardo-Alessandro-Profumo-e1557669798681.jpg\",\"datePublished\":\"2019-02-11T07:06:10+00:00\",\"description\":\"\u00c8 stata presentata ufficialmente, la scorsa settimana, la Fondazione Leonardo - Civilt\u00e0 delle Macchine, istituzione che intende\",\"breadcrumb\":{\"@id\":\"http:\/\/spazio-news.it\/?p=3251#breadcrumb\"},\"inLanguage\":\"it-IT\",\"potentialAction\":[{\"@type\":\"ReadAction\",\"target\":[\"http:\/\/spazio-news.it\/?p=3251\"]}]},{\"@type\":\"ImageObject\",\"inLanguage\":\"it-IT\",\"@id\":\"http:\/\/spazio-news.it\/?p=3251#primaryimage\",\"url\":\"http:\/\/spazio-news.it\/wp-content\/uploads\/2018\/08\/Spazio-news.it-Leonardo-Alessandro-Profumo-e1557669798681.jpg\",\"contentUrl\":\"http:\/\/spazio-news.it\/wp-content\/uploads\/2018\/08\/Spazio-news.it-Leonardo-Alessandro-Profumo-e1557669798681.jpg\",\"width\":800,\"height\":446,\"caption\":\"Spazio-news.it Leonardo Alessandro Profumo\"},{\"@type\":\"BreadcrumbList\",\"@id\":\"http:\/\/spazio-news.it\/?p=3251#breadcrumb\",\"itemListElement\":[{\"@type\":\"ListItem\",\"position\":1,\"name\":\"Home\",\"item\":\"http:\/\/spazio-news.it\/\"},{\"@type\":\"ListItem\",\"position\":2,\"name\":\"NASCE FONDAZIONE LEONARDO &#8211; CIVILT\u00c0 DELLE MACCHINE\"}]},{\"@type\":\"WebSite\",\"@id\":\"http:\/\/spazio-news.it\/#website\",\"url\":\"http:\/\/spazio-news.it\/\",\"name\":\"Spazio-News Magazine\",\"description\":\"La guida che sfida la complessit\u00e0 del mondo industriale\",\"publisher\":{\"@id\":\"http:\/\/spazio-news.it\/#organization\"},\"alternateName\":\"Spazio-news.it\",\"potentialAction\":[{\"@type\":\"SearchAction\",\"target\":{\"@type\":\"EntryPoint\",\"urlTemplate\":\"http:\/\/spazio-news.it\/?s={search_term_string}\"},\"query-input\":{\"@type\":\"PropertyValueSpecification\",\"valueRequired\":true,\"valueName\":\"search_term_string\"}}],\"inLanguage\":\"it-IT\"},{\"@type\":\"Organization\",\"@id\":\"http:\/\/spazio-news.it\/#organization\",\"name\":\"Spazio-News Magazine\",\"url\":\"http:\/\/spazio-news.it\/\",\"logo\":{\"@type\":\"ImageObject\",\"inLanguage\":\"it-IT\",\"@id\":\"http:\/\/spazio-news.it\/#\/schema\/logo\/image\/\",\"url\":\"http:\/\/spazio-news.it\/wp-content\/uploads\/2023\/09\/Logo-Spazio-News-512-x-512-NO-testo.jpg\",\"contentUrl\":\"http:\/\/spazio-news.it\/wp-content\/uploads\/2023\/09\/Logo-Spazio-News-512-x-512-NO-testo.jpg\",\"width\":512,\"height\":512,\"caption\":\"Spazio-News Magazine\"},\"image\":{\"@id\":\"http:\/\/spazio-news.it\/#\/schema\/logo\/image\/\"},\"sameAs\":[\"https:\/\/m.facebook.com\/spazio-news-magazine\",\"https:\/\/x.com\/News_spazio\"]},{\"@type\":\"Person\",\"@id\":\"http:\/\/spazio-news.it\/#\/schema\/person\/c600904e882e9e166ed8e5e3773d37b3\",\"name\":\"Redazione\",\"sameAs\":[\"http:\/\/spazio-news.it\",\"@SpazioNewsMagazine\",\"https:\/\/x.com\/@news_spazio\"],\"url\":\"http:\/\/spazio-news.it\/?author=1\"}]}<\/script>\n<!-- \/ Yoast SEO plugin. -->","yoast_head_json":{"title":"NASCE FONDAZIONE LEONARDO - CIVILT\u00c0 DELLE MACCHINE &#187; Spazio-News Magazine","description":"\u00c8 stata presentata ufficialmente, la scorsa settimana, la Fondazione Leonardo - Civilt\u00e0 delle Macchine, istituzione che intende","robots":{"index":"index","follow":"follow","max-snippet":"max-snippet:-1","max-image-preview":"max-image-preview:large","max-video-preview":"max-video-preview:-1"},"canonical":"http:\/\/spazio-news.it\/?p=3251","og_locale":"it_IT","og_type":"article","og_title":"NASCE FONDAZIONE LEONARDO - CIVILT\u00c0 DELLE MACCHINE &#187; Spazio-News Magazine","og_description":"\u00c8 stata presentata ufficialmente, la scorsa settimana, la Fondazione Leonardo - Civilt\u00e0 delle Macchine, istituzione che intende","og_url":"http:\/\/spazio-news.it\/?p=3251","og_site_name":"Spazio-News Magazine","article_publisher":"https:\/\/m.facebook.com\/spazio-news-magazine","article_author":"@SpazioNewsMagazine","article_published_time":"2019-02-11T07:06:10+00:00","og_image":[{"width":800,"height":446,"url":"http:\/\/spazio-news.it\/wp-content\/uploads\/2018\/08\/Spazio-news.it-Leonardo-Alessandro-Profumo-e1557669798681.jpg","type":"image\/jpeg"}],"author":"Redazione","twitter_card":"summary_large_image","twitter_creator":"@news_spazio","twitter_site":"@News_spazio","twitter_misc":{"Scritto da":"Redazione","Tempo di lettura stimato":"2 minuti"},"schema":{"@context":"https:\/\/schema.org","@graph":[{"@type":"NewsArticle","@id":"http:\/\/spazio-news.it\/?p=3251#article","isPartOf":{"@id":"http:\/\/spazio-news.it\/?p=3251"},"author":{"name":"Redazione","@id":"http:\/\/spazio-news.it\/#\/schema\/person\/c600904e882e9e166ed8e5e3773d37b3"},"headline":"NASCE FONDAZIONE LEONARDO &#8211; CIVILT\u00c0 DELLE MACCHINE","datePublished":"2019-02-11T07:06:10+00:00","mainEntityOfPage":{"@id":"http:\/\/spazio-news.it\/?p=3251"},"wordCount":453,"publisher":{"@id":"http:\/\/spazio-news.it\/#organization"},"image":{"@id":"http:\/\/spazio-news.it\/?p=3251#primaryimage"},"thumbnailUrl":"http:\/\/spazio-news.it\/wp-content\/uploads\/2018\/08\/Spazio-news.it-Leonardo-Alessandro-Profumo-e1557669798681.jpg","keywords":["Fondazione Leonardo - Civilt\u00e0 delle Macchine","Giuseppe Conte","Innovazione","Leonardo SPA"],"articleSection":["01 - PRIMA PAGINA","05 - RICERCA &amp; INNOVAZIONE"],"inLanguage":"it-IT"},{"@type":"WebPage","@id":"http:\/\/spazio-news.it\/?p=3251","url":"http:\/\/spazio-news.it\/?p=3251","name":"NASCE FONDAZIONE LEONARDO - CIVILT\u00c0 DELLE MACCHINE &#187; Spazio-News Magazine","isPartOf":{"@id":"http:\/\/spazio-news.it\/#website"},"primaryImageOfPage":{"@id":"http:\/\/spazio-news.it\/?p=3251#primaryimage"},"image":{"@id":"http:\/\/spazio-news.it\/?p=3251#primaryimage"},"thumbnailUrl":"http:\/\/spazio-news.it\/wp-content\/uploads\/2018\/08\/Spazio-news.it-Leonardo-Alessandro-Profumo-e1557669798681.jpg","datePublished":"2019-02-11T07:06:10+00:00","description":"\u00c8 stata presentata ufficialmente, la scorsa settimana, la Fondazione Leonardo - Civilt\u00e0 delle Macchine, istituzione che intende","breadcrumb":{"@id":"http:\/\/spazio-news.it\/?p=3251#breadcrumb"},"inLanguage":"it-IT","potentialAction":[{"@type":"ReadAction","target":["http:\/\/spazio-news.it\/?p=3251"]}]},{"@type":"ImageObject","inLanguage":"it-IT","@id":"http:\/\/spazio-news.it\/?p=3251#primaryimage","url":"http:\/\/spazio-news.it\/wp-content\/uploads\/2018\/08\/Spazio-news.it-Leonardo-Alessandro-Profumo-e1557669798681.jpg","contentUrl":"http:\/\/spazio-news.it\/wp-content\/uploads\/2018\/08\/Spazio-news.it-Leonardo-Alessandro-Profumo-e1557669798681.jpg","width":800,"height":446,"caption":"Spazio-news.it Leonardo Alessandro Profumo"},{"@type":"BreadcrumbList","@id":"http:\/\/spazio-news.it\/?p=3251#breadcrumb","itemListElement":[{"@type":"ListItem","position":1,"name":"Home","item":"http:\/\/spazio-news.it\/"},{"@type":"ListItem","position":2,"name":"NASCE FONDAZIONE LEONARDO &#8211; CIVILT\u00c0 DELLE MACCHINE"}]},{"@type":"WebSite","@id":"http:\/\/spazio-news.it\/#website","url":"http:\/\/spazio-news.it\/","name":"Spazio-News Magazine","description":"La guida che sfida la complessit\u00e0 del mondo industriale","publisher":{"@id":"http:\/\/spazio-news.it\/#organization"},"alternateName":"Spazio-news.it","potentialAction":[{"@type":"SearchAction","target":{"@type":"EntryPoint","urlTemplate":"http:\/\/spazio-news.it\/?s={search_term_string}"},"query-input":{"@type":"PropertyValueSpecification","valueRequired":true,"valueName":"search_term_string"}}],"inLanguage":"it-IT"},{"@type":"Organization","@id":"http:\/\/spazio-news.it\/#organization","name":"Spazio-News Magazine","url":"http:\/\/spazio-news.it\/","logo":{"@type":"ImageObject","inLanguage":"it-IT","@id":"http:\/\/spazio-news.it\/#\/schema\/logo\/image\/","url":"http:\/\/spazio-news.it\/wp-content\/uploads\/2023\/09\/Logo-Spazio-News-512-x-512-NO-testo.jpg","contentUrl":"http:\/\/spazio-news.it\/wp-content\/uploads\/2023\/09\/Logo-Spazio-News-512-x-512-NO-testo.jpg","width":512,"height":512,"caption":"Spazio-News Magazine"},"image":{"@id":"http:\/\/spazio-news.it\/#\/schema\/logo\/image\/"},"sameAs":["https:\/\/m.facebook.com\/spazio-news-magazine","https:\/\/x.com\/News_spazio"]},{"@type":"Person","@id":"http:\/\/spazio-news.it\/#\/schema\/person\/c600904e882e9e166ed8e5e3773d37b3","name":"Redazione","sameAs":["http:\/\/spazio-news.it","@SpazioNewsMagazine","https:\/\/x.com\/@news_spazio"],"url":"http:\/\/spazio-news.it\/?author=1"}]}},"_links":{"self":[{"href":"http:\/\/spazio-news.it\/index.php?rest_route=\/wp\/v2\/posts\/3251","targetHints":{"allow":["GET"]}}],"collection":[{"href":"http:\/\/spazio-news.it\/index.php?rest_route=\/wp\/v2\/posts"}],"about":[{"href":"http:\/\/spazio-news.it\/index.php?rest_route=\/wp\/v2\/types\/post"}],"author":[{"embeddable":true,"href":"http:\/\/spazio-news.it\/index.php?rest_route=\/wp\/v2\/users\/1"}],"replies":[{"embeddable":true,"href":"http:\/\/spazio-news.it\/index.php?rest_route=%2Fwp%2Fv2%2Fcomments&post=3251"}],"version-history":[{"count":1,"href":"http:\/\/spazio-news.it\/index.php?rest_route=\/wp\/v2\/posts\/3251\/revisions"}],"predecessor-version":[{"id":3252,"href":"http:\/\/spazio-news.it\/index.php?rest_route=\/wp\/v2\/posts\/3251\/revisions\/3252"}],"wp:featuredmedia":[{"embeddable":true,"href":"http:\/\/spazio-news.it\/index.php?rest_route=\/wp\/v2\/media\/520"}],"wp:attachment":[{"href":"http:\/\/spazio-news.it\/index.php?rest_route=%2Fwp%2Fv2%2Fmedia&parent=3251"}],"wp:term":[{"taxonomy":"category","embeddable":true,"href":"http:\/\/spazio-news.it\/index.php?rest_route=%2Fwp%2Fv2%2Fcategories&post=3251"},{"taxonomy":"post_tag","embeddable":true,"href":"http:\/\/spazio-news.it\/index.php?rest_route=%2Fwp%2Fv2%2Ftags&post=3251"}],"curies":[{"name":"wp","href":"https:\/\/api.w.org\/{rel}","templated":true}]}}