{"id":3284,"date":"2019-02-14T08:25:03","date_gmt":"2019-02-14T07:25:03","guid":{"rendered":"http:\/\/spazio-news.it\/?p=3284"},"modified":"2019-02-10T20:38:01","modified_gmt":"2019-02-10T19:38:01","slug":"enac-convenzione-per-aeroporto-paolucci-di-pavullo","status":"publish","type":"post","link":"http:\/\/spazio-news.it\/?p=3284","title":{"rendered":"ENAC: CONVENZIONE PER AEROPORTO \u201cPAOLUCCI\u201d DI PAVULLO"},"content":{"rendered":"\n<p>Presso la sede modenese di Confindustria Emilia Area Centro, l\u2019<a href=\"http:\/\/www.enac.gov.it\">Ente Nazionale per l\u2019Aviazione Civile<\/a>, l\u2019<strong>Unione dei Comuni del Frignano<\/strong> e l\u2019<strong>Aero Club Pavullo<\/strong> hanno sottoscritto una convenzione che ha ad oggetto il contributo di un milione di euro deliberato dal cdm dell\u2019Enac alcuni mesi fa, destinato al potenziamento delle infrastrutture ricettive presenti all\u2019interno dell\u2019<strong>aeroporto civile statale \u201cG. Paolucci\u201d<\/strong> di Pavullo, anche in vista di importanti eventi in programma sul territorio.<br><br>La convenzione &#8211; firmata dal direttore generale di ENAC <strong>Alessio Quaranta<\/strong>, dal presidente Unione dei Comuni del Frignano <strong>Daniela Contri<\/strong> e da <strong>Roberto Gianaroli<\/strong>, presidente dell\u2019Aero Club Pavullo, alla presenza del sottosegretario del Ministero delle Infrastrutture dei Trasporti <strong>Michele Dell\u2019Orco<\/strong> e del direttore generale di Confindustria Emilia Area Centro <strong>Tiziana Ferrari<\/strong> &#8211; prevede che ENAC, ente proprietario dell\u2019Aeroporto di Pavullo, si avvalga della collaborazione dell\u2019Unione dei Comuni del Frignano e dell\u2019Aero Club Pavullo, in qualit\u00e0 di gestore operativo della struttura, per lo sviluppo dello scalo in un\u2019ottica di forte relazione con il territorio locale e di reciproca collaborazione tra i vari enti interessati. Gli aeroporti, infatti, per l\u2019attivit\u00e0 di soccorso e protezione civile che svolgono sono una risorsa strategica per il Paese e, al contempo, possono diventare un\u2019opportunit\u00e0 economica, turistica, sociale e sportiva per il territorio locale in cui si trovano.<br><br>In particolare, l\u2019importo oggetto della convenzione sottoscritta \u00e8 di un milione di euro, che si va ad aggiungere ai 700.000 euro gi\u00e0 stanziati nel marzo 2018 che serviranno per la riqualificazione della pista di volo e dei piazzali per la sosta degli aerei. Si tratta di fondi messi a disposizione da ENAC e inseriti nel piano triennale degli investimenti. Entrambi i finanziamenti rientrano nel programma di riqualificazione dell\u2019area aeroportuale, gi\u00e0 in atto da diversi anni, che recentemente ha conseguito una decisa accelerazione per rispondere alle esigenze nate in vista del <strong>Campionato del Mondo di Volo a Vela<\/strong> classe 13.5 metri, che si terr\u00e0 presso l\u2019Aeroporto di Pavullo dal 1 al 14 settembre 2019. La nuova tranche di finanziamenti verr\u00e0 infatti utilizzata per realizzare una sala multifunzionale e una struttura per l\u2019accoglienza dei team organizzatori e dello staff tecnico del prossimo Campionato del Mondo.<br><br>\u201cL\u2019a<em>viazione generale rappresenta una parte significativa dell\u2019intero settore dell\u2019aviazione civile<\/em> &#8211; ha evidenziato il Direttore Generale di ENAC <strong>Alessio Quaranta<\/strong> -. <em>Per la specifica peculiarit\u00e0 di trasporto flessibile, offre opportunit\u00e0 importanti per privati, imprese e comunit\u00e0 locali e per la crescita economica di un territorio. Contribuisce, inoltre, anche alla formazione di migliaia di giovani che si avvicinano al mondo del volo imparando su velivoli di aviazione generale per poi proseguire l\u2019addestramento e diventare piloti professionisti<\/em>.  <em>In questo ambito, ENAC ha messo a disposizione dal proprio bilancio 1 milione di euro per aeroporto G. Paolucci di Pavullo, che verr\u00e0 impiegato per ammodernare le infrastrutture di volo dello scalo, elevare gli standard di qualit\u00e0 dei servizi resi all\u2019utenza, migliorare i parametri di sicurezza (safety e security) e, pi\u00f9 in generale, contribuire allo sviluppo del sistema dell\u2019aviazione generale italiana\u201d<\/em>.<br><br><em>\u201cSiamo molto soddisfatti di questa convenzione<\/em> &#8211; ha sottolineato il presidente dell\u2019Aero Club Pavullo <strong>Roberto Gianaroli<\/strong> -, <em>la collaborazione tra ENAC e enti locali, iniziata da lungo tempo, punta con successo a un obiettivo ragguardevole: trasformare lo scalo di Pavullo in un aeroporto dinamico, moderno, in linea con gli standard di eccellenza tipici degli aeroporti svizzeri e austriaci. Un traguardo ambizioso, per un aeroporto che nel lungo periodo vuole diventare un modello per le strutture di aviazione generale italiane ed europee, con servizi di accoglienza e standard operativi di sicurezza adatti alle aspettative di un\u2019utenza business e turistica moderna ed esigente\u201d<\/em>.<br><br><em>\u201cQuale Presidente dell\u2019Unione del Frignano<\/em> &#8211; ha commentato <strong>Daniela Contri<\/strong> -, <em>non posso che esprimere il compiacimento e l\u2019apprezzamento dei dieci Comuni membri per l\u2019accordo oggi sottoscritto, che rappresenta una tappa importante per il miglioramento infrastrutturale del nostro territorio. Le comunit\u00e0 locali della montagna frignanese potranno disporre di un\u2019ulteriore opportunit\u00e0 di promozione della loro crescita turistica, economica e sociale, insieme al potenziamento di un presidio di supporto strategico alla funzione pubblica di tutela della salute e della sicurezza della popolazione. Un importante investimento da parte di ENAC, dunque, potenzialmente capace di generare un effetto moltiplicatore di valore aggiunto per il nostro Appennino\u201d<\/em>.<\/p>\n","protected":false},"excerpt":{"rendered":"<p>Presso la sede modenese di Confindustria Emilia Area Centro, l\u2019Ente Nazionale per l\u2019Aviazione Civile, l\u2019Unione dei Comuni del Frignano e<\/p>\n","protected":false},"author":1,"featured_media":132,"comment_status":"closed","ping_status":"open","sticky":false,"template":"","format":"standard","meta":{"colormag_page_container_layout":"default_layout","colormag_page_sidebar_layout":"default_layout","footnotes":""},"categories":[32,4],"tags":[2102,2101,923,2098,2100,2099],"class_list":["post-3284","post","type-post","status-publish","format-standard","has-post-thumbnail","hentry","category-prima-pagina","category-istituzioni","tag-aero-club-pavullo","tag-aeroporto-civile-g-paolucci-di-pavullo","tag-alessio-quaranta","tag-daniela-contri","tag-michele-dellorco","tag-roberto-gianaroli"],"yoast_head":"<!-- This site is optimized with the Yoast SEO plugin v26.8 - https:\/\/yoast.com\/product\/yoast-seo-wordpress\/ -->\n<title>ENAC: CONVENZIONE PER AEROPORTO \u201cPAOLUCCI\u201d DI PAVULLO &#187; Spazio-News Magazine<\/title>\n<meta name=\"description\" content=\"Convenzione tra ENAC, Unione Comuni Frignano e Aero Club Pavullo per potenziamento infrastrutture ricettive aeroporto civile \u201cG. Paolucci\u201d\" \/>\n<meta name=\"robots\" content=\"index, follow, max-snippet:-1, max-image-preview:large, max-video-preview:-1\" \/>\n<link rel=\"canonical\" href=\"http:\/\/spazio-news.it\/?p=3284\" \/>\n<meta property=\"og:locale\" content=\"it_IT\" \/>\n<meta property=\"og:type\" content=\"article\" \/>\n<meta property=\"og:title\" content=\"ENAC: CONVENZIONE PER AEROPORTO \u201cPAOLUCCI\u201d DI PAVULLO &#187; Spazio-News Magazine\" \/>\n<meta property=\"og:description\" content=\"Convenzione tra ENAC, Unione Comuni Frignano e Aero Club Pavullo per potenziamento infrastrutture ricettive aeroporto civile \u201cG. Paolucci\u201d\" \/>\n<meta property=\"og:url\" content=\"http:\/\/spazio-news.it\/?p=3284\" \/>\n<meta property=\"og:site_name\" content=\"Spazio-News Magazine\" \/>\n<meta property=\"article:publisher\" content=\"https:\/\/m.facebook.com\/spazio-news-magazine\" \/>\n<meta property=\"article:author\" content=\"@SpazioNewsMagazine\" \/>\n<meta property=\"article:published_time\" content=\"2019-02-14T07:25:03+00:00\" \/>\n<meta property=\"og:image\" content=\"http:\/\/spazio-news.it\/wp-content\/uploads\/2018\/07\/Spazio-News.it-LOGO-ENAC-Ente-Nazionale-per-Avaiazione-Civile-800x445.jpg\" \/>\n\t<meta property=\"og:image:width\" content=\"800\" \/>\n\t<meta property=\"og:image:height\" content=\"445\" \/>\n\t<meta property=\"og:image:type\" content=\"image\/jpeg\" \/>\n<meta name=\"author\" content=\"Redazione\" \/>\n<meta name=\"twitter:card\" content=\"summary_large_image\" \/>\n<meta name=\"twitter:creator\" content=\"@news_spazio\" \/>\n<meta name=\"twitter:site\" content=\"@News_spazio\" \/>\n<meta name=\"twitter:label1\" content=\"Scritto da\" \/>\n\t<meta name=\"twitter:data1\" content=\"Redazione\" \/>\n\t<meta name=\"twitter:label2\" content=\"Tempo di lettura stimato\" \/>\n\t<meta name=\"twitter:data2\" content=\"4 minuti\" \/>\n<script type=\"application\/ld+json\" class=\"yoast-schema-graph\">{\"@context\":\"https:\/\/schema.org\",\"@graph\":[{\"@type\":\"NewsArticle\",\"@id\":\"http:\/\/spazio-news.it\/?p=3284#article\",\"isPartOf\":{\"@id\":\"http:\/\/spazio-news.it\/?p=3284\"},\"author\":{\"name\":\"Redazione\",\"@id\":\"http:\/\/spazio-news.it\/#\/schema\/person\/c600904e882e9e166ed8e5e3773d37b3\"},\"headline\":\"ENAC: CONVENZIONE PER AEROPORTO \u201cPAOLUCCI\u201d DI PAVULLO\",\"datePublished\":\"2019-02-14T07:25:03+00:00\",\"mainEntityOfPage\":{\"@id\":\"http:\/\/spazio-news.it\/?p=3284\"},\"wordCount\":723,\"publisher\":{\"@id\":\"http:\/\/spazio-news.it\/#organization\"},\"image\":{\"@id\":\"http:\/\/spazio-news.it\/?p=3284#primaryimage\"},\"thumbnailUrl\":\"http:\/\/spazio-news.it\/wp-content\/uploads\/2018\/07\/Spazio-News.it-LOGO-ENAC-Ente-Nazionale-per-Avaiazione-Civile-800x445.jpg\",\"keywords\":[\"Aero Club Pavullo\",\"Aeroporto civile \\\"G.Paolucci\\\" di Pavullo\",\"Alessio Quaranta\",\"Daniela Contri\",\"Michele Dell'Orco\",\"Roberto Gianaroli\"],\"articleSection\":[\"01 - PRIMA PAGINA\",\"03 - ISTITUZIONI\"],\"inLanguage\":\"it-IT\"},{\"@type\":\"WebPage\",\"@id\":\"http:\/\/spazio-news.it\/?p=3284\",\"url\":\"http:\/\/spazio-news.it\/?p=3284\",\"name\":\"ENAC: CONVENZIONE PER AEROPORTO \u201cPAOLUCCI\u201d DI PAVULLO &#187; Spazio-News Magazine\",\"isPartOf\":{\"@id\":\"http:\/\/spazio-news.it\/#website\"},\"primaryImageOfPage\":{\"@id\":\"http:\/\/spazio-news.it\/?p=3284#primaryimage\"},\"image\":{\"@id\":\"http:\/\/spazio-news.it\/?p=3284#primaryimage\"},\"thumbnailUrl\":\"http:\/\/spazio-news.it\/wp-content\/uploads\/2018\/07\/Spazio-News.it-LOGO-ENAC-Ente-Nazionale-per-Avaiazione-Civile-800x445.jpg\",\"datePublished\":\"2019-02-14T07:25:03+00:00\",\"description\":\"Convenzione tra ENAC, Unione Comuni Frignano e Aero Club Pavullo per potenziamento infrastrutture ricettive aeroporto civile \u201cG. Paolucci\u201d\",\"breadcrumb\":{\"@id\":\"http:\/\/spazio-news.it\/?p=3284#breadcrumb\"},\"inLanguage\":\"it-IT\",\"potentialAction\":[{\"@type\":\"ReadAction\",\"target\":[\"http:\/\/spazio-news.it\/?p=3284\"]}]},{\"@type\":\"ImageObject\",\"inLanguage\":\"it-IT\",\"@id\":\"http:\/\/spazio-news.it\/?p=3284#primaryimage\",\"url\":\"http:\/\/spazio-news.it\/wp-content\/uploads\/2018\/07\/Spazio-News.it-LOGO-ENAC-Ente-Nazionale-per-Avaiazione-Civile-800x445.jpg\",\"contentUrl\":\"http:\/\/spazio-news.it\/wp-content\/uploads\/2018\/07\/Spazio-News.it-LOGO-ENAC-Ente-Nazionale-per-Avaiazione-Civile-800x445.jpg\",\"width\":800,\"height\":445,\"caption\":\"Spazio-News.it LOGO ENAC Ente Nazionale per Avaiazione Civile 800x445\"},{\"@type\":\"BreadcrumbList\",\"@id\":\"http:\/\/spazio-news.it\/?p=3284#breadcrumb\",\"itemListElement\":[{\"@type\":\"ListItem\",\"position\":1,\"name\":\"Home\",\"item\":\"http:\/\/spazio-news.it\/\"},{\"@type\":\"ListItem\",\"position\":2,\"name\":\"ENAC: CONVENZIONE PER AEROPORTO \u201cPAOLUCCI\u201d DI PAVULLO\"}]},{\"@type\":\"WebSite\",\"@id\":\"http:\/\/spazio-news.it\/#website\",\"url\":\"http:\/\/spazio-news.it\/\",\"name\":\"Spazio-News Magazine\",\"description\":\"La guida che sfida la complessit\u00e0 del mondo industriale\",\"publisher\":{\"@id\":\"http:\/\/spazio-news.it\/#organization\"},\"alternateName\":\"Spazio-news.it\",\"potentialAction\":[{\"@type\":\"SearchAction\",\"target\":{\"@type\":\"EntryPoint\",\"urlTemplate\":\"http:\/\/spazio-news.it\/?s={search_term_string}\"},\"query-input\":{\"@type\":\"PropertyValueSpecification\",\"valueRequired\":true,\"valueName\":\"search_term_string\"}}],\"inLanguage\":\"it-IT\"},{\"@type\":\"Organization\",\"@id\":\"http:\/\/spazio-news.it\/#organization\",\"name\":\"Spazio-News Magazine\",\"url\":\"http:\/\/spazio-news.it\/\",\"logo\":{\"@type\":\"ImageObject\",\"inLanguage\":\"it-IT\",\"@id\":\"http:\/\/spazio-news.it\/#\/schema\/logo\/image\/\",\"url\":\"http:\/\/spazio-news.it\/wp-content\/uploads\/2023\/09\/Logo-Spazio-News-512-x-512-NO-testo.jpg\",\"contentUrl\":\"http:\/\/spazio-news.it\/wp-content\/uploads\/2023\/09\/Logo-Spazio-News-512-x-512-NO-testo.jpg\",\"width\":512,\"height\":512,\"caption\":\"Spazio-News Magazine\"},\"image\":{\"@id\":\"http:\/\/spazio-news.it\/#\/schema\/logo\/image\/\"},\"sameAs\":[\"https:\/\/m.facebook.com\/spazio-news-magazine\",\"https:\/\/x.com\/News_spazio\"]},{\"@type\":\"Person\",\"@id\":\"http:\/\/spazio-news.it\/#\/schema\/person\/c600904e882e9e166ed8e5e3773d37b3\",\"name\":\"Redazione\",\"sameAs\":[\"http:\/\/spazio-news.it\",\"@SpazioNewsMagazine\",\"https:\/\/x.com\/@news_spazio\"],\"url\":\"http:\/\/spazio-news.it\/?author=1\"}]}<\/script>\n<!-- \/ Yoast SEO plugin. -->","yoast_head_json":{"title":"ENAC: CONVENZIONE PER AEROPORTO \u201cPAOLUCCI\u201d DI PAVULLO &#187; Spazio-News Magazine","description":"Convenzione tra ENAC, Unione Comuni Frignano e Aero Club Pavullo per potenziamento infrastrutture ricettive aeroporto civile \u201cG. Paolucci\u201d","robots":{"index":"index","follow":"follow","max-snippet":"max-snippet:-1","max-image-preview":"max-image-preview:large","max-video-preview":"max-video-preview:-1"},"canonical":"http:\/\/spazio-news.it\/?p=3284","og_locale":"it_IT","og_type":"article","og_title":"ENAC: CONVENZIONE PER AEROPORTO \u201cPAOLUCCI\u201d DI PAVULLO &#187; Spazio-News Magazine","og_description":"Convenzione tra ENAC, Unione Comuni Frignano e Aero Club Pavullo per potenziamento infrastrutture ricettive aeroporto civile \u201cG. Paolucci\u201d","og_url":"http:\/\/spazio-news.it\/?p=3284","og_site_name":"Spazio-News Magazine","article_publisher":"https:\/\/m.facebook.com\/spazio-news-magazine","article_author":"@SpazioNewsMagazine","article_published_time":"2019-02-14T07:25:03+00:00","og_image":[{"width":800,"height":445,"url":"http:\/\/spazio-news.it\/wp-content\/uploads\/2018\/07\/Spazio-News.it-LOGO-ENAC-Ente-Nazionale-per-Avaiazione-Civile-800x445.jpg","type":"image\/jpeg"}],"author":"Redazione","twitter_card":"summary_large_image","twitter_creator":"@news_spazio","twitter_site":"@News_spazio","twitter_misc":{"Scritto da":"Redazione","Tempo di lettura stimato":"4 minuti"},"schema":{"@context":"https:\/\/schema.org","@graph":[{"@type":"NewsArticle","@id":"http:\/\/spazio-news.it\/?p=3284#article","isPartOf":{"@id":"http:\/\/spazio-news.it\/?p=3284"},"author":{"name":"Redazione","@id":"http:\/\/spazio-news.it\/#\/schema\/person\/c600904e882e9e166ed8e5e3773d37b3"},"headline":"ENAC: CONVENZIONE PER AEROPORTO \u201cPAOLUCCI\u201d DI PAVULLO","datePublished":"2019-02-14T07:25:03+00:00","mainEntityOfPage":{"@id":"http:\/\/spazio-news.it\/?p=3284"},"wordCount":723,"publisher":{"@id":"http:\/\/spazio-news.it\/#organization"},"image":{"@id":"http:\/\/spazio-news.it\/?p=3284#primaryimage"},"thumbnailUrl":"http:\/\/spazio-news.it\/wp-content\/uploads\/2018\/07\/Spazio-News.it-LOGO-ENAC-Ente-Nazionale-per-Avaiazione-Civile-800x445.jpg","keywords":["Aero Club Pavullo","Aeroporto civile \"G.Paolucci\" di Pavullo","Alessio Quaranta","Daniela Contri","Michele Dell'Orco","Roberto Gianaroli"],"articleSection":["01 - PRIMA PAGINA","03 - ISTITUZIONI"],"inLanguage":"it-IT"},{"@type":"WebPage","@id":"http:\/\/spazio-news.it\/?p=3284","url":"http:\/\/spazio-news.it\/?p=3284","name":"ENAC: CONVENZIONE PER AEROPORTO \u201cPAOLUCCI\u201d DI PAVULLO &#187; Spazio-News Magazine","isPartOf":{"@id":"http:\/\/spazio-news.it\/#website"},"primaryImageOfPage":{"@id":"http:\/\/spazio-news.it\/?p=3284#primaryimage"},"image":{"@id":"http:\/\/spazio-news.it\/?p=3284#primaryimage"},"thumbnailUrl":"http:\/\/spazio-news.it\/wp-content\/uploads\/2018\/07\/Spazio-News.it-LOGO-ENAC-Ente-Nazionale-per-Avaiazione-Civile-800x445.jpg","datePublished":"2019-02-14T07:25:03+00:00","description":"Convenzione tra ENAC, Unione Comuni Frignano e Aero Club Pavullo per potenziamento infrastrutture ricettive aeroporto civile \u201cG. Paolucci\u201d","breadcrumb":{"@id":"http:\/\/spazio-news.it\/?p=3284#breadcrumb"},"inLanguage":"it-IT","potentialAction":[{"@type":"ReadAction","target":["http:\/\/spazio-news.it\/?p=3284"]}]},{"@type":"ImageObject","inLanguage":"it-IT","@id":"http:\/\/spazio-news.it\/?p=3284#primaryimage","url":"http:\/\/spazio-news.it\/wp-content\/uploads\/2018\/07\/Spazio-News.it-LOGO-ENAC-Ente-Nazionale-per-Avaiazione-Civile-800x445.jpg","contentUrl":"http:\/\/spazio-news.it\/wp-content\/uploads\/2018\/07\/Spazio-News.it-LOGO-ENAC-Ente-Nazionale-per-Avaiazione-Civile-800x445.jpg","width":800,"height":445,"caption":"Spazio-News.it LOGO ENAC Ente Nazionale per Avaiazione Civile 800x445"},{"@type":"BreadcrumbList","@id":"http:\/\/spazio-news.it\/?p=3284#breadcrumb","itemListElement":[{"@type":"ListItem","position":1,"name":"Home","item":"http:\/\/spazio-news.it\/"},{"@type":"ListItem","position":2,"name":"ENAC: CONVENZIONE PER AEROPORTO \u201cPAOLUCCI\u201d DI PAVULLO"}]},{"@type":"WebSite","@id":"http:\/\/spazio-news.it\/#website","url":"http:\/\/spazio-news.it\/","name":"Spazio-News Magazine","description":"La guida che sfida la complessit\u00e0 del mondo industriale","publisher":{"@id":"http:\/\/spazio-news.it\/#organization"},"alternateName":"Spazio-news.it","potentialAction":[{"@type":"SearchAction","target":{"@type":"EntryPoint","urlTemplate":"http:\/\/spazio-news.it\/?s={search_term_string}"},"query-input":{"@type":"PropertyValueSpecification","valueRequired":true,"valueName":"search_term_string"}}],"inLanguage":"it-IT"},{"@type":"Organization","@id":"http:\/\/spazio-news.it\/#organization","name":"Spazio-News Magazine","url":"http:\/\/spazio-news.it\/","logo":{"@type":"ImageObject","inLanguage":"it-IT","@id":"http:\/\/spazio-news.it\/#\/schema\/logo\/image\/","url":"http:\/\/spazio-news.it\/wp-content\/uploads\/2023\/09\/Logo-Spazio-News-512-x-512-NO-testo.jpg","contentUrl":"http:\/\/spazio-news.it\/wp-content\/uploads\/2023\/09\/Logo-Spazio-News-512-x-512-NO-testo.jpg","width":512,"height":512,"caption":"Spazio-News Magazine"},"image":{"@id":"http:\/\/spazio-news.it\/#\/schema\/logo\/image\/"},"sameAs":["https:\/\/m.facebook.com\/spazio-news-magazine","https:\/\/x.com\/News_spazio"]},{"@type":"Person","@id":"http:\/\/spazio-news.it\/#\/schema\/person\/c600904e882e9e166ed8e5e3773d37b3","name":"Redazione","sameAs":["http:\/\/spazio-news.it","@SpazioNewsMagazine","https:\/\/x.com\/@news_spazio"],"url":"http:\/\/spazio-news.it\/?author=1"}]}},"_links":{"self":[{"href":"http:\/\/spazio-news.it\/index.php?rest_route=\/wp\/v2\/posts\/3284","targetHints":{"allow":["GET"]}}],"collection":[{"href":"http:\/\/spazio-news.it\/index.php?rest_route=\/wp\/v2\/posts"}],"about":[{"href":"http:\/\/spazio-news.it\/index.php?rest_route=\/wp\/v2\/types\/post"}],"author":[{"embeddable":true,"href":"http:\/\/spazio-news.it\/index.php?rest_route=\/wp\/v2\/users\/1"}],"replies":[{"embeddable":true,"href":"http:\/\/spazio-news.it\/index.php?rest_route=%2Fwp%2Fv2%2Fcomments&post=3284"}],"version-history":[{"count":1,"href":"http:\/\/spazio-news.it\/index.php?rest_route=\/wp\/v2\/posts\/3284\/revisions"}],"predecessor-version":[{"id":3285,"href":"http:\/\/spazio-news.it\/index.php?rest_route=\/wp\/v2\/posts\/3284\/revisions\/3285"}],"wp:featuredmedia":[{"embeddable":true,"href":"http:\/\/spazio-news.it\/index.php?rest_route=\/wp\/v2\/media\/132"}],"wp:attachment":[{"href":"http:\/\/spazio-news.it\/index.php?rest_route=%2Fwp%2Fv2%2Fmedia&parent=3284"}],"wp:term":[{"taxonomy":"category","embeddable":true,"href":"http:\/\/spazio-news.it\/index.php?rest_route=%2Fwp%2Fv2%2Fcategories&post=3284"},{"taxonomy":"post_tag","embeddable":true,"href":"http:\/\/spazio-news.it\/index.php?rest_route=%2Fwp%2Fv2%2Ftags&post=3284"}],"curies":[{"name":"wp","href":"https:\/\/api.w.org\/{rel}","templated":true}]}}