{"id":3299,"date":"2019-02-15T10:01:20","date_gmt":"2019-02-15T09:01:20","guid":{"rendered":"http:\/\/spazio-news.it\/?p=3299"},"modified":"2019-09-23T08:12:27","modified_gmt":"2019-09-23T07:12:27","slug":"turkish-airlines-dati-positivi-per-linizio-dellanno","status":"publish","type":"post","link":"http:\/\/spazio-news.it\/?p=3299","title":{"rendered":"TURKISH AIRLINES: DATI POSITIVI PER L\u2019INIZIO DELL\u2019ANNO"},"content":{"rendered":"\n<p>A gennaio i passeggeri trasportati da <a href=\"https:\/\/www.turkishairlines.com\">Turkish Airlines<\/a> sono stati 5,7 milioni, in crescita di circa il 5,2% rispetto allo stesso mese 2018, con un <strong>load factor<\/strong> medio del 79,5% Sui voli domestici il load factor ha raggiunto l\u201987,1%, mentre su quelli internazionale \u00e8 stato del 78,3%. In Estremo Oriente l\u2019aumento \u00e8 stato di 1,4 punti percentuali, mentre in Nord America \u00e8 cresciuto dell\u20191% circa se confrontato con lo stesso periodo dello scorso anno. <br><br><em>\u201cNel 2018 abbiamo raggiunto risultati record sul traffico di passeggeri per quasi tutto l\u2019anno<\/em> \u2013 ha sottolineato <strong>M. \u0130lker Ayc\u0131<\/strong>, Chairman of the Board and the Executive Committee di Turkish Airlines \u2013. <em>Ora, guardando ai primi risultati del 2019 annunciati oggi, possiamo constatare che questo trend positivo \u00e8 un importante segnale della nostra stabilit\u00e0, che confermeremo anche nei mesi a venire. Come ribadito pi\u00f9 volte, il 2019 sar\u00e0 un anno chiave sia per l\u2019aviazione nazionale che per la nostra compagnia di bandiera. Aver cominciato con successo e con un Load Factor cos\u00ec significativo questo importante anno, al quale assegnamo un ruolo fondamentale nella storia dell\u2019aviazione turca, \u00e8 motivo di soddisfazione per tutti noi in Turkish Airlines\u201d<\/em>.<br><br> In forte crescita nel primo mese del nuovo anno anche il settore <strong>cargo\/posta<\/strong>, che ha registrato un +14,9%, rispetto allo stesso periodo del 2018. I principali mercati che hanno contribuito a questo incremento sono l\u2019Europa (21%), l\u2019Estremo Oriente (13,7%) e il Nord America (11%).  <\/p>\n","protected":false},"excerpt":{"rendered":"<p>A gennaio i passeggeri trasportati da Turkish Airlines sono stati 5,7 milioni, in crescita di circa il 5,2% rispetto allo<\/p>\n","protected":false},"author":1,"featured_media":1698,"comment_status":"closed","ping_status":"open","sticky":false,"template":"","format":"standard","meta":{"colormag_page_container_layout":"default_layout","colormag_page_sidebar_layout":"default_layout","footnotes":""},"categories":[32,3],"tags":[376,2113,1675,1559,1081],"class_list":["post-3299","post","type-post","status-publish","format-standard","has-post-thumbnail","hentry","category-prima-pagina","category-industria","tag-compagnie-aeree","tag-dati-traffico-cargo","tag-dati-traffico-passeggeri","tag-m-ilker-ayci","tag-turkish-airlines"],"yoast_head":"<!-- This site is optimized with the Yoast SEO plugin v26.8 - https:\/\/yoast.com\/product\/yoast-seo-wordpress\/ -->\n<title>TURKISH AIRLINES: DATI POSITIVI PER L\u2019INIZIO DELL\u2019ANNO &#187; Spazio-News Magazine<\/title>\n<meta name=\"description\" content=\"A gennaio i passeggeri trasportati da Turkish Airlines sono stati 5,7 milioni, in crescita di circa il 5,2% rispetto allo stesso mese 2018\" \/>\n<meta name=\"robots\" content=\"index, follow, max-snippet:-1, max-image-preview:large, max-video-preview:-1\" \/>\n<link rel=\"canonical\" href=\"http:\/\/spazio-news.it\/?p=3299\" \/>\n<meta property=\"og:locale\" content=\"it_IT\" \/>\n<meta property=\"og:type\" content=\"article\" \/>\n<meta property=\"og:title\" content=\"TURKISH AIRLINES: DATI POSITIVI PER L\u2019INIZIO DELL\u2019ANNO &#187; Spazio-News Magazine\" \/>\n<meta property=\"og:description\" content=\"A gennaio i passeggeri trasportati da Turkish Airlines sono stati 5,7 milioni, in crescita di circa il 5,2% rispetto allo stesso mese 2018\" \/>\n<meta property=\"og:url\" content=\"http:\/\/spazio-news.it\/?p=3299\" \/>\n<meta property=\"og:site_name\" content=\"Spazio-News Magazine\" \/>\n<meta property=\"article:publisher\" content=\"https:\/\/m.facebook.com\/spazio-news-magazine\" \/>\n<meta property=\"article:author\" content=\"@SpazioNewsMagazine\" \/>\n<meta property=\"article:published_time\" content=\"2019-02-15T09:01:20+00:00\" \/>\n<meta property=\"article:modified_time\" content=\"2019-09-23T07:12:27+00:00\" \/>\n<meta property=\"og:image\" content=\"http:\/\/spazio-news.it\/wp-content\/uploads\/2018\/10\/TurkishAirlines_Spazio-news-e1540056278470.jpg\" \/>\n\t<meta property=\"og:image:width\" content=\"800\" \/>\n\t<meta property=\"og:image:height\" content=\"446\" \/>\n\t<meta property=\"og:image:type\" content=\"image\/jpeg\" \/>\n<meta name=\"author\" content=\"Redazione\" \/>\n<meta name=\"twitter:card\" content=\"summary_large_image\" \/>\n<meta name=\"twitter:creator\" content=\"@news_spazio\" \/>\n<meta name=\"twitter:site\" content=\"@News_spazio\" \/>\n<meta name=\"twitter:label1\" content=\"Scritto da\" \/>\n\t<meta name=\"twitter:data1\" content=\"Redazione\" \/>\n\t<meta name=\"twitter:label2\" content=\"Tempo di lettura stimato\" \/>\n\t<meta name=\"twitter:data2\" content=\"1 minuto\" \/>\n<script type=\"application\/ld+json\" class=\"yoast-schema-graph\">{\"@context\":\"https:\/\/schema.org\",\"@graph\":[{\"@type\":\"NewsArticle\",\"@id\":\"http:\/\/spazio-news.it\/?p=3299#article\",\"isPartOf\":{\"@id\":\"http:\/\/spazio-news.it\/?p=3299\"},\"author\":{\"name\":\"Redazione\",\"@id\":\"http:\/\/spazio-news.it\/#\/schema\/person\/c600904e882e9e166ed8e5e3773d37b3\"},\"headline\":\"TURKISH AIRLINES: DATI POSITIVI PER L\u2019INIZIO DELL\u2019ANNO\",\"datePublished\":\"2019-02-15T09:01:20+00:00\",\"dateModified\":\"2019-09-23T07:12:27+00:00\",\"mainEntityOfPage\":{\"@id\":\"http:\/\/spazio-news.it\/?p=3299\"},\"wordCount\":229,\"publisher\":{\"@id\":\"http:\/\/spazio-news.it\/#organization\"},\"image\":{\"@id\":\"http:\/\/spazio-news.it\/?p=3299#primaryimage\"},\"thumbnailUrl\":\"http:\/\/spazio-news.it\/wp-content\/uploads\/2018\/10\/TurkishAirlines_Spazio-news-e1540056278470.jpg\",\"keywords\":[\"Compagnie aeree\",\"dati traffico cargo\",\"dati traffico passeggeri\",\"M. \u0130lker Ayc\u0131\",\"Turkish Airlines\"],\"articleSection\":[\"01 - PRIMA PAGINA\",\"02 - INDUSTRIA\"],\"inLanguage\":\"it-IT\"},{\"@type\":\"WebPage\",\"@id\":\"http:\/\/spazio-news.it\/?p=3299\",\"url\":\"http:\/\/spazio-news.it\/?p=3299\",\"name\":\"TURKISH AIRLINES: DATI POSITIVI PER L\u2019INIZIO DELL\u2019ANNO &#187; Spazio-News Magazine\",\"isPartOf\":{\"@id\":\"http:\/\/spazio-news.it\/#website\"},\"primaryImageOfPage\":{\"@id\":\"http:\/\/spazio-news.it\/?p=3299#primaryimage\"},\"image\":{\"@id\":\"http:\/\/spazio-news.it\/?p=3299#primaryimage\"},\"thumbnailUrl\":\"http:\/\/spazio-news.it\/wp-content\/uploads\/2018\/10\/TurkishAirlines_Spazio-news-e1540056278470.jpg\",\"datePublished\":\"2019-02-15T09:01:20+00:00\",\"dateModified\":\"2019-09-23T07:12:27+00:00\",\"description\":\"A gennaio i passeggeri trasportati da Turkish Airlines sono stati 5,7 milioni, in crescita di circa il 5,2% rispetto allo stesso mese 2018\",\"breadcrumb\":{\"@id\":\"http:\/\/spazio-news.it\/?p=3299#breadcrumb\"},\"inLanguage\":\"it-IT\",\"potentialAction\":[{\"@type\":\"ReadAction\",\"target\":[\"http:\/\/spazio-news.it\/?p=3299\"]}]},{\"@type\":\"ImageObject\",\"inLanguage\":\"it-IT\",\"@id\":\"http:\/\/spazio-news.it\/?p=3299#primaryimage\",\"url\":\"http:\/\/spazio-news.it\/wp-content\/uploads\/2018\/10\/TurkishAirlines_Spazio-news-e1540056278470.jpg\",\"contentUrl\":\"http:\/\/spazio-news.it\/wp-content\/uploads\/2018\/10\/TurkishAirlines_Spazio-news-e1540056278470.jpg\",\"width\":800,\"height\":446,\"caption\":\"TurkishAirlines_Spazio-news\"},{\"@type\":\"BreadcrumbList\",\"@id\":\"http:\/\/spazio-news.it\/?p=3299#breadcrumb\",\"itemListElement\":[{\"@type\":\"ListItem\",\"position\":1,\"name\":\"Home\",\"item\":\"http:\/\/spazio-news.it\/\"},{\"@type\":\"ListItem\",\"position\":2,\"name\":\"TURKISH AIRLINES: DATI POSITIVI PER L\u2019INIZIO DELL\u2019ANNO\"}]},{\"@type\":\"WebSite\",\"@id\":\"http:\/\/spazio-news.it\/#website\",\"url\":\"http:\/\/spazio-news.it\/\",\"name\":\"Spazio-News Magazine\",\"description\":\"La guida che sfida la complessit\u00e0 del mondo industriale\",\"publisher\":{\"@id\":\"http:\/\/spazio-news.it\/#organization\"},\"alternateName\":\"Spazio-news.it\",\"potentialAction\":[{\"@type\":\"SearchAction\",\"target\":{\"@type\":\"EntryPoint\",\"urlTemplate\":\"http:\/\/spazio-news.it\/?s={search_term_string}\"},\"query-input\":{\"@type\":\"PropertyValueSpecification\",\"valueRequired\":true,\"valueName\":\"search_term_string\"}}],\"inLanguage\":\"it-IT\"},{\"@type\":\"Organization\",\"@id\":\"http:\/\/spazio-news.it\/#organization\",\"name\":\"Spazio-News Magazine\",\"url\":\"http:\/\/spazio-news.it\/\",\"logo\":{\"@type\":\"ImageObject\",\"inLanguage\":\"it-IT\",\"@id\":\"http:\/\/spazio-news.it\/#\/schema\/logo\/image\/\",\"url\":\"http:\/\/spazio-news.it\/wp-content\/uploads\/2023\/09\/Logo-Spazio-News-512-x-512-NO-testo.jpg\",\"contentUrl\":\"http:\/\/spazio-news.it\/wp-content\/uploads\/2023\/09\/Logo-Spazio-News-512-x-512-NO-testo.jpg\",\"width\":512,\"height\":512,\"caption\":\"Spazio-News Magazine\"},\"image\":{\"@id\":\"http:\/\/spazio-news.it\/#\/schema\/logo\/image\/\"},\"sameAs\":[\"https:\/\/m.facebook.com\/spazio-news-magazine\",\"https:\/\/x.com\/News_spazio\"]},{\"@type\":\"Person\",\"@id\":\"http:\/\/spazio-news.it\/#\/schema\/person\/c600904e882e9e166ed8e5e3773d37b3\",\"name\":\"Redazione\",\"sameAs\":[\"http:\/\/spazio-news.it\",\"@SpazioNewsMagazine\",\"https:\/\/x.com\/@news_spazio\"],\"url\":\"http:\/\/spazio-news.it\/?author=1\"}]}<\/script>\n<!-- \/ Yoast SEO plugin. -->","yoast_head_json":{"title":"TURKISH AIRLINES: DATI POSITIVI PER L\u2019INIZIO DELL\u2019ANNO &#187; Spazio-News Magazine","description":"A gennaio i passeggeri trasportati da Turkish Airlines sono stati 5,7 milioni, in crescita di circa il 5,2% rispetto allo stesso mese 2018","robots":{"index":"index","follow":"follow","max-snippet":"max-snippet:-1","max-image-preview":"max-image-preview:large","max-video-preview":"max-video-preview:-1"},"canonical":"http:\/\/spazio-news.it\/?p=3299","og_locale":"it_IT","og_type":"article","og_title":"TURKISH AIRLINES: DATI POSITIVI PER L\u2019INIZIO DELL\u2019ANNO &#187; Spazio-News Magazine","og_description":"A gennaio i passeggeri trasportati da Turkish Airlines sono stati 5,7 milioni, in crescita di circa il 5,2% rispetto allo stesso mese 2018","og_url":"http:\/\/spazio-news.it\/?p=3299","og_site_name":"Spazio-News Magazine","article_publisher":"https:\/\/m.facebook.com\/spazio-news-magazine","article_author":"@SpazioNewsMagazine","article_published_time":"2019-02-15T09:01:20+00:00","article_modified_time":"2019-09-23T07:12:27+00:00","og_image":[{"width":800,"height":446,"url":"http:\/\/spazio-news.it\/wp-content\/uploads\/2018\/10\/TurkishAirlines_Spazio-news-e1540056278470.jpg","type":"image\/jpeg"}],"author":"Redazione","twitter_card":"summary_large_image","twitter_creator":"@news_spazio","twitter_site":"@News_spazio","twitter_misc":{"Scritto da":"Redazione","Tempo di lettura stimato":"1 minuto"},"schema":{"@context":"https:\/\/schema.org","@graph":[{"@type":"NewsArticle","@id":"http:\/\/spazio-news.it\/?p=3299#article","isPartOf":{"@id":"http:\/\/spazio-news.it\/?p=3299"},"author":{"name":"Redazione","@id":"http:\/\/spazio-news.it\/#\/schema\/person\/c600904e882e9e166ed8e5e3773d37b3"},"headline":"TURKISH AIRLINES: DATI POSITIVI PER L\u2019INIZIO DELL\u2019ANNO","datePublished":"2019-02-15T09:01:20+00:00","dateModified":"2019-09-23T07:12:27+00:00","mainEntityOfPage":{"@id":"http:\/\/spazio-news.it\/?p=3299"},"wordCount":229,"publisher":{"@id":"http:\/\/spazio-news.it\/#organization"},"image":{"@id":"http:\/\/spazio-news.it\/?p=3299#primaryimage"},"thumbnailUrl":"http:\/\/spazio-news.it\/wp-content\/uploads\/2018\/10\/TurkishAirlines_Spazio-news-e1540056278470.jpg","keywords":["Compagnie aeree","dati traffico cargo","dati traffico passeggeri","M. \u0130lker Ayc\u0131","Turkish Airlines"],"articleSection":["01 - PRIMA PAGINA","02 - INDUSTRIA"],"inLanguage":"it-IT"},{"@type":"WebPage","@id":"http:\/\/spazio-news.it\/?p=3299","url":"http:\/\/spazio-news.it\/?p=3299","name":"TURKISH AIRLINES: DATI POSITIVI PER L\u2019INIZIO DELL\u2019ANNO &#187; Spazio-News Magazine","isPartOf":{"@id":"http:\/\/spazio-news.it\/#website"},"primaryImageOfPage":{"@id":"http:\/\/spazio-news.it\/?p=3299#primaryimage"},"image":{"@id":"http:\/\/spazio-news.it\/?p=3299#primaryimage"},"thumbnailUrl":"http:\/\/spazio-news.it\/wp-content\/uploads\/2018\/10\/TurkishAirlines_Spazio-news-e1540056278470.jpg","datePublished":"2019-02-15T09:01:20+00:00","dateModified":"2019-09-23T07:12:27+00:00","description":"A gennaio i passeggeri trasportati da Turkish Airlines sono stati 5,7 milioni, in crescita di circa il 5,2% rispetto allo stesso mese 2018","breadcrumb":{"@id":"http:\/\/spazio-news.it\/?p=3299#breadcrumb"},"inLanguage":"it-IT","potentialAction":[{"@type":"ReadAction","target":["http:\/\/spazio-news.it\/?p=3299"]}]},{"@type":"ImageObject","inLanguage":"it-IT","@id":"http:\/\/spazio-news.it\/?p=3299#primaryimage","url":"http:\/\/spazio-news.it\/wp-content\/uploads\/2018\/10\/TurkishAirlines_Spazio-news-e1540056278470.jpg","contentUrl":"http:\/\/spazio-news.it\/wp-content\/uploads\/2018\/10\/TurkishAirlines_Spazio-news-e1540056278470.jpg","width":800,"height":446,"caption":"TurkishAirlines_Spazio-news"},{"@type":"BreadcrumbList","@id":"http:\/\/spazio-news.it\/?p=3299#breadcrumb","itemListElement":[{"@type":"ListItem","position":1,"name":"Home","item":"http:\/\/spazio-news.it\/"},{"@type":"ListItem","position":2,"name":"TURKISH AIRLINES: DATI POSITIVI PER L\u2019INIZIO DELL\u2019ANNO"}]},{"@type":"WebSite","@id":"http:\/\/spazio-news.it\/#website","url":"http:\/\/spazio-news.it\/","name":"Spazio-News Magazine","description":"La guida che sfida la complessit\u00e0 del mondo industriale","publisher":{"@id":"http:\/\/spazio-news.it\/#organization"},"alternateName":"Spazio-news.it","potentialAction":[{"@type":"SearchAction","target":{"@type":"EntryPoint","urlTemplate":"http:\/\/spazio-news.it\/?s={search_term_string}"},"query-input":{"@type":"PropertyValueSpecification","valueRequired":true,"valueName":"search_term_string"}}],"inLanguage":"it-IT"},{"@type":"Organization","@id":"http:\/\/spazio-news.it\/#organization","name":"Spazio-News Magazine","url":"http:\/\/spazio-news.it\/","logo":{"@type":"ImageObject","inLanguage":"it-IT","@id":"http:\/\/spazio-news.it\/#\/schema\/logo\/image\/","url":"http:\/\/spazio-news.it\/wp-content\/uploads\/2023\/09\/Logo-Spazio-News-512-x-512-NO-testo.jpg","contentUrl":"http:\/\/spazio-news.it\/wp-content\/uploads\/2023\/09\/Logo-Spazio-News-512-x-512-NO-testo.jpg","width":512,"height":512,"caption":"Spazio-News Magazine"},"image":{"@id":"http:\/\/spazio-news.it\/#\/schema\/logo\/image\/"},"sameAs":["https:\/\/m.facebook.com\/spazio-news-magazine","https:\/\/x.com\/News_spazio"]},{"@type":"Person","@id":"http:\/\/spazio-news.it\/#\/schema\/person\/c600904e882e9e166ed8e5e3773d37b3","name":"Redazione","sameAs":["http:\/\/spazio-news.it","@SpazioNewsMagazine","https:\/\/x.com\/@news_spazio"],"url":"http:\/\/spazio-news.it\/?author=1"}]}},"_links":{"self":[{"href":"http:\/\/spazio-news.it\/index.php?rest_route=\/wp\/v2\/posts\/3299","targetHints":{"allow":["GET"]}}],"collection":[{"href":"http:\/\/spazio-news.it\/index.php?rest_route=\/wp\/v2\/posts"}],"about":[{"href":"http:\/\/spazio-news.it\/index.php?rest_route=\/wp\/v2\/types\/post"}],"author":[{"embeddable":true,"href":"http:\/\/spazio-news.it\/index.php?rest_route=\/wp\/v2\/users\/1"}],"replies":[{"embeddable":true,"href":"http:\/\/spazio-news.it\/index.php?rest_route=%2Fwp%2Fv2%2Fcomments&post=3299"}],"version-history":[{"count":2,"href":"http:\/\/spazio-news.it\/index.php?rest_route=\/wp\/v2\/posts\/3299\/revisions"}],"predecessor-version":[{"id":6518,"href":"http:\/\/spazio-news.it\/index.php?rest_route=\/wp\/v2\/posts\/3299\/revisions\/6518"}],"wp:featuredmedia":[{"embeddable":true,"href":"http:\/\/spazio-news.it\/index.php?rest_route=\/wp\/v2\/media\/1698"}],"wp:attachment":[{"href":"http:\/\/spazio-news.it\/index.php?rest_route=%2Fwp%2Fv2%2Fmedia&parent=3299"}],"wp:term":[{"taxonomy":"category","embeddable":true,"href":"http:\/\/spazio-news.it\/index.php?rest_route=%2Fwp%2Fv2%2Fcategories&post=3299"},{"taxonomy":"post_tag","embeddable":true,"href":"http:\/\/spazio-news.it\/index.php?rest_route=%2Fwp%2Fv2%2Ftags&post=3299"}],"curies":[{"name":"wp","href":"https:\/\/api.w.org\/{rel}","templated":true}]}}