{"id":3309,"date":"2019-02-19T03:36:17","date_gmt":"2019-02-19T02:36:17","guid":{"rendered":"http:\/\/spazio-news.it\/?p=3309"},"modified":"2019-04-26T19:02:46","modified_gmt":"2019-04-26T18:02:46","slug":"leonardo-atterrati-i-primi-m-346-dellifts-ami","status":"publish","type":"post","link":"http:\/\/spazio-news.it\/?p=3309","title":{"rendered":"LEONARDO: ATTERRATI I PRIMI M-346 DELL\u2019IFTS AMI"},"content":{"rendered":"<p>Sono atterrati all\u2019aeroporto dell\u2019Aeronautica Militare &#8211; AMI di <strong>Galatina<\/strong> (LE) i primi due velivoli <a href=\"https:\/\/www.leonardocompany.com\/en\/-\/m-346\">M-346<\/a> di <strong>Leonardo <\/strong>che si aggiungeranno ai <strong>18 velivoli<\/strong> dell&#8217;AMI gi\u00e0 presenti presso il <strong>61\u00b0 Stormo<\/strong>.<\/p>\n<p>I nuovi <strong>addestratori<\/strong>, come previsto nell\u2019<a href=\"https:\/\/www.leonardocompany.com\/en\/-\/pr-leonardo-aeronautica-militare-ifts\">accordo stipulato lo scorso luglio tra Aeronautica Militare e Leonardo<\/a>, finalizzato al potenziamento dell\u2019offerta formativa dell\u2019<strong>AMI <\/strong>attraverso la creazione dell\u2019<strong>International Flight Training School &#8211; IFTS<\/strong>, saranno impiegati per soddisfare la crescente <strong>domanda addestrativa<\/strong>.<\/p>\n<p><em>\u201cL\u2019accordo tra Leonardo e la Forza Armata per la creazione della IFTS \u00e8 nato dalla volont\u00e0 di mettere a sistema due eccellenze nazionali per creare sinergia a beneficio dell\u2019intero Paese: le risorse della principale realt\u00e0 industriale italiana del comparto aerospazio, difesa e sicurezza e l\u2019expertise dell\u2019Arma Azzurra nel settore dell\u2019addestramento al volo militare<\/em> \u2013 si legge nella nota diffusa dal costruttore Italiano -. <em>In questo contesto, la base aerea di Galatina gioca un ruolo da indiscusso protagonista grazie alla consolidata esperienza maturata in tanti anni di operativit\u00e0\u201d.<\/em><\/p>\n<p>Elemento imprescindibile della creazione dell\u2019<strong>IFTS<\/strong> \u00e8 il progressivo potenziamento fino alla massima capacit\u00e0 operativa del <strong>61\u00b0 Stormo<\/strong>, con l\u2019arrivo a <strong>Galatina<\/strong> dal <strong>2020<\/strong> del nuovo <strong><u><a href=\"https:\/\/www.leonardocompany.com\">M-345 HET &#8211; High Efficiency Trainer<\/a><\/u><\/strong>, denominato <strong>T-345<\/strong> dall\u2019<strong>Aeronautica<\/strong>, che andr\u00e0 a sostituire gradualmente il <strong>T-339A<\/strong>, utilizzato per la <strong>Fase II dell\u2019addestramento<\/strong> e l\u2019<strong>FT-339C <\/strong>utilizzato per la <strong>Fase III<\/strong>.<\/p>\n<p>La <strong>IFTS<\/strong>, che avr\u00e0 come focus la <strong>fase IV del sillabo addestrativo, Lead In to Fighter Training \u2013 LIFT<\/strong>, propedeutica all\u2019impiego dei <strong>piloti sui velivoli fighters<\/strong>, garantir\u00e0 il pieno soddisfacimento della domanda di <strong>formazione<\/strong> dei piloti militari anche di <strong>Forze Aeree estere<\/strong> e prevede, una volta saturata la capacit\u00e0 addestrativa di Galatina, un\u2019eventuale espansione presso un\u2019altra base aerea su territorio nazionale.<\/p>\n<p>Il <strong>sillabo addestrativo<\/strong> dell\u2019Aeronautica Militare ha gi\u00e0 dimostrato con studenti piloti di varie nazionalit\u00e0 la sua modularit\u00e0 e flessibilit\u00e0 nel rispondere alla diverse esigenze delle Forze Aeree che, presso il 61\u00b0 Stormo di Galatina (Lecce), sono gi\u00e0 stati formati con moduli propedeutici ai <strong>caccia di IV e V generazione<\/strong>.<\/p>\n<p>L\u2019<strong>addestramento di tipo operativo<\/strong>, effettuato in gran parte sul<strong> T-346A<\/strong>, \u00e8 propedeutico alla linea <strong>aerotattica<\/strong>, quella dei caccia di ultima generazione come <strong>Eurofighter<\/strong> e <strong>F-35<\/strong>.<\/p>\n<p>Inoltre presso la base dell\u2019Aeronautica Militare di Galatina \u00e8 operativa la tecnologia <strong>LVC &#8211; Live, Virtual and Constructive Simulation<\/strong> che caratterizza l\u2019avanzatissimo <strong>sistema di<\/strong> <strong>simulazione<\/strong> dell\u2019<strong>M-346<\/strong> e che consente agli allievi di interagire, attraverso il <strong>simulatore<\/strong>, con i piloti in volo nell\u2019ambito della stessa <strong>missione addestrativa<\/strong>.<\/p>\n","protected":false},"excerpt":{"rendered":"<p>Sono atterrati all\u2019aeroporto dell\u2019Aeronautica Militare &#8211; AMI di Galatina (LE) i primi due velivoli M-346 di Leonardo che si aggiungeranno<\/p>\n","protected":false},"author":1,"featured_media":141,"comment_status":"closed","ping_status":"open","sticky":false,"template":"","format":"standard","meta":{"colormag_page_container_layout":"default_layout","colormag_page_sidebar_layout":"default_layout","footnotes":""},"categories":[32,3],"tags":[1179,54,775,260,187,491],"class_list":["post-3309","post","type-post","status-publish","format-standard","has-post-thumbnail","hentry","category-prima-pagina","category-industria","tag-16-stormo","tag-aeronautica-militare-italiana","tag-international-flight-training-school-ifts","tag-leonardo-spa","tag-m346","tag-piloti-addestramento"],"yoast_head":"<!-- This site is optimized with the Yoast SEO plugin v26.8 - https:\/\/yoast.com\/product\/yoast-seo-wordpress\/ -->\n<title>LEONARDO: ATTERRATI I PRIMI M-346 DELL\u2019IFTS AMI &#187; Spazio-News Magazine<\/title>\n<meta name=\"description\" content=\"Sono atterrati all\u2019aeroporto dell\u2019Aeronautica Militare - AMI di Galatina (LE) i primi due velivoli M-346 di Leonardo che si aggiungeranno\" \/>\n<meta name=\"robots\" content=\"index, follow, max-snippet:-1, max-image-preview:large, max-video-preview:-1\" \/>\n<link rel=\"canonical\" href=\"http:\/\/spazio-news.it\/?p=3309\" \/>\n<meta property=\"og:locale\" content=\"it_IT\" \/>\n<meta property=\"og:type\" content=\"article\" \/>\n<meta property=\"og:title\" content=\"LEONARDO: ATTERRATI I PRIMI M-346 DELL\u2019IFTS AMI &#187; Spazio-News Magazine\" \/>\n<meta property=\"og:description\" content=\"Sono atterrati all\u2019aeroporto dell\u2019Aeronautica Militare - AMI di Galatina (LE) i primi due velivoli M-346 di Leonardo che si aggiungeranno\" \/>\n<meta property=\"og:url\" content=\"http:\/\/spazio-news.it\/?p=3309\" \/>\n<meta property=\"og:site_name\" content=\"Spazio-News Magazine\" \/>\n<meta property=\"article:publisher\" content=\"https:\/\/m.facebook.com\/spazio-news-magazine\" \/>\n<meta property=\"article:author\" content=\"@SpazioNewsMagazine\" \/>\n<meta property=\"article:published_time\" content=\"2019-02-19T02:36:17+00:00\" \/>\n<meta property=\"article:modified_time\" content=\"2019-04-26T18:02:46+00:00\" \/>\n<meta property=\"og:image\" content=\"http:\/\/spazio-news.it\/wp-content\/uploads\/2018\/07\/Spazio-News.it-AMI-M-346-800x445-e1550327994297.jpg\" \/>\n\t<meta property=\"og:image:width\" content=\"800\" \/>\n\t<meta property=\"og:image:height\" content=\"446\" \/>\n\t<meta property=\"og:image:type\" content=\"image\/jpeg\" \/>\n<meta name=\"author\" content=\"Redazione\" \/>\n<meta name=\"twitter:card\" content=\"summary_large_image\" \/>\n<meta name=\"twitter:creator\" content=\"@news_spazio\" \/>\n<meta name=\"twitter:site\" content=\"@News_spazio\" \/>\n<meta name=\"twitter:label1\" content=\"Scritto da\" \/>\n\t<meta name=\"twitter:data1\" content=\"Redazione\" \/>\n\t<meta name=\"twitter:label2\" content=\"Tempo di lettura stimato\" \/>\n\t<meta name=\"twitter:data2\" content=\"2 minuti\" \/>\n<script type=\"application\/ld+json\" class=\"yoast-schema-graph\">{\"@context\":\"https:\/\/schema.org\",\"@graph\":[{\"@type\":\"NewsArticle\",\"@id\":\"http:\/\/spazio-news.it\/?p=3309#article\",\"isPartOf\":{\"@id\":\"http:\/\/spazio-news.it\/?p=3309\"},\"author\":{\"name\":\"Redazione\",\"@id\":\"http:\/\/spazio-news.it\/#\/schema\/person\/c600904e882e9e166ed8e5e3773d37b3\"},\"headline\":\"LEONARDO: ATTERRATI I PRIMI M-346 DELL\u2019IFTS AMI\",\"datePublished\":\"2019-02-19T02:36:17+00:00\",\"dateModified\":\"2019-04-26T18:02:46+00:00\",\"mainEntityOfPage\":{\"@id\":\"http:\/\/spazio-news.it\/?p=3309\"},\"wordCount\":416,\"publisher\":{\"@id\":\"http:\/\/spazio-news.it\/#organization\"},\"image\":{\"@id\":\"http:\/\/spazio-news.it\/?p=3309#primaryimage\"},\"thumbnailUrl\":\"http:\/\/spazio-news.it\/wp-content\/uploads\/2018\/07\/Spazio-News.it-AMI-M-346-800x445-e1550327994297.jpg\",\"keywords\":[\"16\u00b0 Stormo\",\"Aeronautica Militare Italiana\",\"International Flight Training School - IFTS\",\"Leonardo SPA\",\"M346\",\"Piloti addestramento\"],\"articleSection\":[\"01 - PRIMA PAGINA\",\"02 - INDUSTRIA\"],\"inLanguage\":\"it-IT\"},{\"@type\":\"WebPage\",\"@id\":\"http:\/\/spazio-news.it\/?p=3309\",\"url\":\"http:\/\/spazio-news.it\/?p=3309\",\"name\":\"LEONARDO: ATTERRATI I PRIMI M-346 DELL\u2019IFTS AMI &#187; Spazio-News Magazine\",\"isPartOf\":{\"@id\":\"http:\/\/spazio-news.it\/#website\"},\"primaryImageOfPage\":{\"@id\":\"http:\/\/spazio-news.it\/?p=3309#primaryimage\"},\"image\":{\"@id\":\"http:\/\/spazio-news.it\/?p=3309#primaryimage\"},\"thumbnailUrl\":\"http:\/\/spazio-news.it\/wp-content\/uploads\/2018\/07\/Spazio-News.it-AMI-M-346-800x445-e1550327994297.jpg\",\"datePublished\":\"2019-02-19T02:36:17+00:00\",\"dateModified\":\"2019-04-26T18:02:46+00:00\",\"description\":\"Sono atterrati all\u2019aeroporto dell\u2019Aeronautica Militare - AMI di Galatina (LE) i primi due velivoli M-346 di Leonardo che si aggiungeranno\",\"breadcrumb\":{\"@id\":\"http:\/\/spazio-news.it\/?p=3309#breadcrumb\"},\"inLanguage\":\"it-IT\",\"potentialAction\":[{\"@type\":\"ReadAction\",\"target\":[\"http:\/\/spazio-news.it\/?p=3309\"]}]},{\"@type\":\"ImageObject\",\"inLanguage\":\"it-IT\",\"@id\":\"http:\/\/spazio-news.it\/?p=3309#primaryimage\",\"url\":\"http:\/\/spazio-news.it\/wp-content\/uploads\/2018\/07\/Spazio-News.it-AMI-M-346-800x445-e1550327994297.jpg\",\"contentUrl\":\"http:\/\/spazio-news.it\/wp-content\/uploads\/2018\/07\/Spazio-News.it-AMI-M-346-800x445-e1550327994297.jpg\",\"width\":800,\"height\":446,\"caption\":\"Spazio-News.it AMI Alenia M-346\"},{\"@type\":\"BreadcrumbList\",\"@id\":\"http:\/\/spazio-news.it\/?p=3309#breadcrumb\",\"itemListElement\":[{\"@type\":\"ListItem\",\"position\":1,\"name\":\"Home\",\"item\":\"http:\/\/spazio-news.it\/\"},{\"@type\":\"ListItem\",\"position\":2,\"name\":\"LEONARDO: ATTERRATI I PRIMI M-346 DELL\u2019IFTS AMI\"}]},{\"@type\":\"WebSite\",\"@id\":\"http:\/\/spazio-news.it\/#website\",\"url\":\"http:\/\/spazio-news.it\/\",\"name\":\"Spazio-News Magazine\",\"description\":\"La guida che sfida la complessit\u00e0 del mondo industriale\",\"publisher\":{\"@id\":\"http:\/\/spazio-news.it\/#organization\"},\"alternateName\":\"Spazio-news.it\",\"potentialAction\":[{\"@type\":\"SearchAction\",\"target\":{\"@type\":\"EntryPoint\",\"urlTemplate\":\"http:\/\/spazio-news.it\/?s={search_term_string}\"},\"query-input\":{\"@type\":\"PropertyValueSpecification\",\"valueRequired\":true,\"valueName\":\"search_term_string\"}}],\"inLanguage\":\"it-IT\"},{\"@type\":\"Organization\",\"@id\":\"http:\/\/spazio-news.it\/#organization\",\"name\":\"Spazio-News Magazine\",\"url\":\"http:\/\/spazio-news.it\/\",\"logo\":{\"@type\":\"ImageObject\",\"inLanguage\":\"it-IT\",\"@id\":\"http:\/\/spazio-news.it\/#\/schema\/logo\/image\/\",\"url\":\"http:\/\/spazio-news.it\/wp-content\/uploads\/2023\/09\/Logo-Spazio-News-512-x-512-NO-testo.jpg\",\"contentUrl\":\"http:\/\/spazio-news.it\/wp-content\/uploads\/2023\/09\/Logo-Spazio-News-512-x-512-NO-testo.jpg\",\"width\":512,\"height\":512,\"caption\":\"Spazio-News Magazine\"},\"image\":{\"@id\":\"http:\/\/spazio-news.it\/#\/schema\/logo\/image\/\"},\"sameAs\":[\"https:\/\/m.facebook.com\/spazio-news-magazine\",\"https:\/\/x.com\/News_spazio\"]},{\"@type\":\"Person\",\"@id\":\"http:\/\/spazio-news.it\/#\/schema\/person\/c600904e882e9e166ed8e5e3773d37b3\",\"name\":\"Redazione\",\"sameAs\":[\"http:\/\/spazio-news.it\",\"@SpazioNewsMagazine\",\"https:\/\/x.com\/@news_spazio\"],\"url\":\"http:\/\/spazio-news.it\/?author=1\"}]}<\/script>\n<!-- \/ Yoast SEO plugin. -->","yoast_head_json":{"title":"LEONARDO: ATTERRATI I PRIMI M-346 DELL\u2019IFTS AMI &#187; Spazio-News Magazine","description":"Sono atterrati all\u2019aeroporto dell\u2019Aeronautica Militare - AMI di Galatina (LE) i primi due velivoli M-346 di Leonardo che si aggiungeranno","robots":{"index":"index","follow":"follow","max-snippet":"max-snippet:-1","max-image-preview":"max-image-preview:large","max-video-preview":"max-video-preview:-1"},"canonical":"http:\/\/spazio-news.it\/?p=3309","og_locale":"it_IT","og_type":"article","og_title":"LEONARDO: ATTERRATI I PRIMI M-346 DELL\u2019IFTS AMI &#187; Spazio-News Magazine","og_description":"Sono atterrati all\u2019aeroporto dell\u2019Aeronautica Militare - AMI di Galatina (LE) i primi due velivoli M-346 di Leonardo che si aggiungeranno","og_url":"http:\/\/spazio-news.it\/?p=3309","og_site_name":"Spazio-News Magazine","article_publisher":"https:\/\/m.facebook.com\/spazio-news-magazine","article_author":"@SpazioNewsMagazine","article_published_time":"2019-02-19T02:36:17+00:00","article_modified_time":"2019-04-26T18:02:46+00:00","og_image":[{"width":800,"height":446,"url":"http:\/\/spazio-news.it\/wp-content\/uploads\/2018\/07\/Spazio-News.it-AMI-M-346-800x445-e1550327994297.jpg","type":"image\/jpeg"}],"author":"Redazione","twitter_card":"summary_large_image","twitter_creator":"@news_spazio","twitter_site":"@News_spazio","twitter_misc":{"Scritto da":"Redazione","Tempo di lettura stimato":"2 minuti"},"schema":{"@context":"https:\/\/schema.org","@graph":[{"@type":"NewsArticle","@id":"http:\/\/spazio-news.it\/?p=3309#article","isPartOf":{"@id":"http:\/\/spazio-news.it\/?p=3309"},"author":{"name":"Redazione","@id":"http:\/\/spazio-news.it\/#\/schema\/person\/c600904e882e9e166ed8e5e3773d37b3"},"headline":"LEONARDO: ATTERRATI I PRIMI M-346 DELL\u2019IFTS AMI","datePublished":"2019-02-19T02:36:17+00:00","dateModified":"2019-04-26T18:02:46+00:00","mainEntityOfPage":{"@id":"http:\/\/spazio-news.it\/?p=3309"},"wordCount":416,"publisher":{"@id":"http:\/\/spazio-news.it\/#organization"},"image":{"@id":"http:\/\/spazio-news.it\/?p=3309#primaryimage"},"thumbnailUrl":"http:\/\/spazio-news.it\/wp-content\/uploads\/2018\/07\/Spazio-News.it-AMI-M-346-800x445-e1550327994297.jpg","keywords":["16\u00b0 Stormo","Aeronautica Militare Italiana","International Flight Training School - IFTS","Leonardo SPA","M346","Piloti addestramento"],"articleSection":["01 - PRIMA PAGINA","02 - INDUSTRIA"],"inLanguage":"it-IT"},{"@type":"WebPage","@id":"http:\/\/spazio-news.it\/?p=3309","url":"http:\/\/spazio-news.it\/?p=3309","name":"LEONARDO: ATTERRATI I PRIMI M-346 DELL\u2019IFTS AMI &#187; Spazio-News Magazine","isPartOf":{"@id":"http:\/\/spazio-news.it\/#website"},"primaryImageOfPage":{"@id":"http:\/\/spazio-news.it\/?p=3309#primaryimage"},"image":{"@id":"http:\/\/spazio-news.it\/?p=3309#primaryimage"},"thumbnailUrl":"http:\/\/spazio-news.it\/wp-content\/uploads\/2018\/07\/Spazio-News.it-AMI-M-346-800x445-e1550327994297.jpg","datePublished":"2019-02-19T02:36:17+00:00","dateModified":"2019-04-26T18:02:46+00:00","description":"Sono atterrati all\u2019aeroporto dell\u2019Aeronautica Militare - AMI di Galatina (LE) i primi due velivoli M-346 di Leonardo che si aggiungeranno","breadcrumb":{"@id":"http:\/\/spazio-news.it\/?p=3309#breadcrumb"},"inLanguage":"it-IT","potentialAction":[{"@type":"ReadAction","target":["http:\/\/spazio-news.it\/?p=3309"]}]},{"@type":"ImageObject","inLanguage":"it-IT","@id":"http:\/\/spazio-news.it\/?p=3309#primaryimage","url":"http:\/\/spazio-news.it\/wp-content\/uploads\/2018\/07\/Spazio-News.it-AMI-M-346-800x445-e1550327994297.jpg","contentUrl":"http:\/\/spazio-news.it\/wp-content\/uploads\/2018\/07\/Spazio-News.it-AMI-M-346-800x445-e1550327994297.jpg","width":800,"height":446,"caption":"Spazio-News.it AMI Alenia M-346"},{"@type":"BreadcrumbList","@id":"http:\/\/spazio-news.it\/?p=3309#breadcrumb","itemListElement":[{"@type":"ListItem","position":1,"name":"Home","item":"http:\/\/spazio-news.it\/"},{"@type":"ListItem","position":2,"name":"LEONARDO: ATTERRATI I PRIMI M-346 DELL\u2019IFTS AMI"}]},{"@type":"WebSite","@id":"http:\/\/spazio-news.it\/#website","url":"http:\/\/spazio-news.it\/","name":"Spazio-News Magazine","description":"La guida che sfida la complessit\u00e0 del mondo industriale","publisher":{"@id":"http:\/\/spazio-news.it\/#organization"},"alternateName":"Spazio-news.it","potentialAction":[{"@type":"SearchAction","target":{"@type":"EntryPoint","urlTemplate":"http:\/\/spazio-news.it\/?s={search_term_string}"},"query-input":{"@type":"PropertyValueSpecification","valueRequired":true,"valueName":"search_term_string"}}],"inLanguage":"it-IT"},{"@type":"Organization","@id":"http:\/\/spazio-news.it\/#organization","name":"Spazio-News Magazine","url":"http:\/\/spazio-news.it\/","logo":{"@type":"ImageObject","inLanguage":"it-IT","@id":"http:\/\/spazio-news.it\/#\/schema\/logo\/image\/","url":"http:\/\/spazio-news.it\/wp-content\/uploads\/2023\/09\/Logo-Spazio-News-512-x-512-NO-testo.jpg","contentUrl":"http:\/\/spazio-news.it\/wp-content\/uploads\/2023\/09\/Logo-Spazio-News-512-x-512-NO-testo.jpg","width":512,"height":512,"caption":"Spazio-News Magazine"},"image":{"@id":"http:\/\/spazio-news.it\/#\/schema\/logo\/image\/"},"sameAs":["https:\/\/m.facebook.com\/spazio-news-magazine","https:\/\/x.com\/News_spazio"]},{"@type":"Person","@id":"http:\/\/spazio-news.it\/#\/schema\/person\/c600904e882e9e166ed8e5e3773d37b3","name":"Redazione","sameAs":["http:\/\/spazio-news.it","@SpazioNewsMagazine","https:\/\/x.com\/@news_spazio"],"url":"http:\/\/spazio-news.it\/?author=1"}]}},"_links":{"self":[{"href":"http:\/\/spazio-news.it\/index.php?rest_route=\/wp\/v2\/posts\/3309","targetHints":{"allow":["GET"]}}],"collection":[{"href":"http:\/\/spazio-news.it\/index.php?rest_route=\/wp\/v2\/posts"}],"about":[{"href":"http:\/\/spazio-news.it\/index.php?rest_route=\/wp\/v2\/types\/post"}],"author":[{"embeddable":true,"href":"http:\/\/spazio-news.it\/index.php?rest_route=\/wp\/v2\/users\/1"}],"replies":[{"embeddable":true,"href":"http:\/\/spazio-news.it\/index.php?rest_route=%2Fwp%2Fv2%2Fcomments&post=3309"}],"version-history":[{"count":3,"href":"http:\/\/spazio-news.it\/index.php?rest_route=\/wp\/v2\/posts\/3309\/revisions"}],"predecessor-version":[{"id":4049,"href":"http:\/\/spazio-news.it\/index.php?rest_route=\/wp\/v2\/posts\/3309\/revisions\/4049"}],"wp:featuredmedia":[{"embeddable":true,"href":"http:\/\/spazio-news.it\/index.php?rest_route=\/wp\/v2\/media\/141"}],"wp:attachment":[{"href":"http:\/\/spazio-news.it\/index.php?rest_route=%2Fwp%2Fv2%2Fmedia&parent=3309"}],"wp:term":[{"taxonomy":"category","embeddable":true,"href":"http:\/\/spazio-news.it\/index.php?rest_route=%2Fwp%2Fv2%2Fcategories&post=3309"},{"taxonomy":"post_tag","embeddable":true,"href":"http:\/\/spazio-news.it\/index.php?rest_route=%2Fwp%2Fv2%2Ftags&post=3309"}],"curies":[{"name":"wp","href":"https:\/\/api.w.org\/{rel}","templated":true}]}}