{"id":3349,"date":"2019-02-21T07:55:06","date_gmt":"2019-02-21T06:55:06","guid":{"rendered":"http:\/\/spazio-news.it\/?p=3349"},"modified":"2019-04-26T19:02:46","modified_gmt":"2019-04-26T18:02:46","slug":"ami-goretti-e-il-nuovo-sottocapo-di-sma","status":"publish","type":"post","link":"http:\/\/spazio-news.it\/?p=3349","title":{"rendered":"AMI: GORETTI \u00c8 IL NUOVO SOTTOCAPO DI SMA"},"content":{"rendered":"<p>Alla presenza del <strong>Capo di Stato Maggiore dell&#8217;Aeronautica<\/strong>, <strong>Generale di Squadra Aerea Alberto Rosso<\/strong> si \u00e8 svolta, presso la suggestiva cornice della <strong>Sala della Madonna di Loreto <\/strong>di<strong> Palazzo Aeronautica<\/strong>, \u00a0la cerimonia del <strong>passaggio di consegne<\/strong> tra il <strong>Generale di Squadra Aerea Settimo Caputo<\/strong>, e il Generale di Squadra Aerea Luca Goretti.<\/p>\n<p>Nel saluto di commiato, il <strong>Generale Caputo<\/strong>, dopo aver ringraziato i numerosi ospiti per la loro presenza, ha ripercorso la propria esperienza in uno degli incarichi pi\u00f9 importanti per un Ufficiale, definendo lo Stato Maggiore come &#8220;<em>il punto di raccordo strategico della Forza Armata il cui compito principale \u00e8 la produzione del pensiero strategico, necessario alla Forza Armata per anticipare il futuro<\/em>&#8220;.<\/p>\n<p>&#8220;<em>Alle fondamentali e specifiche attivit\u00e0 \u2013 <\/em>ha aggiunto il Generale Caputo<em> \u2013 lo stato Maggiore ha affiancato inoltre una importante azione di trasformazione necessaria ad adeguare la struttura della Forza Armata alle disposizioni di legge attraverso una revisione della pianta territoriale e capacitiva, sulla base degli obiettivi strategici da perseguire per attuare concretamente la <\/em><em>vision<\/em><em> e la mission dell&#8217;Aeronautica Militare\u201d.<\/em><\/p>\n<p>Grande importanza \u00e8 stata rivolta anche alla ricerca di soluzioni per migliorare i processi lavorativi con procedure tecniche pi\u00f9 efficaci, affiancate da importanti ed inedite modalit\u00e0 di lavoro, come il <strong>progetto <em>Feedback <\/em><em>360\u00b0<\/em><\/strong><em>, <\/em>una valutazione della performance della leadership dal basso, primo caso per l&#8217;intero Dicastero della Difesa.<\/p>\n<p>&#8220;<em>Tutti questi risultati<\/em> &#8211; ha ribadito il Sottocapo uscente &#8211; <em>sono stati possibili solo grazie alla professionalit\u00e0 e alla dedizione del personale dello Stato Maggiore, che coordinando e collaborando con le altre componenti della Forza Armata ha portato a termine importanti progetti, espressione dell&#8217;operativit\u00e0 della Forza Armata<\/em>&#8220;, sottolineando ancora una volta l&#8217;importanza della componente umana all&#8217;interno di un&#8217;organizzazione complessa come quella dell&#8217;Aeronautica Militare.<\/p>\n<p>Il <strong>Generale Caputo<\/strong> ha poi rivolto un sentito augurio al suo successore &#8220;<em>sicuro che sotto la tua sapiente guida sapranno raggiungere risultati sempre pi\u00f9 ambiti<\/em>&#8220;.<\/p>\n<p>Il <strong>Generale Goretti<\/strong>, dopo aver espresso il suo sentito ringraziamento per la fiducia accordatagli per il prestigioso incarico, ha sottolineato, rivolgendosi ai colleghi degli altri Dicasteri, come nel periodo attuale, &#8220;<em>in un &#8216;ottica dove le riduzioni di bilancio appaiono inesorabilmente strutturali e non sempre la comunicazione militare riesce a penetrare nelle coscienze e nelle case della gente, occorre sostenere le esigenze del comparto Difesa in maniera coesa e coordinata<\/em>&#8220;.<\/p>\n<p>Rivolgendosi poi al personale dello <strong>Stato Maggiore<\/strong> il Generale Goretti ha sottolineato ancora una volta quanto &#8220;<em>sia importante, se non decisivo, vivere insieme le sfide che ci attendono, in maniera coesa e soprattutto con la condivisione del target da raggiungere perch\u00e9 una vittoria comune sar\u00e0 la vittoria della nostra Aeronautica Militare, vero e unico riferimento nel nostro quotidiano operare.<\/em>&#8221;<\/p>\n<p>Intervenendo a conclusione della cerimonia, il <strong>Generale Rosso<\/strong> ha ringraziato il Generale Caputo per il lavoro svolto con energia intellettuale e grande passione ed entusiasmo, &#8220;<em>guidando lo Stato Maggiore come un abile ed impeccabile direttore d&#8217;orchestra<\/em>&#8221; producendo una mole di lavoro di assoluta qualit\u00e0, &#8220;<em>sempre in armonia e sintonia con gli Alti Comandi con finalit\u00e0 che sono sempre confluite nell&#8217;interesse e nel bene della Forza Armata<\/em>&#8220;.<\/p>\n<p>Il <strong>Capo di SMA<\/strong> ha voluto poi sottolineare l&#8217;importanza del nuovo ruolo che il Generale Caputo andr\u00e0 a svolgere, quale <strong>Capo dell&#8217;Ufficio Generale del Centro di Responsabilit\u00e0 Amministrative dell&#8217;Aeronautica Militare<\/strong>, &#8220;<em>un ruolo determinante per il futuro della Forza Armata in un momento di difficolt\u00e0 della gestione finanziaria \u00e8 importante avere persone di grande esperienza e capacit\u00e0<\/em>&#8220;.<\/p>\n<p>Il Generale Rosso ha espresso poi un ringraziamento al personale dello Stato Maggiore &#8220;<em>quando nel lavoro che si svolge si vede la passione, l&#8217;entusiasmo e la dedizione si riescono ad ottenere risultati sempre migliori, ed \u00e8 questo quello che vedo nel vostro impegno quotidiano sintesi delle qualit\u00e0 che l&#8217;Aeronautica Militare esprime Fuori Area ed in ogni circostanza in cui siamo impegnati, da ogni singola persona, che rappresenta i valori della Forza Armata, fino alle capacit\u00e0 operative pi\u00f9 spinte che abbiamo dimostrato, anche in un contesto interforze, di saper portare avanti in maniera dinamica e moderna valorizzando ogni risorsa disponibile<\/em>&#8220;.<\/p>\n<p>&#8220;<em>Se oggi siamo in grado di sviluppare queste capacit\u00e0<\/em> \u2013 ha continuato il Capo di SMA \u2013 <em>se il personale \u00e8 preparato e motivato, se i mezzi, pur limitati, riescono ad esprimere grandi capacit\u00e0, lo dobbiamo ai nostri predecessori e alla loro lungimiranza. Questo lavoro di squadra \u00e8 assolutamente fondamentale, il direttore d&#8217;orchestra \u00e8 importante \u2013 <\/em>rivolgendosi al Sottocapo<em> \u2013 ma \u00e8 tanto importante quanto la capacit\u00e0 dei singoli orchestrali di far funzionare lo strumento a loro disposizione, riuscendo in armonia a seguire anche gli spartiti pi\u00f9 difficili e complicati<\/em>&#8220;.<\/p>\n<p>Proprio in virt\u00f9 delle eccellenti qualit\u00e0 espresse e dei grandi risultati conseguiti il <strong>Capo di Stato Maggiore dell&#8217;Aeronautica<\/strong> ha voluto tributare al personale dello <strong>Stato Maggiore<\/strong> un encomio solenne collettivo, la cui motivazione \u00e8 stata letta nel corso della cerimonia.<\/p>\n","protected":false},"excerpt":{"rendered":"<p>Alla presenza del Capo di Stato Maggiore dell&#8217;Aeronautica, Generale di Squadra Aerea Alberto Rosso si \u00e8 svolta, presso la suggestiva<\/p>\n","protected":false},"author":1,"featured_media":3351,"comment_status":"closed","ping_status":"open","sticky":false,"template":"","format":"standard","meta":{"colormag_page_container_layout":"default_layout","colormag_page_sidebar_layout":"default_layout","footnotes":""},"categories":[32,4],"tags":[54,2164,2165],"class_list":["post-3349","post","type-post","status-publish","format-standard","has-post-thumbnail","hentry","category-prima-pagina","category-istituzioni","tag-aeronautica-militare-italiana","tag-generale-di-squadra-aerea-luca-goretti","tag-sma-stato-maggiore-aeronautica"],"yoast_head":"<!-- This site is optimized with the Yoast SEO plugin v26.8 - https:\/\/yoast.com\/product\/yoast-seo-wordpress\/ -->\n<title>AMI: GORETTI \u00c8 IL NUOVO SOTTOCAPO DI SMA &#187; Spazio-News Magazine<\/title>\n<meta name=\"description\" content=\"Si \u00e8 svolta la cerimonia del passaggio di consegne tra il Generale Settimo Caputo, e il Generale di Squadra Aerea Luca Goretti\" \/>\n<meta name=\"robots\" content=\"index, follow, max-snippet:-1, max-image-preview:large, max-video-preview:-1\" \/>\n<link rel=\"canonical\" href=\"http:\/\/spazio-news.it\/?p=3349\" \/>\n<meta property=\"og:locale\" content=\"it_IT\" \/>\n<meta property=\"og:type\" content=\"article\" \/>\n<meta property=\"og:title\" content=\"AMI: GORETTI \u00c8 IL NUOVO SOTTOCAPO DI SMA &#187; Spazio-News Magazine\" \/>\n<meta property=\"og:description\" content=\"Si \u00e8 svolta la cerimonia del passaggio di consegne tra il Generale Settimo Caputo, e il Generale di Squadra Aerea Luca Goretti\" \/>\n<meta property=\"og:url\" content=\"http:\/\/spazio-news.it\/?p=3349\" \/>\n<meta property=\"og:site_name\" content=\"Spazio-News Magazine\" \/>\n<meta property=\"article:publisher\" content=\"https:\/\/m.facebook.com\/spazio-news-magazine\" \/>\n<meta property=\"article:author\" content=\"@SpazioNewsMagazine\" \/>\n<meta property=\"article:published_time\" content=\"2019-02-21T06:55:06+00:00\" \/>\n<meta property=\"article:modified_time\" content=\"2019-04-26T18:02:46+00:00\" \/>\n<meta property=\"og:image\" content=\"http:\/\/spazio-news.it\/wp-content\/uploads\/2019\/02\/AMI-GORETTI-\u00c8-IL-NUOVO-SOTTOCAPO-DI-SMA-Stato-Maggiore-Aeronautica.png\" \/>\n\t<meta property=\"og:image:width\" content=\"800\" \/>\n\t<meta property=\"og:image:height\" content=\"446\" \/>\n\t<meta property=\"og:image:type\" content=\"image\/png\" \/>\n<meta name=\"author\" content=\"Redazione\" \/>\n<meta name=\"twitter:card\" content=\"summary_large_image\" \/>\n<meta name=\"twitter:creator\" content=\"@news_spazio\" \/>\n<meta name=\"twitter:site\" content=\"@News_spazio\" \/>\n<meta name=\"twitter:label1\" content=\"Scritto da\" \/>\n\t<meta name=\"twitter:data1\" content=\"Redazione\" \/>\n\t<meta name=\"twitter:label2\" content=\"Tempo di lettura stimato\" \/>\n\t<meta name=\"twitter:data2\" content=\"4 minuti\" \/>\n<script type=\"application\/ld+json\" class=\"yoast-schema-graph\">{\"@context\":\"https:\/\/schema.org\",\"@graph\":[{\"@type\":\"NewsArticle\",\"@id\":\"http:\/\/spazio-news.it\/?p=3349#article\",\"isPartOf\":{\"@id\":\"http:\/\/spazio-news.it\/?p=3349\"},\"author\":{\"name\":\"Redazione\",\"@id\":\"http:\/\/spazio-news.it\/#\/schema\/person\/c600904e882e9e166ed8e5e3773d37b3\"},\"headline\":\"AMI: GORETTI \u00c8 IL NUOVO SOTTOCAPO DI SMA\",\"datePublished\":\"2019-02-21T06:55:06+00:00\",\"dateModified\":\"2019-04-26T18:02:46+00:00\",\"mainEntityOfPage\":{\"@id\":\"http:\/\/spazio-news.it\/?p=3349\"},\"wordCount\":796,\"publisher\":{\"@id\":\"http:\/\/spazio-news.it\/#organization\"},\"image\":{\"@id\":\"http:\/\/spazio-news.it\/?p=3349#primaryimage\"},\"thumbnailUrl\":\"http:\/\/spazio-news.it\/wp-content\/uploads\/2019\/02\/AMI-GORETTI-\u00c8-IL-NUOVO-SOTTOCAPO-DI-SMA-Stato-Maggiore-Aeronautica.png\",\"keywords\":[\"Aeronautica Militare Italiana\",\"Generale di Squadra Aerea Luca Goretti\",\"SMA - Stato Maggiore Aeronautica\"],\"articleSection\":[\"01 - PRIMA PAGINA\",\"03 - ISTITUZIONI\"],\"inLanguage\":\"it-IT\"},{\"@type\":\"WebPage\",\"@id\":\"http:\/\/spazio-news.it\/?p=3349\",\"url\":\"http:\/\/spazio-news.it\/?p=3349\",\"name\":\"AMI: GORETTI \u00c8 IL NUOVO SOTTOCAPO DI SMA &#187; Spazio-News Magazine\",\"isPartOf\":{\"@id\":\"http:\/\/spazio-news.it\/#website\"},\"primaryImageOfPage\":{\"@id\":\"http:\/\/spazio-news.it\/?p=3349#primaryimage\"},\"image\":{\"@id\":\"http:\/\/spazio-news.it\/?p=3349#primaryimage\"},\"thumbnailUrl\":\"http:\/\/spazio-news.it\/wp-content\/uploads\/2019\/02\/AMI-GORETTI-\u00c8-IL-NUOVO-SOTTOCAPO-DI-SMA-Stato-Maggiore-Aeronautica.png\",\"datePublished\":\"2019-02-21T06:55:06+00:00\",\"dateModified\":\"2019-04-26T18:02:46+00:00\",\"description\":\"Si \u00e8 svolta la cerimonia del passaggio di consegne tra il Generale Settimo Caputo, e il Generale di Squadra Aerea Luca Goretti\",\"breadcrumb\":{\"@id\":\"http:\/\/spazio-news.it\/?p=3349#breadcrumb\"},\"inLanguage\":\"it-IT\",\"potentialAction\":[{\"@type\":\"ReadAction\",\"target\":[\"http:\/\/spazio-news.it\/?p=3349\"]}]},{\"@type\":\"ImageObject\",\"inLanguage\":\"it-IT\",\"@id\":\"http:\/\/spazio-news.it\/?p=3349#primaryimage\",\"url\":\"http:\/\/spazio-news.it\/wp-content\/uploads\/2019\/02\/AMI-GORETTI-\u00c8-IL-NUOVO-SOTTOCAPO-DI-SMA-Stato-Maggiore-Aeronautica.png\",\"contentUrl\":\"http:\/\/spazio-news.it\/wp-content\/uploads\/2019\/02\/AMI-GORETTI-\u00c8-IL-NUOVO-SOTTOCAPO-DI-SMA-Stato-Maggiore-Aeronautica.png\",\"width\":800,\"height\":446,\"caption\":\"AMI GORETTI \u00c8 IL NUOVO SOTTOCAPO DI SMA - Stato Maggiore Aeronautica\"},{\"@type\":\"BreadcrumbList\",\"@id\":\"http:\/\/spazio-news.it\/?p=3349#breadcrumb\",\"itemListElement\":[{\"@type\":\"ListItem\",\"position\":1,\"name\":\"Home\",\"item\":\"http:\/\/spazio-news.it\/\"},{\"@type\":\"ListItem\",\"position\":2,\"name\":\"AMI: GORETTI \u00c8 IL NUOVO SOTTOCAPO DI SMA\"}]},{\"@type\":\"WebSite\",\"@id\":\"http:\/\/spazio-news.it\/#website\",\"url\":\"http:\/\/spazio-news.it\/\",\"name\":\"Spazio-News Magazine\",\"description\":\"La guida che sfida la complessit\u00e0 del mondo industriale\",\"publisher\":{\"@id\":\"http:\/\/spazio-news.it\/#organization\"},\"alternateName\":\"Spazio-news.it\",\"potentialAction\":[{\"@type\":\"SearchAction\",\"target\":{\"@type\":\"EntryPoint\",\"urlTemplate\":\"http:\/\/spazio-news.it\/?s={search_term_string}\"},\"query-input\":{\"@type\":\"PropertyValueSpecification\",\"valueRequired\":true,\"valueName\":\"search_term_string\"}}],\"inLanguage\":\"it-IT\"},{\"@type\":\"Organization\",\"@id\":\"http:\/\/spazio-news.it\/#organization\",\"name\":\"Spazio-News Magazine\",\"url\":\"http:\/\/spazio-news.it\/\",\"logo\":{\"@type\":\"ImageObject\",\"inLanguage\":\"it-IT\",\"@id\":\"http:\/\/spazio-news.it\/#\/schema\/logo\/image\/\",\"url\":\"http:\/\/spazio-news.it\/wp-content\/uploads\/2023\/09\/Logo-Spazio-News-512-x-512-NO-testo.jpg\",\"contentUrl\":\"http:\/\/spazio-news.it\/wp-content\/uploads\/2023\/09\/Logo-Spazio-News-512-x-512-NO-testo.jpg\",\"width\":512,\"height\":512,\"caption\":\"Spazio-News Magazine\"},\"image\":{\"@id\":\"http:\/\/spazio-news.it\/#\/schema\/logo\/image\/\"},\"sameAs\":[\"https:\/\/m.facebook.com\/spazio-news-magazine\",\"https:\/\/x.com\/News_spazio\"]},{\"@type\":\"Person\",\"@id\":\"http:\/\/spazio-news.it\/#\/schema\/person\/c600904e882e9e166ed8e5e3773d37b3\",\"name\":\"Redazione\",\"sameAs\":[\"http:\/\/spazio-news.it\",\"@SpazioNewsMagazine\",\"https:\/\/x.com\/@news_spazio\"],\"url\":\"http:\/\/spazio-news.it\/?author=1\"}]}<\/script>\n<!-- \/ Yoast SEO plugin. -->","yoast_head_json":{"title":"AMI: GORETTI \u00c8 IL NUOVO SOTTOCAPO DI SMA &#187; Spazio-News Magazine","description":"Si \u00e8 svolta la cerimonia del passaggio di consegne tra il Generale Settimo Caputo, e il Generale di Squadra Aerea Luca Goretti","robots":{"index":"index","follow":"follow","max-snippet":"max-snippet:-1","max-image-preview":"max-image-preview:large","max-video-preview":"max-video-preview:-1"},"canonical":"http:\/\/spazio-news.it\/?p=3349","og_locale":"it_IT","og_type":"article","og_title":"AMI: GORETTI \u00c8 IL NUOVO SOTTOCAPO DI SMA &#187; Spazio-News Magazine","og_description":"Si \u00e8 svolta la cerimonia del passaggio di consegne tra il Generale Settimo Caputo, e il Generale di Squadra Aerea Luca Goretti","og_url":"http:\/\/spazio-news.it\/?p=3349","og_site_name":"Spazio-News Magazine","article_publisher":"https:\/\/m.facebook.com\/spazio-news-magazine","article_author":"@SpazioNewsMagazine","article_published_time":"2019-02-21T06:55:06+00:00","article_modified_time":"2019-04-26T18:02:46+00:00","og_image":[{"width":800,"height":446,"url":"http:\/\/spazio-news.it\/wp-content\/uploads\/2019\/02\/AMI-GORETTI-\u00c8-IL-NUOVO-SOTTOCAPO-DI-SMA-Stato-Maggiore-Aeronautica.png","type":"image\/png"}],"author":"Redazione","twitter_card":"summary_large_image","twitter_creator":"@news_spazio","twitter_site":"@News_spazio","twitter_misc":{"Scritto da":"Redazione","Tempo di lettura stimato":"4 minuti"},"schema":{"@context":"https:\/\/schema.org","@graph":[{"@type":"NewsArticle","@id":"http:\/\/spazio-news.it\/?p=3349#article","isPartOf":{"@id":"http:\/\/spazio-news.it\/?p=3349"},"author":{"name":"Redazione","@id":"http:\/\/spazio-news.it\/#\/schema\/person\/c600904e882e9e166ed8e5e3773d37b3"},"headline":"AMI: GORETTI \u00c8 IL NUOVO SOTTOCAPO DI SMA","datePublished":"2019-02-21T06:55:06+00:00","dateModified":"2019-04-26T18:02:46+00:00","mainEntityOfPage":{"@id":"http:\/\/spazio-news.it\/?p=3349"},"wordCount":796,"publisher":{"@id":"http:\/\/spazio-news.it\/#organization"},"image":{"@id":"http:\/\/spazio-news.it\/?p=3349#primaryimage"},"thumbnailUrl":"http:\/\/spazio-news.it\/wp-content\/uploads\/2019\/02\/AMI-GORETTI-\u00c8-IL-NUOVO-SOTTOCAPO-DI-SMA-Stato-Maggiore-Aeronautica.png","keywords":["Aeronautica Militare Italiana","Generale di Squadra Aerea Luca Goretti","SMA - Stato Maggiore Aeronautica"],"articleSection":["01 - PRIMA PAGINA","03 - ISTITUZIONI"],"inLanguage":"it-IT"},{"@type":"WebPage","@id":"http:\/\/spazio-news.it\/?p=3349","url":"http:\/\/spazio-news.it\/?p=3349","name":"AMI: GORETTI \u00c8 IL NUOVO SOTTOCAPO DI SMA &#187; Spazio-News Magazine","isPartOf":{"@id":"http:\/\/spazio-news.it\/#website"},"primaryImageOfPage":{"@id":"http:\/\/spazio-news.it\/?p=3349#primaryimage"},"image":{"@id":"http:\/\/spazio-news.it\/?p=3349#primaryimage"},"thumbnailUrl":"http:\/\/spazio-news.it\/wp-content\/uploads\/2019\/02\/AMI-GORETTI-\u00c8-IL-NUOVO-SOTTOCAPO-DI-SMA-Stato-Maggiore-Aeronautica.png","datePublished":"2019-02-21T06:55:06+00:00","dateModified":"2019-04-26T18:02:46+00:00","description":"Si \u00e8 svolta la cerimonia del passaggio di consegne tra il Generale Settimo Caputo, e il Generale di Squadra Aerea Luca Goretti","breadcrumb":{"@id":"http:\/\/spazio-news.it\/?p=3349#breadcrumb"},"inLanguage":"it-IT","potentialAction":[{"@type":"ReadAction","target":["http:\/\/spazio-news.it\/?p=3349"]}]},{"@type":"ImageObject","inLanguage":"it-IT","@id":"http:\/\/spazio-news.it\/?p=3349#primaryimage","url":"http:\/\/spazio-news.it\/wp-content\/uploads\/2019\/02\/AMI-GORETTI-\u00c8-IL-NUOVO-SOTTOCAPO-DI-SMA-Stato-Maggiore-Aeronautica.png","contentUrl":"http:\/\/spazio-news.it\/wp-content\/uploads\/2019\/02\/AMI-GORETTI-\u00c8-IL-NUOVO-SOTTOCAPO-DI-SMA-Stato-Maggiore-Aeronautica.png","width":800,"height":446,"caption":"AMI GORETTI \u00c8 IL NUOVO SOTTOCAPO DI SMA - Stato Maggiore Aeronautica"},{"@type":"BreadcrumbList","@id":"http:\/\/spazio-news.it\/?p=3349#breadcrumb","itemListElement":[{"@type":"ListItem","position":1,"name":"Home","item":"http:\/\/spazio-news.it\/"},{"@type":"ListItem","position":2,"name":"AMI: GORETTI \u00c8 IL NUOVO SOTTOCAPO DI SMA"}]},{"@type":"WebSite","@id":"http:\/\/spazio-news.it\/#website","url":"http:\/\/spazio-news.it\/","name":"Spazio-News Magazine","description":"La guida che sfida la complessit\u00e0 del mondo industriale","publisher":{"@id":"http:\/\/spazio-news.it\/#organization"},"alternateName":"Spazio-news.it","potentialAction":[{"@type":"SearchAction","target":{"@type":"EntryPoint","urlTemplate":"http:\/\/spazio-news.it\/?s={search_term_string}"},"query-input":{"@type":"PropertyValueSpecification","valueRequired":true,"valueName":"search_term_string"}}],"inLanguage":"it-IT"},{"@type":"Organization","@id":"http:\/\/spazio-news.it\/#organization","name":"Spazio-News Magazine","url":"http:\/\/spazio-news.it\/","logo":{"@type":"ImageObject","inLanguage":"it-IT","@id":"http:\/\/spazio-news.it\/#\/schema\/logo\/image\/","url":"http:\/\/spazio-news.it\/wp-content\/uploads\/2023\/09\/Logo-Spazio-News-512-x-512-NO-testo.jpg","contentUrl":"http:\/\/spazio-news.it\/wp-content\/uploads\/2023\/09\/Logo-Spazio-News-512-x-512-NO-testo.jpg","width":512,"height":512,"caption":"Spazio-News Magazine"},"image":{"@id":"http:\/\/spazio-news.it\/#\/schema\/logo\/image\/"},"sameAs":["https:\/\/m.facebook.com\/spazio-news-magazine","https:\/\/x.com\/News_spazio"]},{"@type":"Person","@id":"http:\/\/spazio-news.it\/#\/schema\/person\/c600904e882e9e166ed8e5e3773d37b3","name":"Redazione","sameAs":["http:\/\/spazio-news.it","@SpazioNewsMagazine","https:\/\/x.com\/@news_spazio"],"url":"http:\/\/spazio-news.it\/?author=1"}]}},"_links":{"self":[{"href":"http:\/\/spazio-news.it\/index.php?rest_route=\/wp\/v2\/posts\/3349","targetHints":{"allow":["GET"]}}],"collection":[{"href":"http:\/\/spazio-news.it\/index.php?rest_route=\/wp\/v2\/posts"}],"about":[{"href":"http:\/\/spazio-news.it\/index.php?rest_route=\/wp\/v2\/types\/post"}],"author":[{"embeddable":true,"href":"http:\/\/spazio-news.it\/index.php?rest_route=\/wp\/v2\/users\/1"}],"replies":[{"embeddable":true,"href":"http:\/\/spazio-news.it\/index.php?rest_route=%2Fwp%2Fv2%2Fcomments&post=3349"}],"version-history":[{"count":5,"href":"http:\/\/spazio-news.it\/index.php?rest_route=\/wp\/v2\/posts\/3349\/revisions"}],"predecessor-version":[{"id":4050,"href":"http:\/\/spazio-news.it\/index.php?rest_route=\/wp\/v2\/posts\/3349\/revisions\/4050"}],"wp:featuredmedia":[{"embeddable":true,"href":"http:\/\/spazio-news.it\/index.php?rest_route=\/wp\/v2\/media\/3351"}],"wp:attachment":[{"href":"http:\/\/spazio-news.it\/index.php?rest_route=%2Fwp%2Fv2%2Fmedia&parent=3349"}],"wp:term":[{"taxonomy":"category","embeddable":true,"href":"http:\/\/spazio-news.it\/index.php?rest_route=%2Fwp%2Fv2%2Fcategories&post=3349"},{"taxonomy":"post_tag","embeddable":true,"href":"http:\/\/spazio-news.it\/index.php?rest_route=%2Fwp%2Fv2%2Ftags&post=3349"}],"curies":[{"name":"wp","href":"https:\/\/api.w.org\/{rel}","templated":true}]}}