{"id":3404,"date":"2019-02-26T11:33:20","date_gmt":"2019-02-26T10:33:20","guid":{"rendered":"http:\/\/spazio-news.it\/?p=3404"},"modified":"2026-01-29T19:49:10","modified_gmt":"2026-01-29T18:49:10","slug":"transavia-nuovo-volo-brindisi-rotterdam","status":"publish","type":"post","link":"http:\/\/spazio-news.it\/?p=3404","title":{"rendered":"TRANSAVIA: NUOVO VOLO BRINDISI-ROTTERDAM"},"content":{"rendered":"\n<p>Attivo da sabato il nuovo volo Transavia Brindisi-Rotterdam. Il collegamento, che avr\u00e0 frequenza bisettimanale &#8211; mercoled\u00ec e sabato &#8211; \u00e8 il primo operato dalla compagnia low cost del gruppo <strong>Air France-KLM<\/strong> dall\u2019<strong>Aeroporto del Salento<\/strong>. <br><br><em>&#8220;Siamo davvero felici di lanciare un nuovo volo dalla Puglia, e il primo dall&#8217;aeroporto di Brindisi<\/em> &#8211; ha dichiarato <strong>Claudia Metz<\/strong>, portavoce di Transavia -. <em>Il collegamento si aggiunge alla rotta per Amsterdam che gi\u00e0 serviamo da Bari tutto l&#8217;anno, e apre nuove possibilit\u00e0 per i pugliesi di scoprire una delle metropoli pi\u00f9 dinamiche, giovani e alla moda del Nord Europa, che \u00e8 anche la seconda citt\u00e0 dei Paesi Bassi e il primo porto europeo. Dall\u2019altra parte, i turisti olandesi trovano con questo volo una nuova porta d\u2019accesso all\u2019Italia del Sud, che consente loro di scoprire le affascinanti spiagge, lo stile di vita e la cultura millenaria del Salento&#8221;<\/em>.<br><br>Transavia, che collega gi\u00e0 da diversi anni l&#8217;Aeroporto di Bari ad Amsterdam su base annuale, aggiunger\u00e0 anche un ulteriore collegamento da Brindisi per Parigi in primavera a partire dal 14 aprile.<br><br><em>\u201cIl volo su Rotterdam, collegata per la prima volta con la Puglia con volo su Brindisi, segna  anche l\u2019arrivo su questo aeroporto del  vettore olandese Transavia del gruppo Air France KLM<\/em> \u2013 ha dichiarato il Presidente di Aeroporti di Puglia, <strong>Tiziano Onesti<\/strong> \u2013. <em>Oltre a facilitare l\u2019incoming da un mercato turistico in forte espansione, il collegamento riveste una particolare importanza perch\u00e9 collega la Puglia e tutta l&#8217;area del sud est del nostro Paese a una citt\u00e0 che \u00e8 sede del pi\u00f9 importante porto europeo. Si perfeziona, cos\u00ec, un rete di destinazioni e un panel di vettori che rappresentano le condizioni ideali per soddisfare la crescente domanda di trasporto, anche di quella  riferita a diversi segmenti di traffico\u201d<\/em>.<\/p>\n","protected":false},"excerpt":{"rendered":"<p>Attivo da sabato il nuovo volo Transavia Brindisi-Rotterdam. Il collegamento, che avr\u00e0 frequenza bisettimanale &#8211; mercoled\u00ec e sabato &#8211; \u00e8<\/p>\n","protected":false},"author":1,"featured_media":3405,"comment_status":"closed","ping_status":"open","sticky":false,"template":"","format":"standard","meta":{"colormag_page_container_layout":"default_layout","colormag_page_sidebar_layout":"default_layout","footnotes":""},"categories":[32,3],"tags":[458,960,790,2192,652,459,207],"class_list":["post-3404","post","type-post","status-publish","format-standard","has-post-thumbnail","hentry","category-prima-pagina","category-industria","tag-aeroporti-di-puglia","tag-aeroporto-di-brindisi","tag-air-france-klm","tag-claudia-metz","tag-low-cost","tag-tiziano-onesti","tag-transavia"],"yoast_head":"<!-- This site is optimized with the Yoast SEO plugin v26.8 - https:\/\/yoast.com\/product\/yoast-seo-wordpress\/ -->\n<title>TRANSAVIA: NUOVO VOLO BRINDISI-ROTTERDAM &#187; Spazio-News Magazine<\/title>\n<meta name=\"description\" content=\"Attivo dal 23 febbraio il nuovo volo Transavia Brindisi-Rotterdam, che ha una frequenza di due volte a settimana\" \/>\n<meta name=\"robots\" content=\"index, follow, max-snippet:-1, max-image-preview:large, max-video-preview:-1\" \/>\n<link rel=\"canonical\" href=\"http:\/\/spazio-news.it\/?p=3404\" \/>\n<meta property=\"og:locale\" content=\"it_IT\" \/>\n<meta property=\"og:type\" content=\"article\" \/>\n<meta property=\"og:title\" content=\"TRANSAVIA: NUOVO VOLO BRINDISI-ROTTERDAM &#187; Spazio-News Magazine\" \/>\n<meta property=\"og:description\" content=\"Attivo dal 23 febbraio il nuovo volo Transavia Brindisi-Rotterdam, che ha una frequenza di due volte a settimana\" \/>\n<meta property=\"og:url\" content=\"http:\/\/spazio-news.it\/?p=3404\" \/>\n<meta property=\"og:site_name\" content=\"Spazio-News Magazine\" \/>\n<meta property=\"article:publisher\" content=\"https:\/\/m.facebook.com\/spazio-news-magazine\" \/>\n<meta property=\"article:author\" content=\"@SpazioNewsMagazine\" \/>\n<meta property=\"article:published_time\" content=\"2019-02-26T10:33:20+00:00\" \/>\n<meta property=\"article:modified_time\" content=\"2026-01-29T18:49:10+00:00\" \/>\n<meta property=\"og:image\" content=\"http:\/\/spazio-news.it\/wp-content\/uploads\/2019\/02\/Aereo_Transavia_spazio-news-e1551016075440.jpg\" \/>\n\t<meta property=\"og:image:width\" content=\"800\" \/>\n\t<meta property=\"og:image:height\" content=\"446\" \/>\n\t<meta property=\"og:image:type\" content=\"image\/jpeg\" \/>\n<meta name=\"author\" content=\"Redazione\" \/>\n<meta name=\"twitter:card\" content=\"summary_large_image\" \/>\n<meta name=\"twitter:creator\" content=\"@news_spazio\" \/>\n<meta name=\"twitter:site\" content=\"@News_spazio\" \/>\n<meta name=\"twitter:label1\" content=\"Scritto da\" \/>\n\t<meta name=\"twitter:data1\" content=\"Redazione\" \/>\n\t<meta name=\"twitter:label2\" content=\"Tempo di lettura stimato\" \/>\n\t<meta name=\"twitter:data2\" content=\"1 minuto\" \/>\n<script type=\"application\/ld+json\" class=\"yoast-schema-graph\">{\"@context\":\"https:\/\/schema.org\",\"@graph\":[{\"@type\":\"NewsArticle\",\"@id\":\"http:\/\/spazio-news.it\/?p=3404#article\",\"isPartOf\":{\"@id\":\"http:\/\/spazio-news.it\/?p=3404\"},\"author\":{\"name\":\"Redazione\",\"@id\":\"http:\/\/spazio-news.it\/#\/schema\/person\/c600904e882e9e166ed8e5e3773d37b3\"},\"headline\":\"TRANSAVIA: NUOVO VOLO BRINDISI-ROTTERDAM\",\"datePublished\":\"2019-02-26T10:33:20+00:00\",\"dateModified\":\"2026-01-29T18:49:10+00:00\",\"mainEntityOfPage\":{\"@id\":\"http:\/\/spazio-news.it\/?p=3404\"},\"wordCount\":299,\"publisher\":{\"@id\":\"http:\/\/spazio-news.it\/#organization\"},\"image\":{\"@id\":\"http:\/\/spazio-news.it\/?p=3404#primaryimage\"},\"thumbnailUrl\":\"http:\/\/spazio-news.it\/wp-content\/uploads\/2019\/02\/Aereo_Transavia_spazio-news-e1551016075440.jpg\",\"keywords\":[\"Aeroporti di Puglia\",\"Aeroporto di Brindisi\",\"Air France-KLM\",\"Claudia Metz\",\"Low cost\",\"Tiziano Onesti\",\"Transavia\"],\"articleSection\":[\"01 - PRIMA PAGINA\",\"02 - INDUSTRIA\"],\"inLanguage\":\"it-IT\"},{\"@type\":\"WebPage\",\"@id\":\"http:\/\/spazio-news.it\/?p=3404\",\"url\":\"http:\/\/spazio-news.it\/?p=3404\",\"name\":\"TRANSAVIA: NUOVO VOLO BRINDISI-ROTTERDAM &#187; Spazio-News Magazine\",\"isPartOf\":{\"@id\":\"http:\/\/spazio-news.it\/#website\"},\"primaryImageOfPage\":{\"@id\":\"http:\/\/spazio-news.it\/?p=3404#primaryimage\"},\"image\":{\"@id\":\"http:\/\/spazio-news.it\/?p=3404#primaryimage\"},\"thumbnailUrl\":\"http:\/\/spazio-news.it\/wp-content\/uploads\/2019\/02\/Aereo_Transavia_spazio-news-e1551016075440.jpg\",\"datePublished\":\"2019-02-26T10:33:20+00:00\",\"dateModified\":\"2026-01-29T18:49:10+00:00\",\"description\":\"Attivo dal 23 febbraio il nuovo volo Transavia Brindisi-Rotterdam, che ha una frequenza di due volte a settimana\",\"breadcrumb\":{\"@id\":\"http:\/\/spazio-news.it\/?p=3404#breadcrumb\"},\"inLanguage\":\"it-IT\",\"potentialAction\":[{\"@type\":\"ReadAction\",\"target\":[\"http:\/\/spazio-news.it\/?p=3404\"]}]},{\"@type\":\"ImageObject\",\"inLanguage\":\"it-IT\",\"@id\":\"http:\/\/spazio-news.it\/?p=3404#primaryimage\",\"url\":\"http:\/\/spazio-news.it\/wp-content\/uploads\/2019\/02\/Aereo_Transavia_spazio-news-e1551016075440.jpg\",\"contentUrl\":\"http:\/\/spazio-news.it\/wp-content\/uploads\/2019\/02\/Aereo_Transavia_spazio-news-e1551016075440.jpg\",\"width\":800,\"height\":446,\"caption\":\"Transavia TAV-YT196 737-800 Delivery Ribbon Cutting and Flyaway\"},{\"@type\":\"BreadcrumbList\",\"@id\":\"http:\/\/spazio-news.it\/?p=3404#breadcrumb\",\"itemListElement\":[{\"@type\":\"ListItem\",\"position\":1,\"name\":\"Home\",\"item\":\"http:\/\/spazio-news.it\/\"},{\"@type\":\"ListItem\",\"position\":2,\"name\":\"TRANSAVIA: NUOVO VOLO BRINDISI-ROTTERDAM\"}]},{\"@type\":\"WebSite\",\"@id\":\"http:\/\/spazio-news.it\/#website\",\"url\":\"http:\/\/spazio-news.it\/\",\"name\":\"Spazio-News Magazine\",\"description\":\"La guida che sfida la complessit\u00e0 del mondo industriale\",\"publisher\":{\"@id\":\"http:\/\/spazio-news.it\/#organization\"},\"alternateName\":\"Spazio-news.it\",\"potentialAction\":[{\"@type\":\"SearchAction\",\"target\":{\"@type\":\"EntryPoint\",\"urlTemplate\":\"http:\/\/spazio-news.it\/?s={search_term_string}\"},\"query-input\":{\"@type\":\"PropertyValueSpecification\",\"valueRequired\":true,\"valueName\":\"search_term_string\"}}],\"inLanguage\":\"it-IT\"},{\"@type\":\"Organization\",\"@id\":\"http:\/\/spazio-news.it\/#organization\",\"name\":\"Spazio-News Magazine\",\"url\":\"http:\/\/spazio-news.it\/\",\"logo\":{\"@type\":\"ImageObject\",\"inLanguage\":\"it-IT\",\"@id\":\"http:\/\/spazio-news.it\/#\/schema\/logo\/image\/\",\"url\":\"http:\/\/spazio-news.it\/wp-content\/uploads\/2023\/09\/Logo-Spazio-News-512-x-512-NO-testo.jpg\",\"contentUrl\":\"http:\/\/spazio-news.it\/wp-content\/uploads\/2023\/09\/Logo-Spazio-News-512-x-512-NO-testo.jpg\",\"width\":512,\"height\":512,\"caption\":\"Spazio-News Magazine\"},\"image\":{\"@id\":\"http:\/\/spazio-news.it\/#\/schema\/logo\/image\/\"},\"sameAs\":[\"https:\/\/m.facebook.com\/spazio-news-magazine\",\"https:\/\/x.com\/News_spazio\"]},{\"@type\":\"Person\",\"@id\":\"http:\/\/spazio-news.it\/#\/schema\/person\/c600904e882e9e166ed8e5e3773d37b3\",\"name\":\"Redazione\",\"sameAs\":[\"http:\/\/spazio-news.it\",\"@SpazioNewsMagazine\",\"https:\/\/x.com\/@news_spazio\"],\"url\":\"http:\/\/spazio-news.it\/?author=1\"}]}<\/script>\n<!-- \/ Yoast SEO plugin. -->","yoast_head_json":{"title":"TRANSAVIA: NUOVO VOLO BRINDISI-ROTTERDAM &#187; Spazio-News Magazine","description":"Attivo dal 23 febbraio il nuovo volo Transavia Brindisi-Rotterdam, che ha una frequenza di due volte a settimana","robots":{"index":"index","follow":"follow","max-snippet":"max-snippet:-1","max-image-preview":"max-image-preview:large","max-video-preview":"max-video-preview:-1"},"canonical":"http:\/\/spazio-news.it\/?p=3404","og_locale":"it_IT","og_type":"article","og_title":"TRANSAVIA: NUOVO VOLO BRINDISI-ROTTERDAM &#187; Spazio-News Magazine","og_description":"Attivo dal 23 febbraio il nuovo volo Transavia Brindisi-Rotterdam, che ha una frequenza di due volte a settimana","og_url":"http:\/\/spazio-news.it\/?p=3404","og_site_name":"Spazio-News Magazine","article_publisher":"https:\/\/m.facebook.com\/spazio-news-magazine","article_author":"@SpazioNewsMagazine","article_published_time":"2019-02-26T10:33:20+00:00","article_modified_time":"2026-01-29T18:49:10+00:00","og_image":[{"width":800,"height":446,"url":"http:\/\/spazio-news.it\/wp-content\/uploads\/2019\/02\/Aereo_Transavia_spazio-news-e1551016075440.jpg","type":"image\/jpeg"}],"author":"Redazione","twitter_card":"summary_large_image","twitter_creator":"@news_spazio","twitter_site":"@News_spazio","twitter_misc":{"Scritto da":"Redazione","Tempo di lettura stimato":"1 minuto"},"schema":{"@context":"https:\/\/schema.org","@graph":[{"@type":"NewsArticle","@id":"http:\/\/spazio-news.it\/?p=3404#article","isPartOf":{"@id":"http:\/\/spazio-news.it\/?p=3404"},"author":{"name":"Redazione","@id":"http:\/\/spazio-news.it\/#\/schema\/person\/c600904e882e9e166ed8e5e3773d37b3"},"headline":"TRANSAVIA: NUOVO VOLO BRINDISI-ROTTERDAM","datePublished":"2019-02-26T10:33:20+00:00","dateModified":"2026-01-29T18:49:10+00:00","mainEntityOfPage":{"@id":"http:\/\/spazio-news.it\/?p=3404"},"wordCount":299,"publisher":{"@id":"http:\/\/spazio-news.it\/#organization"},"image":{"@id":"http:\/\/spazio-news.it\/?p=3404#primaryimage"},"thumbnailUrl":"http:\/\/spazio-news.it\/wp-content\/uploads\/2019\/02\/Aereo_Transavia_spazio-news-e1551016075440.jpg","keywords":["Aeroporti di Puglia","Aeroporto di Brindisi","Air France-KLM","Claudia Metz","Low cost","Tiziano Onesti","Transavia"],"articleSection":["01 - PRIMA PAGINA","02 - INDUSTRIA"],"inLanguage":"it-IT"},{"@type":"WebPage","@id":"http:\/\/spazio-news.it\/?p=3404","url":"http:\/\/spazio-news.it\/?p=3404","name":"TRANSAVIA: NUOVO VOLO BRINDISI-ROTTERDAM &#187; Spazio-News Magazine","isPartOf":{"@id":"http:\/\/spazio-news.it\/#website"},"primaryImageOfPage":{"@id":"http:\/\/spazio-news.it\/?p=3404#primaryimage"},"image":{"@id":"http:\/\/spazio-news.it\/?p=3404#primaryimage"},"thumbnailUrl":"http:\/\/spazio-news.it\/wp-content\/uploads\/2019\/02\/Aereo_Transavia_spazio-news-e1551016075440.jpg","datePublished":"2019-02-26T10:33:20+00:00","dateModified":"2026-01-29T18:49:10+00:00","description":"Attivo dal 23 febbraio il nuovo volo Transavia Brindisi-Rotterdam, che ha una frequenza di due volte a settimana","breadcrumb":{"@id":"http:\/\/spazio-news.it\/?p=3404#breadcrumb"},"inLanguage":"it-IT","potentialAction":[{"@type":"ReadAction","target":["http:\/\/spazio-news.it\/?p=3404"]}]},{"@type":"ImageObject","inLanguage":"it-IT","@id":"http:\/\/spazio-news.it\/?p=3404#primaryimage","url":"http:\/\/spazio-news.it\/wp-content\/uploads\/2019\/02\/Aereo_Transavia_spazio-news-e1551016075440.jpg","contentUrl":"http:\/\/spazio-news.it\/wp-content\/uploads\/2019\/02\/Aereo_Transavia_spazio-news-e1551016075440.jpg","width":800,"height":446,"caption":"Transavia TAV-YT196 737-800 Delivery Ribbon Cutting and Flyaway"},{"@type":"BreadcrumbList","@id":"http:\/\/spazio-news.it\/?p=3404#breadcrumb","itemListElement":[{"@type":"ListItem","position":1,"name":"Home","item":"http:\/\/spazio-news.it\/"},{"@type":"ListItem","position":2,"name":"TRANSAVIA: NUOVO VOLO BRINDISI-ROTTERDAM"}]},{"@type":"WebSite","@id":"http:\/\/spazio-news.it\/#website","url":"http:\/\/spazio-news.it\/","name":"Spazio-News Magazine","description":"La guida che sfida la complessit\u00e0 del mondo industriale","publisher":{"@id":"http:\/\/spazio-news.it\/#organization"},"alternateName":"Spazio-news.it","potentialAction":[{"@type":"SearchAction","target":{"@type":"EntryPoint","urlTemplate":"http:\/\/spazio-news.it\/?s={search_term_string}"},"query-input":{"@type":"PropertyValueSpecification","valueRequired":true,"valueName":"search_term_string"}}],"inLanguage":"it-IT"},{"@type":"Organization","@id":"http:\/\/spazio-news.it\/#organization","name":"Spazio-News Magazine","url":"http:\/\/spazio-news.it\/","logo":{"@type":"ImageObject","inLanguage":"it-IT","@id":"http:\/\/spazio-news.it\/#\/schema\/logo\/image\/","url":"http:\/\/spazio-news.it\/wp-content\/uploads\/2023\/09\/Logo-Spazio-News-512-x-512-NO-testo.jpg","contentUrl":"http:\/\/spazio-news.it\/wp-content\/uploads\/2023\/09\/Logo-Spazio-News-512-x-512-NO-testo.jpg","width":512,"height":512,"caption":"Spazio-News Magazine"},"image":{"@id":"http:\/\/spazio-news.it\/#\/schema\/logo\/image\/"},"sameAs":["https:\/\/m.facebook.com\/spazio-news-magazine","https:\/\/x.com\/News_spazio"]},{"@type":"Person","@id":"http:\/\/spazio-news.it\/#\/schema\/person\/c600904e882e9e166ed8e5e3773d37b3","name":"Redazione","sameAs":["http:\/\/spazio-news.it","@SpazioNewsMagazine","https:\/\/x.com\/@news_spazio"],"url":"http:\/\/spazio-news.it\/?author=1"}]}},"_links":{"self":[{"href":"http:\/\/spazio-news.it\/index.php?rest_route=\/wp\/v2\/posts\/3404","targetHints":{"allow":["GET"]}}],"collection":[{"href":"http:\/\/spazio-news.it\/index.php?rest_route=\/wp\/v2\/posts"}],"about":[{"href":"http:\/\/spazio-news.it\/index.php?rest_route=\/wp\/v2\/types\/post"}],"author":[{"embeddable":true,"href":"http:\/\/spazio-news.it\/index.php?rest_route=\/wp\/v2\/users\/1"}],"replies":[{"embeddable":true,"href":"http:\/\/spazio-news.it\/index.php?rest_route=%2Fwp%2Fv2%2Fcomments&post=3404"}],"version-history":[{"count":2,"href":"http:\/\/spazio-news.it\/index.php?rest_route=\/wp\/v2\/posts\/3404\/revisions"}],"predecessor-version":[{"id":12755,"href":"http:\/\/spazio-news.it\/index.php?rest_route=\/wp\/v2\/posts\/3404\/revisions\/12755"}],"wp:featuredmedia":[{"embeddable":true,"href":"http:\/\/spazio-news.it\/index.php?rest_route=\/wp\/v2\/media\/3405"}],"wp:attachment":[{"href":"http:\/\/spazio-news.it\/index.php?rest_route=%2Fwp%2Fv2%2Fmedia&parent=3404"}],"wp:term":[{"taxonomy":"category","embeddable":true,"href":"http:\/\/spazio-news.it\/index.php?rest_route=%2Fwp%2Fv2%2Fcategories&post=3404"},{"taxonomy":"post_tag","embeddable":true,"href":"http:\/\/spazio-news.it\/index.php?rest_route=%2Fwp%2Fv2%2Ftags&post=3404"}],"curies":[{"name":"wp","href":"https:\/\/api.w.org\/{rel}","templated":true}]}}