{"id":3461,"date":"2019-02-27T10:11:00","date_gmt":"2019-02-27T09:11:00","guid":{"rendered":"http:\/\/spazio-news.it\/?p=3461"},"modified":"2026-01-29T19:51:07","modified_gmt":"2026-01-29T18:51:07","slug":"air-dolomiti-piu-voli-per-la-germania-in-estate","status":"publish","type":"post","link":"http:\/\/spazio-news.it\/?p=3461","title":{"rendered":"AIR DOLOMITI: PI\u00d9 VOLI PER LA GERMANIA IN ESTATE"},"content":{"rendered":"\n<p>A partire dal 31 marzo, con l\u2019entrata in vigore dell\u2019operativo estivo, <a href=\"https:\/\/www.airdolomiti.it\/\">Air Dolomiti<\/a> intensificher\u00e0 i collegamenti dall\u2019Italia per Monaco di Baviera e Francoforte. <br> Il volo <strong>Torino-Monaco di Baviera<\/strong> avr\u00e0 cinque frequenze al giorno dal luned\u00ec al venerd\u00ec e tre al giorno il sabato e la domenica per un totale di 31 settimanali; il volo <strong>Torino-Francoforte<\/strong> sar\u00e0 operato quattro volte al giorno per un totale di 28 frequenze settimanali; il volo <strong>Pisa-Monaco di Baviera<\/strong> avr\u00e0 due frequenze al giorno per un totale di 14 settimanali<\/p>\n\n\n\n<p>I nuovi voli andranno ad aggiungersi a quelli gi\u00e0 attivi da Verona, Venezia, Firenze, Bologna e Bari per Monaco (e da Verona per Francoforte) con frequenze plurigiornaliere. <\/p>\n\n\n\n<p>Si rafforza inoltre la collaborazione tra Air Dolomiti e Lufthansa con i voli: <strong>Malpensa-Monaco di Baviera<\/strong>, che avr\u00e0 12 frequenze settimanali (due voli al giorno dal luned\u00ec al venerd\u00ec e un volo al giorno il sabato e la domenica); <strong>Firenze-Francoforte<\/strong>, con 21 frequenze settimanali (tre voli al giorno); <strong>Monaco di Baviera-Graz<\/strong>, con 12 frequenze settimanali (due voli al giorno dal luned\u00ec al venerd\u00ec, e un volo al giorno il sabato e la domenica); <strong>Francoforte-Linz<\/strong>, con 7 frequenze settimanali (un volo al giorno).<br><br><em>\u201cCon l\u2019operativo estivo rafforziamo la presenza sul territorio italiano e proseguiamo il nostro piano di crescita iniziato l\u2019anno precedente. Stiamo attualmente selezionando personale e la nostra flotta si sta progressivamente ampliando: ora operiamo con 13 macchine<\/em> \u2013 ha dichiarato <strong>Joerg Eberhart<\/strong>, Presidente e Ceo di Air Dolomiti \u2013. <em>Lo sviluppo di Air Dolomiti \u00e8 un ulteriore segnale positivo che conferma la validit\u00e0 del lavoro svolto finora e gli obiettivi raggiunti.<\/em>\u201d<\/p>\n\n\n\n<p>Dalla prossima stagione estiva, inoltre, Air Dolomiti collegher\u00e0 gli aeroporti di Genova e Trieste con Monaco e una volta la settimana Ancona, Cagliari, Catania, Palermo sempre sullo scalo bavarese. Per conto di Lufthansa, la compagnia operer\u00e0 da Monaco anche su importanti destinazioni europee come Birmingham, Bilbao, Bruxelles, Cluj, Copenhagen, G\u00f6teborg, Nizza, Marsiglia, Lussemburgo, Praga, Tolosa, Lione. <\/p>\n","protected":false},"excerpt":{"rendered":"<p>A partire dal 31 marzo, con l\u2019entrata in vigore dell\u2019operativo estivo, Air Dolomiti intensificher\u00e0 i collegamenti dall\u2019Italia per Monaco di<\/p>\n","protected":false},"author":1,"featured_media":3462,"comment_status":"closed","ping_status":"open","sticky":false,"template":"","format":"standard","meta":{"colormag_page_container_layout":"default_layout","colormag_page_sidebar_layout":"default_layout","footnotes":""},"categories":[32,3],"tags":[321,1119,2211,789],"class_list":["post-3461","post","type-post","status-publish","format-standard","has-post-thumbnail","hentry","category-prima-pagina","category-industria","tag-air-dolomiti","tag-gruppo-lufthansa","tag-joerg-eberhart","tag-summer-schedule-19"],"yoast_head":"<!-- This site is optimized with the Yoast SEO plugin v26.8 - https:\/\/yoast.com\/product\/yoast-seo-wordpress\/ -->\n<title>AIR DOLOMITI: PI\u00d9 VOLI PER LA GERMANIA IN ESTATE &#187; Spazio-News Magazine<\/title>\n<meta name=\"description\" content=\"Nella stagione estiva Air Dolomiti intensificher\u00e0 le frequenze dei voli da Torino a Francoforte e Monaco di Baviera e da Pisa a Monaco\" \/>\n<meta name=\"robots\" content=\"index, follow, max-snippet:-1, max-image-preview:large, max-video-preview:-1\" \/>\n<link rel=\"canonical\" href=\"http:\/\/spazio-news.it\/?p=3461\" \/>\n<meta property=\"og:locale\" content=\"it_IT\" \/>\n<meta property=\"og:type\" content=\"article\" \/>\n<meta property=\"og:title\" content=\"AIR DOLOMITI: PI\u00d9 VOLI PER LA GERMANIA IN ESTATE &#187; Spazio-News Magazine\" \/>\n<meta property=\"og:description\" content=\"Nella stagione estiva Air Dolomiti intensificher\u00e0 le frequenze dei voli da Torino a Francoforte e Monaco di Baviera e da Pisa a Monaco\" \/>\n<meta property=\"og:url\" content=\"http:\/\/spazio-news.it\/?p=3461\" \/>\n<meta property=\"og:site_name\" content=\"Spazio-News Magazine\" \/>\n<meta property=\"article:publisher\" content=\"https:\/\/m.facebook.com\/spazio-news-magazine\" \/>\n<meta property=\"article:author\" content=\"@SpazioNewsMagazine\" \/>\n<meta property=\"article:published_time\" content=\"2019-02-27T09:11:00+00:00\" \/>\n<meta property=\"article:modified_time\" content=\"2026-01-29T18:51:07+00:00\" \/>\n<meta property=\"og:image\" content=\"http:\/\/spazio-news.it\/wp-content\/uploads\/2019\/02\/AirDolomiti_spazio-news.jpg\" \/>\n\t<meta property=\"og:image:width\" content=\"800\" \/>\n\t<meta property=\"og:image:height\" content=\"498\" \/>\n\t<meta property=\"og:image:type\" content=\"image\/jpeg\" \/>\n<meta name=\"author\" content=\"Redazione\" \/>\n<meta name=\"twitter:card\" content=\"summary_large_image\" \/>\n<meta name=\"twitter:creator\" content=\"@news_spazio\" \/>\n<meta name=\"twitter:site\" content=\"@News_spazio\" \/>\n<meta name=\"twitter:label1\" content=\"Scritto da\" \/>\n\t<meta name=\"twitter:data1\" content=\"Redazione\" \/>\n\t<meta name=\"twitter:label2\" content=\"Tempo di lettura stimato\" \/>\n\t<meta name=\"twitter:data2\" content=\"2 minuti\" \/>\n<script type=\"application\/ld+json\" class=\"yoast-schema-graph\">{\"@context\":\"https:\/\/schema.org\",\"@graph\":[{\"@type\":\"NewsArticle\",\"@id\":\"http:\/\/spazio-news.it\/?p=3461#article\",\"isPartOf\":{\"@id\":\"http:\/\/spazio-news.it\/?p=3461\"},\"author\":{\"name\":\"Redazione\",\"@id\":\"http:\/\/spazio-news.it\/#\/schema\/person\/c600904e882e9e166ed8e5e3773d37b3\"},\"headline\":\"AIR DOLOMITI: PI\u00d9 VOLI PER LA GERMANIA IN ESTATE\",\"datePublished\":\"2019-02-27T09:11:00+00:00\",\"dateModified\":\"2026-01-29T18:51:07+00:00\",\"mainEntityOfPage\":{\"@id\":\"http:\/\/spazio-news.it\/?p=3461\"},\"wordCount\":322,\"publisher\":{\"@id\":\"http:\/\/spazio-news.it\/#organization\"},\"image\":{\"@id\":\"http:\/\/spazio-news.it\/?p=3461#primaryimage\"},\"thumbnailUrl\":\"http:\/\/spazio-news.it\/wp-content\/uploads\/2019\/02\/AirDolomiti_spazio-news.jpg\",\"keywords\":[\"Air dolomiti\",\"Gruppo Lufthansa\",\"Joerg Eberhart\",\"Summer schedule 19\"],\"articleSection\":[\"01 - PRIMA PAGINA\",\"02 - INDUSTRIA\"],\"inLanguage\":\"it-IT\"},{\"@type\":\"WebPage\",\"@id\":\"http:\/\/spazio-news.it\/?p=3461\",\"url\":\"http:\/\/spazio-news.it\/?p=3461\",\"name\":\"AIR DOLOMITI: PI\u00d9 VOLI PER LA GERMANIA IN ESTATE &#187; Spazio-News Magazine\",\"isPartOf\":{\"@id\":\"http:\/\/spazio-news.it\/#website\"},\"primaryImageOfPage\":{\"@id\":\"http:\/\/spazio-news.it\/?p=3461#primaryimage\"},\"image\":{\"@id\":\"http:\/\/spazio-news.it\/?p=3461#primaryimage\"},\"thumbnailUrl\":\"http:\/\/spazio-news.it\/wp-content\/uploads\/2019\/02\/AirDolomiti_spazio-news.jpg\",\"datePublished\":\"2019-02-27T09:11:00+00:00\",\"dateModified\":\"2026-01-29T18:51:07+00:00\",\"description\":\"Nella stagione estiva Air Dolomiti intensificher\u00e0 le frequenze dei voli da Torino a Francoforte e Monaco di Baviera e da Pisa a Monaco\",\"breadcrumb\":{\"@id\":\"http:\/\/spazio-news.it\/?p=3461#breadcrumb\"},\"inLanguage\":\"it-IT\",\"potentialAction\":[{\"@type\":\"ReadAction\",\"target\":[\"http:\/\/spazio-news.it\/?p=3461\"]}]},{\"@type\":\"ImageObject\",\"inLanguage\":\"it-IT\",\"@id\":\"http:\/\/spazio-news.it\/?p=3461#primaryimage\",\"url\":\"http:\/\/spazio-news.it\/wp-content\/uploads\/2019\/02\/AirDolomiti_spazio-news.jpg\",\"contentUrl\":\"http:\/\/spazio-news.it\/wp-content\/uploads\/2019\/02\/AirDolomiti_spazio-news.jpg\",\"width\":800,\"height\":498,\"caption\":\"AirDolomiti_spazio-news\"},{\"@type\":\"BreadcrumbList\",\"@id\":\"http:\/\/spazio-news.it\/?p=3461#breadcrumb\",\"itemListElement\":[{\"@type\":\"ListItem\",\"position\":1,\"name\":\"Home\",\"item\":\"http:\/\/spazio-news.it\/\"},{\"@type\":\"ListItem\",\"position\":2,\"name\":\"AIR DOLOMITI: PI\u00d9 VOLI PER LA GERMANIA IN ESTATE\"}]},{\"@type\":\"WebSite\",\"@id\":\"http:\/\/spazio-news.it\/#website\",\"url\":\"http:\/\/spazio-news.it\/\",\"name\":\"Spazio-News Magazine\",\"description\":\"La guida che sfida la complessit\u00e0 del mondo industriale\",\"publisher\":{\"@id\":\"http:\/\/spazio-news.it\/#organization\"},\"alternateName\":\"Spazio-news.it\",\"potentialAction\":[{\"@type\":\"SearchAction\",\"target\":{\"@type\":\"EntryPoint\",\"urlTemplate\":\"http:\/\/spazio-news.it\/?s={search_term_string}\"},\"query-input\":{\"@type\":\"PropertyValueSpecification\",\"valueRequired\":true,\"valueName\":\"search_term_string\"}}],\"inLanguage\":\"it-IT\"},{\"@type\":\"Organization\",\"@id\":\"http:\/\/spazio-news.it\/#organization\",\"name\":\"Spazio-News Magazine\",\"url\":\"http:\/\/spazio-news.it\/\",\"logo\":{\"@type\":\"ImageObject\",\"inLanguage\":\"it-IT\",\"@id\":\"http:\/\/spazio-news.it\/#\/schema\/logo\/image\/\",\"url\":\"http:\/\/spazio-news.it\/wp-content\/uploads\/2023\/09\/Logo-Spazio-News-512-x-512-NO-testo.jpg\",\"contentUrl\":\"http:\/\/spazio-news.it\/wp-content\/uploads\/2023\/09\/Logo-Spazio-News-512-x-512-NO-testo.jpg\",\"width\":512,\"height\":512,\"caption\":\"Spazio-News Magazine\"},\"image\":{\"@id\":\"http:\/\/spazio-news.it\/#\/schema\/logo\/image\/\"},\"sameAs\":[\"https:\/\/m.facebook.com\/spazio-news-magazine\",\"https:\/\/x.com\/News_spazio\"]},{\"@type\":\"Person\",\"@id\":\"http:\/\/spazio-news.it\/#\/schema\/person\/c600904e882e9e166ed8e5e3773d37b3\",\"name\":\"Redazione\",\"sameAs\":[\"http:\/\/spazio-news.it\",\"@SpazioNewsMagazine\",\"https:\/\/x.com\/@news_spazio\"],\"url\":\"http:\/\/spazio-news.it\/?author=1\"}]}<\/script>\n<!-- \/ Yoast SEO plugin. -->","yoast_head_json":{"title":"AIR DOLOMITI: PI\u00d9 VOLI PER LA GERMANIA IN ESTATE &#187; Spazio-News Magazine","description":"Nella stagione estiva Air Dolomiti intensificher\u00e0 le frequenze dei voli da Torino a Francoforte e Monaco di Baviera e da Pisa a Monaco","robots":{"index":"index","follow":"follow","max-snippet":"max-snippet:-1","max-image-preview":"max-image-preview:large","max-video-preview":"max-video-preview:-1"},"canonical":"http:\/\/spazio-news.it\/?p=3461","og_locale":"it_IT","og_type":"article","og_title":"AIR DOLOMITI: PI\u00d9 VOLI PER LA GERMANIA IN ESTATE &#187; Spazio-News Magazine","og_description":"Nella stagione estiva Air Dolomiti intensificher\u00e0 le frequenze dei voli da Torino a Francoforte e Monaco di Baviera e da Pisa a Monaco","og_url":"http:\/\/spazio-news.it\/?p=3461","og_site_name":"Spazio-News Magazine","article_publisher":"https:\/\/m.facebook.com\/spazio-news-magazine","article_author":"@SpazioNewsMagazine","article_published_time":"2019-02-27T09:11:00+00:00","article_modified_time":"2026-01-29T18:51:07+00:00","og_image":[{"width":800,"height":498,"url":"http:\/\/spazio-news.it\/wp-content\/uploads\/2019\/02\/AirDolomiti_spazio-news.jpg","type":"image\/jpeg"}],"author":"Redazione","twitter_card":"summary_large_image","twitter_creator":"@news_spazio","twitter_site":"@News_spazio","twitter_misc":{"Scritto da":"Redazione","Tempo di lettura stimato":"2 minuti"},"schema":{"@context":"https:\/\/schema.org","@graph":[{"@type":"NewsArticle","@id":"http:\/\/spazio-news.it\/?p=3461#article","isPartOf":{"@id":"http:\/\/spazio-news.it\/?p=3461"},"author":{"name":"Redazione","@id":"http:\/\/spazio-news.it\/#\/schema\/person\/c600904e882e9e166ed8e5e3773d37b3"},"headline":"AIR DOLOMITI: PI\u00d9 VOLI PER LA GERMANIA IN ESTATE","datePublished":"2019-02-27T09:11:00+00:00","dateModified":"2026-01-29T18:51:07+00:00","mainEntityOfPage":{"@id":"http:\/\/spazio-news.it\/?p=3461"},"wordCount":322,"publisher":{"@id":"http:\/\/spazio-news.it\/#organization"},"image":{"@id":"http:\/\/spazio-news.it\/?p=3461#primaryimage"},"thumbnailUrl":"http:\/\/spazio-news.it\/wp-content\/uploads\/2019\/02\/AirDolomiti_spazio-news.jpg","keywords":["Air dolomiti","Gruppo Lufthansa","Joerg Eberhart","Summer schedule 19"],"articleSection":["01 - PRIMA PAGINA","02 - INDUSTRIA"],"inLanguage":"it-IT"},{"@type":"WebPage","@id":"http:\/\/spazio-news.it\/?p=3461","url":"http:\/\/spazio-news.it\/?p=3461","name":"AIR DOLOMITI: PI\u00d9 VOLI PER LA GERMANIA IN ESTATE &#187; Spazio-News Magazine","isPartOf":{"@id":"http:\/\/spazio-news.it\/#website"},"primaryImageOfPage":{"@id":"http:\/\/spazio-news.it\/?p=3461#primaryimage"},"image":{"@id":"http:\/\/spazio-news.it\/?p=3461#primaryimage"},"thumbnailUrl":"http:\/\/spazio-news.it\/wp-content\/uploads\/2019\/02\/AirDolomiti_spazio-news.jpg","datePublished":"2019-02-27T09:11:00+00:00","dateModified":"2026-01-29T18:51:07+00:00","description":"Nella stagione estiva Air Dolomiti intensificher\u00e0 le frequenze dei voli da Torino a Francoforte e Monaco di Baviera e da Pisa a Monaco","breadcrumb":{"@id":"http:\/\/spazio-news.it\/?p=3461#breadcrumb"},"inLanguage":"it-IT","potentialAction":[{"@type":"ReadAction","target":["http:\/\/spazio-news.it\/?p=3461"]}]},{"@type":"ImageObject","inLanguage":"it-IT","@id":"http:\/\/spazio-news.it\/?p=3461#primaryimage","url":"http:\/\/spazio-news.it\/wp-content\/uploads\/2019\/02\/AirDolomiti_spazio-news.jpg","contentUrl":"http:\/\/spazio-news.it\/wp-content\/uploads\/2019\/02\/AirDolomiti_spazio-news.jpg","width":800,"height":498,"caption":"AirDolomiti_spazio-news"},{"@type":"BreadcrumbList","@id":"http:\/\/spazio-news.it\/?p=3461#breadcrumb","itemListElement":[{"@type":"ListItem","position":1,"name":"Home","item":"http:\/\/spazio-news.it\/"},{"@type":"ListItem","position":2,"name":"AIR DOLOMITI: PI\u00d9 VOLI PER LA GERMANIA IN ESTATE"}]},{"@type":"WebSite","@id":"http:\/\/spazio-news.it\/#website","url":"http:\/\/spazio-news.it\/","name":"Spazio-News Magazine","description":"La guida che sfida la complessit\u00e0 del mondo industriale","publisher":{"@id":"http:\/\/spazio-news.it\/#organization"},"alternateName":"Spazio-news.it","potentialAction":[{"@type":"SearchAction","target":{"@type":"EntryPoint","urlTemplate":"http:\/\/spazio-news.it\/?s={search_term_string}"},"query-input":{"@type":"PropertyValueSpecification","valueRequired":true,"valueName":"search_term_string"}}],"inLanguage":"it-IT"},{"@type":"Organization","@id":"http:\/\/spazio-news.it\/#organization","name":"Spazio-News Magazine","url":"http:\/\/spazio-news.it\/","logo":{"@type":"ImageObject","inLanguage":"it-IT","@id":"http:\/\/spazio-news.it\/#\/schema\/logo\/image\/","url":"http:\/\/spazio-news.it\/wp-content\/uploads\/2023\/09\/Logo-Spazio-News-512-x-512-NO-testo.jpg","contentUrl":"http:\/\/spazio-news.it\/wp-content\/uploads\/2023\/09\/Logo-Spazio-News-512-x-512-NO-testo.jpg","width":512,"height":512,"caption":"Spazio-News Magazine"},"image":{"@id":"http:\/\/spazio-news.it\/#\/schema\/logo\/image\/"},"sameAs":["https:\/\/m.facebook.com\/spazio-news-magazine","https:\/\/x.com\/News_spazio"]},{"@type":"Person","@id":"http:\/\/spazio-news.it\/#\/schema\/person\/c600904e882e9e166ed8e5e3773d37b3","name":"Redazione","sameAs":["http:\/\/spazio-news.it","@SpazioNewsMagazine","https:\/\/x.com\/@news_spazio"],"url":"http:\/\/spazio-news.it\/?author=1"}]}},"_links":{"self":[{"href":"http:\/\/spazio-news.it\/index.php?rest_route=\/wp\/v2\/posts\/3461","targetHints":{"allow":["GET"]}}],"collection":[{"href":"http:\/\/spazio-news.it\/index.php?rest_route=\/wp\/v2\/posts"}],"about":[{"href":"http:\/\/spazio-news.it\/index.php?rest_route=\/wp\/v2\/types\/post"}],"author":[{"embeddable":true,"href":"http:\/\/spazio-news.it\/index.php?rest_route=\/wp\/v2\/users\/1"}],"replies":[{"embeddable":true,"href":"http:\/\/spazio-news.it\/index.php?rest_route=%2Fwp%2Fv2%2Fcomments&post=3461"}],"version-history":[{"count":2,"href":"http:\/\/spazio-news.it\/index.php?rest_route=\/wp\/v2\/posts\/3461\/revisions"}],"predecessor-version":[{"id":12925,"href":"http:\/\/spazio-news.it\/index.php?rest_route=\/wp\/v2\/posts\/3461\/revisions\/12925"}],"wp:featuredmedia":[{"embeddable":true,"href":"http:\/\/spazio-news.it\/index.php?rest_route=\/wp\/v2\/media\/3462"}],"wp:attachment":[{"href":"http:\/\/spazio-news.it\/index.php?rest_route=%2Fwp%2Fv2%2Fmedia&parent=3461"}],"wp:term":[{"taxonomy":"category","embeddable":true,"href":"http:\/\/spazio-news.it\/index.php?rest_route=%2Fwp%2Fv2%2Fcategories&post=3461"},{"taxonomy":"post_tag","embeddable":true,"href":"http:\/\/spazio-news.it\/index.php?rest_route=%2Fwp%2Fv2%2Ftags&post=3461"}],"curies":[{"name":"wp","href":"https:\/\/api.w.org\/{rel}","templated":true}]}}