{"id":3527,"date":"2019-03-07T13:06:35","date_gmt":"2019-03-07T12:06:35","guid":{"rendered":"http:\/\/spazio-news.it\/?p=3527"},"modified":"2026-01-29T19:51:07","modified_gmt":"2026-01-29T18:51:07","slug":"lufthansa-cargo-aumento-di-capacita-e-frequenze","status":"publish","type":"post","link":"http:\/\/spazio-news.it\/?p=3527","title":{"rendered":"LUFTHANSA CARGO: AUMENTO DI CAPACIT\u00c1 E FREQUENZE"},"content":{"rendered":"\n<p>Dal prossimo 31 marzo, con l\u2019entrata in vigore dell\u2019operativo estivo, i voli Lufthansa cargo saranno caratterizzati da un aumento di frequenze e di capacit\u00e0 pari al 10% su tutto il network, anche grazie all\u2019introduzione dei due nuovi <strong>Boeing 777F<\/strong> recentemente consegnati alla compagnia. <br><br>Maggiori frequenze saranno introdotte sulle rotte da e per l\u2019<strong>Asia<\/strong>: altri due voli a settimana saranno aggiunti sulla rotta da Francoforte a Tokyo Narita. In aggiunta il volo quotidiano operato con Boeing 777F e <strong>MD-11F<\/strong> collegher\u00e0 il mercoled\u00ec e venerd\u00ec il Giapoone con Francoforte via Novosibirsk, importante snodo per i trasporti in Siberia, offrendo una capacit\u00e0 ulteriore di 170 tonnellate. Il volo per Osaka passer\u00e0 da due a tre frequenze a settimana, operato con MD-11F. Sar\u00e0 operato un volo di sola andata da Francoforte anche verso Seoul Incheon, che porter\u00e0 il numero dei voli cargo verso la Corea del Sud a nove a settimana. Diventer\u00e0 quotidiana \u2013 invece di sei volte a settimana \u2013 la frequenza del volo per Hong Kong, operato con MD-11F, che offrir\u00e0 una capacit\u00e0 aggiuntiva di 85 tonnellate a settimana su questa rotta. Nuovi collegamenti verranno aperti anche verso l\u2019India, con sette voli ogni settimana verso Mumbai. Verr\u00e0 raddoppiata l\u2019offerta di voli da Francoforte per Chennai e verso Ho Chi Minh City, con due voli a settimana. <br><br>Aumento di capacit\u00e0 anche sulle rotte per il <strong>Nord America<\/strong>: in futuro, diventer\u00e0 giornaliero il volo per Atlanta, invece delle attuali sei frequenze settimanali, e a partire dall\u2019estate diventeranno dodici a settimana i voli per Chicago, invece degli attuali otto. <br><br>Previste, inoltre, novit\u00e0 sugli aeromobili utilizzati per servire l\u2019<strong>America centrale e meridionale<\/strong>, che faciliteranno nuovi voli diretti da e per l\u2019Europa, riducendo di diverse ore i tempi di volo. Un Boeing 777F sar\u00e0 utilizzato per i voli diretti verso Citt\u00e0 del Messico e sulla rotta Francoforte-Buenos Aires via Viracopos (Brasile) e Montevideo (Uruguay) e da Francoforte a Viracopos via Curitiba (Brasile) come sul volo diretto da Francoforte a Viracopos, con sosta a Dakar sulla rotta di ritorno.<\/p>\n","protected":false},"excerpt":{"rendered":"<p>Dal prossimo 31 marzo, con l\u2019entrata in vigore dell\u2019operativo estivo, i voli Lufthansa cargo saranno caratterizzati da un aumento di<\/p>\n","protected":false},"author":1,"featured_media":3528,"comment_status":"closed","ping_status":"open","sticky":false,"template":"","format":"standard","meta":{"colormag_page_container_layout":"default_layout","colormag_page_sidebar_layout":"default_layout","footnotes":""},"categories":[32,3],"tags":[1976,148,2269,862,2268,789],"class_list":["post-3527","post","type-post","status-publish","format-standard","has-post-thumbnail","hentry","category-prima-pagina","category-industria","tag-boeing-777f","tag-cargo","tag-francoforte","tag-lufthansa-group","tag-md-11f","tag-summer-schedule-19"],"yoast_head":"<!-- This site is optimized with the Yoast SEO plugin v26.8 - https:\/\/yoast.com\/product\/yoast-seo-wordpress\/ -->\n<title>LUFTHANSA CARGO: AUMENTO DI CAPACIT\u00c1 E FREQUENZE &#187; Spazio-News Magazine<\/title>\n<meta name=\"description\" content=\"Introduzione di nuove frequenze per un aumento di capacit\u00e0 del 10% nella pianificazione estiva dei voli cargo Lufthansa\" \/>\n<meta name=\"robots\" content=\"index, follow, max-snippet:-1, max-image-preview:large, max-video-preview:-1\" \/>\n<link rel=\"canonical\" href=\"https:\/\/spazio-news.it\/?p=3527\" \/>\n<meta property=\"og:locale\" content=\"it_IT\" \/>\n<meta property=\"og:type\" content=\"article\" \/>\n<meta property=\"og:title\" content=\"LUFTHANSA CARGO: AUMENTO DI CAPACIT\u00c1 E FREQUENZE &#187; Spazio-News Magazine\" \/>\n<meta property=\"og:description\" content=\"Introduzione di nuove frequenze per un aumento di capacit\u00e0 del 10% nella pianificazione estiva dei voli cargo Lufthansa\" \/>\n<meta property=\"og:url\" content=\"https:\/\/spazio-news.it\/?p=3527\" \/>\n<meta property=\"og:site_name\" content=\"Spazio-News Magazine\" \/>\n<meta property=\"article:publisher\" content=\"https:\/\/m.facebook.com\/spazio-news-magazine\" \/>\n<meta property=\"article:author\" content=\"@SpazioNewsMagazine\" \/>\n<meta property=\"article:published_time\" content=\"2019-03-07T12:06:35+00:00\" \/>\n<meta property=\"article:modified_time\" content=\"2026-01-29T18:51:07+00:00\" \/>\n<meta property=\"og:image\" content=\"https:\/\/spazio-news.it\/wp-content\/uploads\/2019\/03\/Lufthansa_cargo_spazio-news-e1552750538890.jpg\" \/>\n\t<meta property=\"og:image:width\" content=\"800\" \/>\n\t<meta property=\"og:image:height\" content=\"446\" \/>\n\t<meta property=\"og:image:type\" content=\"image\/jpeg\" \/>\n<meta name=\"author\" content=\"Redazione\" \/>\n<meta name=\"twitter:card\" content=\"summary_large_image\" \/>\n<meta name=\"twitter:creator\" content=\"@news_spazio\" \/>\n<meta name=\"twitter:site\" content=\"@News_spazio\" \/>\n<meta name=\"twitter:label1\" content=\"Scritto da\" \/>\n\t<meta name=\"twitter:data1\" content=\"Redazione\" \/>\n\t<meta name=\"twitter:label2\" content=\"Tempo di lettura stimato\" \/>\n\t<meta name=\"twitter:data2\" content=\"2 minuti\" \/>\n<script type=\"application\/ld+json\" class=\"yoast-schema-graph\">{\"@context\":\"https:\/\/schema.org\",\"@graph\":[{\"@type\":\"NewsArticle\",\"@id\":\"https:\/\/spazio-news.it\/?p=3527#article\",\"isPartOf\":{\"@id\":\"https:\/\/spazio-news.it\/?p=3527\"},\"author\":{\"name\":\"Redazione\",\"@id\":\"https:\/\/spazio-news.it\/#\/schema\/person\/c600904e882e9e166ed8e5e3773d37b3\"},\"headline\":\"LUFTHANSA CARGO: AUMENTO DI CAPACIT\u00c1 E FREQUENZE\",\"datePublished\":\"2019-03-07T12:06:35+00:00\",\"dateModified\":\"2026-01-29T18:51:07+00:00\",\"mainEntityOfPage\":{\"@id\":\"https:\/\/spazio-news.it\/?p=3527\"},\"wordCount\":344,\"publisher\":{\"@id\":\"https:\/\/spazio-news.it\/#organization\"},\"image\":{\"@id\":\"https:\/\/spazio-news.it\/?p=3527#primaryimage\"},\"thumbnailUrl\":\"http:\/\/spazio-news.it\/wp-content\/uploads\/2019\/03\/Lufthansa_cargo_spazio-news-e1552750538890.jpg\",\"keywords\":[\"Boeing 777F\",\"cargo\",\"Francoforte\",\"Lufthansa Group\",\"MD-11F\",\"Summer schedule 19\"],\"articleSection\":[\"01 - PRIMA PAGINA\",\"02 - INDUSTRIA\"],\"inLanguage\":\"it-IT\"},{\"@type\":\"WebPage\",\"@id\":\"https:\/\/spazio-news.it\/?p=3527\",\"url\":\"https:\/\/spazio-news.it\/?p=3527\",\"name\":\"LUFTHANSA CARGO: AUMENTO DI CAPACIT\u00c1 E FREQUENZE &#187; Spazio-News Magazine\",\"isPartOf\":{\"@id\":\"https:\/\/spazio-news.it\/#website\"},\"primaryImageOfPage\":{\"@id\":\"https:\/\/spazio-news.it\/?p=3527#primaryimage\"},\"image\":{\"@id\":\"https:\/\/spazio-news.it\/?p=3527#primaryimage\"},\"thumbnailUrl\":\"http:\/\/spazio-news.it\/wp-content\/uploads\/2019\/03\/Lufthansa_cargo_spazio-news-e1552750538890.jpg\",\"datePublished\":\"2019-03-07T12:06:35+00:00\",\"dateModified\":\"2026-01-29T18:51:07+00:00\",\"description\":\"Introduzione di nuove frequenze per un aumento di capacit\u00e0 del 10% nella pianificazione estiva dei voli cargo Lufthansa\",\"breadcrumb\":{\"@id\":\"https:\/\/spazio-news.it\/?p=3527#breadcrumb\"},\"inLanguage\":\"it-IT\",\"potentialAction\":[{\"@type\":\"ReadAction\",\"target\":[\"https:\/\/spazio-news.it\/?p=3527\"]}]},{\"@type\":\"ImageObject\",\"inLanguage\":\"it-IT\",\"@id\":\"https:\/\/spazio-news.it\/?p=3527#primaryimage\",\"url\":\"http:\/\/spazio-news.it\/wp-content\/uploads\/2019\/03\/Lufthansa_cargo_spazio-news-e1552750538890.jpg\",\"contentUrl\":\"http:\/\/spazio-news.it\/wp-content\/uploads\/2019\/03\/Lufthansa_cargo_spazio-news-e1552750538890.jpg\",\"width\":800,\"height\":446,\"caption\":\"Lufthansa_cargo_spazio-news\"},{\"@type\":\"BreadcrumbList\",\"@id\":\"https:\/\/spazio-news.it\/?p=3527#breadcrumb\",\"itemListElement\":[{\"@type\":\"ListItem\",\"position\":1,\"name\":\"Home\",\"item\":\"https:\/\/spazio-news.it\/\"},{\"@type\":\"ListItem\",\"position\":2,\"name\":\"LUFTHANSA CARGO: AUMENTO DI CAPACIT\u00c1 E FREQUENZE\"}]},{\"@type\":\"WebSite\",\"@id\":\"https:\/\/spazio-news.it\/#website\",\"url\":\"https:\/\/spazio-news.it\/\",\"name\":\"Spazio-News Magazine\",\"description\":\"La guida che sfida la complessit\u00e0 del mondo industriale\",\"publisher\":{\"@id\":\"https:\/\/spazio-news.it\/#organization\"},\"alternateName\":\"Spazio-news.it\",\"potentialAction\":[{\"@type\":\"SearchAction\",\"target\":{\"@type\":\"EntryPoint\",\"urlTemplate\":\"https:\/\/spazio-news.it\/?s={search_term_string}\"},\"query-input\":{\"@type\":\"PropertyValueSpecification\",\"valueRequired\":true,\"valueName\":\"search_term_string\"}}],\"inLanguage\":\"it-IT\"},{\"@type\":\"Organization\",\"@id\":\"https:\/\/spazio-news.it\/#organization\",\"name\":\"Spazio-News Magazine\",\"url\":\"https:\/\/spazio-news.it\/\",\"logo\":{\"@type\":\"ImageObject\",\"inLanguage\":\"it-IT\",\"@id\":\"https:\/\/spazio-news.it\/#\/schema\/logo\/image\/\",\"url\":\"http:\/\/spazio-news.it\/wp-content\/uploads\/2023\/09\/Logo-Spazio-News-512-x-512-NO-testo.jpg\",\"contentUrl\":\"http:\/\/spazio-news.it\/wp-content\/uploads\/2023\/09\/Logo-Spazio-News-512-x-512-NO-testo.jpg\",\"width\":512,\"height\":512,\"caption\":\"Spazio-News Magazine\"},\"image\":{\"@id\":\"https:\/\/spazio-news.it\/#\/schema\/logo\/image\/\"},\"sameAs\":[\"https:\/\/m.facebook.com\/spazio-news-magazine\",\"https:\/\/x.com\/News_spazio\"]},{\"@type\":\"Person\",\"@id\":\"https:\/\/spazio-news.it\/#\/schema\/person\/c600904e882e9e166ed8e5e3773d37b3\",\"name\":\"Redazione\",\"sameAs\":[\"http:\/\/spazio-news.it\",\"@SpazioNewsMagazine\",\"https:\/\/x.com\/@news_spazio\"],\"url\":\"http:\/\/spazio-news.it\/?author=1\"}]}<\/script>\n<!-- \/ Yoast SEO plugin. -->","yoast_head_json":{"title":"LUFTHANSA CARGO: AUMENTO DI CAPACIT\u00c1 E FREQUENZE &#187; Spazio-News Magazine","description":"Introduzione di nuove frequenze per un aumento di capacit\u00e0 del 10% nella pianificazione estiva dei voli cargo Lufthansa","robots":{"index":"index","follow":"follow","max-snippet":"max-snippet:-1","max-image-preview":"max-image-preview:large","max-video-preview":"max-video-preview:-1"},"canonical":"https:\/\/spazio-news.it\/?p=3527","og_locale":"it_IT","og_type":"article","og_title":"LUFTHANSA CARGO: AUMENTO DI CAPACIT\u00c1 E FREQUENZE &#187; Spazio-News Magazine","og_description":"Introduzione di nuove frequenze per un aumento di capacit\u00e0 del 10% nella pianificazione estiva dei voli cargo Lufthansa","og_url":"https:\/\/spazio-news.it\/?p=3527","og_site_name":"Spazio-News Magazine","article_publisher":"https:\/\/m.facebook.com\/spazio-news-magazine","article_author":"@SpazioNewsMagazine","article_published_time":"2019-03-07T12:06:35+00:00","article_modified_time":"2026-01-29T18:51:07+00:00","og_image":[{"width":800,"height":446,"url":"https:\/\/spazio-news.it\/wp-content\/uploads\/2019\/03\/Lufthansa_cargo_spazio-news-e1552750538890.jpg","type":"image\/jpeg"}],"author":"Redazione","twitter_card":"summary_large_image","twitter_creator":"@news_spazio","twitter_site":"@News_spazio","twitter_misc":{"Scritto da":"Redazione","Tempo di lettura stimato":"2 minuti"},"schema":{"@context":"https:\/\/schema.org","@graph":[{"@type":"NewsArticle","@id":"https:\/\/spazio-news.it\/?p=3527#article","isPartOf":{"@id":"https:\/\/spazio-news.it\/?p=3527"},"author":{"name":"Redazione","@id":"https:\/\/spazio-news.it\/#\/schema\/person\/c600904e882e9e166ed8e5e3773d37b3"},"headline":"LUFTHANSA CARGO: AUMENTO DI CAPACIT\u00c1 E FREQUENZE","datePublished":"2019-03-07T12:06:35+00:00","dateModified":"2026-01-29T18:51:07+00:00","mainEntityOfPage":{"@id":"https:\/\/spazio-news.it\/?p=3527"},"wordCount":344,"publisher":{"@id":"https:\/\/spazio-news.it\/#organization"},"image":{"@id":"https:\/\/spazio-news.it\/?p=3527#primaryimage"},"thumbnailUrl":"http:\/\/spazio-news.it\/wp-content\/uploads\/2019\/03\/Lufthansa_cargo_spazio-news-e1552750538890.jpg","keywords":["Boeing 777F","cargo","Francoforte","Lufthansa Group","MD-11F","Summer schedule 19"],"articleSection":["01 - PRIMA PAGINA","02 - INDUSTRIA"],"inLanguage":"it-IT"},{"@type":"WebPage","@id":"https:\/\/spazio-news.it\/?p=3527","url":"https:\/\/spazio-news.it\/?p=3527","name":"LUFTHANSA CARGO: AUMENTO DI CAPACIT\u00c1 E FREQUENZE &#187; Spazio-News Magazine","isPartOf":{"@id":"https:\/\/spazio-news.it\/#website"},"primaryImageOfPage":{"@id":"https:\/\/spazio-news.it\/?p=3527#primaryimage"},"image":{"@id":"https:\/\/spazio-news.it\/?p=3527#primaryimage"},"thumbnailUrl":"http:\/\/spazio-news.it\/wp-content\/uploads\/2019\/03\/Lufthansa_cargo_spazio-news-e1552750538890.jpg","datePublished":"2019-03-07T12:06:35+00:00","dateModified":"2026-01-29T18:51:07+00:00","description":"Introduzione di nuove frequenze per un aumento di capacit\u00e0 del 10% nella pianificazione estiva dei voli cargo Lufthansa","breadcrumb":{"@id":"https:\/\/spazio-news.it\/?p=3527#breadcrumb"},"inLanguage":"it-IT","potentialAction":[{"@type":"ReadAction","target":["https:\/\/spazio-news.it\/?p=3527"]}]},{"@type":"ImageObject","inLanguage":"it-IT","@id":"https:\/\/spazio-news.it\/?p=3527#primaryimage","url":"http:\/\/spazio-news.it\/wp-content\/uploads\/2019\/03\/Lufthansa_cargo_spazio-news-e1552750538890.jpg","contentUrl":"http:\/\/spazio-news.it\/wp-content\/uploads\/2019\/03\/Lufthansa_cargo_spazio-news-e1552750538890.jpg","width":800,"height":446,"caption":"Lufthansa_cargo_spazio-news"},{"@type":"BreadcrumbList","@id":"https:\/\/spazio-news.it\/?p=3527#breadcrumb","itemListElement":[{"@type":"ListItem","position":1,"name":"Home","item":"https:\/\/spazio-news.it\/"},{"@type":"ListItem","position":2,"name":"LUFTHANSA CARGO: AUMENTO DI CAPACIT\u00c1 E FREQUENZE"}]},{"@type":"WebSite","@id":"https:\/\/spazio-news.it\/#website","url":"https:\/\/spazio-news.it\/","name":"Spazio-News Magazine","description":"La guida che sfida la complessit\u00e0 del mondo industriale","publisher":{"@id":"https:\/\/spazio-news.it\/#organization"},"alternateName":"Spazio-news.it","potentialAction":[{"@type":"SearchAction","target":{"@type":"EntryPoint","urlTemplate":"https:\/\/spazio-news.it\/?s={search_term_string}"},"query-input":{"@type":"PropertyValueSpecification","valueRequired":true,"valueName":"search_term_string"}}],"inLanguage":"it-IT"},{"@type":"Organization","@id":"https:\/\/spazio-news.it\/#organization","name":"Spazio-News Magazine","url":"https:\/\/spazio-news.it\/","logo":{"@type":"ImageObject","inLanguage":"it-IT","@id":"https:\/\/spazio-news.it\/#\/schema\/logo\/image\/","url":"http:\/\/spazio-news.it\/wp-content\/uploads\/2023\/09\/Logo-Spazio-News-512-x-512-NO-testo.jpg","contentUrl":"http:\/\/spazio-news.it\/wp-content\/uploads\/2023\/09\/Logo-Spazio-News-512-x-512-NO-testo.jpg","width":512,"height":512,"caption":"Spazio-News Magazine"},"image":{"@id":"https:\/\/spazio-news.it\/#\/schema\/logo\/image\/"},"sameAs":["https:\/\/m.facebook.com\/spazio-news-magazine","https:\/\/x.com\/News_spazio"]},{"@type":"Person","@id":"https:\/\/spazio-news.it\/#\/schema\/person\/c600904e882e9e166ed8e5e3773d37b3","name":"Redazione","sameAs":["http:\/\/spazio-news.it","@SpazioNewsMagazine","https:\/\/x.com\/@news_spazio"],"url":"http:\/\/spazio-news.it\/?author=1"}]}},"_links":{"self":[{"href":"http:\/\/spazio-news.it\/index.php?rest_route=\/wp\/v2\/posts\/3527","targetHints":{"allow":["GET"]}}],"collection":[{"href":"http:\/\/spazio-news.it\/index.php?rest_route=\/wp\/v2\/posts"}],"about":[{"href":"http:\/\/spazio-news.it\/index.php?rest_route=\/wp\/v2\/types\/post"}],"author":[{"embeddable":true,"href":"http:\/\/spazio-news.it\/index.php?rest_route=\/wp\/v2\/users\/1"}],"replies":[{"embeddable":true,"href":"http:\/\/spazio-news.it\/index.php?rest_route=%2Fwp%2Fv2%2Fcomments&post=3527"}],"version-history":[{"count":2,"href":"http:\/\/spazio-news.it\/index.php?rest_route=\/wp\/v2\/posts\/3527\/revisions"}],"predecessor-version":[{"id":12926,"href":"http:\/\/spazio-news.it\/index.php?rest_route=\/wp\/v2\/posts\/3527\/revisions\/12926"}],"wp:featuredmedia":[{"embeddable":true,"href":"http:\/\/spazio-news.it\/index.php?rest_route=\/wp\/v2\/media\/3528"}],"wp:attachment":[{"href":"http:\/\/spazio-news.it\/index.php?rest_route=%2Fwp%2Fv2%2Fmedia&parent=3527"}],"wp:term":[{"taxonomy":"category","embeddable":true,"href":"http:\/\/spazio-news.it\/index.php?rest_route=%2Fwp%2Fv2%2Fcategories&post=3527"},{"taxonomy":"post_tag","embeddable":true,"href":"http:\/\/spazio-news.it\/index.php?rest_route=%2Fwp%2Fv2%2Ftags&post=3527"}],"curies":[{"name":"wp","href":"https:\/\/api.w.org\/{rel}","templated":true}]}}