{"id":3533,"date":"2019-03-08T09:47:23","date_gmt":"2019-03-08T08:47:23","guid":{"rendered":"http:\/\/spazio-news.it\/?p=3533"},"modified":"2019-03-03T15:22:58","modified_gmt":"2019-03-03T14:22:58","slug":"sace-belcastro-e-il-nuovo-capo-della-comunicazione","status":"publish","type":"post","link":"http:\/\/spazio-news.it\/?p=3533","title":{"rendered":"SACE: BELCASTRO \u00c8 IL NUOVO CAPO DELLA COMUNICAZIONE"},"content":{"rendered":"<p><strong>Rodolfo Belcastro<\/strong> \u00e8 il nuovo <strong>Direttore della Comunicazione <\/strong>di <strong><a href=\"http:\/\/www.sace.it\">SACE<\/a><\/strong>, la societ\u00e0 che offre un\u2019ampia gamma di <strong>prodotti assicurativi e finanziari<\/strong>: credito all\u2019esportazione, assicurazione del credito, protezione degli investimenti, garanzie finanziarie, cauzioni e factoring.<\/p>\n<p><strong>SACE<\/strong>, insieme a <strong><a href=\"https:\/\/www.simest.it\/\">SIMEST,<\/a> <\/strong>costituisce il <strong>Polo dell\u2019export e dell\u2019internazionalizzazione <\/strong>del Gruppo <strong><a href=\"http:\/\/www.cdp.it\">Cassa Depositi e Prestiti &#8211; CDP<\/a><\/strong>.<\/p>\n<p>\u201c<em>Siamo felici di poter dare il benvenuto nel nostro team <\/em><em>a<\/em><em> Rodolfo<\/em> \u2013 ha dichiarato <strong>Alessandro Decio<\/strong>, <strong>Amministratore Delegato di SACE<\/strong> \u2013. <em>La sua esperienza e la sua professionalit\u00e0 maturata in importanti player industriali e finanziari saranno al servizio di SACE per raccontare le tante sfide che in futuro aspettano il Polo dell\u2019export e dell\u2019internazionalizzazione del Gruppo CDP<\/em>\u201d.<\/p>\n<p><strong>Belcastro<\/strong>, che \u00e8 ufficialmente entrato in SACE il <strong>1\u00b0 marzo scorso<\/strong>, riporta direttamente all\u2019<strong>Amministratore Delegato<\/strong>, per le attivit\u00e0 di <strong>comunicazione<\/strong> (corporate e interna), <strong>media<\/strong> <strong>relations<\/strong> ed <strong>eventi<\/strong>.<\/p>\n","protected":false},"excerpt":{"rendered":"<p>Rodolfo Belcastro \u00e8 il nuovo Direttore della Comunicazione di SACE, la societ\u00e0 che offre un\u2019ampia gamma di prodotti assicurativi e<\/p>\n","protected":false},"author":1,"featured_media":3534,"comment_status":"closed","ping_status":"open","sticky":false,"template":"","format":"standard","meta":{"colormag_page_container_layout":"default_layout","colormag_page_sidebar_layout":"default_layout","footnotes":""},"categories":[32,3],"tags":[621,2274,1739],"class_list":["post-3533","post","type-post","status-publish","format-standard","has-post-thumbnail","hentry","category-prima-pagina","category-industria","tag-cassa-depositi-e-prestiti","tag-rodolfo-belcastro","tag-sace-simest"],"yoast_head":"<!-- This site is optimized with the Yoast SEO plugin v26.8 - https:\/\/yoast.com\/product\/yoast-seo-wordpress\/ -->\n<title>SACE: BELCASTRO \u00c8 IL NUOVO CAPO DELLA COMUNICAZIONE &#187; Spazio-News Magazine<\/title>\n<meta name=\"description\" content=\"Rodolfo Belcastro \u00e8 il nuovo Direttore della Comunicazione di SACE, la societ\u00e0 che offre un\u2019ampia gamma di prodotti assicurativi e finanziari\" \/>\n<meta name=\"robots\" content=\"index, follow, max-snippet:-1, max-image-preview:large, max-video-preview:-1\" \/>\n<link rel=\"canonical\" href=\"http:\/\/spazio-news.it\/?p=3533\" \/>\n<meta property=\"og:locale\" content=\"it_IT\" \/>\n<meta property=\"og:type\" content=\"article\" \/>\n<meta property=\"og:title\" content=\"SACE: BELCASTRO \u00c8 IL NUOVO CAPO DELLA COMUNICAZIONE &#187; Spazio-News Magazine\" \/>\n<meta property=\"og:description\" content=\"Rodolfo Belcastro \u00e8 il nuovo Direttore della Comunicazione di SACE, la societ\u00e0 che offre un\u2019ampia gamma di prodotti assicurativi e finanziari\" \/>\n<meta property=\"og:url\" content=\"http:\/\/spazio-news.it\/?p=3533\" \/>\n<meta property=\"og:site_name\" content=\"Spazio-News Magazine\" \/>\n<meta property=\"article:publisher\" content=\"https:\/\/m.facebook.com\/spazio-news-magazine\" \/>\n<meta property=\"article:author\" content=\"@SpazioNewsMagazine\" \/>\n<meta property=\"article:published_time\" content=\"2019-03-08T08:47:23+00:00\" \/>\n<meta property=\"og:image\" content=\"http:\/\/spazio-news.it\/wp-content\/uploads\/2019\/03\/Rodolfo-Belcastro-\u00e8-il-nuovo-Direttore-della-Comunicazione-di-SACE.png\" \/>\n\t<meta property=\"og:image:width\" content=\"800\" \/>\n\t<meta property=\"og:image:height\" content=\"446\" \/>\n\t<meta property=\"og:image:type\" content=\"image\/png\" \/>\n<meta name=\"author\" content=\"Redazione\" \/>\n<meta name=\"twitter:card\" content=\"summary_large_image\" \/>\n<meta name=\"twitter:creator\" content=\"@news_spazio\" \/>\n<meta name=\"twitter:site\" content=\"@News_spazio\" \/>\n<meta name=\"twitter:label1\" content=\"Scritto da\" \/>\n\t<meta name=\"twitter:data1\" content=\"Redazione\" \/>\n\t<meta name=\"twitter:label2\" content=\"Tempo di lettura stimato\" \/>\n\t<meta name=\"twitter:data2\" content=\"1 minuto\" \/>\n<script type=\"application\/ld+json\" class=\"yoast-schema-graph\">{\"@context\":\"https:\/\/schema.org\",\"@graph\":[{\"@type\":\"NewsArticle\",\"@id\":\"http:\/\/spazio-news.it\/?p=3533#article\",\"isPartOf\":{\"@id\":\"http:\/\/spazio-news.it\/?p=3533\"},\"author\":{\"name\":\"Redazione\",\"@id\":\"https:\/\/spazio-news.it\/#\/schema\/person\/c600904e882e9e166ed8e5e3773d37b3\"},\"headline\":\"SACE: BELCASTRO \u00c8 IL NUOVO CAPO DELLA COMUNICAZIONE\",\"datePublished\":\"2019-03-08T08:47:23+00:00\",\"mainEntityOfPage\":{\"@id\":\"http:\/\/spazio-news.it\/?p=3533\"},\"wordCount\":146,\"publisher\":{\"@id\":\"https:\/\/spazio-news.it\/#organization\"},\"image\":{\"@id\":\"http:\/\/spazio-news.it\/?p=3533#primaryimage\"},\"thumbnailUrl\":\"http:\/\/spazio-news.it\/wp-content\/uploads\/2019\/03\/Rodolfo-Belcastro-\u00e8-il-nuovo-Direttore-della-Comunicazione-di-SACE.png\",\"keywords\":[\"Cassa Depositi e Prestiti\",\"Rodolfo Belcastro\",\"SACE SIMEST\"],\"articleSection\":[\"01 - PRIMA PAGINA\",\"02 - INDUSTRIA\"],\"inLanguage\":\"it-IT\"},{\"@type\":\"WebPage\",\"@id\":\"http:\/\/spazio-news.it\/?p=3533\",\"url\":\"http:\/\/spazio-news.it\/?p=3533\",\"name\":\"SACE: BELCASTRO \u00c8 IL NUOVO CAPO DELLA COMUNICAZIONE &#187; Spazio-News Magazine\",\"isPartOf\":{\"@id\":\"https:\/\/spazio-news.it\/#website\"},\"primaryImageOfPage\":{\"@id\":\"http:\/\/spazio-news.it\/?p=3533#primaryimage\"},\"image\":{\"@id\":\"http:\/\/spazio-news.it\/?p=3533#primaryimage\"},\"thumbnailUrl\":\"http:\/\/spazio-news.it\/wp-content\/uploads\/2019\/03\/Rodolfo-Belcastro-\u00e8-il-nuovo-Direttore-della-Comunicazione-di-SACE.png\",\"datePublished\":\"2019-03-08T08:47:23+00:00\",\"description\":\"Rodolfo Belcastro \u00e8 il nuovo Direttore della Comunicazione di SACE, la societ\u00e0 che offre un\u2019ampia gamma di prodotti assicurativi e finanziari\",\"breadcrumb\":{\"@id\":\"http:\/\/spazio-news.it\/?p=3533#breadcrumb\"},\"inLanguage\":\"it-IT\",\"potentialAction\":[{\"@type\":\"ReadAction\",\"target\":[\"http:\/\/spazio-news.it\/?p=3533\"]}]},{\"@type\":\"ImageObject\",\"inLanguage\":\"it-IT\",\"@id\":\"http:\/\/spazio-news.it\/?p=3533#primaryimage\",\"url\":\"http:\/\/spazio-news.it\/wp-content\/uploads\/2019\/03\/Rodolfo-Belcastro-\u00e8-il-nuovo-Direttore-della-Comunicazione-di-SACE.png\",\"contentUrl\":\"http:\/\/spazio-news.it\/wp-content\/uploads\/2019\/03\/Rodolfo-Belcastro-\u00e8-il-nuovo-Direttore-della-Comunicazione-di-SACE.png\",\"width\":800,\"height\":446,\"caption\":\"Rodolfo Belcastro \u00e8 il nuovo Direttore della Comunicazione di SACE\"},{\"@type\":\"BreadcrumbList\",\"@id\":\"http:\/\/spazio-news.it\/?p=3533#breadcrumb\",\"itemListElement\":[{\"@type\":\"ListItem\",\"position\":1,\"name\":\"Home\",\"item\":\"https:\/\/spazio-news.it\/\"},{\"@type\":\"ListItem\",\"position\":2,\"name\":\"SACE: BELCASTRO \u00c8 IL NUOVO CAPO DELLA COMUNICAZIONE\"}]},{\"@type\":\"WebSite\",\"@id\":\"https:\/\/spazio-news.it\/#website\",\"url\":\"https:\/\/spazio-news.it\/\",\"name\":\"Spazio-News Magazine\",\"description\":\"La guida che sfida la complessit\u00e0 del mondo industriale\",\"publisher\":{\"@id\":\"https:\/\/spazio-news.it\/#organization\"},\"alternateName\":\"Spazio-news.it\",\"potentialAction\":[{\"@type\":\"SearchAction\",\"target\":{\"@type\":\"EntryPoint\",\"urlTemplate\":\"https:\/\/spazio-news.it\/?s={search_term_string}\"},\"query-input\":{\"@type\":\"PropertyValueSpecification\",\"valueRequired\":true,\"valueName\":\"search_term_string\"}}],\"inLanguage\":\"it-IT\"},{\"@type\":\"Organization\",\"@id\":\"https:\/\/spazio-news.it\/#organization\",\"name\":\"Spazio-News Magazine\",\"url\":\"https:\/\/spazio-news.it\/\",\"logo\":{\"@type\":\"ImageObject\",\"inLanguage\":\"it-IT\",\"@id\":\"https:\/\/spazio-news.it\/#\/schema\/logo\/image\/\",\"url\":\"http:\/\/spazio-news.it\/wp-content\/uploads\/2023\/09\/Logo-Spazio-News-512-x-512-NO-testo.jpg\",\"contentUrl\":\"http:\/\/spazio-news.it\/wp-content\/uploads\/2023\/09\/Logo-Spazio-News-512-x-512-NO-testo.jpg\",\"width\":512,\"height\":512,\"caption\":\"Spazio-News Magazine\"},\"image\":{\"@id\":\"https:\/\/spazio-news.it\/#\/schema\/logo\/image\/\"},\"sameAs\":[\"https:\/\/m.facebook.com\/spazio-news-magazine\",\"https:\/\/x.com\/News_spazio\"]},{\"@type\":\"Person\",\"@id\":\"https:\/\/spazio-news.it\/#\/schema\/person\/c600904e882e9e166ed8e5e3773d37b3\",\"name\":\"Redazione\",\"sameAs\":[\"http:\/\/spazio-news.it\",\"@SpazioNewsMagazine\",\"https:\/\/x.com\/@news_spazio\"],\"url\":\"http:\/\/spazio-news.it\/?author=1\"}]}<\/script>\n<!-- \/ Yoast SEO plugin. -->","yoast_head_json":{"title":"SACE: BELCASTRO \u00c8 IL NUOVO CAPO DELLA COMUNICAZIONE &#187; Spazio-News Magazine","description":"Rodolfo Belcastro \u00e8 il nuovo Direttore della Comunicazione di SACE, la societ\u00e0 che offre un\u2019ampia gamma di prodotti assicurativi e finanziari","robots":{"index":"index","follow":"follow","max-snippet":"max-snippet:-1","max-image-preview":"max-image-preview:large","max-video-preview":"max-video-preview:-1"},"canonical":"http:\/\/spazio-news.it\/?p=3533","og_locale":"it_IT","og_type":"article","og_title":"SACE: BELCASTRO \u00c8 IL NUOVO CAPO DELLA COMUNICAZIONE &#187; Spazio-News Magazine","og_description":"Rodolfo Belcastro \u00e8 il nuovo Direttore della Comunicazione di SACE, la societ\u00e0 che offre un\u2019ampia gamma di prodotti assicurativi e finanziari","og_url":"http:\/\/spazio-news.it\/?p=3533","og_site_name":"Spazio-News Magazine","article_publisher":"https:\/\/m.facebook.com\/spazio-news-magazine","article_author":"@SpazioNewsMagazine","article_published_time":"2019-03-08T08:47:23+00:00","og_image":[{"width":800,"height":446,"url":"http:\/\/spazio-news.it\/wp-content\/uploads\/2019\/03\/Rodolfo-Belcastro-\u00e8-il-nuovo-Direttore-della-Comunicazione-di-SACE.png","type":"image\/png"}],"author":"Redazione","twitter_card":"summary_large_image","twitter_creator":"@news_spazio","twitter_site":"@News_spazio","twitter_misc":{"Scritto da":"Redazione","Tempo di lettura stimato":"1 minuto"},"schema":{"@context":"https:\/\/schema.org","@graph":[{"@type":"NewsArticle","@id":"http:\/\/spazio-news.it\/?p=3533#article","isPartOf":{"@id":"http:\/\/spazio-news.it\/?p=3533"},"author":{"name":"Redazione","@id":"https:\/\/spazio-news.it\/#\/schema\/person\/c600904e882e9e166ed8e5e3773d37b3"},"headline":"SACE: BELCASTRO \u00c8 IL NUOVO CAPO DELLA COMUNICAZIONE","datePublished":"2019-03-08T08:47:23+00:00","mainEntityOfPage":{"@id":"http:\/\/spazio-news.it\/?p=3533"},"wordCount":146,"publisher":{"@id":"https:\/\/spazio-news.it\/#organization"},"image":{"@id":"http:\/\/spazio-news.it\/?p=3533#primaryimage"},"thumbnailUrl":"http:\/\/spazio-news.it\/wp-content\/uploads\/2019\/03\/Rodolfo-Belcastro-\u00e8-il-nuovo-Direttore-della-Comunicazione-di-SACE.png","keywords":["Cassa Depositi e Prestiti","Rodolfo Belcastro","SACE SIMEST"],"articleSection":["01 - PRIMA PAGINA","02 - INDUSTRIA"],"inLanguage":"it-IT"},{"@type":"WebPage","@id":"http:\/\/spazio-news.it\/?p=3533","url":"http:\/\/spazio-news.it\/?p=3533","name":"SACE: BELCASTRO \u00c8 IL NUOVO CAPO DELLA COMUNICAZIONE &#187; Spazio-News Magazine","isPartOf":{"@id":"https:\/\/spazio-news.it\/#website"},"primaryImageOfPage":{"@id":"http:\/\/spazio-news.it\/?p=3533#primaryimage"},"image":{"@id":"http:\/\/spazio-news.it\/?p=3533#primaryimage"},"thumbnailUrl":"http:\/\/spazio-news.it\/wp-content\/uploads\/2019\/03\/Rodolfo-Belcastro-\u00e8-il-nuovo-Direttore-della-Comunicazione-di-SACE.png","datePublished":"2019-03-08T08:47:23+00:00","description":"Rodolfo Belcastro \u00e8 il nuovo Direttore della Comunicazione di SACE, la societ\u00e0 che offre un\u2019ampia gamma di prodotti assicurativi e finanziari","breadcrumb":{"@id":"http:\/\/spazio-news.it\/?p=3533#breadcrumb"},"inLanguage":"it-IT","potentialAction":[{"@type":"ReadAction","target":["http:\/\/spazio-news.it\/?p=3533"]}]},{"@type":"ImageObject","inLanguage":"it-IT","@id":"http:\/\/spazio-news.it\/?p=3533#primaryimage","url":"http:\/\/spazio-news.it\/wp-content\/uploads\/2019\/03\/Rodolfo-Belcastro-\u00e8-il-nuovo-Direttore-della-Comunicazione-di-SACE.png","contentUrl":"http:\/\/spazio-news.it\/wp-content\/uploads\/2019\/03\/Rodolfo-Belcastro-\u00e8-il-nuovo-Direttore-della-Comunicazione-di-SACE.png","width":800,"height":446,"caption":"Rodolfo Belcastro \u00e8 il nuovo Direttore della Comunicazione di SACE"},{"@type":"BreadcrumbList","@id":"http:\/\/spazio-news.it\/?p=3533#breadcrumb","itemListElement":[{"@type":"ListItem","position":1,"name":"Home","item":"https:\/\/spazio-news.it\/"},{"@type":"ListItem","position":2,"name":"SACE: BELCASTRO \u00c8 IL NUOVO CAPO DELLA COMUNICAZIONE"}]},{"@type":"WebSite","@id":"https:\/\/spazio-news.it\/#website","url":"https:\/\/spazio-news.it\/","name":"Spazio-News Magazine","description":"La guida che sfida la complessit\u00e0 del mondo industriale","publisher":{"@id":"https:\/\/spazio-news.it\/#organization"},"alternateName":"Spazio-news.it","potentialAction":[{"@type":"SearchAction","target":{"@type":"EntryPoint","urlTemplate":"https:\/\/spazio-news.it\/?s={search_term_string}"},"query-input":{"@type":"PropertyValueSpecification","valueRequired":true,"valueName":"search_term_string"}}],"inLanguage":"it-IT"},{"@type":"Organization","@id":"https:\/\/spazio-news.it\/#organization","name":"Spazio-News Magazine","url":"https:\/\/spazio-news.it\/","logo":{"@type":"ImageObject","inLanguage":"it-IT","@id":"https:\/\/spazio-news.it\/#\/schema\/logo\/image\/","url":"http:\/\/spazio-news.it\/wp-content\/uploads\/2023\/09\/Logo-Spazio-News-512-x-512-NO-testo.jpg","contentUrl":"http:\/\/spazio-news.it\/wp-content\/uploads\/2023\/09\/Logo-Spazio-News-512-x-512-NO-testo.jpg","width":512,"height":512,"caption":"Spazio-News Magazine"},"image":{"@id":"https:\/\/spazio-news.it\/#\/schema\/logo\/image\/"},"sameAs":["https:\/\/m.facebook.com\/spazio-news-magazine","https:\/\/x.com\/News_spazio"]},{"@type":"Person","@id":"https:\/\/spazio-news.it\/#\/schema\/person\/c600904e882e9e166ed8e5e3773d37b3","name":"Redazione","sameAs":["http:\/\/spazio-news.it","@SpazioNewsMagazine","https:\/\/x.com\/@news_spazio"],"url":"http:\/\/spazio-news.it\/?author=1"}]}},"_links":{"self":[{"href":"http:\/\/spazio-news.it\/index.php?rest_route=\/wp\/v2\/posts\/3533","targetHints":{"allow":["GET"]}}],"collection":[{"href":"http:\/\/spazio-news.it\/index.php?rest_route=\/wp\/v2\/posts"}],"about":[{"href":"http:\/\/spazio-news.it\/index.php?rest_route=\/wp\/v2\/types\/post"}],"author":[{"embeddable":true,"href":"http:\/\/spazio-news.it\/index.php?rest_route=\/wp\/v2\/users\/1"}],"replies":[{"embeddable":true,"href":"http:\/\/spazio-news.it\/index.php?rest_route=%2Fwp%2Fv2%2Fcomments&post=3533"}],"version-history":[{"count":1,"href":"http:\/\/spazio-news.it\/index.php?rest_route=\/wp\/v2\/posts\/3533\/revisions"}],"predecessor-version":[{"id":3535,"href":"http:\/\/spazio-news.it\/index.php?rest_route=\/wp\/v2\/posts\/3533\/revisions\/3535"}],"wp:featuredmedia":[{"embeddable":true,"href":"http:\/\/spazio-news.it\/index.php?rest_route=\/wp\/v2\/media\/3534"}],"wp:attachment":[{"href":"http:\/\/spazio-news.it\/index.php?rest_route=%2Fwp%2Fv2%2Fmedia&parent=3533"}],"wp:term":[{"taxonomy":"category","embeddable":true,"href":"http:\/\/spazio-news.it\/index.php?rest_route=%2Fwp%2Fv2%2Fcategories&post=3533"},{"taxonomy":"post_tag","embeddable":true,"href":"http:\/\/spazio-news.it\/index.php?rest_route=%2Fwp%2Fv2%2Ftags&post=3533"}],"curies":[{"name":"wp","href":"https:\/\/api.w.org\/{rel}","templated":true}]}}