{"id":3568,"date":"2019-03-11T08:21:35","date_gmt":"2019-03-11T07:21:35","guid":{"rendered":"http:\/\/spazio-news.it\/?p=3568"},"modified":"2019-05-27T20:07:05","modified_gmt":"2019-05-27T19:07:05","slug":"air-to-surface-integration-successo-am-ei","status":"publish","type":"post","link":"http:\/\/spazio-news.it\/?p=3568","title":{"rendered":"AIR TO SURFACE INTEGRATION: SUCCESSO AM &#8211; EI"},"content":{"rendered":"<p>Nell&#8217;ambito del <strong>programma<\/strong> <em><strong>Air to Surface Integration &#8211; <\/strong><\/em><strong>A.to.S.I<\/strong> inserito nel <strong>Piano Squadra 4.0<\/strong> del Comando Squadra Aerea per favorire la continua integrazione di capacit\u00e0 e competenze in ambiente <strong>interforze<\/strong> e al fine di contribuire alla creazione di effetti significativi da parte degli strumenti del <strong>Potere Aerospaziale nel Joint Battlespace<\/strong>., il <strong>51\u00b0 Stormo<\/strong>\u00a0 ha dato vita ad un progetto che prevede la collaborazione\u00a0tra i <strong>piloti della linea AMX<\/strong> e quelli appartenenti al <strong>5\u00b0 Reggimento AVES Rigel di Casarsa della Delizia<\/strong> (PD).<\/p>\n<p>In tale contesto, si \u00e8 svolta, dopo un periodo di intensa pianificazione, l&#8217;<strong>esercitazione<\/strong> con l&#8217;obiettivo di rinnovare la conoscenza delle reciproche capacit\u00e0 ed esplorare potenziali <strong>sinergie d&#8217;impiego<\/strong> in materia di <strong>Personnel Recovery &#8211; PR<\/strong> e <strong>Close Air Support &#8211; CAS<\/strong>.<\/p>\n<p>\u00c8 stata organizzata presso l&#8217;<strong>aeroporto di Istrana <\/strong>un&#8217;attivit\u00e0 addestrativa che ha coinvolto <strong>quattro AMX<\/strong> del <strong>51\u00b0 Stormo<\/strong>, <strong>tre elicotteri AH-129<\/strong> e <strong>due UH-90<\/strong> del <strong>5\u00b0 Reggimento dell&#8217;AVES Rigel<\/strong>, personale qualificato <strong>Joint Terminal Attack Controller JTAC<\/strong> del <strong>5\u00b0 Reggimento Alpini di Vipiteno <\/strong>(BZ) e una squadra di <strong>fanti aeromobili<\/strong> del <strong>66\u00b0 Reggimento Trieste di Forl\u00ec<\/strong> (FC), specializzati nelle procedure di <strong>recupero di personale<\/strong> rimasto isolato.<\/p>\n<p><em>\u201cA testimonianza dell&#8217;importanza del progetto e della forte volont\u00e0 di sviluppare nuove dinamiche interforze, all&#8217;esercitazione hanno preso parte, ognuno volando sugli assetti della propria Forza Armata, il Comandante della Squadra Aerea, Generale di S.A. Fernando Giancotti ed il Comandante delle Forze Operative Terrestri e del Comando Operativo Esercito, Generale di Corpo d&#8217;Armata Federico Bonato<\/em> \u2013 si legge nella nota congiunta EI \u2013 AM -. <em>L&#8217;esercitazione si \u00e8 basata sul recupero di personale militare in area di crisi, con ambiente ostile e non permissivo. L&#8217;attivit\u00e0 di addestramento si \u00e8 svolta in uno scenario aderente alle reali condizioni in cui gli assetti si potrebbero trovare ad operare.\u00a0 Pi\u00f9 in particolare, sono state designate delle aree di recupero del personale, denominate Pick-up zones, in cui gli elicotteri sono atterrati per svolgere le operazioni di <\/em><em>rescue <\/em><em>del personale, permettendo cos\u00ec agli equipaggi di bordo e alla fanteria aeromobile di addestrarsi nell&#8217;attivit\u00e0 di recupero\u201d.<\/em><\/p>\n<p>Gli AMX hanno svolto il ruolo di <em><strong>Rescue Mission Commander<\/strong><\/em> <strong>&#8211; RMC<\/strong> con il compito di proteggere sia il personale militare da trarre in salvo sia gli assetti di recupero dalle minacce presenti nell&#8217;area di operazione. Particolare importanza per questo tipo di missione ha avuto l&#8217;utilizzo del <strong>POD Reccelite <\/strong>grazie al quale anche in questo contesto gli <strong>AMX<\/strong> hanno potuto garantire la capacit\u00e0 di <em><strong>Information Superiority<\/strong> <\/em>monitorando in tempo reale i vari cambiamenti e le potenziali minacce sul terreno.<\/p>\n<p>L&#8217;attivit\u00e0 operativa svolta ha consentito di implementare la sinergia tra i diversi assetti e si \u00e8 rivelata fondamentale per testare procedure tecnico tattiche ed operative contribuendo in maniera costruttiva a sviluppare nuove proficue collaborazioni e sinergie interforze.<\/p>\n","protected":false},"excerpt":{"rendered":"<p>Nell&#8217;ambito del programma Air to Surface Integration &#8211; A.to.S.I inserito nel Piano Squadra 4.0 del Comando Squadra Aerea per favorire<\/p>\n","protected":false},"author":1,"featured_media":3569,"comment_status":"closed","ping_status":"open","sticky":false,"template":"","format":"standard","meta":{"colormag_page_container_layout":"default_layout","colormag_page_sidebar_layout":"default_layout","footnotes":""},"categories":[32,4],"tags":[54,2301,311,2154,2250],"class_list":["post-3568","post","type-post","status-publish","format-standard","has-post-thumbnail","hentry","category-prima-pagina","category-istituzioni","tag-aeronautica-militare-italiana","tag-air-to-surface-integration-atosi","tag-esercitazione","tag-esercitazione-militare","tag-esercito-italiano"],"yoast_head":"<!-- This site is optimized with the Yoast SEO plugin v26.8 - https:\/\/yoast.com\/product\/yoast-seo-wordpress\/ -->\n<title>AIR TO SURFACE INTEGRATION: SUCCESSO AM - EI &#187; Spazio-News Magazine<\/title>\n<meta name=\"description\" content=\"Nell&#039;ambito del programma Air to Surface Integration - A.to.S.I inserito nel Piano Squadra 4.0 del Comando Squadra Aerea per favorire\" \/>\n<meta name=\"robots\" content=\"index, follow, max-snippet:-1, max-image-preview:large, max-video-preview:-1\" \/>\n<link rel=\"canonical\" href=\"http:\/\/spazio-news.it\/?p=3568\" \/>\n<meta property=\"og:locale\" content=\"it_IT\" \/>\n<meta property=\"og:type\" content=\"article\" \/>\n<meta property=\"og:title\" content=\"AIR TO SURFACE INTEGRATION: SUCCESSO AM - EI &#187; Spazio-News Magazine\" \/>\n<meta property=\"og:description\" content=\"Nell&#039;ambito del programma Air to Surface Integration - A.to.S.I inserito nel Piano Squadra 4.0 del Comando Squadra Aerea per favorire\" \/>\n<meta property=\"og:url\" content=\"http:\/\/spazio-news.it\/?p=3568\" \/>\n<meta property=\"og:site_name\" content=\"Spazio-News Magazine\" \/>\n<meta property=\"article:publisher\" content=\"https:\/\/m.facebook.com\/spazio-news-magazine\" \/>\n<meta property=\"article:author\" content=\"@SpazioNewsMagazine\" \/>\n<meta property=\"article:published_time\" content=\"2019-03-11T07:21:35+00:00\" \/>\n<meta property=\"article:modified_time\" content=\"2019-05-27T19:07:05+00:00\" \/>\n<meta property=\"og:image\" content=\"http:\/\/spazio-news.it\/wp-content\/uploads\/2019\/03\/programma-Air-to-Surface-Integration-AtoSI-esercitazione-AMX-AMI.jpg\" \/>\n\t<meta property=\"og:image:width\" content=\"800\" \/>\n\t<meta property=\"og:image:height\" content=\"446\" \/>\n\t<meta property=\"og:image:type\" content=\"image\/jpeg\" \/>\n<meta name=\"author\" content=\"Redazione\" \/>\n<meta name=\"twitter:card\" content=\"summary_large_image\" \/>\n<meta name=\"twitter:creator\" content=\"@news_spazio\" \/>\n<meta name=\"twitter:site\" content=\"@News_spazio\" \/>\n<meta name=\"twitter:label1\" content=\"Scritto da\" \/>\n\t<meta name=\"twitter:data1\" content=\"Redazione\" \/>\n\t<meta name=\"twitter:label2\" content=\"Tempo di lettura stimato\" \/>\n\t<meta name=\"twitter:data2\" content=\"2 minuti\" \/>\n<script type=\"application\/ld+json\" class=\"yoast-schema-graph\">{\"@context\":\"https:\/\/schema.org\",\"@graph\":[{\"@type\":\"NewsArticle\",\"@id\":\"http:\/\/spazio-news.it\/?p=3568#article\",\"isPartOf\":{\"@id\":\"http:\/\/spazio-news.it\/?p=3568\"},\"author\":{\"name\":\"Redazione\",\"@id\":\"https:\/\/spazio-news.it\/#\/schema\/person\/c600904e882e9e166ed8e5e3773d37b3\"},\"headline\":\"AIR TO SURFACE INTEGRATION: SUCCESSO AM &#8211; EI\",\"datePublished\":\"2019-03-11T07:21:35+00:00\",\"dateModified\":\"2019-05-27T19:07:05+00:00\",\"mainEntityOfPage\":{\"@id\":\"http:\/\/spazio-news.it\/?p=3568\"},\"wordCount\":465,\"publisher\":{\"@id\":\"https:\/\/spazio-news.it\/#organization\"},\"image\":{\"@id\":\"http:\/\/spazio-news.it\/?p=3568#primaryimage\"},\"thumbnailUrl\":\"http:\/\/spazio-news.it\/wp-content\/uploads\/2019\/03\/programma-Air-to-Surface-Integration-AtoSI-esercitazione-AMX-AMI.jpg\",\"keywords\":[\"Aeronautica Militare Italiana\",\"Air to Surface Integration - AtoSI\",\"Esercitazione\",\"esercitazione militare\",\"Esercito italiano\"],\"articleSection\":[\"01 - PRIMA PAGINA\",\"03 - ISTITUZIONI\"],\"inLanguage\":\"it-IT\"},{\"@type\":\"WebPage\",\"@id\":\"http:\/\/spazio-news.it\/?p=3568\",\"url\":\"http:\/\/spazio-news.it\/?p=3568\",\"name\":\"AIR TO SURFACE INTEGRATION: SUCCESSO AM - EI &#187; Spazio-News Magazine\",\"isPartOf\":{\"@id\":\"https:\/\/spazio-news.it\/#website\"},\"primaryImageOfPage\":{\"@id\":\"http:\/\/spazio-news.it\/?p=3568#primaryimage\"},\"image\":{\"@id\":\"http:\/\/spazio-news.it\/?p=3568#primaryimage\"},\"thumbnailUrl\":\"http:\/\/spazio-news.it\/wp-content\/uploads\/2019\/03\/programma-Air-to-Surface-Integration-AtoSI-esercitazione-AMX-AMI.jpg\",\"datePublished\":\"2019-03-11T07:21:35+00:00\",\"dateModified\":\"2019-05-27T19:07:05+00:00\",\"description\":\"Nell'ambito del programma Air to Surface Integration - A.to.S.I inserito nel Piano Squadra 4.0 del Comando Squadra Aerea per favorire\",\"breadcrumb\":{\"@id\":\"http:\/\/spazio-news.it\/?p=3568#breadcrumb\"},\"inLanguage\":\"it-IT\",\"potentialAction\":[{\"@type\":\"ReadAction\",\"target\":[\"http:\/\/spazio-news.it\/?p=3568\"]}]},{\"@type\":\"ImageObject\",\"inLanguage\":\"it-IT\",\"@id\":\"http:\/\/spazio-news.it\/?p=3568#primaryimage\",\"url\":\"http:\/\/spazio-news.it\/wp-content\/uploads\/2019\/03\/programma-Air-to-Surface-Integration-AtoSI-esercitazione-AMX-AMI.jpg\",\"contentUrl\":\"http:\/\/spazio-news.it\/wp-content\/uploads\/2019\/03\/programma-Air-to-Surface-Integration-AtoSI-esercitazione-AMX-AMI.jpg\",\"width\":800,\"height\":446,\"caption\":\"Programma Air to Surface Integration - AtoSI esercitazione AMX AMI\"},{\"@type\":\"BreadcrumbList\",\"@id\":\"http:\/\/spazio-news.it\/?p=3568#breadcrumb\",\"itemListElement\":[{\"@type\":\"ListItem\",\"position\":1,\"name\":\"Home\",\"item\":\"https:\/\/spazio-news.it\/\"},{\"@type\":\"ListItem\",\"position\":2,\"name\":\"AIR TO SURFACE INTEGRATION: SUCCESSO AM &#8211; EI\"}]},{\"@type\":\"WebSite\",\"@id\":\"https:\/\/spazio-news.it\/#website\",\"url\":\"https:\/\/spazio-news.it\/\",\"name\":\"Spazio-News Magazine\",\"description\":\"La guida che sfida la complessit\u00e0 del mondo industriale\",\"publisher\":{\"@id\":\"https:\/\/spazio-news.it\/#organization\"},\"alternateName\":\"Spazio-news.it\",\"potentialAction\":[{\"@type\":\"SearchAction\",\"target\":{\"@type\":\"EntryPoint\",\"urlTemplate\":\"https:\/\/spazio-news.it\/?s={search_term_string}\"},\"query-input\":{\"@type\":\"PropertyValueSpecification\",\"valueRequired\":true,\"valueName\":\"search_term_string\"}}],\"inLanguage\":\"it-IT\"},{\"@type\":\"Organization\",\"@id\":\"https:\/\/spazio-news.it\/#organization\",\"name\":\"Spazio-News Magazine\",\"url\":\"https:\/\/spazio-news.it\/\",\"logo\":{\"@type\":\"ImageObject\",\"inLanguage\":\"it-IT\",\"@id\":\"https:\/\/spazio-news.it\/#\/schema\/logo\/image\/\",\"url\":\"http:\/\/spazio-news.it\/wp-content\/uploads\/2023\/09\/Logo-Spazio-News-512-x-512-NO-testo.jpg\",\"contentUrl\":\"http:\/\/spazio-news.it\/wp-content\/uploads\/2023\/09\/Logo-Spazio-News-512-x-512-NO-testo.jpg\",\"width\":512,\"height\":512,\"caption\":\"Spazio-News Magazine\"},\"image\":{\"@id\":\"https:\/\/spazio-news.it\/#\/schema\/logo\/image\/\"},\"sameAs\":[\"https:\/\/m.facebook.com\/spazio-news-magazine\",\"https:\/\/x.com\/News_spazio\"]},{\"@type\":\"Person\",\"@id\":\"https:\/\/spazio-news.it\/#\/schema\/person\/c600904e882e9e166ed8e5e3773d37b3\",\"name\":\"Redazione\",\"sameAs\":[\"http:\/\/spazio-news.it\",\"@SpazioNewsMagazine\",\"https:\/\/x.com\/@news_spazio\"],\"url\":\"http:\/\/spazio-news.it\/?author=1\"}]}<\/script>\n<!-- \/ Yoast SEO plugin. -->","yoast_head_json":{"title":"AIR TO SURFACE INTEGRATION: SUCCESSO AM - EI &#187; Spazio-News Magazine","description":"Nell'ambito del programma Air to Surface Integration - A.to.S.I inserito nel Piano Squadra 4.0 del Comando Squadra Aerea per favorire","robots":{"index":"index","follow":"follow","max-snippet":"max-snippet:-1","max-image-preview":"max-image-preview:large","max-video-preview":"max-video-preview:-1"},"canonical":"http:\/\/spazio-news.it\/?p=3568","og_locale":"it_IT","og_type":"article","og_title":"AIR TO SURFACE INTEGRATION: SUCCESSO AM - EI &#187; Spazio-News Magazine","og_description":"Nell'ambito del programma Air to Surface Integration - A.to.S.I inserito nel Piano Squadra 4.0 del Comando Squadra Aerea per favorire","og_url":"http:\/\/spazio-news.it\/?p=3568","og_site_name":"Spazio-News Magazine","article_publisher":"https:\/\/m.facebook.com\/spazio-news-magazine","article_author":"@SpazioNewsMagazine","article_published_time":"2019-03-11T07:21:35+00:00","article_modified_time":"2019-05-27T19:07:05+00:00","og_image":[{"width":800,"height":446,"url":"http:\/\/spazio-news.it\/wp-content\/uploads\/2019\/03\/programma-Air-to-Surface-Integration-AtoSI-esercitazione-AMX-AMI.jpg","type":"image\/jpeg"}],"author":"Redazione","twitter_card":"summary_large_image","twitter_creator":"@news_spazio","twitter_site":"@News_spazio","twitter_misc":{"Scritto da":"Redazione","Tempo di lettura stimato":"2 minuti"},"schema":{"@context":"https:\/\/schema.org","@graph":[{"@type":"NewsArticle","@id":"http:\/\/spazio-news.it\/?p=3568#article","isPartOf":{"@id":"http:\/\/spazio-news.it\/?p=3568"},"author":{"name":"Redazione","@id":"https:\/\/spazio-news.it\/#\/schema\/person\/c600904e882e9e166ed8e5e3773d37b3"},"headline":"AIR TO SURFACE INTEGRATION: SUCCESSO AM &#8211; EI","datePublished":"2019-03-11T07:21:35+00:00","dateModified":"2019-05-27T19:07:05+00:00","mainEntityOfPage":{"@id":"http:\/\/spazio-news.it\/?p=3568"},"wordCount":465,"publisher":{"@id":"https:\/\/spazio-news.it\/#organization"},"image":{"@id":"http:\/\/spazio-news.it\/?p=3568#primaryimage"},"thumbnailUrl":"http:\/\/spazio-news.it\/wp-content\/uploads\/2019\/03\/programma-Air-to-Surface-Integration-AtoSI-esercitazione-AMX-AMI.jpg","keywords":["Aeronautica Militare Italiana","Air to Surface Integration - AtoSI","Esercitazione","esercitazione militare","Esercito italiano"],"articleSection":["01 - PRIMA PAGINA","03 - ISTITUZIONI"],"inLanguage":"it-IT"},{"@type":"WebPage","@id":"http:\/\/spazio-news.it\/?p=3568","url":"http:\/\/spazio-news.it\/?p=3568","name":"AIR TO SURFACE INTEGRATION: SUCCESSO AM - EI &#187; Spazio-News Magazine","isPartOf":{"@id":"https:\/\/spazio-news.it\/#website"},"primaryImageOfPage":{"@id":"http:\/\/spazio-news.it\/?p=3568#primaryimage"},"image":{"@id":"http:\/\/spazio-news.it\/?p=3568#primaryimage"},"thumbnailUrl":"http:\/\/spazio-news.it\/wp-content\/uploads\/2019\/03\/programma-Air-to-Surface-Integration-AtoSI-esercitazione-AMX-AMI.jpg","datePublished":"2019-03-11T07:21:35+00:00","dateModified":"2019-05-27T19:07:05+00:00","description":"Nell'ambito del programma Air to Surface Integration - A.to.S.I inserito nel Piano Squadra 4.0 del Comando Squadra Aerea per favorire","breadcrumb":{"@id":"http:\/\/spazio-news.it\/?p=3568#breadcrumb"},"inLanguage":"it-IT","potentialAction":[{"@type":"ReadAction","target":["http:\/\/spazio-news.it\/?p=3568"]}]},{"@type":"ImageObject","inLanguage":"it-IT","@id":"http:\/\/spazio-news.it\/?p=3568#primaryimage","url":"http:\/\/spazio-news.it\/wp-content\/uploads\/2019\/03\/programma-Air-to-Surface-Integration-AtoSI-esercitazione-AMX-AMI.jpg","contentUrl":"http:\/\/spazio-news.it\/wp-content\/uploads\/2019\/03\/programma-Air-to-Surface-Integration-AtoSI-esercitazione-AMX-AMI.jpg","width":800,"height":446,"caption":"Programma Air to Surface Integration - AtoSI esercitazione AMX AMI"},{"@type":"BreadcrumbList","@id":"http:\/\/spazio-news.it\/?p=3568#breadcrumb","itemListElement":[{"@type":"ListItem","position":1,"name":"Home","item":"https:\/\/spazio-news.it\/"},{"@type":"ListItem","position":2,"name":"AIR TO SURFACE INTEGRATION: SUCCESSO AM &#8211; EI"}]},{"@type":"WebSite","@id":"https:\/\/spazio-news.it\/#website","url":"https:\/\/spazio-news.it\/","name":"Spazio-News Magazine","description":"La guida che sfida la complessit\u00e0 del mondo industriale","publisher":{"@id":"https:\/\/spazio-news.it\/#organization"},"alternateName":"Spazio-news.it","potentialAction":[{"@type":"SearchAction","target":{"@type":"EntryPoint","urlTemplate":"https:\/\/spazio-news.it\/?s={search_term_string}"},"query-input":{"@type":"PropertyValueSpecification","valueRequired":true,"valueName":"search_term_string"}}],"inLanguage":"it-IT"},{"@type":"Organization","@id":"https:\/\/spazio-news.it\/#organization","name":"Spazio-News Magazine","url":"https:\/\/spazio-news.it\/","logo":{"@type":"ImageObject","inLanguage":"it-IT","@id":"https:\/\/spazio-news.it\/#\/schema\/logo\/image\/","url":"http:\/\/spazio-news.it\/wp-content\/uploads\/2023\/09\/Logo-Spazio-News-512-x-512-NO-testo.jpg","contentUrl":"http:\/\/spazio-news.it\/wp-content\/uploads\/2023\/09\/Logo-Spazio-News-512-x-512-NO-testo.jpg","width":512,"height":512,"caption":"Spazio-News Magazine"},"image":{"@id":"https:\/\/spazio-news.it\/#\/schema\/logo\/image\/"},"sameAs":["https:\/\/m.facebook.com\/spazio-news-magazine","https:\/\/x.com\/News_spazio"]},{"@type":"Person","@id":"https:\/\/spazio-news.it\/#\/schema\/person\/c600904e882e9e166ed8e5e3773d37b3","name":"Redazione","sameAs":["http:\/\/spazio-news.it","@SpazioNewsMagazine","https:\/\/x.com\/@news_spazio"],"url":"http:\/\/spazio-news.it\/?author=1"}]}},"_links":{"self":[{"href":"http:\/\/spazio-news.it\/index.php?rest_route=\/wp\/v2\/posts\/3568","targetHints":{"allow":["GET"]}}],"collection":[{"href":"http:\/\/spazio-news.it\/index.php?rest_route=\/wp\/v2\/posts"}],"about":[{"href":"http:\/\/spazio-news.it\/index.php?rest_route=\/wp\/v2\/types\/post"}],"author":[{"embeddable":true,"href":"http:\/\/spazio-news.it\/index.php?rest_route=\/wp\/v2\/users\/1"}],"replies":[{"embeddable":true,"href":"http:\/\/spazio-news.it\/index.php?rest_route=%2Fwp%2Fv2%2Fcomments&post=3568"}],"version-history":[{"count":5,"href":"http:\/\/spazio-news.it\/index.php?rest_route=\/wp\/v2\/posts\/3568\/revisions"}],"predecessor-version":[{"id":4682,"href":"http:\/\/spazio-news.it\/index.php?rest_route=\/wp\/v2\/posts\/3568\/revisions\/4682"}],"wp:featuredmedia":[{"embeddable":true,"href":"http:\/\/spazio-news.it\/index.php?rest_route=\/wp\/v2\/media\/3569"}],"wp:attachment":[{"href":"http:\/\/spazio-news.it\/index.php?rest_route=%2Fwp%2Fv2%2Fmedia&parent=3568"}],"wp:term":[{"taxonomy":"category","embeddable":true,"href":"http:\/\/spazio-news.it\/index.php?rest_route=%2Fwp%2Fv2%2Fcategories&post=3568"},{"taxonomy":"post_tag","embeddable":true,"href":"http:\/\/spazio-news.it\/index.php?rest_route=%2Fwp%2Fv2%2Ftags&post=3568"}],"curies":[{"name":"wp","href":"https:\/\/api.w.org\/{rel}","templated":true}]}}