{"id":3646,"date":"2019-03-19T08:22:17","date_gmt":"2019-03-19T07:22:17","guid":{"rendered":"http:\/\/spazio-news.it\/?p=3646"},"modified":"2019-05-27T20:06:56","modified_gmt":"2019-05-27T19:06:56","slug":"workshop-difesa-collettiva-lesercito-italiano","status":"publish","type":"post","link":"http:\/\/spazio-news.it\/?p=3646","title":{"rendered":"WORKSHOP, DIFESA COLLETTIVA: L\u2019ESERCITO ITALIANO"},"content":{"rendered":"<p><em>\u201cNon si pu\u00f2 fare a meno della professionalit\u00e0 e della forza del nostro Esercito, che ha dimostrato innumerevoli volte le migliori qualit\u00e0 dei militari italiani\u201d<\/em> cos\u00ec il Ministro della Difesa Elisabetta Trenta ha aperto il <strong>seminario \u201cDifesa collettiva: l\u2019Esercito Italiano\u201d<\/strong> svoltosi presso la <strong>Biblioteca nazionale centrale<\/strong> di <strong>Roma<\/strong>.<\/p>\n<p><em>\u201cAd oggi vi \u00e8 una consapevolezza diffusa di quanto l\u2019Esercito sia necessario per garantire la nostra difesa e la sicurezza internazionale. Questo grazie alla capacit\u00e0 di rinnovamento che le Forze Armate, in continua trasformazione e proiettate verso il futuro, hanno dimostrato nel corso degli anni <\/em>\u2013 ha continuato il ministro<em> &#8211;<\/em> <em>la formazione degli Ufficiali e dei soldati \u00e8 costantemente adeguata ai tempi, alle nuove tecnologie\u201d.<\/em><\/p>\n<p>Durante il <strong>convegno<\/strong>, al quale hanno partecipato numerose autorit\u00e0 del mondo civile e accademico e molti studenti di universit\u00e0 e scuole superiori di Roma, sono intervenuti anche i Sottosegretari di Stato alla Difesa On.<strong> Angelo Tofalo<\/strong> e On.<strong> Raffaele Volpi<\/strong> insieme al <strong>Capo di Stato Maggiore della Difesa<\/strong> Generale<strong> Enzo Vecciarelli<\/strong>, il <strong>Capo di Stato Maggiore dell\u2019Esercito<\/strong> Generale di Corpo d\u2019Armata<strong> Salvatore Farina<\/strong>, il Generale di Brigata<strong> Fulvio Poli<\/strong> e la Dott.ssa<strong> Barbara Schiavulli<\/strong>, inviata di guerra e scrittrice.<\/p>\n<p>Secondo di una serie di incontri programmati allo scopo di far conoscere i compiti delle <strong>Forze Armate<\/strong> sempre pi\u00f9 aderenti alle esigenze dei cittadini italiani, favorendo al tempo stesso la diffusione della <strong>cultura della Difesa<\/strong> e della Sicurezza e spiegare i ruoli e le funzioni di ogni componente del comparto Difesa.<\/p>\n<p>Il <strong>Capo di Stato Maggiore della Difesa<\/strong> ha sottolineato l\u2019importanza dell\u2019elemento umano, evidenziando come <em>\u201ci nostri soldati rappresentano il sistema d\u2019arma fondamentale \u2013 il fulcro, il cuore e l\u2019anima dell\u2019organizzazione\u201d<\/em> e pertanto <em>\u201cdeve essere sempre valorizzato, sostenuto e continuamente preparato per essere pronto ad assolvere i compiti presenti e futuri\u201d.<\/em><\/p>\n<p>L\u2019Onorevole <strong>Tofalo<\/strong>, promotore del seminario ha voluto enfatizzare come <em>\u201cDifesa Collettiva \u00e8 un percorso condiviso con i cittadini per spiegare a ogni livello quali sono i principali compiti delle Forze Armate in relazione alle attuali esigenze e agli scenari globali in continua evoluzione. Il convegno di oggi \u00e8 stato dedicato all\u2019Esercito, uno dei pilastri essenziali su cui regge il Sistema Paese. Le nostre donne e uomini con le stellette che hanno giurato di difendere le Istituzioni anche al costo della propria vita, sono la risorsa pi\u00f9 preziosa e specializzata, sempre presenti in Italia e all\u2019estero vicina ai cittadini\u201d.<\/em><\/p>\n<p>Il <strong>Sottosegretario Volpi<\/strong> ha rimarcato la necessit\u00e0 di <em>\u201ccapire il nostro ruolo e il nostro spazio come Paese all\u2019interno delle organizzazioni internazionali, sapendo due cose: che noi abbiamo una grande storia, che rappresenta all\u2019interno della comunit\u00e0 internazionale, un esempio di come si opera, non solo dal punto di vista militare e della qualit\u00e0 dell\u2019intervento che noi svolgiamo, ma anche della qualit\u00e0 umana delle nostre Forze Armate; e di individuare una forma di condivisione che rappresenti la nostra di essere nelle organizzazioni internazionali non unicamente legati ad un fatto finanziario. Penso che la strategicit\u00e0 dell\u2019Italia, anche come posizione geografica, non possa essere derubricata in una posizione di secondo piano in quanto noi continuiamo ad essere strategici a livello geografico. Le grandi politiche si fanno con la capacit\u00e0 degli uomini e delle donne e si fanno anche con la capacit\u00e0 di essere presenti geograficamente e geo-politicamente all\u2019interno di un contesto\u201d.<\/em><\/p>\n","protected":false},"excerpt":{"rendered":"<p>\u201cNon si pu\u00f2 fare a meno della professionalit\u00e0 e della forza del nostro Esercito, che ha dimostrato innumerevoli volte le<\/p>\n","protected":false},"author":1,"featured_media":2430,"comment_status":"closed","ping_status":"open","sticky":false,"template":"","format":"standard","meta":{"colormag_page_container_layout":"default_layout","colormag_page_sidebar_layout":"default_layout","footnotes":""},"categories":[32,4],"tags":[432,2250,105,2345],"class_list":["post-3646","post","type-post","status-publish","format-standard","has-post-thumbnail","hentry","category-prima-pagina","category-istituzioni","tag-elisabetta-trenta","tag-esercito-italiano","tag-ministero-della-difesa","tag-workshop-difesa-collettiva-lesercito-italiano"],"yoast_head":"<!-- This site is optimized with the Yoast SEO plugin v26.8 - https:\/\/yoast.com\/product\/yoast-seo-wordpress\/ -->\n<title>WORKSHOP, DIFESA COLLETTIVA: L\u2019ESERCITO ITALIANO &#187; Spazio-News Magazine<\/title>\n<meta name=\"description\" content=\"Il Ministro della Difesa Elisabetta Trenta ha aperto il seminario \u201cDifesa collettiva: l\u2019Esercito Italiano\u201d svoltosi presso la Biblioteca\" \/>\n<meta name=\"robots\" content=\"index, follow, max-snippet:-1, max-image-preview:large, max-video-preview:-1\" \/>\n<link rel=\"canonical\" href=\"http:\/\/spazio-news.it\/?p=3646\" \/>\n<meta property=\"og:locale\" content=\"it_IT\" \/>\n<meta property=\"og:type\" content=\"article\" \/>\n<meta property=\"og:title\" content=\"WORKSHOP, DIFESA COLLETTIVA: L\u2019ESERCITO ITALIANO &#187; Spazio-News Magazine\" \/>\n<meta property=\"og:description\" content=\"Il Ministro della Difesa Elisabetta Trenta ha aperto il seminario \u201cDifesa collettiva: l\u2019Esercito Italiano\u201d svoltosi presso la Biblioteca\" \/>\n<meta property=\"og:url\" content=\"http:\/\/spazio-news.it\/?p=3646\" \/>\n<meta property=\"og:site_name\" content=\"Spazio-News Magazine\" \/>\n<meta property=\"article:publisher\" content=\"https:\/\/m.facebook.com\/spazio-news-magazine\" \/>\n<meta property=\"article:author\" content=\"@SpazioNewsMagazine\" \/>\n<meta property=\"article:published_time\" content=\"2019-03-19T07:22:17+00:00\" \/>\n<meta property=\"article:modified_time\" content=\"2019-05-27T19:06:56+00:00\" \/>\n<meta property=\"og:image\" content=\"http:\/\/spazio-news.it\/wp-content\/uploads\/2018\/11\/Elisabetta-Trenta-in-divisa--e1552228471762.png\" \/>\n\t<meta property=\"og:image:width\" content=\"800\" \/>\n\t<meta property=\"og:image:height\" content=\"446\" \/>\n\t<meta property=\"og:image:type\" content=\"image\/png\" \/>\n<meta name=\"author\" content=\"Redazione\" \/>\n<meta name=\"twitter:card\" content=\"summary_large_image\" \/>\n<meta name=\"twitter:creator\" content=\"@news_spazio\" \/>\n<meta name=\"twitter:site\" content=\"@News_spazio\" \/>\n<meta name=\"twitter:label1\" content=\"Scritto da\" \/>\n\t<meta name=\"twitter:data1\" content=\"Redazione\" \/>\n\t<meta name=\"twitter:label2\" content=\"Tempo di lettura stimato\" \/>\n\t<meta name=\"twitter:data2\" content=\"3 minuti\" \/>\n<script type=\"application\/ld+json\" class=\"yoast-schema-graph\">{\"@context\":\"https:\/\/schema.org\",\"@graph\":[{\"@type\":\"NewsArticle\",\"@id\":\"http:\/\/spazio-news.it\/?p=3646#article\",\"isPartOf\":{\"@id\":\"http:\/\/spazio-news.it\/?p=3646\"},\"author\":{\"name\":\"Redazione\",\"@id\":\"http:\/\/spazio-news.it\/#\/schema\/person\/c600904e882e9e166ed8e5e3773d37b3\"},\"headline\":\"WORKSHOP, DIFESA COLLETTIVA: L\u2019ESERCITO ITALIANO\",\"datePublished\":\"2019-03-19T07:22:17+00:00\",\"dateModified\":\"2019-05-27T19:06:56+00:00\",\"mainEntityOfPage\":{\"@id\":\"http:\/\/spazio-news.it\/?p=3646\"},\"wordCount\":558,\"publisher\":{\"@id\":\"http:\/\/spazio-news.it\/#organization\"},\"image\":{\"@id\":\"http:\/\/spazio-news.it\/?p=3646#primaryimage\"},\"thumbnailUrl\":\"http:\/\/spazio-news.it\/wp-content\/uploads\/2018\/11\/Elisabetta-Trenta-in-divisa--e1552228471762.png\",\"keywords\":[\"Elisabetta Trenta\",\"Esercito italiano\",\"Ministero della Difesa\",\"workshop Difesa collettiva: l\u2019Esercito Italiano\"],\"articleSection\":[\"01 - PRIMA PAGINA\",\"03 - ISTITUZIONI\"],\"inLanguage\":\"it-IT\"},{\"@type\":\"WebPage\",\"@id\":\"http:\/\/spazio-news.it\/?p=3646\",\"url\":\"http:\/\/spazio-news.it\/?p=3646\",\"name\":\"WORKSHOP, DIFESA COLLETTIVA: L\u2019ESERCITO ITALIANO &#187; Spazio-News Magazine\",\"isPartOf\":{\"@id\":\"http:\/\/spazio-news.it\/#website\"},\"primaryImageOfPage\":{\"@id\":\"http:\/\/spazio-news.it\/?p=3646#primaryimage\"},\"image\":{\"@id\":\"http:\/\/spazio-news.it\/?p=3646#primaryimage\"},\"thumbnailUrl\":\"http:\/\/spazio-news.it\/wp-content\/uploads\/2018\/11\/Elisabetta-Trenta-in-divisa--e1552228471762.png\",\"datePublished\":\"2019-03-19T07:22:17+00:00\",\"dateModified\":\"2019-05-27T19:06:56+00:00\",\"description\":\"Il Ministro della Difesa Elisabetta Trenta ha aperto il seminario \u201cDifesa collettiva: l\u2019Esercito Italiano\u201d svoltosi presso la Biblioteca\",\"breadcrumb\":{\"@id\":\"http:\/\/spazio-news.it\/?p=3646#breadcrumb\"},\"inLanguage\":\"it-IT\",\"potentialAction\":[{\"@type\":\"ReadAction\",\"target\":[\"http:\/\/spazio-news.it\/?p=3646\"]}]},{\"@type\":\"ImageObject\",\"inLanguage\":\"it-IT\",\"@id\":\"http:\/\/spazio-news.it\/?p=3646#primaryimage\",\"url\":\"http:\/\/spazio-news.it\/wp-content\/uploads\/2018\/11\/Elisabetta-Trenta-in-divisa--e1552228471762.png\",\"contentUrl\":\"http:\/\/spazio-news.it\/wp-content\/uploads\/2018\/11\/Elisabetta-Trenta-in-divisa--e1552228471762.png\",\"width\":800,\"height\":446,\"caption\":\"Elisabetta Trenta in divisa\"},{\"@type\":\"BreadcrumbList\",\"@id\":\"http:\/\/spazio-news.it\/?p=3646#breadcrumb\",\"itemListElement\":[{\"@type\":\"ListItem\",\"position\":1,\"name\":\"Home\",\"item\":\"http:\/\/spazio-news.it\/\"},{\"@type\":\"ListItem\",\"position\":2,\"name\":\"WORKSHOP, DIFESA COLLETTIVA: L\u2019ESERCITO ITALIANO\"}]},{\"@type\":\"WebSite\",\"@id\":\"http:\/\/spazio-news.it\/#website\",\"url\":\"http:\/\/spazio-news.it\/\",\"name\":\"Spazio-News Magazine\",\"description\":\"La guida che sfida la complessit\u00e0 del mondo industriale\",\"publisher\":{\"@id\":\"http:\/\/spazio-news.it\/#organization\"},\"alternateName\":\"Spazio-news.it\",\"potentialAction\":[{\"@type\":\"SearchAction\",\"target\":{\"@type\":\"EntryPoint\",\"urlTemplate\":\"http:\/\/spazio-news.it\/?s={search_term_string}\"},\"query-input\":{\"@type\":\"PropertyValueSpecification\",\"valueRequired\":true,\"valueName\":\"search_term_string\"}}],\"inLanguage\":\"it-IT\"},{\"@type\":\"Organization\",\"@id\":\"http:\/\/spazio-news.it\/#organization\",\"name\":\"Spazio-News Magazine\",\"url\":\"http:\/\/spazio-news.it\/\",\"logo\":{\"@type\":\"ImageObject\",\"inLanguage\":\"it-IT\",\"@id\":\"http:\/\/spazio-news.it\/#\/schema\/logo\/image\/\",\"url\":\"http:\/\/spazio-news.it\/wp-content\/uploads\/2023\/09\/Logo-Spazio-News-512-x-512-NO-testo.jpg\",\"contentUrl\":\"http:\/\/spazio-news.it\/wp-content\/uploads\/2023\/09\/Logo-Spazio-News-512-x-512-NO-testo.jpg\",\"width\":512,\"height\":512,\"caption\":\"Spazio-News Magazine\"},\"image\":{\"@id\":\"http:\/\/spazio-news.it\/#\/schema\/logo\/image\/\"},\"sameAs\":[\"https:\/\/m.facebook.com\/spazio-news-magazine\",\"https:\/\/x.com\/News_spazio\"]},{\"@type\":\"Person\",\"@id\":\"http:\/\/spazio-news.it\/#\/schema\/person\/c600904e882e9e166ed8e5e3773d37b3\",\"name\":\"Redazione\",\"sameAs\":[\"http:\/\/spazio-news.it\",\"@SpazioNewsMagazine\",\"https:\/\/x.com\/@news_spazio\"],\"url\":\"http:\/\/spazio-news.it\/?author=1\"}]}<\/script>\n<!-- \/ Yoast SEO plugin. -->","yoast_head_json":{"title":"WORKSHOP, DIFESA COLLETTIVA: L\u2019ESERCITO ITALIANO &#187; Spazio-News Magazine","description":"Il Ministro della Difesa Elisabetta Trenta ha aperto il seminario \u201cDifesa collettiva: l\u2019Esercito Italiano\u201d svoltosi presso la Biblioteca","robots":{"index":"index","follow":"follow","max-snippet":"max-snippet:-1","max-image-preview":"max-image-preview:large","max-video-preview":"max-video-preview:-1"},"canonical":"http:\/\/spazio-news.it\/?p=3646","og_locale":"it_IT","og_type":"article","og_title":"WORKSHOP, DIFESA COLLETTIVA: L\u2019ESERCITO ITALIANO &#187; Spazio-News Magazine","og_description":"Il Ministro della Difesa Elisabetta Trenta ha aperto il seminario \u201cDifesa collettiva: l\u2019Esercito Italiano\u201d svoltosi presso la Biblioteca","og_url":"http:\/\/spazio-news.it\/?p=3646","og_site_name":"Spazio-News Magazine","article_publisher":"https:\/\/m.facebook.com\/spazio-news-magazine","article_author":"@SpazioNewsMagazine","article_published_time":"2019-03-19T07:22:17+00:00","article_modified_time":"2019-05-27T19:06:56+00:00","og_image":[{"width":800,"height":446,"url":"http:\/\/spazio-news.it\/wp-content\/uploads\/2018\/11\/Elisabetta-Trenta-in-divisa--e1552228471762.png","type":"image\/png"}],"author":"Redazione","twitter_card":"summary_large_image","twitter_creator":"@news_spazio","twitter_site":"@News_spazio","twitter_misc":{"Scritto da":"Redazione","Tempo di lettura stimato":"3 minuti"},"schema":{"@context":"https:\/\/schema.org","@graph":[{"@type":"NewsArticle","@id":"http:\/\/spazio-news.it\/?p=3646#article","isPartOf":{"@id":"http:\/\/spazio-news.it\/?p=3646"},"author":{"name":"Redazione","@id":"http:\/\/spazio-news.it\/#\/schema\/person\/c600904e882e9e166ed8e5e3773d37b3"},"headline":"WORKSHOP, DIFESA COLLETTIVA: L\u2019ESERCITO ITALIANO","datePublished":"2019-03-19T07:22:17+00:00","dateModified":"2019-05-27T19:06:56+00:00","mainEntityOfPage":{"@id":"http:\/\/spazio-news.it\/?p=3646"},"wordCount":558,"publisher":{"@id":"http:\/\/spazio-news.it\/#organization"},"image":{"@id":"http:\/\/spazio-news.it\/?p=3646#primaryimage"},"thumbnailUrl":"http:\/\/spazio-news.it\/wp-content\/uploads\/2018\/11\/Elisabetta-Trenta-in-divisa--e1552228471762.png","keywords":["Elisabetta Trenta","Esercito italiano","Ministero della Difesa","workshop Difesa collettiva: l\u2019Esercito Italiano"],"articleSection":["01 - PRIMA PAGINA","03 - ISTITUZIONI"],"inLanguage":"it-IT"},{"@type":"WebPage","@id":"http:\/\/spazio-news.it\/?p=3646","url":"http:\/\/spazio-news.it\/?p=3646","name":"WORKSHOP, DIFESA COLLETTIVA: L\u2019ESERCITO ITALIANO &#187; Spazio-News Magazine","isPartOf":{"@id":"http:\/\/spazio-news.it\/#website"},"primaryImageOfPage":{"@id":"http:\/\/spazio-news.it\/?p=3646#primaryimage"},"image":{"@id":"http:\/\/spazio-news.it\/?p=3646#primaryimage"},"thumbnailUrl":"http:\/\/spazio-news.it\/wp-content\/uploads\/2018\/11\/Elisabetta-Trenta-in-divisa--e1552228471762.png","datePublished":"2019-03-19T07:22:17+00:00","dateModified":"2019-05-27T19:06:56+00:00","description":"Il Ministro della Difesa Elisabetta Trenta ha aperto il seminario \u201cDifesa collettiva: l\u2019Esercito Italiano\u201d svoltosi presso la Biblioteca","breadcrumb":{"@id":"http:\/\/spazio-news.it\/?p=3646#breadcrumb"},"inLanguage":"it-IT","potentialAction":[{"@type":"ReadAction","target":["http:\/\/spazio-news.it\/?p=3646"]}]},{"@type":"ImageObject","inLanguage":"it-IT","@id":"http:\/\/spazio-news.it\/?p=3646#primaryimage","url":"http:\/\/spazio-news.it\/wp-content\/uploads\/2018\/11\/Elisabetta-Trenta-in-divisa--e1552228471762.png","contentUrl":"http:\/\/spazio-news.it\/wp-content\/uploads\/2018\/11\/Elisabetta-Trenta-in-divisa--e1552228471762.png","width":800,"height":446,"caption":"Elisabetta Trenta in divisa"},{"@type":"BreadcrumbList","@id":"http:\/\/spazio-news.it\/?p=3646#breadcrumb","itemListElement":[{"@type":"ListItem","position":1,"name":"Home","item":"http:\/\/spazio-news.it\/"},{"@type":"ListItem","position":2,"name":"WORKSHOP, DIFESA COLLETTIVA: L\u2019ESERCITO ITALIANO"}]},{"@type":"WebSite","@id":"http:\/\/spazio-news.it\/#website","url":"http:\/\/spazio-news.it\/","name":"Spazio-News Magazine","description":"La guida che sfida la complessit\u00e0 del mondo industriale","publisher":{"@id":"http:\/\/spazio-news.it\/#organization"},"alternateName":"Spazio-news.it","potentialAction":[{"@type":"SearchAction","target":{"@type":"EntryPoint","urlTemplate":"http:\/\/spazio-news.it\/?s={search_term_string}"},"query-input":{"@type":"PropertyValueSpecification","valueRequired":true,"valueName":"search_term_string"}}],"inLanguage":"it-IT"},{"@type":"Organization","@id":"http:\/\/spazio-news.it\/#organization","name":"Spazio-News Magazine","url":"http:\/\/spazio-news.it\/","logo":{"@type":"ImageObject","inLanguage":"it-IT","@id":"http:\/\/spazio-news.it\/#\/schema\/logo\/image\/","url":"http:\/\/spazio-news.it\/wp-content\/uploads\/2023\/09\/Logo-Spazio-News-512-x-512-NO-testo.jpg","contentUrl":"http:\/\/spazio-news.it\/wp-content\/uploads\/2023\/09\/Logo-Spazio-News-512-x-512-NO-testo.jpg","width":512,"height":512,"caption":"Spazio-News Magazine"},"image":{"@id":"http:\/\/spazio-news.it\/#\/schema\/logo\/image\/"},"sameAs":["https:\/\/m.facebook.com\/spazio-news-magazine","https:\/\/x.com\/News_spazio"]},{"@type":"Person","@id":"http:\/\/spazio-news.it\/#\/schema\/person\/c600904e882e9e166ed8e5e3773d37b3","name":"Redazione","sameAs":["http:\/\/spazio-news.it","@SpazioNewsMagazine","https:\/\/x.com\/@news_spazio"],"url":"http:\/\/spazio-news.it\/?author=1"}]}},"_links":{"self":[{"href":"http:\/\/spazio-news.it\/index.php?rest_route=\/wp\/v2\/posts\/3646","targetHints":{"allow":["GET"]}}],"collection":[{"href":"http:\/\/spazio-news.it\/index.php?rest_route=\/wp\/v2\/posts"}],"about":[{"href":"http:\/\/spazio-news.it\/index.php?rest_route=\/wp\/v2\/types\/post"}],"author":[{"embeddable":true,"href":"http:\/\/spazio-news.it\/index.php?rest_route=\/wp\/v2\/users\/1"}],"replies":[{"embeddable":true,"href":"http:\/\/spazio-news.it\/index.php?rest_route=%2Fwp%2Fv2%2Fcomments&post=3646"}],"version-history":[{"count":4,"href":"http:\/\/spazio-news.it\/index.php?rest_route=\/wp\/v2\/posts\/3646\/revisions"}],"predecessor-version":[{"id":4577,"href":"http:\/\/spazio-news.it\/index.php?rest_route=\/wp\/v2\/posts\/3646\/revisions\/4577"}],"wp:featuredmedia":[{"embeddable":true,"href":"http:\/\/spazio-news.it\/index.php?rest_route=\/wp\/v2\/media\/2430"}],"wp:attachment":[{"href":"http:\/\/spazio-news.it\/index.php?rest_route=%2Fwp%2Fv2%2Fmedia&parent=3646"}],"wp:term":[{"taxonomy":"category","embeddable":true,"href":"http:\/\/spazio-news.it\/index.php?rest_route=%2Fwp%2Fv2%2Fcategories&post=3646"},{"taxonomy":"post_tag","embeddable":true,"href":"http:\/\/spazio-news.it\/index.php?rest_route=%2Fwp%2Fv2%2Ftags&post=3646"}],"curies":[{"name":"wp","href":"https:\/\/api.w.org\/{rel}","templated":true}]}}