{"id":3660,"date":"2019-03-21T07:03:29","date_gmt":"2019-03-21T06:03:29","guid":{"rendered":"http:\/\/spazio-news.it\/?p=3660"},"modified":"2019-03-17T15:25:31","modified_gmt":"2019-03-17T14:25:31","slug":"toninelli-aviazione-la-stagione-estiva-parte-in-crescita","status":"publish","type":"post","link":"http:\/\/spazio-news.it\/?p=3660","title":{"rendered":"TONINELLI, AVIAZIONE: LA STAGIONE ESTIVA PARTE IN CRESCITA"},"content":{"rendered":"<p>L\u2019<a href=\"http:\/\/www.enac.gov.it\/\">Ente Nazionale per l\u2019Aviazione Civile &#8211; ENAC<\/a> ha incontrato, insieme con il <a href=\"http:\/\/www.mit.gov.it\/\">Ministro delle Infrastrutture e dei Trasporti<\/a> Danilo Toninelli, gli <strong>operatori del settore<\/strong>, in occasione dell\u2019<strong>avvio della stagione estiva <\/strong>che, per l\u2019<strong>aviazione commerciale<\/strong>.<\/p>\n<p>L\u2019incontro \u00e8 stato finalizzato a un coordinamento generale preventivo di tutto il comparto per garantire e innalzare ulteriormente la <strong>sicurezza del volo<\/strong> e la qualit\u00e0 dei servizi resi agli utenti.<\/p>\n<p>\u201c<em>Il traffico aereo globale \u00e8 in costante crescita e l\u2019Italia deve essere in grado di raccogliere al meglio la sfida: ne va della nostra immagine, della nostra forza attrattiva, ma anche della nostra salute economica in generale. Il trasporto aereo vale gi\u00e0 oggi poco meno del 4% del Pil, ma soltanto coniugando servizi di qualit\u00e0 e una sempre maggiore attenzione alla sicurezza, riusciremo a farci trovare pronti e capaci di intercettare i nuovi flussi <\/em>\u2013 ha detto il Ministro <strong>Danilo Toninelli<\/strong> durante il suo intervento -.<em> Per tantissimi turisti e visitatori di tutto il mondo, le prestazioni di questo settore rappresentano il biglietto di presentazione del nostro Paese e il primo impatto \u00e8 sempre fondamentale. Enac gioca in questo un ruolo fondamentale. Perch\u00e9 il trasporto aereo va ripensato nell\u2019ottica di una sempre maggiore intermodalit\u00e0 ed efficienza logistica: obiettivi primari per il mio ministero che punta a una valorizzazione massima, sotto ogni punto di vista, dei nostri splendidi territori<\/em>\u201d.<\/p>\n<p><strong>\u00a0<\/strong>L\u2019<strong>ENAC <\/strong>ha invitato i responsabili delle varie componenti del settore ad attuare ogni azione necessaria a <strong>rendere sempre pi\u00f9 sicuri e fluidi gli spostamenti aerei<\/strong>, in termini di <strong>efficienza<\/strong> e <strong>puntualit\u00e0<\/strong>; evitare possibili <strong>inconvenienti e disagi<\/strong>; verificare preventivamente l\u2019adeguata disponibilit\u00e0 di risorse umane e di mezzi; monitorare la <strong>puntualit\u00e0 dei voli<\/strong>; garantire la <strong>qualit\u00e0 dei servizi<\/strong>; rispettare i <strong>diritti dei passeggeri<\/strong>, con particolare attenzione alle persone diversamente abili, agli anziani e ai soggetti non autosufficienti.<\/p>\n<p>\u201c<em>Questo incontro rappresenta l\u2019occasione<\/em> &#8211; ha aggiunto il presidente dell\u2019Ente <strong>Nicola Zaccheo<\/strong> &#8211; <em>per conoscere di persona tutti voi, a distanza di pochi giorni dal perfezionamento della mia nomina, e per iniziare a lavorare insieme. L\u2019obiettivo \u00e8 quello di raccogliere le sfide di un settore che cresce rapidamente e che si evolve dal punto di vista tecnologico e infrastrutturale, tenendo sempre presente che il passeggero \u00e8 il centro del sistema e attorno alle sue esigenze deve ruotare tutto. La stagione estiva \u00e8 il momento pi\u00f9 impegnativo per il traffico aereo, soprattutto nei mesi che vanno da met\u00e0 giugno a met\u00e0 settembre, per il notevole aumento del numero dei passeggeri e dei voli operati. Tutto ci\u00f2 richiede massimo coinvolgimento di tutti i player che devono prestare ancor pi\u00f9 attenzione per garantire elevati standard di sicurezza, in entrambe le declinazioni di safety e security. Anche l\u2019ENAC far\u00e0, come di consueto, la sua parte di regolazione tecnica, certificazione, vigilanza e controllo del settore<\/em>\u201d.<\/p>\n<p>Nel corso dell\u2019incontro, l\u2019Ente ha presentato i <strong>dati relativi al<\/strong> <strong>traffico aereo<\/strong>, alle <strong>stime<\/strong> di <strong>crescita<\/strong>, alla <strong>sicurezza<\/strong> e agli <strong>investimenti<\/strong>.<\/p>\n<p><b><span style=\"font-size: 11.5pt; font-family: 'Arial',sans-serif;\">DATI DI TRAFFICO 2018<\/span><\/b><\/p>\n<p class=\"yiv4636389226msonormal\" style=\"margin: 0cm; margin-bottom: .0001pt; text-align: justify;\">Sono stati anticipati i dati, ancora in corso di consolidamento, relativi al traffico del 2018:<\/p>\n<ul>\n<li>Passeggeri: <strong>184.810.850 <\/strong>(+ 5,8% rispetto al 2017)<\/li>\n<li>Merce e posta: <strong>1.090.699<\/strong> ton. (- 0,02% rispetto al 2017)<\/li>\n<li>Movimenti: <strong>1.413.466<\/strong> (+ 3,6 <strong>%<\/strong> rispetto al 2017)<\/li>\n<\/ul>\n<p>Secondo i dati al momento disponibili dagli aeroporti (<a href=\"http:\/\/www.assaeroporti.com\/\">Assaeroporti<\/a>) la crescita \u00e8 confermata anche per l\u2019inizio del 2019:<\/p>\n<ul>\n<li>Passeggeri: <strong>+ 4,9%<\/strong> rispetto a gennaio 2018<\/li>\n<li>Movimenti: <strong>+ 5%<\/strong> rispetto a gennaio 2018<\/li>\n<\/ul>\n<p><b><span style=\"font-size: 11.5pt; font-family: 'Arial',sans-serif;\">STIME DI CRESCITA DI EUROCONTROL E ADEGUAMENTO INFRASTRUTTURALE<\/span><\/b><\/p>\n<p>Secondo le stime di <a href=\"https:\/\/www.eurocontrol.int\/\">Eurocontrol<\/a>, nel <strong>2040 ci saranno 16,2 milioni di voli<\/strong> all\u2019anno con un <strong>aumento del 53%<\/strong> rispetto a oggi. Ci\u00f2 comporter\u00e0, per l\u2019<strong>area<\/strong> <strong>ECAC<\/strong>, u<strong>na crescita media annua del traffico aereo dell\u20191,9%. <\/strong><em>\u201cTale crescita non risulta adeguatamente supportata dagli interventi oggi programmati sugli scali europei<\/em> \u2013 si legge nella nota ENAC -. <em>Tutto il sistema aereo deve prepararsi per far fronte all\u2019incremento della domanda\u201d.<\/em><\/p>\n<p><b><span style=\"font-size: 11.5pt; font-family: 'Arial',sans-serif;\">SICUREZZA DEL VOLO NEL MONDO<\/span><\/b><\/p>\n<p>Nel mondo continuano a registrarsi <strong>ratei di incidenti molto bassi<\/strong>. Si riportano alcuni numeri medi relativi ai ratei con aeromobili di differenti generazioni.<\/p>\n<ul>\n<li>Gli aeromobili di <strong>prima generazione<\/strong>, a conduzione quasi esclusivamente manuale, avevano un rateo di circa 10 incidenti per milione di partenze.<\/li>\n<li>Nella <strong>seconda generazione<\/strong> sono stati inseriti sistemi automatici di pilotaggio e controllo della potenza del motore. Il rateo \u00e8 diventato di circa 2 incidenti per milione di partenze.<\/li>\n<li>Nella <strong>terza generazione<\/strong>, con la digitalizzazione degli strumenti e la navigazione automatica, si \u00e8 passati a un rateo di 0,16 incidenti per milione di partenze.<\/li>\n<li><strong>Nella quarta generazione<\/strong> sono arrivati i comandi di volo elettronici e la massiccia introduzione di computer che assistono il pilota in tutte le condizioni di volo. Il rateo \u00e8 diventato<strong> 0,08 incidenti per milione di partenze.<\/strong><\/li>\n<\/ul>\n<p><strong>STABILIT\u00c0 DEGLI INVESTIMENTI INFRASTRUTTURALI <\/strong><\/p>\n<p>I Contratti di programma in corso con gli aeroporti nazionali garantiscono la stabilit\u00e0 degli investimenti infrastrutturali.<\/p>\n<p>Nel periodo <strong>2012 \u2013 2016 i Contratti di Programma<\/strong> in deroga (sistemi aeroportuali di Roma e Milano e aeroporto di Venezia) hanno portato a <strong>1,82 miliardi<\/strong> di investimenti realizzati su 1,84 miliardi programmati.<\/p>\n<p>Nel periodo tra il <strong>2017 e il 2021<\/strong> sono previsti investimenti per i <strong>Contratti di Programma in deroga di 3 miliardi<\/strong>. Quelli pianificati per tutti gli altri <strong>scali sono 800 milioni<\/strong>.<\/p>\n<p>Il totale degli investimenti in questo periodo \u00e8 di <strong>3,8 miliardi di euro<\/strong>.<\/p>\n<p>Il <strong>Ministro Toninelli<\/strong>, inoltre, ha partecipato all\u2019avvio dei lavori del primo Consiglio di Amministrazione dell\u2019ENAC sotto la presidenza di <strong>Nicola Zaccheo<\/strong>. Il CdA dell\u2019Ente \u00e8 composto dalla prof.ssa <strong>Angela Stefania Bergantino<\/strong>, dall\u2019arch. <strong>Manlio Mele<\/strong>, dal dott. <strong>Alfredo Pallone<\/strong>, dalla dott.ssa <strong>Luisa Riccardi<\/strong>.<\/p>\n","protected":false},"excerpt":{"rendered":"<p>L\u2019Ente Nazionale per l\u2019Aviazione Civile &#8211; ENAC ha incontrato, insieme con il Ministro delle Infrastrutture e dei Trasporti Danilo Toninelli,<\/p>\n","protected":false},"author":1,"featured_media":2471,"comment_status":"closed","ping_status":"open","sticky":false,"template":"","format":"standard","meta":{"colormag_page_container_layout":"default_layout","colormag_page_sidebar_layout":"default_layout","footnotes":""},"categories":[32,4],"tags":[377,667,1069,370],"class_list":["post-3660","post","type-post","status-publish","format-standard","has-post-thumbnail","hentry","category-prima-pagina","category-istituzioni","tag-aviazione-civile","tag-ente-nazionale-per-laviazione-civile-enac","tag-ministro-danilo-toninelli","tag-trasporto-passeggeri"],"yoast_head":"<!-- This site is optimized with the Yoast SEO plugin v26.8 - https:\/\/yoast.com\/product\/yoast-seo-wordpress\/ -->\n<title>TONINELLI, AVIAZIONE: LA STAGIONE ESTIVA PARTE IN CRESCITA &#187; Spazio-News Magazine<\/title>\n<meta name=\"description\" content=\"L\u2019ENAC ha incontrato, insieme con il Ministro delle Infrastrutture e dei Trasporti Toninelli, gli operatori del settore, in occasione dell\" \/>\n<meta name=\"robots\" content=\"index, follow, max-snippet:-1, max-image-preview:large, max-video-preview:-1\" \/>\n<link rel=\"canonical\" href=\"http:\/\/spazio-news.it\/?p=3660\" \/>\n<meta property=\"og:locale\" content=\"it_IT\" \/>\n<meta property=\"og:type\" content=\"article\" \/>\n<meta property=\"og:title\" content=\"TONINELLI, AVIAZIONE: LA STAGIONE ESTIVA PARTE IN CRESCITA &#187; Spazio-News Magazine\" \/>\n<meta property=\"og:description\" content=\"L\u2019ENAC ha incontrato, insieme con il Ministro delle Infrastrutture e dei Trasporti Toninelli, gli operatori del settore, in occasione dell\" \/>\n<meta property=\"og:url\" content=\"http:\/\/spazio-news.it\/?p=3660\" \/>\n<meta property=\"og:site_name\" content=\"Spazio-News Magazine\" \/>\n<meta property=\"article:publisher\" content=\"https:\/\/m.facebook.com\/spazio-news-magazine\" \/>\n<meta property=\"article:author\" content=\"@SpazioNewsMagazine\" \/>\n<meta property=\"article:published_time\" content=\"2019-03-21T06:03:29+00:00\" \/>\n<meta property=\"og:image\" content=\"http:\/\/spazio-news.it\/wp-content\/uploads\/2018\/12\/Toninelli_Istituzioni_spazio-news-e1552831914842.jpg\" \/>\n\t<meta property=\"og:image:width\" content=\"800\" \/>\n\t<meta property=\"og:image:height\" content=\"446\" \/>\n\t<meta property=\"og:image:type\" content=\"image\/jpeg\" \/>\n<meta name=\"author\" content=\"Redazione\" \/>\n<meta name=\"twitter:card\" content=\"summary_large_image\" \/>\n<meta name=\"twitter:creator\" content=\"@news_spazio\" \/>\n<meta name=\"twitter:site\" content=\"@News_spazio\" \/>\n<meta name=\"twitter:label1\" content=\"Scritto da\" \/>\n\t<meta name=\"twitter:data1\" content=\"Redazione\" \/>\n\t<meta name=\"twitter:label2\" content=\"Tempo di lettura stimato\" \/>\n\t<meta name=\"twitter:data2\" content=\"4 minuti\" \/>\n<script type=\"application\/ld+json\" class=\"yoast-schema-graph\">{\"@context\":\"https:\/\/schema.org\",\"@graph\":[{\"@type\":\"NewsArticle\",\"@id\":\"http:\/\/spazio-news.it\/?p=3660#article\",\"isPartOf\":{\"@id\":\"http:\/\/spazio-news.it\/?p=3660\"},\"author\":{\"name\":\"Redazione\",\"@id\":\"http:\/\/spazio-news.it\/#\/schema\/person\/c600904e882e9e166ed8e5e3773d37b3\"},\"headline\":\"TONINELLI, AVIAZIONE: LA STAGIONE ESTIVA PARTE IN CRESCITA\",\"datePublished\":\"2019-03-21T06:03:29+00:00\",\"mainEntityOfPage\":{\"@id\":\"http:\/\/spazio-news.it\/?p=3660\"},\"wordCount\":886,\"publisher\":{\"@id\":\"http:\/\/spazio-news.it\/#organization\"},\"image\":{\"@id\":\"http:\/\/spazio-news.it\/?p=3660#primaryimage\"},\"thumbnailUrl\":\"http:\/\/spazio-news.it\/wp-content\/uploads\/2018\/12\/Toninelli_Istituzioni_spazio-news-e1552831914842.jpg\",\"keywords\":[\"aviazione civile\",\"Ente Nazionale Per l\u2019Aviazione Civile - Enac\",\"Ministro Danilo Toninelli\",\"trasporto passeggeri\"],\"articleSection\":[\"01 - PRIMA PAGINA\",\"03 - ISTITUZIONI\"],\"inLanguage\":\"it-IT\"},{\"@type\":\"WebPage\",\"@id\":\"http:\/\/spazio-news.it\/?p=3660\",\"url\":\"http:\/\/spazio-news.it\/?p=3660\",\"name\":\"TONINELLI, AVIAZIONE: LA STAGIONE ESTIVA PARTE IN CRESCITA &#187; Spazio-News Magazine\",\"isPartOf\":{\"@id\":\"http:\/\/spazio-news.it\/#website\"},\"primaryImageOfPage\":{\"@id\":\"http:\/\/spazio-news.it\/?p=3660#primaryimage\"},\"image\":{\"@id\":\"http:\/\/spazio-news.it\/?p=3660#primaryimage\"},\"thumbnailUrl\":\"http:\/\/spazio-news.it\/wp-content\/uploads\/2018\/12\/Toninelli_Istituzioni_spazio-news-e1552831914842.jpg\",\"datePublished\":\"2019-03-21T06:03:29+00:00\",\"description\":\"L\u2019ENAC ha incontrato, insieme con il Ministro delle Infrastrutture e dei Trasporti Toninelli, gli operatori del settore, in occasione dell\",\"breadcrumb\":{\"@id\":\"http:\/\/spazio-news.it\/?p=3660#breadcrumb\"},\"inLanguage\":\"it-IT\",\"potentialAction\":[{\"@type\":\"ReadAction\",\"target\":[\"http:\/\/spazio-news.it\/?p=3660\"]}]},{\"@type\":\"ImageObject\",\"inLanguage\":\"it-IT\",\"@id\":\"http:\/\/spazio-news.it\/?p=3660#primaryimage\",\"url\":\"http:\/\/spazio-news.it\/wp-content\/uploads\/2018\/12\/Toninelli_Istituzioni_spazio-news-e1552831914842.jpg\",\"contentUrl\":\"http:\/\/spazio-news.it\/wp-content\/uploads\/2018\/12\/Toninelli_Istituzioni_spazio-news-e1552831914842.jpg\",\"width\":800,\"height\":446,\"caption\":\"Toninelli_Istituzioni_spazio-news\"},{\"@type\":\"BreadcrumbList\",\"@id\":\"http:\/\/spazio-news.it\/?p=3660#breadcrumb\",\"itemListElement\":[{\"@type\":\"ListItem\",\"position\":1,\"name\":\"Home\",\"item\":\"http:\/\/spazio-news.it\/\"},{\"@type\":\"ListItem\",\"position\":2,\"name\":\"TONINELLI, AVIAZIONE: LA STAGIONE ESTIVA PARTE IN CRESCITA\"}]},{\"@type\":\"WebSite\",\"@id\":\"http:\/\/spazio-news.it\/#website\",\"url\":\"http:\/\/spazio-news.it\/\",\"name\":\"Spazio-News Magazine\",\"description\":\"La guida che sfida la complessit\u00e0 del mondo industriale\",\"publisher\":{\"@id\":\"http:\/\/spazio-news.it\/#organization\"},\"alternateName\":\"Spazio-news.it\",\"potentialAction\":[{\"@type\":\"SearchAction\",\"target\":{\"@type\":\"EntryPoint\",\"urlTemplate\":\"http:\/\/spazio-news.it\/?s={search_term_string}\"},\"query-input\":{\"@type\":\"PropertyValueSpecification\",\"valueRequired\":true,\"valueName\":\"search_term_string\"}}],\"inLanguage\":\"it-IT\"},{\"@type\":\"Organization\",\"@id\":\"http:\/\/spazio-news.it\/#organization\",\"name\":\"Spazio-News Magazine\",\"url\":\"http:\/\/spazio-news.it\/\",\"logo\":{\"@type\":\"ImageObject\",\"inLanguage\":\"it-IT\",\"@id\":\"http:\/\/spazio-news.it\/#\/schema\/logo\/image\/\",\"url\":\"http:\/\/spazio-news.it\/wp-content\/uploads\/2023\/09\/Logo-Spazio-News-512-x-512-NO-testo.jpg\",\"contentUrl\":\"http:\/\/spazio-news.it\/wp-content\/uploads\/2023\/09\/Logo-Spazio-News-512-x-512-NO-testo.jpg\",\"width\":512,\"height\":512,\"caption\":\"Spazio-News Magazine\"},\"image\":{\"@id\":\"http:\/\/spazio-news.it\/#\/schema\/logo\/image\/\"},\"sameAs\":[\"https:\/\/m.facebook.com\/spazio-news-magazine\",\"https:\/\/x.com\/News_spazio\"]},{\"@type\":\"Person\",\"@id\":\"http:\/\/spazio-news.it\/#\/schema\/person\/c600904e882e9e166ed8e5e3773d37b3\",\"name\":\"Redazione\",\"sameAs\":[\"http:\/\/spazio-news.it\",\"@SpazioNewsMagazine\",\"https:\/\/x.com\/@news_spazio\"],\"url\":\"http:\/\/spazio-news.it\/?author=1\"}]}<\/script>\n<!-- \/ Yoast SEO plugin. -->","yoast_head_json":{"title":"TONINELLI, AVIAZIONE: LA STAGIONE ESTIVA PARTE IN CRESCITA &#187; Spazio-News Magazine","description":"L\u2019ENAC ha incontrato, insieme con il Ministro delle Infrastrutture e dei Trasporti Toninelli, gli operatori del settore, in occasione dell","robots":{"index":"index","follow":"follow","max-snippet":"max-snippet:-1","max-image-preview":"max-image-preview:large","max-video-preview":"max-video-preview:-1"},"canonical":"http:\/\/spazio-news.it\/?p=3660","og_locale":"it_IT","og_type":"article","og_title":"TONINELLI, AVIAZIONE: LA STAGIONE ESTIVA PARTE IN CRESCITA &#187; Spazio-News Magazine","og_description":"L\u2019ENAC ha incontrato, insieme con il Ministro delle Infrastrutture e dei Trasporti Toninelli, gli operatori del settore, in occasione dell","og_url":"http:\/\/spazio-news.it\/?p=3660","og_site_name":"Spazio-News Magazine","article_publisher":"https:\/\/m.facebook.com\/spazio-news-magazine","article_author":"@SpazioNewsMagazine","article_published_time":"2019-03-21T06:03:29+00:00","og_image":[{"width":800,"height":446,"url":"http:\/\/spazio-news.it\/wp-content\/uploads\/2018\/12\/Toninelli_Istituzioni_spazio-news-e1552831914842.jpg","type":"image\/jpeg"}],"author":"Redazione","twitter_card":"summary_large_image","twitter_creator":"@news_spazio","twitter_site":"@News_spazio","twitter_misc":{"Scritto da":"Redazione","Tempo di lettura stimato":"4 minuti"},"schema":{"@context":"https:\/\/schema.org","@graph":[{"@type":"NewsArticle","@id":"http:\/\/spazio-news.it\/?p=3660#article","isPartOf":{"@id":"http:\/\/spazio-news.it\/?p=3660"},"author":{"name":"Redazione","@id":"http:\/\/spazio-news.it\/#\/schema\/person\/c600904e882e9e166ed8e5e3773d37b3"},"headline":"TONINELLI, AVIAZIONE: LA STAGIONE ESTIVA PARTE IN CRESCITA","datePublished":"2019-03-21T06:03:29+00:00","mainEntityOfPage":{"@id":"http:\/\/spazio-news.it\/?p=3660"},"wordCount":886,"publisher":{"@id":"http:\/\/spazio-news.it\/#organization"},"image":{"@id":"http:\/\/spazio-news.it\/?p=3660#primaryimage"},"thumbnailUrl":"http:\/\/spazio-news.it\/wp-content\/uploads\/2018\/12\/Toninelli_Istituzioni_spazio-news-e1552831914842.jpg","keywords":["aviazione civile","Ente Nazionale Per l\u2019Aviazione Civile - Enac","Ministro Danilo Toninelli","trasporto passeggeri"],"articleSection":["01 - PRIMA PAGINA","03 - ISTITUZIONI"],"inLanguage":"it-IT"},{"@type":"WebPage","@id":"http:\/\/spazio-news.it\/?p=3660","url":"http:\/\/spazio-news.it\/?p=3660","name":"TONINELLI, AVIAZIONE: LA STAGIONE ESTIVA PARTE IN CRESCITA &#187; Spazio-News Magazine","isPartOf":{"@id":"http:\/\/spazio-news.it\/#website"},"primaryImageOfPage":{"@id":"http:\/\/spazio-news.it\/?p=3660#primaryimage"},"image":{"@id":"http:\/\/spazio-news.it\/?p=3660#primaryimage"},"thumbnailUrl":"http:\/\/spazio-news.it\/wp-content\/uploads\/2018\/12\/Toninelli_Istituzioni_spazio-news-e1552831914842.jpg","datePublished":"2019-03-21T06:03:29+00:00","description":"L\u2019ENAC ha incontrato, insieme con il Ministro delle Infrastrutture e dei Trasporti Toninelli, gli operatori del settore, in occasione dell","breadcrumb":{"@id":"http:\/\/spazio-news.it\/?p=3660#breadcrumb"},"inLanguage":"it-IT","potentialAction":[{"@type":"ReadAction","target":["http:\/\/spazio-news.it\/?p=3660"]}]},{"@type":"ImageObject","inLanguage":"it-IT","@id":"http:\/\/spazio-news.it\/?p=3660#primaryimage","url":"http:\/\/spazio-news.it\/wp-content\/uploads\/2018\/12\/Toninelli_Istituzioni_spazio-news-e1552831914842.jpg","contentUrl":"http:\/\/spazio-news.it\/wp-content\/uploads\/2018\/12\/Toninelli_Istituzioni_spazio-news-e1552831914842.jpg","width":800,"height":446,"caption":"Toninelli_Istituzioni_spazio-news"},{"@type":"BreadcrumbList","@id":"http:\/\/spazio-news.it\/?p=3660#breadcrumb","itemListElement":[{"@type":"ListItem","position":1,"name":"Home","item":"http:\/\/spazio-news.it\/"},{"@type":"ListItem","position":2,"name":"TONINELLI, AVIAZIONE: LA STAGIONE ESTIVA PARTE IN CRESCITA"}]},{"@type":"WebSite","@id":"http:\/\/spazio-news.it\/#website","url":"http:\/\/spazio-news.it\/","name":"Spazio-News Magazine","description":"La guida che sfida la complessit\u00e0 del mondo industriale","publisher":{"@id":"http:\/\/spazio-news.it\/#organization"},"alternateName":"Spazio-news.it","potentialAction":[{"@type":"SearchAction","target":{"@type":"EntryPoint","urlTemplate":"http:\/\/spazio-news.it\/?s={search_term_string}"},"query-input":{"@type":"PropertyValueSpecification","valueRequired":true,"valueName":"search_term_string"}}],"inLanguage":"it-IT"},{"@type":"Organization","@id":"http:\/\/spazio-news.it\/#organization","name":"Spazio-News Magazine","url":"http:\/\/spazio-news.it\/","logo":{"@type":"ImageObject","inLanguage":"it-IT","@id":"http:\/\/spazio-news.it\/#\/schema\/logo\/image\/","url":"http:\/\/spazio-news.it\/wp-content\/uploads\/2023\/09\/Logo-Spazio-News-512-x-512-NO-testo.jpg","contentUrl":"http:\/\/spazio-news.it\/wp-content\/uploads\/2023\/09\/Logo-Spazio-News-512-x-512-NO-testo.jpg","width":512,"height":512,"caption":"Spazio-News Magazine"},"image":{"@id":"http:\/\/spazio-news.it\/#\/schema\/logo\/image\/"},"sameAs":["https:\/\/m.facebook.com\/spazio-news-magazine","https:\/\/x.com\/News_spazio"]},{"@type":"Person","@id":"http:\/\/spazio-news.it\/#\/schema\/person\/c600904e882e9e166ed8e5e3773d37b3","name":"Redazione","sameAs":["http:\/\/spazio-news.it","@SpazioNewsMagazine","https:\/\/x.com\/@news_spazio"],"url":"http:\/\/spazio-news.it\/?author=1"}]}},"_links":{"self":[{"href":"http:\/\/spazio-news.it\/index.php?rest_route=\/wp\/v2\/posts\/3660","targetHints":{"allow":["GET"]}}],"collection":[{"href":"http:\/\/spazio-news.it\/index.php?rest_route=\/wp\/v2\/posts"}],"about":[{"href":"http:\/\/spazio-news.it\/index.php?rest_route=\/wp\/v2\/types\/post"}],"author":[{"embeddable":true,"href":"http:\/\/spazio-news.it\/index.php?rest_route=\/wp\/v2\/users\/1"}],"replies":[{"embeddable":true,"href":"http:\/\/spazio-news.it\/index.php?rest_route=%2Fwp%2Fv2%2Fcomments&post=3660"}],"version-history":[{"count":2,"href":"http:\/\/spazio-news.it\/index.php?rest_route=\/wp\/v2\/posts\/3660\/revisions"}],"predecessor-version":[{"id":3663,"href":"http:\/\/spazio-news.it\/index.php?rest_route=\/wp\/v2\/posts\/3660\/revisions\/3663"}],"wp:featuredmedia":[{"embeddable":true,"href":"http:\/\/spazio-news.it\/index.php?rest_route=\/wp\/v2\/media\/2471"}],"wp:attachment":[{"href":"http:\/\/spazio-news.it\/index.php?rest_route=%2Fwp%2Fv2%2Fmedia&parent=3660"}],"wp:term":[{"taxonomy":"category","embeddable":true,"href":"http:\/\/spazio-news.it\/index.php?rest_route=%2Fwp%2Fv2%2Fcategories&post=3660"},{"taxonomy":"post_tag","embeddable":true,"href":"http:\/\/spazio-news.it\/index.php?rest_route=%2Fwp%2Fv2%2Ftags&post=3660"}],"curies":[{"name":"wp","href":"https:\/\/api.w.org\/{rel}","templated":true}]}}