{"id":3711,"date":"2019-03-29T04:26:14","date_gmt":"2019-03-29T03:26:14","guid":{"rendered":"http:\/\/spazio-news.it\/?p=3711"},"modified":"2019-03-22T21:33:55","modified_gmt":"2019-03-22T20:33:55","slug":"boeing-embraer-riorganizzata-la-struttura-di-comando","status":"publish","type":"post","link":"http:\/\/spazio-news.it\/?p=3711","title":{"rendered":"BOEING-EMBRAER: RIORGANIZZATA LA STRUTTURA DI COMANDO"},"content":{"rendered":"<p><a href=\"http:\/\/www.boeing.com\/\">Boeing<\/a> ha annunciato tre <strong>cambiamenti al vertice<\/strong> volti a rafforzare ulteriormente la <strong>presenza globale<\/strong> dell\u2019azienda e le partnership:<\/p>\n<ul>\n<li><strong>Marc Allen<\/strong> nominato <strong>Senior Vice President Boeing<\/strong> e <strong>Presidente di Embraer Partnership<\/strong> <strong>e Group Operations<\/strong>;<\/li>\n<li><strong>Sir Michael Arthur<\/strong> nominato <strong>presidente di Boeing International<\/strong>;<\/li>\n<li><strong>John Slattery<\/strong> diventa <strong>presidente<\/strong> e <strong>amministratore<\/strong> <strong>delegato<\/strong> della <strong>joint venture<\/strong> di aviazione commerciale e servizi tra <strong>Boeing<\/strong> ed <strong>Embraer<\/strong>.<\/li>\n<\/ul>\n<p><strong>Marc Allen<\/strong>, 45 anni, <strong>attuale presidente di Boeing International<\/strong>, \u00e8 stato nominato <strong>Senior Vice President di Boeing<\/strong> e <strong>Presidente di Embraer Partnership e Group Operations<\/strong>. Allen, che riporta a Dennis Muilenburg, Presidente e CEO di Boeing, diventa <strong>responsabile di Boeing per la messa in atto dell\u2019integrazione delle operazioni tra Embraer e Boeing<\/strong> e, una volta che l\u2019accordo sar\u00e0 concluso, dell\u2019esecuzione, performance finanziaria e crescita degli asset relative alla partnership con Embraer. Continuer\u00e0 a svolgere le sue funzioni di membro dell\u2019Executive Council di Boeing. Il passaggio al nuovo ruolo diventer\u00e0 effettivo dal 22 aprile.<\/p>\n<p>A <strong>dicembre 2018<\/strong> <strong>Boeing<\/strong> ed <strong>Embraer<\/strong> avevano annunciato l\u2019approvazione dei termini di <strong>due joint venture<\/strong>, una per l\u2019<strong>aviazione commerciale <\/strong>e una sul <strong>KC-390,<\/strong> e il <strong>governo brasiliano<\/strong> ha approvato entrambe a <strong>gennaio 2019<\/strong>. Subito dopo, il <strong>consiglio di amministrazione di Embraer<\/strong> ha approvato il suo sostegno all\u2019accordo e gli <strong>azionisti Embraer<\/strong> l\u2019hanno approvato a <strong>febbraio<\/strong>. <strong>Boeing<\/strong> avr\u00e0 l\u2019<strong>80% della quota di azioni della nuova azienda <\/strong>di aerei commerciali ed <strong>Embraer il restante 20%<\/strong>. Alla chiusura dell\u2019accordo, <strong>Allen sar\u00e0 al commando del Board della nuova azienda<\/strong>. <strong>Embraer<\/strong> <strong>deterr\u00e0 il 51% di quote della joint venture sul KC-390<\/strong>, e Boeing il restante 49%. Allen sar\u00e0 il presidente della joint venture sul <strong>KC-390<\/strong>. La chiusura della transazione \u00e8 soggetta adesso all\u2019ottenimento delle approvazioni normative e alla soddisfazione di altre condizioni di chiusura consuete, che Boeing ed Embraer contano di ottenere entro la fine del 2019.<\/p>\n<p><em>\u201cL\u2019esperienza globale di Marc e le sue relazioni, la profonda conoscenza della nostra industria e la passione per le persone lo rendono straordinariamente qualificato per guidare l\u2019integrazione di queste due aziende iconiche\u201d,<\/em> ha commentato Muilenburg.<\/p>\n<p>Allen, entrato in Boeing nel 2007, \u00e8 stato presidente di Boeing International negli ultimi quattro anni, guidando la strategia di crescita globale dell\u2019azienda e le operazioni corporate. In precedenza, Allen ha ricoperto numerosi ruoli apicali tra i quali presidente di Boeing Capital Corporation, presidente di Boeing China, vice presidente Global Law Affairs e general counsel di Boeing International. Prima di Boeing, Allen ha esercitato la professione legale a Washington ed \u00e8 stato segretario dell\u2019ex Segretario della Corte Suprema di Giustizia degli Stati Uniti, Anthony Kennedy.<\/p>\n<p><strong>Sir Michael Arthur<\/strong>, 68 anni, attuale <strong>presidente di Boeing Europa<\/strong> e <strong>managing director di Boeing Inghilterra e Irlanda<\/strong>, sar\u00e0 il <strong>successore di Allen<\/strong> in qualit\u00e0 di <strong>presidente di Boeing International<\/strong>. Il cambiamento sar\u00e0 effettivo il 22 aprile.<\/p>\n<p>Come presidente di Boeing International, Arthur entrer\u00e0 nel Consiglio Esecutivo, primo cittadino non americano a entrare nel gruppo, e riporter\u00e0 a Muilenburg. <strong>Arthur sar\u00e0 a capo della strategia globale aziendale e delle operazioni corporate fuori dagli Stati Uniti<\/strong>, sovrintendendo a 18 uffici regionali in mercati globali chiave. Arthur manterr\u00e0 l\u2019ufficio a Londra e Arlington.<\/p>\n<p><em>\u201cSir Michael Arthur \u00e8 una voce autorevole sulle questioni internazionali ed \u00e8 stato fondamentale nell\u2019aiutare Boeing a diventare un\u2019azienda pi\u00f9 globale negli ultimi anni &#8211; <\/em>ha aggiunto Muilenburg -. <em>Grazie alle conoscenze e alle relazioni che ha sviluppato nel corso di decenni, la nomina di Sir Michael ai nostri ranghi pi\u00f9 elevati accelerer\u00e0 ulteriormente il nostro progresso per diventare leader non solo nell\u2019aerospazio, ma campioni industriali globali\u201d.<\/em><\/p>\n<p>Prima di entrare in Boeing nel 2014 Arthur, cittadino britannico, ha trascorso trent\u2019anni nel servizio governativo internazionale con il British Diplomatic Service of the Foreign Commonwealth Office, compreso il ruolo di ambasciatore inglese in Germania e alto commissario britannico in India.<\/p>\n<p><strong>John Slattery<\/strong>, 50 anni, <strong>attuale presidente e amministratore delegato di Embraer Commercial Aviation ed executive vice president di Embraer S.A.<\/strong>, \u00e8 stato nominato <strong>presidente e amministratore delegato della joint venture per l\u2019aviazione commerciale e servizi tra Boeing ed Embraer<\/strong>. Questa posizione \u00e8 soggetta alla nomina formale da parte del Consiglio di Amministrazione della joint venture dopo la chiusura dell\u2019accordo. Una volta approvata, Slattery riporter\u00e0 ad Allen in qualit\u00e0 di <strong>presidente del board della nuova azienda<\/strong>.<\/p>\n<p>Slattery \u00e8 entrato in Boeing nel 2011 come senior vice president responsabile del customer finance, degli asset e della gestione del rischio. Nel 2016 \u00e8 stato eletto presidente e amministratore delegato di Embraer Commercial Aviation ed executive vice president di Embraer S.A. Prima di Embraer, ha svolto per 15 anni ruoli nell\u2019advisory dell\u2019aviazione commerciale, del leasing e delle organizzazioni bancarie.<\/p>\n","protected":false},"excerpt":{"rendered":"<p>Boeing ha annunciato tre cambiamenti al vertice volti a rafforzare ulteriormente la presenza globale dell\u2019azienda e le partnership: Marc Allen<\/p>\n","protected":false},"author":1,"featured_media":1526,"comment_status":"closed","ping_status":"open","sticky":false,"template":"","format":"standard","meta":{"colormag_page_container_layout":"default_layout","colormag_page_sidebar_layout":"default_layout","footnotes":""},"categories":[32,3],"tags":[172,1026,2386,1165,2388,2387],"class_list":["post-3711","post","type-post","status-publish","format-standard","has-post-thumbnail","hentry","category-prima-pagina","category-industria","tag-boeing","tag-embraer","tag-john-slattery","tag-kc-390","tag-marc-allen","tag-michael-arthur"],"yoast_head":"<!-- This site is optimized with the Yoast SEO plugin v26.8 - https:\/\/yoast.com\/product\/yoast-seo-wordpress\/ -->\n<title>BOEING-EMBRAER: RIORGANIZZATA LA STRUTTURA DI COMANDO &#187; Spazio-News Magazine<\/title>\n<meta name=\"description\" content=\"Boeing ha annunciato tre cambiamenti al vertice volti a rafforzare ulteriormente la presenza globale dell\u2019azienda e le partnership: Allen\" \/>\n<meta name=\"robots\" content=\"index, follow, max-snippet:-1, max-image-preview:large, max-video-preview:-1\" \/>\n<link rel=\"canonical\" href=\"http:\/\/spazio-news.it\/?p=3711\" \/>\n<meta property=\"og:locale\" content=\"it_IT\" \/>\n<meta property=\"og:type\" content=\"article\" \/>\n<meta property=\"og:title\" content=\"BOEING-EMBRAER: RIORGANIZZATA LA STRUTTURA DI COMANDO &#187; Spazio-News Magazine\" \/>\n<meta property=\"og:description\" content=\"Boeing ha annunciato tre cambiamenti al vertice volti a rafforzare ulteriormente la presenza globale dell\u2019azienda e le partnership: Allen\" \/>\n<meta property=\"og:url\" content=\"http:\/\/spazio-news.it\/?p=3711\" \/>\n<meta property=\"og:site_name\" content=\"Spazio-News Magazine\" \/>\n<meta property=\"article:publisher\" content=\"https:\/\/m.facebook.com\/spazio-news-magazine\" \/>\n<meta property=\"article:author\" content=\"@SpazioNewsMagazine\" \/>\n<meta property=\"article:published_time\" content=\"2019-03-29T03:26:14+00:00\" \/>\n<meta property=\"og:image\" content=\"http:\/\/spazio-news.it\/wp-content\/uploads\/2018\/10\/Boeing-Head-Quarter-USA.png\" \/>\n\t<meta property=\"og:image:width\" content=\"800\" \/>\n\t<meta property=\"og:image:height\" content=\"446\" \/>\n\t<meta property=\"og:image:type\" content=\"image\/png\" \/>\n<meta name=\"author\" content=\"Redazione\" \/>\n<meta name=\"twitter:card\" content=\"summary_large_image\" \/>\n<meta name=\"twitter:creator\" content=\"@news_spazio\" \/>\n<meta name=\"twitter:site\" content=\"@News_spazio\" \/>\n<meta name=\"twitter:label1\" content=\"Scritto da\" \/>\n\t<meta name=\"twitter:data1\" content=\"Redazione\" \/>\n\t<meta name=\"twitter:label2\" content=\"Tempo di lettura stimato\" \/>\n\t<meta name=\"twitter:data2\" content=\"4 minuti\" \/>\n<script type=\"application\/ld+json\" class=\"yoast-schema-graph\">{\"@context\":\"https:\/\/schema.org\",\"@graph\":[{\"@type\":\"NewsArticle\",\"@id\":\"http:\/\/spazio-news.it\/?p=3711#article\",\"isPartOf\":{\"@id\":\"http:\/\/spazio-news.it\/?p=3711\"},\"author\":{\"name\":\"Redazione\",\"@id\":\"https:\/\/spazio-news.it\/#\/schema\/person\/c600904e882e9e166ed8e5e3773d37b3\"},\"headline\":\"BOEING-EMBRAER: RIORGANIZZATA LA STRUTTURA DI COMANDO\",\"datePublished\":\"2019-03-29T03:26:14+00:00\",\"mainEntityOfPage\":{\"@id\":\"http:\/\/spazio-news.it\/?p=3711\"},\"wordCount\":754,\"publisher\":{\"@id\":\"https:\/\/spazio-news.it\/#organization\"},\"image\":{\"@id\":\"http:\/\/spazio-news.it\/?p=3711#primaryimage\"},\"thumbnailUrl\":\"http:\/\/spazio-news.it\/wp-content\/uploads\/2018\/10\/Boeing-Head-Quarter-USA.png\",\"keywords\":[\"Boeing\",\"Embraer\",\"John Slattery\",\"KC-390\",\"Marc Allen\",\"Michael Arthur\"],\"articleSection\":[\"01 - PRIMA PAGINA\",\"02 - INDUSTRIA\"],\"inLanguage\":\"it-IT\"},{\"@type\":\"WebPage\",\"@id\":\"http:\/\/spazio-news.it\/?p=3711\",\"url\":\"http:\/\/spazio-news.it\/?p=3711\",\"name\":\"BOEING-EMBRAER: RIORGANIZZATA LA STRUTTURA DI COMANDO &#187; Spazio-News Magazine\",\"isPartOf\":{\"@id\":\"https:\/\/spazio-news.it\/#website\"},\"primaryImageOfPage\":{\"@id\":\"http:\/\/spazio-news.it\/?p=3711#primaryimage\"},\"image\":{\"@id\":\"http:\/\/spazio-news.it\/?p=3711#primaryimage\"},\"thumbnailUrl\":\"http:\/\/spazio-news.it\/wp-content\/uploads\/2018\/10\/Boeing-Head-Quarter-USA.png\",\"datePublished\":\"2019-03-29T03:26:14+00:00\",\"description\":\"Boeing ha annunciato tre cambiamenti al vertice volti a rafforzare ulteriormente la presenza globale dell\u2019azienda e le partnership: Allen\",\"breadcrumb\":{\"@id\":\"http:\/\/spazio-news.it\/?p=3711#breadcrumb\"},\"inLanguage\":\"it-IT\",\"potentialAction\":[{\"@type\":\"ReadAction\",\"target\":[\"http:\/\/spazio-news.it\/?p=3711\"]}]},{\"@type\":\"ImageObject\",\"inLanguage\":\"it-IT\",\"@id\":\"http:\/\/spazio-news.it\/?p=3711#primaryimage\",\"url\":\"http:\/\/spazio-news.it\/wp-content\/uploads\/2018\/10\/Boeing-Head-Quarter-USA.png\",\"contentUrl\":\"http:\/\/spazio-news.it\/wp-content\/uploads\/2018\/10\/Boeing-Head-Quarter-USA.png\",\"width\":800,\"height\":446,\"caption\":\"Boeing Head Quarter USA\"},{\"@type\":\"BreadcrumbList\",\"@id\":\"http:\/\/spazio-news.it\/?p=3711#breadcrumb\",\"itemListElement\":[{\"@type\":\"ListItem\",\"position\":1,\"name\":\"Home\",\"item\":\"https:\/\/spazio-news.it\/\"},{\"@type\":\"ListItem\",\"position\":2,\"name\":\"BOEING-EMBRAER: RIORGANIZZATA LA STRUTTURA DI COMANDO\"}]},{\"@type\":\"WebSite\",\"@id\":\"https:\/\/spazio-news.it\/#website\",\"url\":\"https:\/\/spazio-news.it\/\",\"name\":\"Spazio-News Magazine\",\"description\":\"La guida che sfida la complessit\u00e0 del mondo industriale\",\"publisher\":{\"@id\":\"https:\/\/spazio-news.it\/#organization\"},\"alternateName\":\"Spazio-news.it\",\"potentialAction\":[{\"@type\":\"SearchAction\",\"target\":{\"@type\":\"EntryPoint\",\"urlTemplate\":\"https:\/\/spazio-news.it\/?s={search_term_string}\"},\"query-input\":{\"@type\":\"PropertyValueSpecification\",\"valueRequired\":true,\"valueName\":\"search_term_string\"}}],\"inLanguage\":\"it-IT\"},{\"@type\":\"Organization\",\"@id\":\"https:\/\/spazio-news.it\/#organization\",\"name\":\"Spazio-News Magazine\",\"url\":\"https:\/\/spazio-news.it\/\",\"logo\":{\"@type\":\"ImageObject\",\"inLanguage\":\"it-IT\",\"@id\":\"https:\/\/spazio-news.it\/#\/schema\/logo\/image\/\",\"url\":\"http:\/\/spazio-news.it\/wp-content\/uploads\/2023\/09\/Logo-Spazio-News-512-x-512-NO-testo.jpg\",\"contentUrl\":\"http:\/\/spazio-news.it\/wp-content\/uploads\/2023\/09\/Logo-Spazio-News-512-x-512-NO-testo.jpg\",\"width\":512,\"height\":512,\"caption\":\"Spazio-News Magazine\"},\"image\":{\"@id\":\"https:\/\/spazio-news.it\/#\/schema\/logo\/image\/\"},\"sameAs\":[\"https:\/\/m.facebook.com\/spazio-news-magazine\",\"https:\/\/x.com\/News_spazio\"]},{\"@type\":\"Person\",\"@id\":\"https:\/\/spazio-news.it\/#\/schema\/person\/c600904e882e9e166ed8e5e3773d37b3\",\"name\":\"Redazione\",\"sameAs\":[\"http:\/\/spazio-news.it\",\"@SpazioNewsMagazine\",\"https:\/\/x.com\/@news_spazio\"],\"url\":\"http:\/\/spazio-news.it\/?author=1\"}]}<\/script>\n<!-- \/ Yoast SEO plugin. -->","yoast_head_json":{"title":"BOEING-EMBRAER: RIORGANIZZATA LA STRUTTURA DI COMANDO &#187; Spazio-News Magazine","description":"Boeing ha annunciato tre cambiamenti al vertice volti a rafforzare ulteriormente la presenza globale dell\u2019azienda e le partnership: Allen","robots":{"index":"index","follow":"follow","max-snippet":"max-snippet:-1","max-image-preview":"max-image-preview:large","max-video-preview":"max-video-preview:-1"},"canonical":"http:\/\/spazio-news.it\/?p=3711","og_locale":"it_IT","og_type":"article","og_title":"BOEING-EMBRAER: RIORGANIZZATA LA STRUTTURA DI COMANDO &#187; Spazio-News Magazine","og_description":"Boeing ha annunciato tre cambiamenti al vertice volti a rafforzare ulteriormente la presenza globale dell\u2019azienda e le partnership: Allen","og_url":"http:\/\/spazio-news.it\/?p=3711","og_site_name":"Spazio-News Magazine","article_publisher":"https:\/\/m.facebook.com\/spazio-news-magazine","article_author":"@SpazioNewsMagazine","article_published_time":"2019-03-29T03:26:14+00:00","og_image":[{"width":800,"height":446,"url":"http:\/\/spazio-news.it\/wp-content\/uploads\/2018\/10\/Boeing-Head-Quarter-USA.png","type":"image\/png"}],"author":"Redazione","twitter_card":"summary_large_image","twitter_creator":"@news_spazio","twitter_site":"@News_spazio","twitter_misc":{"Scritto da":"Redazione","Tempo di lettura stimato":"4 minuti"},"schema":{"@context":"https:\/\/schema.org","@graph":[{"@type":"NewsArticle","@id":"http:\/\/spazio-news.it\/?p=3711#article","isPartOf":{"@id":"http:\/\/spazio-news.it\/?p=3711"},"author":{"name":"Redazione","@id":"https:\/\/spazio-news.it\/#\/schema\/person\/c600904e882e9e166ed8e5e3773d37b3"},"headline":"BOEING-EMBRAER: RIORGANIZZATA LA STRUTTURA DI COMANDO","datePublished":"2019-03-29T03:26:14+00:00","mainEntityOfPage":{"@id":"http:\/\/spazio-news.it\/?p=3711"},"wordCount":754,"publisher":{"@id":"https:\/\/spazio-news.it\/#organization"},"image":{"@id":"http:\/\/spazio-news.it\/?p=3711#primaryimage"},"thumbnailUrl":"http:\/\/spazio-news.it\/wp-content\/uploads\/2018\/10\/Boeing-Head-Quarter-USA.png","keywords":["Boeing","Embraer","John Slattery","KC-390","Marc Allen","Michael Arthur"],"articleSection":["01 - PRIMA PAGINA","02 - INDUSTRIA"],"inLanguage":"it-IT"},{"@type":"WebPage","@id":"http:\/\/spazio-news.it\/?p=3711","url":"http:\/\/spazio-news.it\/?p=3711","name":"BOEING-EMBRAER: RIORGANIZZATA LA STRUTTURA DI COMANDO &#187; Spazio-News Magazine","isPartOf":{"@id":"https:\/\/spazio-news.it\/#website"},"primaryImageOfPage":{"@id":"http:\/\/spazio-news.it\/?p=3711#primaryimage"},"image":{"@id":"http:\/\/spazio-news.it\/?p=3711#primaryimage"},"thumbnailUrl":"http:\/\/spazio-news.it\/wp-content\/uploads\/2018\/10\/Boeing-Head-Quarter-USA.png","datePublished":"2019-03-29T03:26:14+00:00","description":"Boeing ha annunciato tre cambiamenti al vertice volti a rafforzare ulteriormente la presenza globale dell\u2019azienda e le partnership: Allen","breadcrumb":{"@id":"http:\/\/spazio-news.it\/?p=3711#breadcrumb"},"inLanguage":"it-IT","potentialAction":[{"@type":"ReadAction","target":["http:\/\/spazio-news.it\/?p=3711"]}]},{"@type":"ImageObject","inLanguage":"it-IT","@id":"http:\/\/spazio-news.it\/?p=3711#primaryimage","url":"http:\/\/spazio-news.it\/wp-content\/uploads\/2018\/10\/Boeing-Head-Quarter-USA.png","contentUrl":"http:\/\/spazio-news.it\/wp-content\/uploads\/2018\/10\/Boeing-Head-Quarter-USA.png","width":800,"height":446,"caption":"Boeing Head Quarter USA"},{"@type":"BreadcrumbList","@id":"http:\/\/spazio-news.it\/?p=3711#breadcrumb","itemListElement":[{"@type":"ListItem","position":1,"name":"Home","item":"https:\/\/spazio-news.it\/"},{"@type":"ListItem","position":2,"name":"BOEING-EMBRAER: RIORGANIZZATA LA STRUTTURA DI COMANDO"}]},{"@type":"WebSite","@id":"https:\/\/spazio-news.it\/#website","url":"https:\/\/spazio-news.it\/","name":"Spazio-News Magazine","description":"La guida che sfida la complessit\u00e0 del mondo industriale","publisher":{"@id":"https:\/\/spazio-news.it\/#organization"},"alternateName":"Spazio-news.it","potentialAction":[{"@type":"SearchAction","target":{"@type":"EntryPoint","urlTemplate":"https:\/\/spazio-news.it\/?s={search_term_string}"},"query-input":{"@type":"PropertyValueSpecification","valueRequired":true,"valueName":"search_term_string"}}],"inLanguage":"it-IT"},{"@type":"Organization","@id":"https:\/\/spazio-news.it\/#organization","name":"Spazio-News Magazine","url":"https:\/\/spazio-news.it\/","logo":{"@type":"ImageObject","inLanguage":"it-IT","@id":"https:\/\/spazio-news.it\/#\/schema\/logo\/image\/","url":"http:\/\/spazio-news.it\/wp-content\/uploads\/2023\/09\/Logo-Spazio-News-512-x-512-NO-testo.jpg","contentUrl":"http:\/\/spazio-news.it\/wp-content\/uploads\/2023\/09\/Logo-Spazio-News-512-x-512-NO-testo.jpg","width":512,"height":512,"caption":"Spazio-News Magazine"},"image":{"@id":"https:\/\/spazio-news.it\/#\/schema\/logo\/image\/"},"sameAs":["https:\/\/m.facebook.com\/spazio-news-magazine","https:\/\/x.com\/News_spazio"]},{"@type":"Person","@id":"https:\/\/spazio-news.it\/#\/schema\/person\/c600904e882e9e166ed8e5e3773d37b3","name":"Redazione","sameAs":["http:\/\/spazio-news.it","@SpazioNewsMagazine","https:\/\/x.com\/@news_spazio"],"url":"http:\/\/spazio-news.it\/?author=1"}]}},"_links":{"self":[{"href":"http:\/\/spazio-news.it\/index.php?rest_route=\/wp\/v2\/posts\/3711","targetHints":{"allow":["GET"]}}],"collection":[{"href":"http:\/\/spazio-news.it\/index.php?rest_route=\/wp\/v2\/posts"}],"about":[{"href":"http:\/\/spazio-news.it\/index.php?rest_route=\/wp\/v2\/types\/post"}],"author":[{"embeddable":true,"href":"http:\/\/spazio-news.it\/index.php?rest_route=\/wp\/v2\/users\/1"}],"replies":[{"embeddable":true,"href":"http:\/\/spazio-news.it\/index.php?rest_route=%2Fwp%2Fv2%2Fcomments&post=3711"}],"version-history":[{"count":1,"href":"http:\/\/spazio-news.it\/index.php?rest_route=\/wp\/v2\/posts\/3711\/revisions"}],"predecessor-version":[{"id":3712,"href":"http:\/\/spazio-news.it\/index.php?rest_route=\/wp\/v2\/posts\/3711\/revisions\/3712"}],"wp:featuredmedia":[{"embeddable":true,"href":"http:\/\/spazio-news.it\/index.php?rest_route=\/wp\/v2\/media\/1526"}],"wp:attachment":[{"href":"http:\/\/spazio-news.it\/index.php?rest_route=%2Fwp%2Fv2%2Fmedia&parent=3711"}],"wp:term":[{"taxonomy":"category","embeddable":true,"href":"http:\/\/spazio-news.it\/index.php?rest_route=%2Fwp%2Fv2%2Fcategories&post=3711"},{"taxonomy":"post_tag","embeddable":true,"href":"http:\/\/spazio-news.it\/index.php?rest_route=%2Fwp%2Fv2%2Ftags&post=3711"}],"curies":[{"name":"wp","href":"https:\/\/api.w.org\/{rel}","templated":true}]}}