{"id":3713,"date":"2019-03-19T04:34:06","date_gmt":"2019-03-19T03:34:06","guid":{"rendered":"http:\/\/spazio-news.it\/?p=3713"},"modified":"2019-05-27T20:06:59","modified_gmt":"2019-05-27T19:06:59","slug":"lairbus-a380-entra-ufficialmente-nella-flotta-di-ana","status":"publish","type":"post","link":"http:\/\/spazio-news.it\/?p=3713","title":{"rendered":"L\u2019AIRBUS A380 ENTRA UFFICIALMENTE NELLA FLOTTA DI ANA"},"content":{"rendered":"<p>Il vettore giapponese All Nippon Airways &#8211; ANA, nel corso di una cerimonia speciale svoltasi a <strong>Tolosa<\/strong>, ha preso in consegna il suo <strong>primo A380<\/strong>, diventando cos\u00ec il <strong>XV operatore<\/strong> del pi\u00f9 grande aeromobile passeggeri al <strong>mondo<\/strong>. Alla cerimonia di consegna hanno preso parte il presidente e CEO di ANA HOLDINGS, <strong>Shinya Katanozaka<\/strong>, e il CEO di <a href=\"https:\/\/www.airbus.com\/\">Airbus<\/a>, <strong>Tom Enders<\/strong>.<\/p>\n<p><strong>ANA<\/strong> ha <strong>ordinato tre A380<\/strong> e\u00a0prevede di utilizzare questi aeromobili a partire dal <strong>24 maggio<\/strong> sulle popolari rotte che collegano <strong>Tokyo Narita<\/strong> a <strong>Honolulu<\/strong>. Ogni A380 di ANA sar\u00e0 caratterizzato da una livrea speciale raffigurante la tartaruga marina verde hawaiana, conosciuta anche come Honu. La livrea del primo aereo \u00e8 di colore blu, mentre la seconda sar\u00e0 verde e la terza arancione.<\/p>\n<p>L&#8217;A380 di ANA presenta una configurazione premium con una capacit\u00e0 di <strong>520 passeggeri<\/strong>. Il <strong>ponte superiore dispone di otto suite in Prima Classe<\/strong>, <strong>56 poltrone in Classe Business<\/strong>, completamente convertibili in letti full flat, <strong>e 73 poltrone in Classe Premium Economy<\/strong>. La <strong>Classe Economy<\/strong> \u00e8 situata sul ponte principale, dove ANA offre una disposizione spaziosa in grado di ospitare <strong>383 passeggeri<\/strong>, tra cui <strong>60 in poltrone Couch<\/strong>. L\u2019aeromobile \u00e8 dotato dei pi\u00f9 recenti sistemi di intrattenimento in volo di ANA, oltre alla piena connettivit\u00e0 wi-fi in tutte le classi.<\/p>\n<p><em>\u201cL&#8217;Airbus A380 costituisce l&#8217;opzione pi\u00f9 efficiente per soddisfare la domanda dei vettori sulle rotte pi\u00f9 trafficate del mondo. Questo aeromobile si \u00e8 inoltre affermato come l&#8217;aereo preferito dai passeggeri di tutto il mondo, in quanto offre maggiore spazio personale in ogni classe, una cabina super silenziosa e un\u2019esperienza di volo fluida. Attualmente sono circa 250 milioni i passeggeri che hanno gi\u00e0 volato su questo aeromobile<\/em> \u2013 si legge nella nota stampa congiunta ANA-Airbus -. <em>In seguito alla consegna ad ANA, sono attualmente in servizio 232 A380 presso 15 vettori che operano su 120 rotte in tutto il mondo\u201d.<\/em><\/p>\n","protected":false},"excerpt":{"rendered":"<p>Il vettore giapponese All Nippon Airways &#8211; ANA, nel corso di una cerimonia speciale svoltasi a Tolosa, ha preso in<\/p>\n","protected":false},"author":1,"featured_media":3714,"comment_status":"closed","ping_status":"open","sticky":false,"template":"","format":"standard","meta":{"colormag_page_container_layout":"default_layout","colormag_page_sidebar_layout":"default_layout","footnotes":""},"categories":[32,3],"tags":[33,830,829],"class_list":["post-3713","post","type-post","status-publish","format-standard","has-post-thumbnail","hentry","category-prima-pagina","category-industria","tag-airbus","tag-airbus-a380","tag-all-nippon-airways-ana"],"yoast_head":"<!-- This site is optimized with the Yoast SEO plugin v26.8 - https:\/\/yoast.com\/product\/yoast-seo-wordpress\/ -->\n<title>L\u2019AIRBUS A380 ENTRA UFFICIALMENTE NELLA FLOTTA DI ANA &#187; Spazio-News Magazine<\/title>\n<meta name=\"description\" content=\"Il vettore All Nippon Airways ha preso in consegna il suo primo A380, diventando cos\u00ec il XV operatore del pi\u00f9 grande aeromobile passeggeri\" \/>\n<meta name=\"robots\" content=\"index, follow, max-snippet:-1, max-image-preview:large, max-video-preview:-1\" \/>\n<link rel=\"canonical\" href=\"http:\/\/spazio-news.it\/?p=3713\" \/>\n<meta property=\"og:locale\" content=\"it_IT\" \/>\n<meta property=\"og:type\" content=\"article\" \/>\n<meta property=\"og:title\" content=\"L\u2019AIRBUS A380 ENTRA UFFICIALMENTE NELLA FLOTTA DI ANA &#187; Spazio-News Magazine\" \/>\n<meta property=\"og:description\" content=\"Il vettore All Nippon Airways ha preso in consegna il suo primo A380, diventando cos\u00ec il XV operatore del pi\u00f9 grande aeromobile passeggeri\" \/>\n<meta property=\"og:url\" content=\"http:\/\/spazio-news.it\/?p=3713\" \/>\n<meta property=\"og:site_name\" content=\"Spazio-News Magazine\" \/>\n<meta property=\"article:publisher\" content=\"https:\/\/m.facebook.com\/spazio-news-magazine\" \/>\n<meta property=\"article:author\" content=\"@SpazioNewsMagazine\" \/>\n<meta property=\"article:published_time\" content=\"2019-03-19T03:34:06+00:00\" \/>\n<meta property=\"article:modified_time\" content=\"2019-05-27T19:06:59+00:00\" \/>\n<meta property=\"og:image\" content=\"http:\/\/spazio-news.it\/wp-content\/uploads\/2019\/03\/All-Nippon-Airways-ANA-Airbus-A380.png\" \/>\n\t<meta property=\"og:image:width\" content=\"800\" \/>\n\t<meta property=\"og:image:height\" content=\"446\" \/>\n\t<meta property=\"og:image:type\" content=\"image\/png\" \/>\n<meta name=\"author\" content=\"Redazione\" \/>\n<meta name=\"twitter:card\" content=\"summary_large_image\" \/>\n<meta name=\"twitter:creator\" content=\"@news_spazio\" \/>\n<meta name=\"twitter:site\" content=\"@News_spazio\" \/>\n<meta name=\"twitter:label1\" content=\"Scritto da\" \/>\n\t<meta name=\"twitter:data1\" content=\"Redazione\" \/>\n\t<meta name=\"twitter:label2\" content=\"Tempo di lettura stimato\" \/>\n\t<meta name=\"twitter:data2\" content=\"1 minuto\" \/>\n<script type=\"application\/ld+json\" class=\"yoast-schema-graph\">{\"@context\":\"https:\/\/schema.org\",\"@graph\":[{\"@type\":\"NewsArticle\",\"@id\":\"http:\/\/spazio-news.it\/?p=3713#article\",\"isPartOf\":{\"@id\":\"http:\/\/spazio-news.it\/?p=3713\"},\"author\":{\"name\":\"Redazione\",\"@id\":\"http:\/\/spazio-news.it\/#\/schema\/person\/c600904e882e9e166ed8e5e3773d37b3\"},\"headline\":\"L\u2019AIRBUS A380 ENTRA UFFICIALMENTE NELLA FLOTTA DI ANA\",\"datePublished\":\"2019-03-19T03:34:06+00:00\",\"dateModified\":\"2019-05-27T19:06:59+00:00\",\"mainEntityOfPage\":{\"@id\":\"http:\/\/spazio-news.it\/?p=3713\"},\"wordCount\":310,\"publisher\":{\"@id\":\"http:\/\/spazio-news.it\/#organization\"},\"image\":{\"@id\":\"http:\/\/spazio-news.it\/?p=3713#primaryimage\"},\"thumbnailUrl\":\"http:\/\/spazio-news.it\/wp-content\/uploads\/2019\/03\/All-Nippon-Airways-ANA-Airbus-A380.png\",\"keywords\":[\"Airbus\",\"Airbus A380\",\"All Nippon Airways - ANA\"],\"articleSection\":[\"01 - PRIMA PAGINA\",\"02 - INDUSTRIA\"],\"inLanguage\":\"it-IT\"},{\"@type\":\"WebPage\",\"@id\":\"http:\/\/spazio-news.it\/?p=3713\",\"url\":\"http:\/\/spazio-news.it\/?p=3713\",\"name\":\"L\u2019AIRBUS A380 ENTRA UFFICIALMENTE NELLA FLOTTA DI ANA &#187; Spazio-News Magazine\",\"isPartOf\":{\"@id\":\"http:\/\/spazio-news.it\/#website\"},\"primaryImageOfPage\":{\"@id\":\"http:\/\/spazio-news.it\/?p=3713#primaryimage\"},\"image\":{\"@id\":\"http:\/\/spazio-news.it\/?p=3713#primaryimage\"},\"thumbnailUrl\":\"http:\/\/spazio-news.it\/wp-content\/uploads\/2019\/03\/All-Nippon-Airways-ANA-Airbus-A380.png\",\"datePublished\":\"2019-03-19T03:34:06+00:00\",\"dateModified\":\"2019-05-27T19:06:59+00:00\",\"description\":\"Il vettore All Nippon Airways ha preso in consegna il suo primo A380, diventando cos\u00ec il XV operatore del pi\u00f9 grande aeromobile passeggeri\",\"breadcrumb\":{\"@id\":\"http:\/\/spazio-news.it\/?p=3713#breadcrumb\"},\"inLanguage\":\"it-IT\",\"potentialAction\":[{\"@type\":\"ReadAction\",\"target\":[\"http:\/\/spazio-news.it\/?p=3713\"]}]},{\"@type\":\"ImageObject\",\"inLanguage\":\"it-IT\",\"@id\":\"http:\/\/spazio-news.it\/?p=3713#primaryimage\",\"url\":\"http:\/\/spazio-news.it\/wp-content\/uploads\/2019\/03\/All-Nippon-Airways-ANA-Airbus-A380.png\",\"contentUrl\":\"http:\/\/spazio-news.it\/wp-content\/uploads\/2019\/03\/All-Nippon-Airways-ANA-Airbus-A380.png\",\"width\":800,\"height\":446,\"caption\":\"All Nippon Airways - ANA Airbus A380\"},{\"@type\":\"BreadcrumbList\",\"@id\":\"http:\/\/spazio-news.it\/?p=3713#breadcrumb\",\"itemListElement\":[{\"@type\":\"ListItem\",\"position\":1,\"name\":\"Home\",\"item\":\"http:\/\/spazio-news.it\/\"},{\"@type\":\"ListItem\",\"position\":2,\"name\":\"L\u2019AIRBUS A380 ENTRA UFFICIALMENTE NELLA FLOTTA DI ANA\"}]},{\"@type\":\"WebSite\",\"@id\":\"http:\/\/spazio-news.it\/#website\",\"url\":\"http:\/\/spazio-news.it\/\",\"name\":\"Spazio-News Magazine\",\"description\":\"La guida che sfida la complessit\u00e0 del mondo industriale\",\"publisher\":{\"@id\":\"http:\/\/spazio-news.it\/#organization\"},\"alternateName\":\"Spazio-news.it\",\"potentialAction\":[{\"@type\":\"SearchAction\",\"target\":{\"@type\":\"EntryPoint\",\"urlTemplate\":\"http:\/\/spazio-news.it\/?s={search_term_string}\"},\"query-input\":{\"@type\":\"PropertyValueSpecification\",\"valueRequired\":true,\"valueName\":\"search_term_string\"}}],\"inLanguage\":\"it-IT\"},{\"@type\":\"Organization\",\"@id\":\"http:\/\/spazio-news.it\/#organization\",\"name\":\"Spazio-News Magazine\",\"url\":\"http:\/\/spazio-news.it\/\",\"logo\":{\"@type\":\"ImageObject\",\"inLanguage\":\"it-IT\",\"@id\":\"http:\/\/spazio-news.it\/#\/schema\/logo\/image\/\",\"url\":\"http:\/\/spazio-news.it\/wp-content\/uploads\/2023\/09\/Logo-Spazio-News-512-x-512-NO-testo.jpg\",\"contentUrl\":\"http:\/\/spazio-news.it\/wp-content\/uploads\/2023\/09\/Logo-Spazio-News-512-x-512-NO-testo.jpg\",\"width\":512,\"height\":512,\"caption\":\"Spazio-News Magazine\"},\"image\":{\"@id\":\"http:\/\/spazio-news.it\/#\/schema\/logo\/image\/\"},\"sameAs\":[\"https:\/\/m.facebook.com\/spazio-news-magazine\",\"https:\/\/x.com\/News_spazio\"]},{\"@type\":\"Person\",\"@id\":\"http:\/\/spazio-news.it\/#\/schema\/person\/c600904e882e9e166ed8e5e3773d37b3\",\"name\":\"Redazione\",\"sameAs\":[\"http:\/\/spazio-news.it\",\"@SpazioNewsMagazine\",\"https:\/\/x.com\/@news_spazio\"],\"url\":\"http:\/\/spazio-news.it\/?author=1\"}]}<\/script>\n<!-- \/ Yoast SEO plugin. -->","yoast_head_json":{"title":"L\u2019AIRBUS A380 ENTRA UFFICIALMENTE NELLA FLOTTA DI ANA &#187; Spazio-News Magazine","description":"Il vettore All Nippon Airways ha preso in consegna il suo primo A380, diventando cos\u00ec il XV operatore del pi\u00f9 grande aeromobile passeggeri","robots":{"index":"index","follow":"follow","max-snippet":"max-snippet:-1","max-image-preview":"max-image-preview:large","max-video-preview":"max-video-preview:-1"},"canonical":"http:\/\/spazio-news.it\/?p=3713","og_locale":"it_IT","og_type":"article","og_title":"L\u2019AIRBUS A380 ENTRA UFFICIALMENTE NELLA FLOTTA DI ANA &#187; Spazio-News Magazine","og_description":"Il vettore All Nippon Airways ha preso in consegna il suo primo A380, diventando cos\u00ec il XV operatore del pi\u00f9 grande aeromobile passeggeri","og_url":"http:\/\/spazio-news.it\/?p=3713","og_site_name":"Spazio-News Magazine","article_publisher":"https:\/\/m.facebook.com\/spazio-news-magazine","article_author":"@SpazioNewsMagazine","article_published_time":"2019-03-19T03:34:06+00:00","article_modified_time":"2019-05-27T19:06:59+00:00","og_image":[{"width":800,"height":446,"url":"http:\/\/spazio-news.it\/wp-content\/uploads\/2019\/03\/All-Nippon-Airways-ANA-Airbus-A380.png","type":"image\/png"}],"author":"Redazione","twitter_card":"summary_large_image","twitter_creator":"@news_spazio","twitter_site":"@News_spazio","twitter_misc":{"Scritto da":"Redazione","Tempo di lettura stimato":"1 minuto"},"schema":{"@context":"https:\/\/schema.org","@graph":[{"@type":"NewsArticle","@id":"http:\/\/spazio-news.it\/?p=3713#article","isPartOf":{"@id":"http:\/\/spazio-news.it\/?p=3713"},"author":{"name":"Redazione","@id":"http:\/\/spazio-news.it\/#\/schema\/person\/c600904e882e9e166ed8e5e3773d37b3"},"headline":"L\u2019AIRBUS A380 ENTRA UFFICIALMENTE NELLA FLOTTA DI ANA","datePublished":"2019-03-19T03:34:06+00:00","dateModified":"2019-05-27T19:06:59+00:00","mainEntityOfPage":{"@id":"http:\/\/spazio-news.it\/?p=3713"},"wordCount":310,"publisher":{"@id":"http:\/\/spazio-news.it\/#organization"},"image":{"@id":"http:\/\/spazio-news.it\/?p=3713#primaryimage"},"thumbnailUrl":"http:\/\/spazio-news.it\/wp-content\/uploads\/2019\/03\/All-Nippon-Airways-ANA-Airbus-A380.png","keywords":["Airbus","Airbus A380","All Nippon Airways - ANA"],"articleSection":["01 - PRIMA PAGINA","02 - INDUSTRIA"],"inLanguage":"it-IT"},{"@type":"WebPage","@id":"http:\/\/spazio-news.it\/?p=3713","url":"http:\/\/spazio-news.it\/?p=3713","name":"L\u2019AIRBUS A380 ENTRA UFFICIALMENTE NELLA FLOTTA DI ANA &#187; Spazio-News Magazine","isPartOf":{"@id":"http:\/\/spazio-news.it\/#website"},"primaryImageOfPage":{"@id":"http:\/\/spazio-news.it\/?p=3713#primaryimage"},"image":{"@id":"http:\/\/spazio-news.it\/?p=3713#primaryimage"},"thumbnailUrl":"http:\/\/spazio-news.it\/wp-content\/uploads\/2019\/03\/All-Nippon-Airways-ANA-Airbus-A380.png","datePublished":"2019-03-19T03:34:06+00:00","dateModified":"2019-05-27T19:06:59+00:00","description":"Il vettore All Nippon Airways ha preso in consegna il suo primo A380, diventando cos\u00ec il XV operatore del pi\u00f9 grande aeromobile passeggeri","breadcrumb":{"@id":"http:\/\/spazio-news.it\/?p=3713#breadcrumb"},"inLanguage":"it-IT","potentialAction":[{"@type":"ReadAction","target":["http:\/\/spazio-news.it\/?p=3713"]}]},{"@type":"ImageObject","inLanguage":"it-IT","@id":"http:\/\/spazio-news.it\/?p=3713#primaryimage","url":"http:\/\/spazio-news.it\/wp-content\/uploads\/2019\/03\/All-Nippon-Airways-ANA-Airbus-A380.png","contentUrl":"http:\/\/spazio-news.it\/wp-content\/uploads\/2019\/03\/All-Nippon-Airways-ANA-Airbus-A380.png","width":800,"height":446,"caption":"All Nippon Airways - ANA Airbus A380"},{"@type":"BreadcrumbList","@id":"http:\/\/spazio-news.it\/?p=3713#breadcrumb","itemListElement":[{"@type":"ListItem","position":1,"name":"Home","item":"http:\/\/spazio-news.it\/"},{"@type":"ListItem","position":2,"name":"L\u2019AIRBUS A380 ENTRA UFFICIALMENTE NELLA FLOTTA DI ANA"}]},{"@type":"WebSite","@id":"http:\/\/spazio-news.it\/#website","url":"http:\/\/spazio-news.it\/","name":"Spazio-News Magazine","description":"La guida che sfida la complessit\u00e0 del mondo industriale","publisher":{"@id":"http:\/\/spazio-news.it\/#organization"},"alternateName":"Spazio-news.it","potentialAction":[{"@type":"SearchAction","target":{"@type":"EntryPoint","urlTemplate":"http:\/\/spazio-news.it\/?s={search_term_string}"},"query-input":{"@type":"PropertyValueSpecification","valueRequired":true,"valueName":"search_term_string"}}],"inLanguage":"it-IT"},{"@type":"Organization","@id":"http:\/\/spazio-news.it\/#organization","name":"Spazio-News Magazine","url":"http:\/\/spazio-news.it\/","logo":{"@type":"ImageObject","inLanguage":"it-IT","@id":"http:\/\/spazio-news.it\/#\/schema\/logo\/image\/","url":"http:\/\/spazio-news.it\/wp-content\/uploads\/2023\/09\/Logo-Spazio-News-512-x-512-NO-testo.jpg","contentUrl":"http:\/\/spazio-news.it\/wp-content\/uploads\/2023\/09\/Logo-Spazio-News-512-x-512-NO-testo.jpg","width":512,"height":512,"caption":"Spazio-News Magazine"},"image":{"@id":"http:\/\/spazio-news.it\/#\/schema\/logo\/image\/"},"sameAs":["https:\/\/m.facebook.com\/spazio-news-magazine","https:\/\/x.com\/News_spazio"]},{"@type":"Person","@id":"http:\/\/spazio-news.it\/#\/schema\/person\/c600904e882e9e166ed8e5e3773d37b3","name":"Redazione","sameAs":["http:\/\/spazio-news.it","@SpazioNewsMagazine","https:\/\/x.com\/@news_spazio"],"url":"http:\/\/spazio-news.it\/?author=1"}]}},"_links":{"self":[{"href":"http:\/\/spazio-news.it\/index.php?rest_route=\/wp\/v2\/posts\/3713","targetHints":{"allow":["GET"]}}],"collection":[{"href":"http:\/\/spazio-news.it\/index.php?rest_route=\/wp\/v2\/posts"}],"about":[{"href":"http:\/\/spazio-news.it\/index.php?rest_route=\/wp\/v2\/types\/post"}],"author":[{"embeddable":true,"href":"http:\/\/spazio-news.it\/index.php?rest_route=\/wp\/v2\/users\/1"}],"replies":[{"embeddable":true,"href":"http:\/\/spazio-news.it\/index.php?rest_route=%2Fwp%2Fv2%2Fcomments&post=3713"}],"version-history":[{"count":4,"href":"http:\/\/spazio-news.it\/index.php?rest_route=\/wp\/v2\/posts\/3713\/revisions"}],"predecessor-version":[{"id":4613,"href":"http:\/\/spazio-news.it\/index.php?rest_route=\/wp\/v2\/posts\/3713\/revisions\/4613"}],"wp:featuredmedia":[{"embeddable":true,"href":"http:\/\/spazio-news.it\/index.php?rest_route=\/wp\/v2\/media\/3714"}],"wp:attachment":[{"href":"http:\/\/spazio-news.it\/index.php?rest_route=%2Fwp%2Fv2%2Fmedia&parent=3713"}],"wp:term":[{"taxonomy":"category","embeddable":true,"href":"http:\/\/spazio-news.it\/index.php?rest_route=%2Fwp%2Fv2%2Fcategories&post=3713"},{"taxonomy":"post_tag","embeddable":true,"href":"http:\/\/spazio-news.it\/index.php?rest_route=%2Fwp%2Fv2%2Ftags&post=3713"}],"curies":[{"name":"wp","href":"https:\/\/api.w.org\/{rel}","templated":true}]}}