{"id":3811,"date":"2019-04-08T10:15:57","date_gmt":"2019-04-08T09:15:57","guid":{"rendered":"http:\/\/spazio-news.it\/?p=3811"},"modified":"2019-04-06T22:11:47","modified_gmt":"2019-04-06T21:11:47","slug":"iata-crescita-passeggeri-in-contrazione-a-febbraio","status":"publish","type":"post","link":"http:\/\/spazio-news.it\/?p=3811","title":{"rendered":"IATA: CRESCITA PASSEGGERI IN CONTRAZIONE A FEBBRAIO"},"content":{"rendered":"<p>A febbraio il traffico passeggeri \u00e8 cresciuto del 5,3% rispetto allo stesso mese 2018. Si tratta della percentuale di crescita inferiore da oltre un anno a questa parte ma ancora in linea con le tendenze della domanda a lungo termine. La capacit\u00e0 \u00e8 aumentata del 5,4% e il load factor \u00e8 sceso di 0,1 punti percentuali all&#8217;80,6%, ancora piuttosto elevato.<\/p>\n<p><em>&#8220;Dopo la forte performance di gennaio, ci siamo stabilizzati un po\u2019 a febbraio, in linea con le preoccupazioni per le pi\u00f9 ampie prospettive economiche<\/em> &#8211; ha dichiarato <strong>Alexandre de Juniac<\/strong>, Direttore Generale e Ceo IATA -. <em>Le continue tensioni commerciali tra Stati Uniti e Cina e l&#8217;incertezza irrisolta sulla Brexit stanno anche pesando sulle prospettive di viaggio\u201d<\/em>.<\/p>\n<p>Rispetto a febbraio dello scorso anno, il traffico internazionale \u00e8 cresciuto in media del 4,6%, dunque in rallentamento rispetto alla crescita del 5,9% registrata a gennaio. La capacit\u00e0 \u00e8 salita del 5,1% e il load factor \u00e8 sceso di 0,4 punti percentuali al 79,5%. Ad eccezione del Medio Oriente, alle prese con una diminuzione di traffico dello 0,8%, in tutte le regioni i passeggeri sono risultati in crescita rispetto a febbraio 2018.<br \/>I vettori europei hanno riportato, per il quinto mese consecutivo, il risultato migliore, con una crescita di traffico del 7,6%, rispetto a un anno fa, invariata da gennaio. La continua e solida performance dell&#8217;Europa fornisce un paradosso in considerazione delle preoccupazioni della Brexit e dei segnali di una prospettiva economica pi\u00f9 morbida. <br \/> In Asia-Pacifico il traffico \u00e8 aumentato del 4,2%, in sostanziale rallentamento rispetto all&#8217;aumento del 7,2% registrato a gennaio. In questo caso il calendario delle festivit\u00e0 del nuovo anno lunare nella prima settimana di febbraio potrebbe aver spostato il traffico a gennaio. <br \/>I passeggeri delle compagnie nordamericane sono cresciuti del 4,2%, anche in questo caso in deciso calo rispetto al +5,4% di gennaio. Segnali di rallentamento dell&#8217;attivit\u00e0 economica alla fine del 2018, in combinazione con gli effetti delle tensioni in corso tra gli Stati Uniti e alcuni dei suoi partner commerciali, potrebbero risultare mitigati dalla bassa disoccupazione della regione e da un contesto economico generalmente solido.<br \/>Le compagnie aeree dell&#8217;America Latina hanno visto un aumento del traffico del 4,3% rispetto a febbraio 2018, in rallentamento rispetto al 5,4% di crescita annuale a gennaio. Rinnovate incertezze economiche e politiche in un certo numero di paesi chiave potrebbero incidere sulla domanda di trasporto aereo nei prossimi mesi.<br \/>Le compagnie aeree africane hanno registrato un aumento del traffico del 2,5%, in calo rispetto alla crescita del 5,1% di gennaio. Le preoccupazioni per le condizioni nelle maggiori economie stanno contribuendo al rallentamento. <br \/>Il traffico interno \u00e8 aumentato del 6,4%, anche in questo caso, dunque, in rallentamento rispetto al +7,4% di gennaio. Tutti i mercati, ad eccezione dell&#8217;Australia, hanno registrato passeggeri in crescita, con l&#8217;India alle prese con il suo 54\u00b0 mese consecutivo di crescita a doppia cifra. La capacit\u00e0 interna \u00e8 salita del 5,8% e il fattore di carico \u00e8 salito di 0,5 punti, all&#8217;82,4%.<br \/> In Cina il traffico \u00e8 cresciuto dell&#8217;11,4% su base annua, segnando comunque un calo rispetto al 14,5% di gennaio. Il traffico interno del Brasile \u00e8 aumentato del 5,8%, il ritmo pi\u00f9 veloce in pi\u00f9 di sei mesi e pi\u00f9 del doppio del 2,6% di aumento anno su anno di gennaio. Il Brasile \u00e8 stato l&#8217;unico mercato nazionale monitorato dalla IATA a mostrare un aumento del tasso di crescita anno su anno rispetto a gennaio 2019.<\/p>\n<p><em>&#8220;Mentre la fiducia economica a livello globale sembra attenuarsi, l&#8217;aviazione continua a fornire solidi risultati, contribuendo a sostenere il commercio e il movimento delle persone<\/em> &#8211; ha spiegato <strong>de Juniac<\/strong> -. <em>La scadenza della Brexit \u00e8 arrivata e se n&#8217;\u00e8 andata senza un accordo di separazione, ma con una connessione aerea vitale tra il Regno Unito e il Continente mantenuta per il momento. Le misure temporanee, tuttavia, non possono sostituire un pacchetto Brexit globale che garantir\u00e0 che il business of freedom possa svolgere il suo ruolo vitale nel contribuire al benessere della regione e del mondo\u201d<\/em>. <\/p>\n","protected":false},"excerpt":{"rendered":"<p>A febbraio il traffico passeggeri \u00e8 cresciuto del 5,3% rispetto allo stesso mese 2018. Si tratta della percentuale di crescita<\/p>\n","protected":false},"author":1,"featured_media":666,"comment_status":"closed","ping_status":"open","sticky":true,"template":"","format":"standard","meta":{"colormag_page_container_layout":"default_layout","colormag_page_sidebar_layout":"default_layout","footnotes":""},"categories":[32,4],"tags":[1194,376,1675,1868],"class_list":["post-3811","post","type-post","status-publish","format-standard","has-post-thumbnail","hentry","category-prima-pagina","category-istituzioni","tag-alexandre-de-juniac","tag-compagnie-aeree","tag-dati-traffico-passeggeri","tag-iata-international-air-transport-association"],"yoast_head":"<!-- This site is optimized with the Yoast SEO plugin v26.8 - https:\/\/yoast.com\/product\/yoast-seo-wordpress\/ -->\n<title>IATA: CRESCITA PASSEGGERI IN CONTRAZIONE A FEBBRAIO &#187; Spazio-News Magazine<\/title>\n<meta name=\"description\" content=\"A febbraio il traffico passeggeri \u00e8 cresciuto del 5,3% rispetto allo stesso mese 2018. Diffusi i dati della IATA\" \/>\n<meta name=\"robots\" content=\"index, follow, max-snippet:-1, max-image-preview:large, max-video-preview:-1\" \/>\n<link rel=\"canonical\" href=\"http:\/\/spazio-news.it\/?p=3811\" \/>\n<meta property=\"og:locale\" content=\"it_IT\" \/>\n<meta property=\"og:type\" content=\"article\" \/>\n<meta property=\"og:title\" content=\"IATA: CRESCITA PASSEGGERI IN CONTRAZIONE A FEBBRAIO &#187; Spazio-News Magazine\" \/>\n<meta property=\"og:description\" content=\"A febbraio il traffico passeggeri \u00e8 cresciuto del 5,3% rispetto allo stesso mese 2018. Diffusi i dati della IATA\" \/>\n<meta property=\"og:url\" content=\"http:\/\/spazio-news.it\/?p=3811\" \/>\n<meta property=\"og:site_name\" content=\"Spazio-News Magazine\" \/>\n<meta property=\"article:publisher\" content=\"https:\/\/m.facebook.com\/spazio-news-magazine\" \/>\n<meta property=\"article:author\" content=\"@SpazioNewsMagazine\" \/>\n<meta property=\"article:published_time\" content=\"2019-04-08T09:15:57+00:00\" \/>\n<meta property=\"og:image\" content=\"http:\/\/spazio-news.it\/wp-content\/uploads\/2018\/09\/deJuniac_IATA_economia_Spazio-news.it_-e1536166513994.png\" \/>\n\t<meta property=\"og:image:width\" content=\"800\" \/>\n\t<meta property=\"og:image:height\" content=\"446\" \/>\n\t<meta property=\"og:image:type\" content=\"image\/png\" \/>\n<meta name=\"author\" content=\"Redazione\" \/>\n<meta name=\"twitter:card\" content=\"summary_large_image\" \/>\n<meta name=\"twitter:creator\" content=\"@news_spazio\" \/>\n<meta name=\"twitter:site\" content=\"@News_spazio\" \/>\n<meta name=\"twitter:label1\" content=\"Scritto da\" \/>\n\t<meta name=\"twitter:data1\" content=\"Redazione\" \/>\n\t<meta name=\"twitter:label2\" content=\"Tempo di lettura stimato\" \/>\n\t<meta name=\"twitter:data2\" content=\"3 minuti\" \/>\n<script type=\"application\/ld+json\" class=\"yoast-schema-graph\">{\"@context\":\"https:\/\/schema.org\",\"@graph\":[{\"@type\":\"NewsArticle\",\"@id\":\"http:\/\/spazio-news.it\/?p=3811#article\",\"isPartOf\":{\"@id\":\"http:\/\/spazio-news.it\/?p=3811\"},\"author\":{\"name\":\"Redazione\",\"@id\":\"https:\/\/spazio-news.it\/#\/schema\/person\/c600904e882e9e166ed8e5e3773d37b3\"},\"headline\":\"IATA: CRESCITA PASSEGGERI IN CONTRAZIONE A FEBBRAIO\",\"datePublished\":\"2019-04-08T09:15:57+00:00\",\"mainEntityOfPage\":{\"@id\":\"http:\/\/spazio-news.it\/?p=3811\"},\"wordCount\":633,\"publisher\":{\"@id\":\"https:\/\/spazio-news.it\/#organization\"},\"image\":{\"@id\":\"http:\/\/spazio-news.it\/?p=3811#primaryimage\"},\"thumbnailUrl\":\"http:\/\/spazio-news.it\/wp-content\/uploads\/2018\/09\/deJuniac_IATA_economia_Spazio-news.it_-e1536166513994.png\",\"keywords\":[\"Alexandre de Juniac\",\"Compagnie aeree\",\"dati traffico passeggeri\",\"IATA - International Air Transport Association\"],\"articleSection\":[\"01 - PRIMA PAGINA\",\"03 - ISTITUZIONI\"],\"inLanguage\":\"it-IT\"},{\"@type\":\"WebPage\",\"@id\":\"http:\/\/spazio-news.it\/?p=3811\",\"url\":\"http:\/\/spazio-news.it\/?p=3811\",\"name\":\"IATA: CRESCITA PASSEGGERI IN CONTRAZIONE A FEBBRAIO &#187; Spazio-News Magazine\",\"isPartOf\":{\"@id\":\"https:\/\/spazio-news.it\/#website\"},\"primaryImageOfPage\":{\"@id\":\"http:\/\/spazio-news.it\/?p=3811#primaryimage\"},\"image\":{\"@id\":\"http:\/\/spazio-news.it\/?p=3811#primaryimage\"},\"thumbnailUrl\":\"http:\/\/spazio-news.it\/wp-content\/uploads\/2018\/09\/deJuniac_IATA_economia_Spazio-news.it_-e1536166513994.png\",\"datePublished\":\"2019-04-08T09:15:57+00:00\",\"description\":\"A febbraio il traffico passeggeri \u00e8 cresciuto del 5,3% rispetto allo stesso mese 2018. Diffusi i dati della IATA\",\"breadcrumb\":{\"@id\":\"http:\/\/spazio-news.it\/?p=3811#breadcrumb\"},\"inLanguage\":\"it-IT\",\"potentialAction\":[{\"@type\":\"ReadAction\",\"target\":[\"http:\/\/spazio-news.it\/?p=3811\"]}]},{\"@type\":\"ImageObject\",\"inLanguage\":\"it-IT\",\"@id\":\"http:\/\/spazio-news.it\/?p=3811#primaryimage\",\"url\":\"http:\/\/spazio-news.it\/wp-content\/uploads\/2018\/09\/deJuniac_IATA_economia_Spazio-news.it_-e1536166513994.png\",\"contentUrl\":\"http:\/\/spazio-news.it\/wp-content\/uploads\/2018\/09\/deJuniac_IATA_economia_Spazio-news.it_-e1536166513994.png\",\"width\":800,\"height\":446,\"caption\":\"deJuniac_IATA_economia_Spazio-news.it\"},{\"@type\":\"BreadcrumbList\",\"@id\":\"http:\/\/spazio-news.it\/?p=3811#breadcrumb\",\"itemListElement\":[{\"@type\":\"ListItem\",\"position\":1,\"name\":\"Home\",\"item\":\"https:\/\/spazio-news.it\/\"},{\"@type\":\"ListItem\",\"position\":2,\"name\":\"IATA: CRESCITA PASSEGGERI IN CONTRAZIONE A FEBBRAIO\"}]},{\"@type\":\"WebSite\",\"@id\":\"https:\/\/spazio-news.it\/#website\",\"url\":\"https:\/\/spazio-news.it\/\",\"name\":\"Spazio-News Magazine\",\"description\":\"La guida che sfida la complessit\u00e0 del mondo industriale\",\"publisher\":{\"@id\":\"https:\/\/spazio-news.it\/#organization\"},\"alternateName\":\"Spazio-news.it\",\"potentialAction\":[{\"@type\":\"SearchAction\",\"target\":{\"@type\":\"EntryPoint\",\"urlTemplate\":\"https:\/\/spazio-news.it\/?s={search_term_string}\"},\"query-input\":{\"@type\":\"PropertyValueSpecification\",\"valueRequired\":true,\"valueName\":\"search_term_string\"}}],\"inLanguage\":\"it-IT\"},{\"@type\":\"Organization\",\"@id\":\"https:\/\/spazio-news.it\/#organization\",\"name\":\"Spazio-News Magazine\",\"url\":\"https:\/\/spazio-news.it\/\",\"logo\":{\"@type\":\"ImageObject\",\"inLanguage\":\"it-IT\",\"@id\":\"https:\/\/spazio-news.it\/#\/schema\/logo\/image\/\",\"url\":\"http:\/\/spazio-news.it\/wp-content\/uploads\/2023\/09\/Logo-Spazio-News-512-x-512-NO-testo.jpg\",\"contentUrl\":\"http:\/\/spazio-news.it\/wp-content\/uploads\/2023\/09\/Logo-Spazio-News-512-x-512-NO-testo.jpg\",\"width\":512,\"height\":512,\"caption\":\"Spazio-News Magazine\"},\"image\":{\"@id\":\"https:\/\/spazio-news.it\/#\/schema\/logo\/image\/\"},\"sameAs\":[\"https:\/\/m.facebook.com\/spazio-news-magazine\",\"https:\/\/x.com\/News_spazio\"]},{\"@type\":\"Person\",\"@id\":\"https:\/\/spazio-news.it\/#\/schema\/person\/c600904e882e9e166ed8e5e3773d37b3\",\"name\":\"Redazione\",\"sameAs\":[\"http:\/\/spazio-news.it\",\"@SpazioNewsMagazine\",\"https:\/\/x.com\/@news_spazio\"],\"url\":\"http:\/\/spazio-news.it\/?author=1\"}]}<\/script>\n<!-- \/ Yoast SEO plugin. -->","yoast_head_json":{"title":"IATA: CRESCITA PASSEGGERI IN CONTRAZIONE A FEBBRAIO &#187; Spazio-News Magazine","description":"A febbraio il traffico passeggeri \u00e8 cresciuto del 5,3% rispetto allo stesso mese 2018. Diffusi i dati della IATA","robots":{"index":"index","follow":"follow","max-snippet":"max-snippet:-1","max-image-preview":"max-image-preview:large","max-video-preview":"max-video-preview:-1"},"canonical":"http:\/\/spazio-news.it\/?p=3811","og_locale":"it_IT","og_type":"article","og_title":"IATA: CRESCITA PASSEGGERI IN CONTRAZIONE A FEBBRAIO &#187; Spazio-News Magazine","og_description":"A febbraio il traffico passeggeri \u00e8 cresciuto del 5,3% rispetto allo stesso mese 2018. Diffusi i dati della IATA","og_url":"http:\/\/spazio-news.it\/?p=3811","og_site_name":"Spazio-News Magazine","article_publisher":"https:\/\/m.facebook.com\/spazio-news-magazine","article_author":"@SpazioNewsMagazine","article_published_time":"2019-04-08T09:15:57+00:00","og_image":[{"width":800,"height":446,"url":"http:\/\/spazio-news.it\/wp-content\/uploads\/2018\/09\/deJuniac_IATA_economia_Spazio-news.it_-e1536166513994.png","type":"image\/png"}],"author":"Redazione","twitter_card":"summary_large_image","twitter_creator":"@news_spazio","twitter_site":"@News_spazio","twitter_misc":{"Scritto da":"Redazione","Tempo di lettura stimato":"3 minuti"},"schema":{"@context":"https:\/\/schema.org","@graph":[{"@type":"NewsArticle","@id":"http:\/\/spazio-news.it\/?p=3811#article","isPartOf":{"@id":"http:\/\/spazio-news.it\/?p=3811"},"author":{"name":"Redazione","@id":"https:\/\/spazio-news.it\/#\/schema\/person\/c600904e882e9e166ed8e5e3773d37b3"},"headline":"IATA: CRESCITA PASSEGGERI IN CONTRAZIONE A FEBBRAIO","datePublished":"2019-04-08T09:15:57+00:00","mainEntityOfPage":{"@id":"http:\/\/spazio-news.it\/?p=3811"},"wordCount":633,"publisher":{"@id":"https:\/\/spazio-news.it\/#organization"},"image":{"@id":"http:\/\/spazio-news.it\/?p=3811#primaryimage"},"thumbnailUrl":"http:\/\/spazio-news.it\/wp-content\/uploads\/2018\/09\/deJuniac_IATA_economia_Spazio-news.it_-e1536166513994.png","keywords":["Alexandre de Juniac","Compagnie aeree","dati traffico passeggeri","IATA - International Air Transport Association"],"articleSection":["01 - PRIMA PAGINA","03 - ISTITUZIONI"],"inLanguage":"it-IT"},{"@type":"WebPage","@id":"http:\/\/spazio-news.it\/?p=3811","url":"http:\/\/spazio-news.it\/?p=3811","name":"IATA: CRESCITA PASSEGGERI IN CONTRAZIONE A FEBBRAIO &#187; Spazio-News Magazine","isPartOf":{"@id":"https:\/\/spazio-news.it\/#website"},"primaryImageOfPage":{"@id":"http:\/\/spazio-news.it\/?p=3811#primaryimage"},"image":{"@id":"http:\/\/spazio-news.it\/?p=3811#primaryimage"},"thumbnailUrl":"http:\/\/spazio-news.it\/wp-content\/uploads\/2018\/09\/deJuniac_IATA_economia_Spazio-news.it_-e1536166513994.png","datePublished":"2019-04-08T09:15:57+00:00","description":"A febbraio il traffico passeggeri \u00e8 cresciuto del 5,3% rispetto allo stesso mese 2018. Diffusi i dati della IATA","breadcrumb":{"@id":"http:\/\/spazio-news.it\/?p=3811#breadcrumb"},"inLanguage":"it-IT","potentialAction":[{"@type":"ReadAction","target":["http:\/\/spazio-news.it\/?p=3811"]}]},{"@type":"ImageObject","inLanguage":"it-IT","@id":"http:\/\/spazio-news.it\/?p=3811#primaryimage","url":"http:\/\/spazio-news.it\/wp-content\/uploads\/2018\/09\/deJuniac_IATA_economia_Spazio-news.it_-e1536166513994.png","contentUrl":"http:\/\/spazio-news.it\/wp-content\/uploads\/2018\/09\/deJuniac_IATA_economia_Spazio-news.it_-e1536166513994.png","width":800,"height":446,"caption":"deJuniac_IATA_economia_Spazio-news.it"},{"@type":"BreadcrumbList","@id":"http:\/\/spazio-news.it\/?p=3811#breadcrumb","itemListElement":[{"@type":"ListItem","position":1,"name":"Home","item":"https:\/\/spazio-news.it\/"},{"@type":"ListItem","position":2,"name":"IATA: CRESCITA PASSEGGERI IN CONTRAZIONE A FEBBRAIO"}]},{"@type":"WebSite","@id":"https:\/\/spazio-news.it\/#website","url":"https:\/\/spazio-news.it\/","name":"Spazio-News Magazine","description":"La guida che sfida la complessit\u00e0 del mondo industriale","publisher":{"@id":"https:\/\/spazio-news.it\/#organization"},"alternateName":"Spazio-news.it","potentialAction":[{"@type":"SearchAction","target":{"@type":"EntryPoint","urlTemplate":"https:\/\/spazio-news.it\/?s={search_term_string}"},"query-input":{"@type":"PropertyValueSpecification","valueRequired":true,"valueName":"search_term_string"}}],"inLanguage":"it-IT"},{"@type":"Organization","@id":"https:\/\/spazio-news.it\/#organization","name":"Spazio-News Magazine","url":"https:\/\/spazio-news.it\/","logo":{"@type":"ImageObject","inLanguage":"it-IT","@id":"https:\/\/spazio-news.it\/#\/schema\/logo\/image\/","url":"http:\/\/spazio-news.it\/wp-content\/uploads\/2023\/09\/Logo-Spazio-News-512-x-512-NO-testo.jpg","contentUrl":"http:\/\/spazio-news.it\/wp-content\/uploads\/2023\/09\/Logo-Spazio-News-512-x-512-NO-testo.jpg","width":512,"height":512,"caption":"Spazio-News Magazine"},"image":{"@id":"https:\/\/spazio-news.it\/#\/schema\/logo\/image\/"},"sameAs":["https:\/\/m.facebook.com\/spazio-news-magazine","https:\/\/x.com\/News_spazio"]},{"@type":"Person","@id":"https:\/\/spazio-news.it\/#\/schema\/person\/c600904e882e9e166ed8e5e3773d37b3","name":"Redazione","sameAs":["http:\/\/spazio-news.it","@SpazioNewsMagazine","https:\/\/x.com\/@news_spazio"],"url":"http:\/\/spazio-news.it\/?author=1"}]}},"_links":{"self":[{"href":"http:\/\/spazio-news.it\/index.php?rest_route=\/wp\/v2\/posts\/3811","targetHints":{"allow":["GET"]}}],"collection":[{"href":"http:\/\/spazio-news.it\/index.php?rest_route=\/wp\/v2\/posts"}],"about":[{"href":"http:\/\/spazio-news.it\/index.php?rest_route=\/wp\/v2\/types\/post"}],"author":[{"embeddable":true,"href":"http:\/\/spazio-news.it\/index.php?rest_route=\/wp\/v2\/users\/1"}],"replies":[{"embeddable":true,"href":"http:\/\/spazio-news.it\/index.php?rest_route=%2Fwp%2Fv2%2Fcomments&post=3811"}],"version-history":[{"count":2,"href":"http:\/\/spazio-news.it\/index.php?rest_route=\/wp\/v2\/posts\/3811\/revisions"}],"predecessor-version":[{"id":3856,"href":"http:\/\/spazio-news.it\/index.php?rest_route=\/wp\/v2\/posts\/3811\/revisions\/3856"}],"wp:featuredmedia":[{"embeddable":true,"href":"http:\/\/spazio-news.it\/index.php?rest_route=\/wp\/v2\/media\/666"}],"wp:attachment":[{"href":"http:\/\/spazio-news.it\/index.php?rest_route=%2Fwp%2Fv2%2Fmedia&parent=3811"}],"wp:term":[{"taxonomy":"category","embeddable":true,"href":"http:\/\/spazio-news.it\/index.php?rest_route=%2Fwp%2Fv2%2Fcategories&post=3811"},{"taxonomy":"post_tag","embeddable":true,"href":"http:\/\/spazio-news.it\/index.php?rest_route=%2Fwp%2Fv2%2Ftags&post=3811"}],"curies":[{"name":"wp","href":"https:\/\/api.w.org\/{rel}","templated":true}]}}