{"id":3819,"date":"2019-04-09T16:21:21","date_gmt":"2019-04-09T15:21:21","guid":{"rendered":"http:\/\/spazio-news.it\/?p=3819"},"modified":"2019-04-05T16:26:56","modified_gmt":"2019-04-05T15:26:56","slug":"easyjet-consolida-la-presenza-su-genova","status":"publish","type":"post","link":"http:\/\/spazio-news.it\/?p=3819","title":{"rendered":"EASYJET CONSOLIDA LA PRESENZA SU GENOVA"},"content":{"rendered":"\n<p>Saranno oltre 107.000 i posti da\/per <strong>Genova<\/strong> su voli <a href=\"https:\/\/www.easyjet.com\/it\">easyJet<\/a> nel 2019, il 14,6% in pi\u00f9 rispetto allo scorso anno. L\u2019incremento dell\u2019offerta \u00e8 merito soprattutto dell\u2019estensione dell\u2019operativit\u00e0 dei voli della compagnia britannica sull\u2019aeroporto ligure: il collegamento con <strong>Berlino<\/strong> \u00e8 partito il 2 aprile (mentre nel 2018 era partito nel mese di agosto), ed \u00e8 gi\u00e0 operativo anche quello con <strong>Bristol<\/strong> (lo scorso anno era partito a giugno). Hanno ripreso il via anche i voli per <strong>Manchester<\/strong> e <strong>Londra Luton<\/strong>.<br>Inoltre, dal 25 giugno sar\u00e0 attivato un nuovo collegamento bisettimanale per <strong>Amsterdam Schipol<\/strong>.<br><br><em>\u201cL\u2019incremento dell\u2019offerta di easyJet conferma la fiducia sul mercato ligure<\/em>. <em>Stimiamo che lo scorso anno circa 30 mila turisti da Regno Unito e Germania abbiano visitato la nostra regione grazie ai nuovi collegamenti della compagnia<\/em> \u2013 ha dichiarato <strong>Paolo Odone<\/strong>, presidente dell\u2019Aeroporto di Genova \u2013. <em>Non \u00e8 un caso che il 2018 abbia visto un aumento significativo di turisti dal Regno Unito, con gli arrivi cresciuti dell\u201911,7% rispetto alle presenze del 14,5% rispetto al 2017. L\u2019incremento dei posti offerti quest\u2019anno e l\u2019inserimento di una rotta aggiuntiva sono un\u2019ottima notizia sia per i liguri che vorranno partire con easyJet sia per i turisti che vorranno scoprire le bellezze della Liguria\u201d<\/em>.<\/p>\n","protected":false},"excerpt":{"rendered":"<p>Saranno oltre 107.000 i posti da\/per Genova su voli easyJet nel 2019, il 14,6% in pi\u00f9 rispetto allo scorso anno.<\/p>\n","protected":false},"author":1,"featured_media":3691,"comment_status":"closed","ping_status":"open","sticky":false,"template":"","format":"standard","meta":{"colormag_page_container_layout":"default_layout","colormag_page_sidebar_layout":"default_layout","footnotes":""},"categories":[32,3],"tags":[1633,1217,652,1635,789],"class_list":["post-3819","post","type-post","status-publish","format-standard","has-post-thumbnail","hentry","category-prima-pagina","category-industria","tag-aeroporto-di-genova","tag-easyjet","tag-low-cost","tag-paolo-odone","tag-summer-schedule-19"],"yoast_head":"<!-- This site is optimized with the Yoast SEO plugin v26.8 - https:\/\/yoast.com\/product\/yoast-seo-wordpress\/ -->\n<title>EASYJET CONSOLIDA LA PRESENZA SU GENOVA &#187; Spazio-News Magazine<\/title>\n<meta name=\"description\" content=\"In aumento del 14% l&#039;offerta di posti easyJet da\/per l&#039;aeroporto di Genova per la prossima stagione estiva. Nuovo volo per Amsterdam\" \/>\n<meta name=\"robots\" content=\"index, follow, max-snippet:-1, max-image-preview:large, max-video-preview:-1\" \/>\n<link rel=\"canonical\" href=\"http:\/\/spazio-news.it\/?p=3819\" \/>\n<meta property=\"og:locale\" content=\"it_IT\" \/>\n<meta property=\"og:type\" content=\"article\" \/>\n<meta property=\"og:title\" content=\"EASYJET CONSOLIDA LA PRESENZA SU GENOVA &#187; Spazio-News Magazine\" \/>\n<meta property=\"og:description\" content=\"In aumento del 14% l&#039;offerta di posti easyJet da\/per l&#039;aeroporto di Genova per la prossima stagione estiva. Nuovo volo per Amsterdam\" \/>\n<meta property=\"og:url\" content=\"http:\/\/spazio-news.it\/?p=3819\" \/>\n<meta property=\"og:site_name\" content=\"Spazio-News Magazine\" \/>\n<meta property=\"article:publisher\" content=\"https:\/\/m.facebook.com\/spazio-news-magazine\" \/>\n<meta property=\"article:author\" content=\"@SpazioNewsMagazine\" \/>\n<meta property=\"article:published_time\" content=\"2019-04-09T15:21:21+00:00\" \/>\n<meta property=\"og:image\" content=\"http:\/\/spazio-news.it\/wp-content\/uploads\/2019\/03\/easyJet_FANS-C-A320neo_spazio-news.jpg\" \/>\n\t<meta property=\"og:image:width\" content=\"800\" \/>\n\t<meta property=\"og:image:height\" content=\"498\" \/>\n\t<meta property=\"og:image:type\" content=\"image\/jpeg\" \/>\n<meta name=\"author\" content=\"Redazione\" \/>\n<meta name=\"twitter:card\" content=\"summary_large_image\" \/>\n<meta name=\"twitter:creator\" content=\"@news_spazio\" \/>\n<meta name=\"twitter:site\" content=\"@News_spazio\" \/>\n<meta name=\"twitter:label1\" content=\"Scritto da\" \/>\n\t<meta name=\"twitter:data1\" content=\"Redazione\" \/>\n\t<meta name=\"twitter:label2\" content=\"Tempo di lettura stimato\" \/>\n\t<meta name=\"twitter:data2\" content=\"1 minuto\" \/>\n<script type=\"application\/ld+json\" class=\"yoast-schema-graph\">{\"@context\":\"https:\/\/schema.org\",\"@graph\":[{\"@type\":\"NewsArticle\",\"@id\":\"http:\/\/spazio-news.it\/?p=3819#article\",\"isPartOf\":{\"@id\":\"http:\/\/spazio-news.it\/?p=3819\"},\"author\":{\"name\":\"Redazione\",\"@id\":\"https:\/\/spazio-news.it\/#\/schema\/person\/c600904e882e9e166ed8e5e3773d37b3\"},\"headline\":\"EASYJET CONSOLIDA LA PRESENZA SU GENOVA\",\"datePublished\":\"2019-04-09T15:21:21+00:00\",\"mainEntityOfPage\":{\"@id\":\"http:\/\/spazio-news.it\/?p=3819\"},\"wordCount\":204,\"publisher\":{\"@id\":\"https:\/\/spazio-news.it\/#organization\"},\"image\":{\"@id\":\"http:\/\/spazio-news.it\/?p=3819#primaryimage\"},\"thumbnailUrl\":\"http:\/\/spazio-news.it\/wp-content\/uploads\/2019\/03\/easyJet_FANS-C-A320neo_spazio-news.jpg\",\"keywords\":[\"Aeroporto di Genova\",\"easyJet\",\"Low cost\",\"Paolo Odone\",\"Summer schedule 19\"],\"articleSection\":[\"01 - PRIMA PAGINA\",\"02 - INDUSTRIA\"],\"inLanguage\":\"it-IT\"},{\"@type\":\"WebPage\",\"@id\":\"http:\/\/spazio-news.it\/?p=3819\",\"url\":\"http:\/\/spazio-news.it\/?p=3819\",\"name\":\"EASYJET CONSOLIDA LA PRESENZA SU GENOVA &#187; Spazio-News Magazine\",\"isPartOf\":{\"@id\":\"https:\/\/spazio-news.it\/#website\"},\"primaryImageOfPage\":{\"@id\":\"http:\/\/spazio-news.it\/?p=3819#primaryimage\"},\"image\":{\"@id\":\"http:\/\/spazio-news.it\/?p=3819#primaryimage\"},\"thumbnailUrl\":\"http:\/\/spazio-news.it\/wp-content\/uploads\/2019\/03\/easyJet_FANS-C-A320neo_spazio-news.jpg\",\"datePublished\":\"2019-04-09T15:21:21+00:00\",\"description\":\"In aumento del 14% l'offerta di posti easyJet da\/per l'aeroporto di Genova per la prossima stagione estiva. Nuovo volo per Amsterdam\",\"breadcrumb\":{\"@id\":\"http:\/\/spazio-news.it\/?p=3819#breadcrumb\"},\"inLanguage\":\"it-IT\",\"potentialAction\":[{\"@type\":\"ReadAction\",\"target\":[\"http:\/\/spazio-news.it\/?p=3819\"]}]},{\"@type\":\"ImageObject\",\"inLanguage\":\"it-IT\",\"@id\":\"http:\/\/spazio-news.it\/?p=3819#primaryimage\",\"url\":\"http:\/\/spazio-news.it\/wp-content\/uploads\/2019\/03\/easyJet_FANS-C-A320neo_spazio-news.jpg\",\"contentUrl\":\"http:\/\/spazio-news.it\/wp-content\/uploads\/2019\/03\/easyJet_FANS-C-A320neo_spazio-news.jpg\",\"width\":800,\"height\":498,\"caption\":\"easyJet_FANS-C-A320neo_spazio-news\"},{\"@type\":\"BreadcrumbList\",\"@id\":\"http:\/\/spazio-news.it\/?p=3819#breadcrumb\",\"itemListElement\":[{\"@type\":\"ListItem\",\"position\":1,\"name\":\"Home\",\"item\":\"https:\/\/spazio-news.it\/\"},{\"@type\":\"ListItem\",\"position\":2,\"name\":\"EASYJET CONSOLIDA LA PRESENZA SU GENOVA\"}]},{\"@type\":\"WebSite\",\"@id\":\"https:\/\/spazio-news.it\/#website\",\"url\":\"https:\/\/spazio-news.it\/\",\"name\":\"Spazio-News Magazine\",\"description\":\"La guida che sfida la complessit\u00e0 del mondo industriale\",\"publisher\":{\"@id\":\"https:\/\/spazio-news.it\/#organization\"},\"alternateName\":\"Spazio-news.it\",\"potentialAction\":[{\"@type\":\"SearchAction\",\"target\":{\"@type\":\"EntryPoint\",\"urlTemplate\":\"https:\/\/spazio-news.it\/?s={search_term_string}\"},\"query-input\":{\"@type\":\"PropertyValueSpecification\",\"valueRequired\":true,\"valueName\":\"search_term_string\"}}],\"inLanguage\":\"it-IT\"},{\"@type\":\"Organization\",\"@id\":\"https:\/\/spazio-news.it\/#organization\",\"name\":\"Spazio-News Magazine\",\"url\":\"https:\/\/spazio-news.it\/\",\"logo\":{\"@type\":\"ImageObject\",\"inLanguage\":\"it-IT\",\"@id\":\"https:\/\/spazio-news.it\/#\/schema\/logo\/image\/\",\"url\":\"http:\/\/spazio-news.it\/wp-content\/uploads\/2023\/09\/Logo-Spazio-News-512-x-512-NO-testo.jpg\",\"contentUrl\":\"http:\/\/spazio-news.it\/wp-content\/uploads\/2023\/09\/Logo-Spazio-News-512-x-512-NO-testo.jpg\",\"width\":512,\"height\":512,\"caption\":\"Spazio-News Magazine\"},\"image\":{\"@id\":\"https:\/\/spazio-news.it\/#\/schema\/logo\/image\/\"},\"sameAs\":[\"https:\/\/m.facebook.com\/spazio-news-magazine\",\"https:\/\/x.com\/News_spazio\"]},{\"@type\":\"Person\",\"@id\":\"https:\/\/spazio-news.it\/#\/schema\/person\/c600904e882e9e166ed8e5e3773d37b3\",\"name\":\"Redazione\",\"sameAs\":[\"http:\/\/spazio-news.it\",\"@SpazioNewsMagazine\",\"https:\/\/x.com\/@news_spazio\"],\"url\":\"http:\/\/spazio-news.it\/?author=1\"}]}<\/script>\n<!-- \/ Yoast SEO plugin. -->","yoast_head_json":{"title":"EASYJET CONSOLIDA LA PRESENZA SU GENOVA &#187; Spazio-News Magazine","description":"In aumento del 14% l'offerta di posti easyJet da\/per l'aeroporto di Genova per la prossima stagione estiva. Nuovo volo per Amsterdam","robots":{"index":"index","follow":"follow","max-snippet":"max-snippet:-1","max-image-preview":"max-image-preview:large","max-video-preview":"max-video-preview:-1"},"canonical":"http:\/\/spazio-news.it\/?p=3819","og_locale":"it_IT","og_type":"article","og_title":"EASYJET CONSOLIDA LA PRESENZA SU GENOVA &#187; Spazio-News Magazine","og_description":"In aumento del 14% l'offerta di posti easyJet da\/per l'aeroporto di Genova per la prossima stagione estiva. Nuovo volo per Amsterdam","og_url":"http:\/\/spazio-news.it\/?p=3819","og_site_name":"Spazio-News Magazine","article_publisher":"https:\/\/m.facebook.com\/spazio-news-magazine","article_author":"@SpazioNewsMagazine","article_published_time":"2019-04-09T15:21:21+00:00","og_image":[{"width":800,"height":498,"url":"http:\/\/spazio-news.it\/wp-content\/uploads\/2019\/03\/easyJet_FANS-C-A320neo_spazio-news.jpg","type":"image\/jpeg"}],"author":"Redazione","twitter_card":"summary_large_image","twitter_creator":"@news_spazio","twitter_site":"@News_spazio","twitter_misc":{"Scritto da":"Redazione","Tempo di lettura stimato":"1 minuto"},"schema":{"@context":"https:\/\/schema.org","@graph":[{"@type":"NewsArticle","@id":"http:\/\/spazio-news.it\/?p=3819#article","isPartOf":{"@id":"http:\/\/spazio-news.it\/?p=3819"},"author":{"name":"Redazione","@id":"https:\/\/spazio-news.it\/#\/schema\/person\/c600904e882e9e166ed8e5e3773d37b3"},"headline":"EASYJET CONSOLIDA LA PRESENZA SU GENOVA","datePublished":"2019-04-09T15:21:21+00:00","mainEntityOfPage":{"@id":"http:\/\/spazio-news.it\/?p=3819"},"wordCount":204,"publisher":{"@id":"https:\/\/spazio-news.it\/#organization"},"image":{"@id":"http:\/\/spazio-news.it\/?p=3819#primaryimage"},"thumbnailUrl":"http:\/\/spazio-news.it\/wp-content\/uploads\/2019\/03\/easyJet_FANS-C-A320neo_spazio-news.jpg","keywords":["Aeroporto di Genova","easyJet","Low cost","Paolo Odone","Summer schedule 19"],"articleSection":["01 - PRIMA PAGINA","02 - INDUSTRIA"],"inLanguage":"it-IT"},{"@type":"WebPage","@id":"http:\/\/spazio-news.it\/?p=3819","url":"http:\/\/spazio-news.it\/?p=3819","name":"EASYJET CONSOLIDA LA PRESENZA SU GENOVA &#187; Spazio-News Magazine","isPartOf":{"@id":"https:\/\/spazio-news.it\/#website"},"primaryImageOfPage":{"@id":"http:\/\/spazio-news.it\/?p=3819#primaryimage"},"image":{"@id":"http:\/\/spazio-news.it\/?p=3819#primaryimage"},"thumbnailUrl":"http:\/\/spazio-news.it\/wp-content\/uploads\/2019\/03\/easyJet_FANS-C-A320neo_spazio-news.jpg","datePublished":"2019-04-09T15:21:21+00:00","description":"In aumento del 14% l'offerta di posti easyJet da\/per l'aeroporto di Genova per la prossima stagione estiva. Nuovo volo per Amsterdam","breadcrumb":{"@id":"http:\/\/spazio-news.it\/?p=3819#breadcrumb"},"inLanguage":"it-IT","potentialAction":[{"@type":"ReadAction","target":["http:\/\/spazio-news.it\/?p=3819"]}]},{"@type":"ImageObject","inLanguage":"it-IT","@id":"http:\/\/spazio-news.it\/?p=3819#primaryimage","url":"http:\/\/spazio-news.it\/wp-content\/uploads\/2019\/03\/easyJet_FANS-C-A320neo_spazio-news.jpg","contentUrl":"http:\/\/spazio-news.it\/wp-content\/uploads\/2019\/03\/easyJet_FANS-C-A320neo_spazio-news.jpg","width":800,"height":498,"caption":"easyJet_FANS-C-A320neo_spazio-news"},{"@type":"BreadcrumbList","@id":"http:\/\/spazio-news.it\/?p=3819#breadcrumb","itemListElement":[{"@type":"ListItem","position":1,"name":"Home","item":"https:\/\/spazio-news.it\/"},{"@type":"ListItem","position":2,"name":"EASYJET CONSOLIDA LA PRESENZA SU GENOVA"}]},{"@type":"WebSite","@id":"https:\/\/spazio-news.it\/#website","url":"https:\/\/spazio-news.it\/","name":"Spazio-News Magazine","description":"La guida che sfida la complessit\u00e0 del mondo industriale","publisher":{"@id":"https:\/\/spazio-news.it\/#organization"},"alternateName":"Spazio-news.it","potentialAction":[{"@type":"SearchAction","target":{"@type":"EntryPoint","urlTemplate":"https:\/\/spazio-news.it\/?s={search_term_string}"},"query-input":{"@type":"PropertyValueSpecification","valueRequired":true,"valueName":"search_term_string"}}],"inLanguage":"it-IT"},{"@type":"Organization","@id":"https:\/\/spazio-news.it\/#organization","name":"Spazio-News Magazine","url":"https:\/\/spazio-news.it\/","logo":{"@type":"ImageObject","inLanguage":"it-IT","@id":"https:\/\/spazio-news.it\/#\/schema\/logo\/image\/","url":"http:\/\/spazio-news.it\/wp-content\/uploads\/2023\/09\/Logo-Spazio-News-512-x-512-NO-testo.jpg","contentUrl":"http:\/\/spazio-news.it\/wp-content\/uploads\/2023\/09\/Logo-Spazio-News-512-x-512-NO-testo.jpg","width":512,"height":512,"caption":"Spazio-News Magazine"},"image":{"@id":"https:\/\/spazio-news.it\/#\/schema\/logo\/image\/"},"sameAs":["https:\/\/m.facebook.com\/spazio-news-magazine","https:\/\/x.com\/News_spazio"]},{"@type":"Person","@id":"https:\/\/spazio-news.it\/#\/schema\/person\/c600904e882e9e166ed8e5e3773d37b3","name":"Redazione","sameAs":["http:\/\/spazio-news.it","@SpazioNewsMagazine","https:\/\/x.com\/@news_spazio"],"url":"http:\/\/spazio-news.it\/?author=1"}]}},"_links":{"self":[{"href":"http:\/\/spazio-news.it\/index.php?rest_route=\/wp\/v2\/posts\/3819","targetHints":{"allow":["GET"]}}],"collection":[{"href":"http:\/\/spazio-news.it\/index.php?rest_route=\/wp\/v2\/posts"}],"about":[{"href":"http:\/\/spazio-news.it\/index.php?rest_route=\/wp\/v2\/types\/post"}],"author":[{"embeddable":true,"href":"http:\/\/spazio-news.it\/index.php?rest_route=\/wp\/v2\/users\/1"}],"replies":[{"embeddable":true,"href":"http:\/\/spazio-news.it\/index.php?rest_route=%2Fwp%2Fv2%2Fcomments&post=3819"}],"version-history":[{"count":1,"href":"http:\/\/spazio-news.it\/index.php?rest_route=\/wp\/v2\/posts\/3819\/revisions"}],"predecessor-version":[{"id":3820,"href":"http:\/\/spazio-news.it\/index.php?rest_route=\/wp\/v2\/posts\/3819\/revisions\/3820"}],"wp:featuredmedia":[{"embeddable":true,"href":"http:\/\/spazio-news.it\/index.php?rest_route=\/wp\/v2\/media\/3691"}],"wp:attachment":[{"href":"http:\/\/spazio-news.it\/index.php?rest_route=%2Fwp%2Fv2%2Fmedia&parent=3819"}],"wp:term":[{"taxonomy":"category","embeddable":true,"href":"http:\/\/spazio-news.it\/index.php?rest_route=%2Fwp%2Fv2%2Fcategories&post=3819"},{"taxonomy":"post_tag","embeddable":true,"href":"http:\/\/spazio-news.it\/index.php?rest_route=%2Fwp%2Fv2%2Ftags&post=3819"}],"curies":[{"name":"wp","href":"https:\/\/api.w.org\/{rel}","templated":true}]}}