{"id":3822,"date":"2019-04-08T06:10:32","date_gmt":"2019-04-08T05:10:32","guid":{"rendered":"http:\/\/spazio-news.it\/?p=3822"},"modified":"2026-01-29T19:49:30","modified_gmt":"2026-01-29T18:49:30","slug":"ami-primo-workshop-sulle-piattaforme-stratosferiche","status":"publish","type":"post","link":"http:\/\/spazio-news.it\/?p=3822","title":{"rendered":"AMI: PRIMO WORKSHOP SULLE PIATTAFORME STRATOSFERICHE"},"content":{"rendered":"<p>Si \u00e8 svolta a Roma, presso la Casa dell&#8217;Aviatore, il primo <strong>Workshop nazionale sulle Piattaforme Stratosferiche<\/strong>, un evento organizzato dall&#8217;Ufficio Generale per lo Spazio &#8211; UGS dell&#8217;Aeronautica Militare per <strong>avviare un confronto<\/strong>, insieme a rappresentanti delle <strong>Istituzioni<\/strong>, del <strong>mondo accademico<\/strong>, della <strong>ricerca<\/strong> e delle <strong> aziende<\/strong>, su possibili <strong>linee di azione e forme di collaborazione<\/strong> nello sviluppo di questa innovativa interfaccia tecnologica in <strong>campo aero-spaziale<\/strong>.<\/p>\n<p><em>\u201cle piattaforme stratosferiche sono un tassello che pu\u00f2 integrare le capacit\u00e0 offerte dai satelliti, dalle costellazioni satellitari e dagli UAV che si piazza in una fascia intermedia e che ha caratteristiche di flessibilit\u00e0 di costi e di permanenza che ben si attaglia ad integrare quelle che sono le capacit\u00e0 fondamentali che un paese pu\u00f2 sviluppare<\/em> \u2013 ha detto il Generale Rosso, nel suo intervento -. <em>l\u2019incontro di oggi si pone in continuit\u00e0 con uno studio ed un accordo sottoscritto a dicembre, insieme al mondo dell\u2019industria e a quello accademico, per sviluppare tutte quelle che sono le potenzialit\u00e0 di Aviolancio di piccoli satelliti da parte di aeroplani\u201d.<\/em><\/p>\n<p>L\u2019incontro ha avuto quale obiettivo quello di <strong>aprire ufficialmente un tavolo di confronto<\/strong> sul tema, allargato a tutti i principali attori nazionali, effettuare una <strong>ricognizione delle tecnologie chiave<\/strong> e gettare le basi per giungere, in tempi estremamente contenuti, a <strong>formulare un requisito di alto livello<\/strong> per una <strong>piattaforma stratosferica<\/strong> <strong>d\u2019interesse nazionale<\/strong>, aggregando la domanda istituzionale per i servizi erogabili ed esplorando le possibilit\u00e0 di <strong>finanziare gli studi preliminari<\/strong> con fondi derivanti dalla <strong>space economy<\/strong> e nell\u2019ambito di un progetto, a guida italiana, inserito nel contesto della <strong>cooperazione strutturata permanente europea<\/strong>.<\/p>\n<p>Il <strong>Workshop<\/strong> \u00e8 stato aperto dal <strong>Capo di Stato Maggiore, Generale di Squadra Aerea Alberto Rosso<\/strong>, ed ha visto la presenza del <strong>Consigliere Militare del Presidente del Consiglio dei Ministri, Ammiraglio di Squadra Carlo Massagli<\/strong>, del <a href=\"http:\/\/www.cnr.it\/\" data-saferedirecturl=\"https:\/\/www.google.com\/url?q=http:\/\/www.cnr.it\/&amp;source=gmail&amp;ust=1554642588955000&amp;usg=AFQjCNFyVUjhhJhB-zxV1Jm2HjQ_GDYt3g\">Presidente Consiglio Nazionale delle Ricerche<\/a>, <strong> Prof. Massimo Inguscio<\/strong>, del Dott.<strong> Roberto Borsa<\/strong>, rappresentante del  Centro Italiano Ricerche Aerospaziali &#8211; CIRA, del Prof. <strong>Fernando Ferroni<\/strong>, <a href=\"http:\/\/home.infn.it\/\" data-saferedirecturl=\"https:\/\/www.google.com\/url?q=http:\/\/home.infn.it\/&amp;source=gmail&amp;ust=1554642588955000&amp;usg=AFQjCNEMKMw6VFPP0LLURdyPIgvW7JxNNA\">Presidente dell\u2019Istituto Nazionale Fisica Nucleare<\/a> e dei rappresentanti delle aziende: <a href=\"https:\/\/www.thalesgroup.com\/it\/italia\/global-presence-europe\/italia\" data-saferedirecturl=\"https:\/\/www.google.com\/url?q=https:\/\/www.thalesgroup.com\/it\/italia\/global-presence-europe\/italia&amp;source=gmail&amp;ust=1554642588955000&amp;usg=AFQjCNFuGp_Z0SpboQQCaXsIGYUpFAOr1Q\">Thales Alenia Space Italia<\/a>, <a href=\"http:\/\/www.leonardocompany.com\/\" data-saferedirecturl=\"https:\/\/www.google.com\/url?q=http:\/\/www.leonardocompany.com\/&amp;source=gmail&amp;ust=1554642588955000&amp;usg=AFQjCNEd9iAsvdjiJqh7TnuG7KlGUfI1rw\">Leonardo<\/a> e <a href=\"http:\/\/www.space-italy.com\/\" data-saferedirecturl=\"https:\/\/www.google.com\/url?q=http:\/\/www.space-italy.com\/&amp;source=gmail&amp;ust=1554642588955000&amp;usg=AFQjCNGgzbmg1XuwmxL8xxUfdBWX53_2Rw\"> Space Italy<\/a> (rete di grandi imprese nazionali composta da\u00a0<a href=\"http:\/\/www.sitael.com\/\" data-saferedirecturl=\"https:\/\/www.google.com\/url?q=http:\/\/www.sitael.com\/&amp;source=gmail&amp;ust=1554642588955000&amp;usg=AFQjCNGPrH6HNw9TRgG-QYmzPwJPMWCSKQ\">Sitael<\/a>, <a href=\"http:\/\/www.idscorporation.com\/\" data-saferedirecturl=\"https:\/\/www.google.com\/url?q=http:\/\/www.idscorporation.com\/&amp;source=gmail&amp;ust=1554642588955000&amp;usg=AFQjCNHzyTK3wnScOJ3_n0TcyxhCgHqXyA\">IDS Ingegneria Dei Sistemi<\/a>, <a href=\"http:\/\/www.logic-spa.com\/\" data-saferedirecturl=\"https:\/\/www.google.com\/url?q=http:\/\/www.logic-spa.com\/&amp;source=gmail&amp;ust=1554642588955000&amp;usg=AFQjCNGBfLf7ZJzktoGwdTGBs64uFJaQOA\">Logic<\/a>, <a href=\"http:\/\/www.eurotech.com\" saferedirecturl=\"https:\/\/www.google.com\/url?q=http:\/\/www.eurotech.com\/&amp;source=gmail&amp;ust=1554642588955000&amp;usg=AFQjCNHXww-gHa7yTMmzhPZssxGBR3KmRQ\"> Eurotech<\/a> e <a href=\"http:\/\/www.corvallis.it\/\" data-saferedirecturl=\"https:\/\/www.google.com\/url?q=http:\/\/www.corvallis.it\/&amp;source=gmail&amp;ust=1554642588955000&amp;usg=AFQjCNGAkvtF5eCCTqG7P5WqCEheUV9VMQ\">Corvallis<\/a>).<\/p>\n<p><em>\u201cLe piattaforme stratosferiche rappresentano una delle linee di sviluppo della strategia dell\u2019Aeronautica Militare al servizio del sistema paese. Oggi possiamo affermare di aver raggiunto una maturit\u00e0 tecnologica che deve necessariamente essere completata dalla capacit\u00e0 di esprimere un progetto d\u2019interesse nazionale comune<\/em> \u2013 ha aggiunto il Sottosegretario di Stato per la Difesa Angelo Tofalo, nel suo intervento conclusivo -. <em>Tutelare lo Spazio quale risorsa strategica \u00e8 fondamentale. Il contrario ci obbligher\u00e0 a fruire delle capacit\u00e0 che nel frattempo altri concorrenti stanno sviluppando. In tale ottica la nostra Aeronautica Militare, attraverso i programmi nazionali, le cooperazioni bilaterali e la partecipazione ai progetti industriali e di ricerca, \u00e8 pienamente inserita nel Sistema Paese ed opera per garantire il mantenimento dell\u2019eccellenza nel comparto spaziale ed aerospaziale nazionale\u201d.<\/em><\/p>\n","protected":false},"excerpt":{"rendered":"<p>Si \u00e8 svolta a Roma, presso la Casa dell&#8217;Aviatore, il primo Workshop nazionale sulle Piattaforme Stratosferiche, un evento organizzato dall&#8217;Ufficio<\/p>\n","protected":false},"author":1,"featured_media":3823,"comment_status":"closed","ping_status":"open","sticky":false,"template":"","format":"standard","meta":{"colormag_page_container_layout":"default_layout","colormag_page_sidebar_layout":"default_layout","footnotes":""},"categories":[32,5],"tags":[54,105,2450,2212,2451,129],"class_list":["post-3822","post","type-post","status-publish","format-standard","has-post-thumbnail","hentry","category-prima-pagina","category-ricerca-innovazione","tag-aeronautica-militare-italiana","tag-ministero-della-difesa","tag-piattaforme-stratosferiche","tag-ricerca-aerospaziale","tag-space-italy","tag-spazio"],"yoast_head":"<!-- This site is optimized with the Yoast SEO plugin v26.8 - https:\/\/yoast.com\/product\/yoast-seo-wordpress\/ -->\n<title>AMI: PRIMO WORKSHOP SULLE PIATTAFORME STRATOSFERICHE &#187; Spazio-News Magazine<\/title>\n<meta name=\"description\" content=\"Si \u00e8 svolta a Roma, presso la Casa dell&#039;Aviatore, il primo Workshop nazionale sulle Piattaforme Stratosferiche, un evento organizzato dall&#039;AMI\" \/>\n<meta name=\"robots\" content=\"index, follow, max-snippet:-1, max-image-preview:large, max-video-preview:-1\" \/>\n<link rel=\"canonical\" href=\"http:\/\/spazio-news.it\/?p=3822\" \/>\n<meta property=\"og:locale\" content=\"it_IT\" \/>\n<meta property=\"og:type\" content=\"article\" \/>\n<meta property=\"og:title\" content=\"AMI: PRIMO WORKSHOP SULLE PIATTAFORME STRATOSFERICHE &#187; Spazio-News Magazine\" \/>\n<meta property=\"og:description\" content=\"Si \u00e8 svolta a Roma, presso la Casa dell&#039;Aviatore, il primo Workshop nazionale sulle Piattaforme Stratosferiche, un evento organizzato dall&#039;AMI\" \/>\n<meta property=\"og:url\" content=\"http:\/\/spazio-news.it\/?p=3822\" \/>\n<meta property=\"og:site_name\" content=\"Spazio-News Magazine\" \/>\n<meta property=\"article:publisher\" content=\"https:\/\/m.facebook.com\/spazio-news-magazine\" \/>\n<meta property=\"article:author\" content=\"@SpazioNewsMagazine\" \/>\n<meta property=\"article:published_time\" content=\"2019-04-08T05:10:32+00:00\" \/>\n<meta property=\"article:modified_time\" content=\"2026-01-29T18:49:30+00:00\" \/>\n<meta property=\"og:image\" content=\"http:\/\/spazio-news.it\/wp-content\/uploads\/2019\/04\/Space-Italy-Angel-IDS-Eurotech-Logic-Corvallis-Piattaforma-stratosferica....jpg\" \/>\n\t<meta property=\"og:image:width\" content=\"800\" \/>\n\t<meta property=\"og:image:height\" content=\"446\" \/>\n\t<meta property=\"og:image:type\" content=\"image\/jpeg\" \/>\n<meta name=\"author\" content=\"Redazione\" \/>\n<meta name=\"twitter:card\" content=\"summary_large_image\" \/>\n<meta name=\"twitter:creator\" content=\"@news_spazio\" \/>\n<meta name=\"twitter:site\" content=\"@News_spazio\" \/>\n<meta name=\"twitter:label1\" content=\"Scritto da\" \/>\n\t<meta name=\"twitter:data1\" content=\"Redazione\" \/>\n\t<meta name=\"twitter:label2\" content=\"Tempo di lettura stimato\" \/>\n\t<meta name=\"twitter:data2\" content=\"2 minuti\" \/>\n<script type=\"application\/ld+json\" class=\"yoast-schema-graph\">{\"@context\":\"https:\/\/schema.org\",\"@graph\":[{\"@type\":\"NewsArticle\",\"@id\":\"http:\/\/spazio-news.it\/?p=3822#article\",\"isPartOf\":{\"@id\":\"http:\/\/spazio-news.it\/?p=3822\"},\"author\":{\"name\":\"Redazione\",\"@id\":\"https:\/\/spazio-news.it\/#\/schema\/person\/c600904e882e9e166ed8e5e3773d37b3\"},\"headline\":\"AMI: PRIMO WORKSHOP SULLE PIATTAFORME STRATOSFERICHE\",\"datePublished\":\"2019-04-08T05:10:32+00:00\",\"dateModified\":\"2026-01-29T18:49:30+00:00\",\"mainEntityOfPage\":{\"@id\":\"http:\/\/spazio-news.it\/?p=3822\"},\"wordCount\":489,\"publisher\":{\"@id\":\"https:\/\/spazio-news.it\/#organization\"},\"image\":{\"@id\":\"http:\/\/spazio-news.it\/?p=3822#primaryimage\"},\"thumbnailUrl\":\"http:\/\/spazio-news.it\/wp-content\/uploads\/2019\/04\/Space-Italy-Angel-IDS-Eurotech-Logic-Corvallis-Piattaforma-stratosferica....jpg\",\"keywords\":[\"Aeronautica Militare Italiana\",\"Ministero della Difesa\",\"Piattaforme Stratosferiche\",\"Ricerca aerospaziale\",\"Space-Italy\",\"Spazio\"],\"articleSection\":[\"01 - PRIMA PAGINA\",\"05 - RICERCA &amp; INNOVAZIONE\"],\"inLanguage\":\"it-IT\"},{\"@type\":\"WebPage\",\"@id\":\"http:\/\/spazio-news.it\/?p=3822\",\"url\":\"http:\/\/spazio-news.it\/?p=3822\",\"name\":\"AMI: PRIMO WORKSHOP SULLE PIATTAFORME STRATOSFERICHE &#187; Spazio-News Magazine\",\"isPartOf\":{\"@id\":\"https:\/\/spazio-news.it\/#website\"},\"primaryImageOfPage\":{\"@id\":\"http:\/\/spazio-news.it\/?p=3822#primaryimage\"},\"image\":{\"@id\":\"http:\/\/spazio-news.it\/?p=3822#primaryimage\"},\"thumbnailUrl\":\"http:\/\/spazio-news.it\/wp-content\/uploads\/2019\/04\/Space-Italy-Angel-IDS-Eurotech-Logic-Corvallis-Piattaforma-stratosferica....jpg\",\"datePublished\":\"2019-04-08T05:10:32+00:00\",\"dateModified\":\"2026-01-29T18:49:30+00:00\",\"description\":\"Si \u00e8 svolta a Roma, presso la Casa dell'Aviatore, il primo Workshop nazionale sulle Piattaforme Stratosferiche, un evento organizzato dall'AMI\",\"breadcrumb\":{\"@id\":\"http:\/\/spazio-news.it\/?p=3822#breadcrumb\"},\"inLanguage\":\"it-IT\",\"potentialAction\":[{\"@type\":\"ReadAction\",\"target\":[\"http:\/\/spazio-news.it\/?p=3822\"]}]},{\"@type\":\"ImageObject\",\"inLanguage\":\"it-IT\",\"@id\":\"http:\/\/spazio-news.it\/?p=3822#primaryimage\",\"url\":\"http:\/\/spazio-news.it\/wp-content\/uploads\/2019\/04\/Space-Italy-Angel-IDS-Eurotech-Logic-Corvallis-Piattaforma-stratosferica....jpg\",\"contentUrl\":\"http:\/\/spazio-news.it\/wp-content\/uploads\/2019\/04\/Space-Italy-Angel-IDS-Eurotech-Logic-Corvallis-Piattaforma-stratosferica....jpg\",\"width\":800,\"height\":446,\"caption\":\"Space Italy Angel IDS Eurotech Logic Corvallis Piattaforma stratosferica\"},{\"@type\":\"BreadcrumbList\",\"@id\":\"http:\/\/spazio-news.it\/?p=3822#breadcrumb\",\"itemListElement\":[{\"@type\":\"ListItem\",\"position\":1,\"name\":\"Home\",\"item\":\"https:\/\/spazio-news.it\/\"},{\"@type\":\"ListItem\",\"position\":2,\"name\":\"AMI: PRIMO WORKSHOP SULLE PIATTAFORME STRATOSFERICHE\"}]},{\"@type\":\"WebSite\",\"@id\":\"https:\/\/spazio-news.it\/#website\",\"url\":\"https:\/\/spazio-news.it\/\",\"name\":\"Spazio-News Magazine\",\"description\":\"La guida che sfida la complessit\u00e0 del mondo industriale\",\"publisher\":{\"@id\":\"https:\/\/spazio-news.it\/#organization\"},\"alternateName\":\"Spazio-news.it\",\"potentialAction\":[{\"@type\":\"SearchAction\",\"target\":{\"@type\":\"EntryPoint\",\"urlTemplate\":\"https:\/\/spazio-news.it\/?s={search_term_string}\"},\"query-input\":{\"@type\":\"PropertyValueSpecification\",\"valueRequired\":true,\"valueName\":\"search_term_string\"}}],\"inLanguage\":\"it-IT\"},{\"@type\":\"Organization\",\"@id\":\"https:\/\/spazio-news.it\/#organization\",\"name\":\"Spazio-News Magazine\",\"url\":\"https:\/\/spazio-news.it\/\",\"logo\":{\"@type\":\"ImageObject\",\"inLanguage\":\"it-IT\",\"@id\":\"https:\/\/spazio-news.it\/#\/schema\/logo\/image\/\",\"url\":\"http:\/\/spazio-news.it\/wp-content\/uploads\/2023\/09\/Logo-Spazio-News-512-x-512-NO-testo.jpg\",\"contentUrl\":\"http:\/\/spazio-news.it\/wp-content\/uploads\/2023\/09\/Logo-Spazio-News-512-x-512-NO-testo.jpg\",\"width\":512,\"height\":512,\"caption\":\"Spazio-News Magazine\"},\"image\":{\"@id\":\"https:\/\/spazio-news.it\/#\/schema\/logo\/image\/\"},\"sameAs\":[\"https:\/\/m.facebook.com\/spazio-news-magazine\",\"https:\/\/x.com\/News_spazio\"]},{\"@type\":\"Person\",\"@id\":\"https:\/\/spazio-news.it\/#\/schema\/person\/c600904e882e9e166ed8e5e3773d37b3\",\"name\":\"Redazione\",\"sameAs\":[\"http:\/\/spazio-news.it\",\"@SpazioNewsMagazine\",\"https:\/\/x.com\/@news_spazio\"],\"url\":\"http:\/\/spazio-news.it\/?author=1\"}]}<\/script>\n<!-- \/ Yoast SEO plugin. -->","yoast_head_json":{"title":"AMI: PRIMO WORKSHOP SULLE PIATTAFORME STRATOSFERICHE &#187; Spazio-News Magazine","description":"Si \u00e8 svolta a Roma, presso la Casa dell'Aviatore, il primo Workshop nazionale sulle Piattaforme Stratosferiche, un evento organizzato dall'AMI","robots":{"index":"index","follow":"follow","max-snippet":"max-snippet:-1","max-image-preview":"max-image-preview:large","max-video-preview":"max-video-preview:-1"},"canonical":"http:\/\/spazio-news.it\/?p=3822","og_locale":"it_IT","og_type":"article","og_title":"AMI: PRIMO WORKSHOP SULLE PIATTAFORME STRATOSFERICHE &#187; Spazio-News Magazine","og_description":"Si \u00e8 svolta a Roma, presso la Casa dell'Aviatore, il primo Workshop nazionale sulle Piattaforme Stratosferiche, un evento organizzato dall'AMI","og_url":"http:\/\/spazio-news.it\/?p=3822","og_site_name":"Spazio-News Magazine","article_publisher":"https:\/\/m.facebook.com\/spazio-news-magazine","article_author":"@SpazioNewsMagazine","article_published_time":"2019-04-08T05:10:32+00:00","article_modified_time":"2026-01-29T18:49:30+00:00","og_image":[{"width":800,"height":446,"url":"http:\/\/spazio-news.it\/wp-content\/uploads\/2019\/04\/Space-Italy-Angel-IDS-Eurotech-Logic-Corvallis-Piattaforma-stratosferica....jpg","type":"image\/jpeg"}],"author":"Redazione","twitter_card":"summary_large_image","twitter_creator":"@news_spazio","twitter_site":"@News_spazio","twitter_misc":{"Scritto da":"Redazione","Tempo di lettura stimato":"2 minuti"},"schema":{"@context":"https:\/\/schema.org","@graph":[{"@type":"NewsArticle","@id":"http:\/\/spazio-news.it\/?p=3822#article","isPartOf":{"@id":"http:\/\/spazio-news.it\/?p=3822"},"author":{"name":"Redazione","@id":"https:\/\/spazio-news.it\/#\/schema\/person\/c600904e882e9e166ed8e5e3773d37b3"},"headline":"AMI: PRIMO WORKSHOP SULLE PIATTAFORME STRATOSFERICHE","datePublished":"2019-04-08T05:10:32+00:00","dateModified":"2026-01-29T18:49:30+00:00","mainEntityOfPage":{"@id":"http:\/\/spazio-news.it\/?p=3822"},"wordCount":489,"publisher":{"@id":"https:\/\/spazio-news.it\/#organization"},"image":{"@id":"http:\/\/spazio-news.it\/?p=3822#primaryimage"},"thumbnailUrl":"http:\/\/spazio-news.it\/wp-content\/uploads\/2019\/04\/Space-Italy-Angel-IDS-Eurotech-Logic-Corvallis-Piattaforma-stratosferica....jpg","keywords":["Aeronautica Militare Italiana","Ministero della Difesa","Piattaforme Stratosferiche","Ricerca aerospaziale","Space-Italy","Spazio"],"articleSection":["01 - PRIMA PAGINA","05 - RICERCA &amp; INNOVAZIONE"],"inLanguage":"it-IT"},{"@type":"WebPage","@id":"http:\/\/spazio-news.it\/?p=3822","url":"http:\/\/spazio-news.it\/?p=3822","name":"AMI: PRIMO WORKSHOP SULLE PIATTAFORME STRATOSFERICHE &#187; Spazio-News Magazine","isPartOf":{"@id":"https:\/\/spazio-news.it\/#website"},"primaryImageOfPage":{"@id":"http:\/\/spazio-news.it\/?p=3822#primaryimage"},"image":{"@id":"http:\/\/spazio-news.it\/?p=3822#primaryimage"},"thumbnailUrl":"http:\/\/spazio-news.it\/wp-content\/uploads\/2019\/04\/Space-Italy-Angel-IDS-Eurotech-Logic-Corvallis-Piattaforma-stratosferica....jpg","datePublished":"2019-04-08T05:10:32+00:00","dateModified":"2026-01-29T18:49:30+00:00","description":"Si \u00e8 svolta a Roma, presso la Casa dell'Aviatore, il primo Workshop nazionale sulle Piattaforme Stratosferiche, un evento organizzato dall'AMI","breadcrumb":{"@id":"http:\/\/spazio-news.it\/?p=3822#breadcrumb"},"inLanguage":"it-IT","potentialAction":[{"@type":"ReadAction","target":["http:\/\/spazio-news.it\/?p=3822"]}]},{"@type":"ImageObject","inLanguage":"it-IT","@id":"http:\/\/spazio-news.it\/?p=3822#primaryimage","url":"http:\/\/spazio-news.it\/wp-content\/uploads\/2019\/04\/Space-Italy-Angel-IDS-Eurotech-Logic-Corvallis-Piattaforma-stratosferica....jpg","contentUrl":"http:\/\/spazio-news.it\/wp-content\/uploads\/2019\/04\/Space-Italy-Angel-IDS-Eurotech-Logic-Corvallis-Piattaforma-stratosferica....jpg","width":800,"height":446,"caption":"Space Italy Angel IDS Eurotech Logic Corvallis Piattaforma stratosferica"},{"@type":"BreadcrumbList","@id":"http:\/\/spazio-news.it\/?p=3822#breadcrumb","itemListElement":[{"@type":"ListItem","position":1,"name":"Home","item":"https:\/\/spazio-news.it\/"},{"@type":"ListItem","position":2,"name":"AMI: PRIMO WORKSHOP SULLE PIATTAFORME STRATOSFERICHE"}]},{"@type":"WebSite","@id":"https:\/\/spazio-news.it\/#website","url":"https:\/\/spazio-news.it\/","name":"Spazio-News Magazine","description":"La guida che sfida la complessit\u00e0 del mondo industriale","publisher":{"@id":"https:\/\/spazio-news.it\/#organization"},"alternateName":"Spazio-news.it","potentialAction":[{"@type":"SearchAction","target":{"@type":"EntryPoint","urlTemplate":"https:\/\/spazio-news.it\/?s={search_term_string}"},"query-input":{"@type":"PropertyValueSpecification","valueRequired":true,"valueName":"search_term_string"}}],"inLanguage":"it-IT"},{"@type":"Organization","@id":"https:\/\/spazio-news.it\/#organization","name":"Spazio-News Magazine","url":"https:\/\/spazio-news.it\/","logo":{"@type":"ImageObject","inLanguage":"it-IT","@id":"https:\/\/spazio-news.it\/#\/schema\/logo\/image\/","url":"http:\/\/spazio-news.it\/wp-content\/uploads\/2023\/09\/Logo-Spazio-News-512-x-512-NO-testo.jpg","contentUrl":"http:\/\/spazio-news.it\/wp-content\/uploads\/2023\/09\/Logo-Spazio-News-512-x-512-NO-testo.jpg","width":512,"height":512,"caption":"Spazio-News Magazine"},"image":{"@id":"https:\/\/spazio-news.it\/#\/schema\/logo\/image\/"},"sameAs":["https:\/\/m.facebook.com\/spazio-news-magazine","https:\/\/x.com\/News_spazio"]},{"@type":"Person","@id":"https:\/\/spazio-news.it\/#\/schema\/person\/c600904e882e9e166ed8e5e3773d37b3","name":"Redazione","sameAs":["http:\/\/spazio-news.it","@SpazioNewsMagazine","https:\/\/x.com\/@news_spazio"],"url":"http:\/\/spazio-news.it\/?author=1"}]}},"_links":{"self":[{"href":"http:\/\/spazio-news.it\/index.php?rest_route=\/wp\/v2\/posts\/3822","targetHints":{"allow":["GET"]}}],"collection":[{"href":"http:\/\/spazio-news.it\/index.php?rest_route=\/wp\/v2\/posts"}],"about":[{"href":"http:\/\/spazio-news.it\/index.php?rest_route=\/wp\/v2\/types\/post"}],"author":[{"embeddable":true,"href":"http:\/\/spazio-news.it\/index.php?rest_route=\/wp\/v2\/users\/1"}],"replies":[{"embeddable":true,"href":"http:\/\/spazio-news.it\/index.php?rest_route=%2Fwp%2Fv2%2Fcomments&post=3822"}],"version-history":[{"count":11,"href":"http:\/\/spazio-news.it\/index.php?rest_route=\/wp\/v2\/posts\/3822\/revisions"}],"predecessor-version":[{"id":12794,"href":"http:\/\/spazio-news.it\/index.php?rest_route=\/wp\/v2\/posts\/3822\/revisions\/12794"}],"wp:featuredmedia":[{"embeddable":true,"href":"http:\/\/spazio-news.it\/index.php?rest_route=\/wp\/v2\/media\/3823"}],"wp:attachment":[{"href":"http:\/\/spazio-news.it\/index.php?rest_route=%2Fwp%2Fv2%2Fmedia&parent=3822"}],"wp:term":[{"taxonomy":"category","embeddable":true,"href":"http:\/\/spazio-news.it\/index.php?rest_route=%2Fwp%2Fv2%2Fcategories&post=3822"},{"taxonomy":"post_tag","embeddable":true,"href":"http:\/\/spazio-news.it\/index.php?rest_route=%2Fwp%2Fv2%2Ftags&post=3822"}],"curies":[{"name":"wp","href":"https:\/\/api.w.org\/{rel}","templated":true}]}}