{"id":3846,"date":"2019-04-12T04:58:16","date_gmt":"2019-04-12T03:58:16","guid":{"rendered":"http:\/\/spazio-news.it\/?p=3846"},"modified":"2019-04-06T17:02:26","modified_gmt":"2019-04-06T16:02:26","slug":"airbus-connected-experience-diventa-realta","status":"publish","type":"post","link":"http:\/\/spazio-news.it\/?p=3846","title":{"rendered":"AIRBUS CONNECTED EXPERIENCE DIVENTA REALT\u00c0"},"content":{"rendered":"<p>\u201c<em>In seguito a un ampio feedback del mercato e al sostegno dei partner industriali, Airbus ha deciso di procedere con la realizzazione di una Piattaforma IoT (Internet of Things) per la cabina, nota come <\/em><em>Airbus Connected Experience<\/em>\u201d. \u00c8 quanto ha reso noto <a href=\"https:\/\/www.airbus.com\/\">Airbus<\/a>.<\/p>\n<p>Si tratta di uno <strong>studio preliminare<\/strong>, che da oggi \u201cprende vita\u201d in seguito agli accordi di cooperazione siglati con i <strong>tre principali partner<\/strong> della categoria: <strong>gategroup<\/strong>, <strong>Stelia Aerospace<\/strong> e <strong>Recaro Aircraft Seating<\/strong>.<\/p>\n<p>La piattaforma <strong>collegher\u00e0 in tempo reale<\/strong> i principali componenti interconnessi della cabina centrale, incluse le <strong>cucine di bordo<\/strong>, i <strong>carrelli per i pasti<\/strong>, le <strong>poltrone<\/strong>, le <strong>cappelliere<\/strong> e altri <strong>elementi di cabina<\/strong>. Oltre a consentire lo scambio dei dati in tutta la cabina a supporto dell&#8217;<strong>equipaggio<\/strong>, \u00e8 anche previsto il caricamento delle<strong> informazioni sul cloud Skywise<\/strong> per le successive analisi dei dati.<\/p>\n<p><em>\u201cLa cabina cos\u00ec connessa offrir\u00e0 a vettori, personale di bordo e passeggeri una serie di vantaggi significativi. Il personale di bordo potr\u00e0 accedere a una piattaforma integrata capace di raccogliere in un unico ambiente dati pre-volo e dati in tempo reale, mentre i passeggeri beneficeranno di un&#8217;esperienza di viaggio maggiormente personalizzata<\/em> \u2013 prosegue la nota dell\u2019azienda francese -. <em>Questa piattaforma consentir\u00e0 inoltre ai vettori di avvalersi di tendenze aggregate relative all\u2019utilizzo delle dotazioni di cabina (relativamente agli elementi interconnessi), al fine di eseguire analisi predittive di manutenzione sull&#8217;intera flotta, migliorando cos\u00ec l&#8217;affidabilit\u00e0 generale del servizio in cabina, la qualit\u00e0 e le prestazioni a bordo di tutti gli aeromobili. La piattaforma consentir\u00e0 inoltre ai passeggeri di usufruire di un servizio di streaming wireless e permetter\u00e0 ai vettori di ospitare applicazioni di terzi per i film\u201d.<\/em><\/p>\n<p>Alcuni esempi di componenti <em><strong>Connected Experience<\/strong><\/em> sono:<\/p>\n<ul>\n<li>La <strong>cucina di bordo connessa<\/strong> consentir\u00e0 ai passeggeri di pre-ordinare il proprio pasto sulla base di una previsione dedicata di cibi e bevande preferiti, riducendo gli sprechi e aumentando la soddisfazione dei passeggeri. Consentir\u00e0 inoltre al personale di bordo di beneficiare della massima trasparenza ed efficienza nella gestione dell&#8217;inventario, e faciliter\u00e0 la comunicazione a distanza con i passeggeri, consentendo un servizio rapido e personalizzato in base alle singole preferenze.<\/li>\n<li>Le <strong>poltrone connesse<\/strong> forniranno ai passeggeri, tramite dispositivi personali, impostazioni personalizzate relative alla posizione della seduta e all&#8217;ordinazione a distanza di pasti e bevande. I passeggeri potranno ricevere contenuti personalizzati sui propri schermi IFE, tra cui film di possibile interesse o pubblicit\u00e0 pertinenti, quali suggerimenti relativi a concerti a cui assistere una volta giunti a destinazione.<\/li>\n<li>La <strong>cappelliera connessa<\/strong> non sar\u00e0 soltanto un contenitore &#8220;intelligente&#8221; in grado di indicare lo spazio disponibile, cos\u00ec da per caricare pi\u00f9 velocemente i bagagli dei passeggeri, ma potrebbe anche consentire una vera e propria gestione dello spazio, in modo che i passeggeri possano prenotare in anticipo la sezione per i propri bagagli.<\/li>\n<\/ul>\n<p>Il mercato ha espresso il proprio interesse affinch\u00e9 <strong>Airbus<\/strong>, in qualit\u00e0 di produttore di <strong>aeromobili<\/strong>, si assuma il ruolo di guida nello sviluppo di una<strong> piattaforma IoT<\/strong> che integri i dati riguardanti l&#8217;interno della cabina. Questa piattaforma \u00e8 progettata per essere <strong>linefit <\/strong>e <strong>retrofit<\/strong> e sar\u00e0 inizialmente disponibile sulla <strong>Famiglia A320<\/strong>, prima di estendersi ad altri programmi Airbus.<\/p>\n<p>Questa piattaforma non soltanto \u00e8 pienamente compatibile con l\u2019<strong>Open Software Platform &#8211; OSP<\/strong> di Airbus, attualmente offerta come servizio, ma la sua connessione sar\u00e0 garantita anche con il <strong>sistema Skywise per l&#8217;analisi dei dati<\/strong>, consentendo la <strong>manutenzione predittiva<\/strong>.<\/p>\n","protected":false},"excerpt":{"rendered":"<p>\u201cIn seguito a un ampio feedback del mercato e al sostegno dei partner industriali, Airbus ha deciso di procedere con<\/p>\n","protected":false},"author":1,"featured_media":2958,"comment_status":"closed","ping_status":"open","sticky":false,"template":"","format":"standard","meta":{"colormag_page_container_layout":"default_layout","colormag_page_sidebar_layout":"default_layout","footnotes":""},"categories":[32,3],"tags":[33,863,2456,1144,2457],"class_list":["post-3846","post","type-post","status-publish","format-standard","has-post-thumbnail","hentry","category-prima-pagina","category-industria","tag-airbus","tag-airbus-a320neo","tag-airbus-connected-experience","tag-internet-of-things","tag-manutenzione-predittiva"],"yoast_head":"<!-- This site is optimized with the Yoast SEO plugin v26.8 - https:\/\/yoast.com\/product\/yoast-seo-wordpress\/ -->\n<title>AIRBUS CONNECTED EXPERIENCE DIVENTA REALT\u00c0 &#187; Spazio-News Magazine<\/title>\n<meta name=\"description\" content=\"\u201cIn seguito a un ampio feedback del mercato e al sostegno dei partner industriali, Airbus ha deciso di procedere con la realizzazione di una\" \/>\n<meta name=\"robots\" content=\"index, follow, max-snippet:-1, max-image-preview:large, max-video-preview:-1\" \/>\n<link rel=\"canonical\" href=\"http:\/\/spazio-news.it\/?p=3846\" \/>\n<meta property=\"og:locale\" content=\"it_IT\" \/>\n<meta property=\"og:type\" content=\"article\" \/>\n<meta property=\"og:title\" content=\"AIRBUS CONNECTED EXPERIENCE DIVENTA REALT\u00c0 &#187; Spazio-News Magazine\" \/>\n<meta property=\"og:description\" content=\"\u201cIn seguito a un ampio feedback del mercato e al sostegno dei partner industriali, Airbus ha deciso di procedere con la realizzazione di una\" \/>\n<meta property=\"og:url\" content=\"http:\/\/spazio-news.it\/?p=3846\" \/>\n<meta property=\"og:site_name\" content=\"Spazio-News Magazine\" \/>\n<meta property=\"article:publisher\" content=\"https:\/\/m.facebook.com\/spazio-news-magazine\" \/>\n<meta property=\"article:author\" content=\"@SpazioNewsMagazine\" \/>\n<meta property=\"article:published_time\" content=\"2019-04-12T03:58:16+00:00\" \/>\n<meta property=\"og:image\" content=\"http:\/\/spazio-news.it\/wp-content\/uploads\/2019\/01\/Airbus-A220-300-in-pista.png\" \/>\n\t<meta property=\"og:image:width\" content=\"800\" \/>\n\t<meta property=\"og:image:height\" content=\"446\" \/>\n\t<meta property=\"og:image:type\" content=\"image\/png\" \/>\n<meta name=\"author\" content=\"Redazione\" \/>\n<meta name=\"twitter:card\" content=\"summary_large_image\" \/>\n<meta name=\"twitter:creator\" content=\"@news_spazio\" \/>\n<meta name=\"twitter:site\" content=\"@News_spazio\" \/>\n<meta name=\"twitter:label1\" content=\"Scritto da\" \/>\n\t<meta name=\"twitter:data1\" content=\"Redazione\" \/>\n\t<meta name=\"twitter:label2\" content=\"Tempo di lettura stimato\" \/>\n\t<meta name=\"twitter:data2\" content=\"3 minuti\" \/>\n<script type=\"application\/ld+json\" class=\"yoast-schema-graph\">{\"@context\":\"https:\/\/schema.org\",\"@graph\":[{\"@type\":\"NewsArticle\",\"@id\":\"http:\/\/spazio-news.it\/?p=3846#article\",\"isPartOf\":{\"@id\":\"http:\/\/spazio-news.it\/?p=3846\"},\"author\":{\"name\":\"Redazione\",\"@id\":\"http:\/\/spazio-news.it\/#\/schema\/person\/c600904e882e9e166ed8e5e3773d37b3\"},\"headline\":\"AIRBUS CONNECTED EXPERIENCE DIVENTA REALT\u00c0\",\"datePublished\":\"2019-04-12T03:58:16+00:00\",\"mainEntityOfPage\":{\"@id\":\"http:\/\/spazio-news.it\/?p=3846\"},\"wordCount\":562,\"publisher\":{\"@id\":\"http:\/\/spazio-news.it\/#organization\"},\"image\":{\"@id\":\"http:\/\/spazio-news.it\/?p=3846#primaryimage\"},\"thumbnailUrl\":\"http:\/\/spazio-news.it\/wp-content\/uploads\/2019\/01\/Airbus-A220-300-in-pista.png\",\"keywords\":[\"Airbus\",\"Airbus A320neo\",\"Airbus Connected Experience\",\"Internet of Things\",\"manutenzione predittiva\"],\"articleSection\":[\"01 - PRIMA PAGINA\",\"02 - INDUSTRIA\"],\"inLanguage\":\"it-IT\"},{\"@type\":\"WebPage\",\"@id\":\"http:\/\/spazio-news.it\/?p=3846\",\"url\":\"http:\/\/spazio-news.it\/?p=3846\",\"name\":\"AIRBUS CONNECTED EXPERIENCE DIVENTA REALT\u00c0 &#187; Spazio-News Magazine\",\"isPartOf\":{\"@id\":\"http:\/\/spazio-news.it\/#website\"},\"primaryImageOfPage\":{\"@id\":\"http:\/\/spazio-news.it\/?p=3846#primaryimage\"},\"image\":{\"@id\":\"http:\/\/spazio-news.it\/?p=3846#primaryimage\"},\"thumbnailUrl\":\"http:\/\/spazio-news.it\/wp-content\/uploads\/2019\/01\/Airbus-A220-300-in-pista.png\",\"datePublished\":\"2019-04-12T03:58:16+00:00\",\"description\":\"\u201cIn seguito a un ampio feedback del mercato e al sostegno dei partner industriali, Airbus ha deciso di procedere con la realizzazione di una\",\"breadcrumb\":{\"@id\":\"http:\/\/spazio-news.it\/?p=3846#breadcrumb\"},\"inLanguage\":\"it-IT\",\"potentialAction\":[{\"@type\":\"ReadAction\",\"target\":[\"http:\/\/spazio-news.it\/?p=3846\"]}]},{\"@type\":\"ImageObject\",\"inLanguage\":\"it-IT\",\"@id\":\"http:\/\/spazio-news.it\/?p=3846#primaryimage\",\"url\":\"http:\/\/spazio-news.it\/wp-content\/uploads\/2019\/01\/Airbus-A220-300-in-pista.png\",\"contentUrl\":\"http:\/\/spazio-news.it\/wp-content\/uploads\/2019\/01\/Airbus-A220-300-in-pista.png\",\"width\":800,\"height\":446,\"caption\":\"Airbus A220-300 in pista\"},{\"@type\":\"BreadcrumbList\",\"@id\":\"http:\/\/spazio-news.it\/?p=3846#breadcrumb\",\"itemListElement\":[{\"@type\":\"ListItem\",\"position\":1,\"name\":\"Home\",\"item\":\"http:\/\/spazio-news.it\/\"},{\"@type\":\"ListItem\",\"position\":2,\"name\":\"AIRBUS CONNECTED EXPERIENCE DIVENTA REALT\u00c0\"}]},{\"@type\":\"WebSite\",\"@id\":\"http:\/\/spazio-news.it\/#website\",\"url\":\"http:\/\/spazio-news.it\/\",\"name\":\"Spazio-News Magazine\",\"description\":\"La guida che sfida la complessit\u00e0 del mondo industriale\",\"publisher\":{\"@id\":\"http:\/\/spazio-news.it\/#organization\"},\"alternateName\":\"Spazio-news.it\",\"potentialAction\":[{\"@type\":\"SearchAction\",\"target\":{\"@type\":\"EntryPoint\",\"urlTemplate\":\"http:\/\/spazio-news.it\/?s={search_term_string}\"},\"query-input\":{\"@type\":\"PropertyValueSpecification\",\"valueRequired\":true,\"valueName\":\"search_term_string\"}}],\"inLanguage\":\"it-IT\"},{\"@type\":\"Organization\",\"@id\":\"http:\/\/spazio-news.it\/#organization\",\"name\":\"Spazio-News Magazine\",\"url\":\"http:\/\/spazio-news.it\/\",\"logo\":{\"@type\":\"ImageObject\",\"inLanguage\":\"it-IT\",\"@id\":\"http:\/\/spazio-news.it\/#\/schema\/logo\/image\/\",\"url\":\"http:\/\/spazio-news.it\/wp-content\/uploads\/2023\/09\/Logo-Spazio-News-512-x-512-NO-testo.jpg\",\"contentUrl\":\"http:\/\/spazio-news.it\/wp-content\/uploads\/2023\/09\/Logo-Spazio-News-512-x-512-NO-testo.jpg\",\"width\":512,\"height\":512,\"caption\":\"Spazio-News Magazine\"},\"image\":{\"@id\":\"http:\/\/spazio-news.it\/#\/schema\/logo\/image\/\"},\"sameAs\":[\"https:\/\/m.facebook.com\/spazio-news-magazine\",\"https:\/\/x.com\/News_spazio\"]},{\"@type\":\"Person\",\"@id\":\"http:\/\/spazio-news.it\/#\/schema\/person\/c600904e882e9e166ed8e5e3773d37b3\",\"name\":\"Redazione\",\"sameAs\":[\"http:\/\/spazio-news.it\",\"@SpazioNewsMagazine\",\"https:\/\/x.com\/@news_spazio\"],\"url\":\"http:\/\/spazio-news.it\/?author=1\"}]}<\/script>\n<!-- \/ Yoast SEO plugin. -->","yoast_head_json":{"title":"AIRBUS CONNECTED EXPERIENCE DIVENTA REALT\u00c0 &#187; Spazio-News Magazine","description":"\u201cIn seguito a un ampio feedback del mercato e al sostegno dei partner industriali, Airbus ha deciso di procedere con la realizzazione di una","robots":{"index":"index","follow":"follow","max-snippet":"max-snippet:-1","max-image-preview":"max-image-preview:large","max-video-preview":"max-video-preview:-1"},"canonical":"http:\/\/spazio-news.it\/?p=3846","og_locale":"it_IT","og_type":"article","og_title":"AIRBUS CONNECTED EXPERIENCE DIVENTA REALT\u00c0 &#187; Spazio-News Magazine","og_description":"\u201cIn seguito a un ampio feedback del mercato e al sostegno dei partner industriali, Airbus ha deciso di procedere con la realizzazione di una","og_url":"http:\/\/spazio-news.it\/?p=3846","og_site_name":"Spazio-News Magazine","article_publisher":"https:\/\/m.facebook.com\/spazio-news-magazine","article_author":"@SpazioNewsMagazine","article_published_time":"2019-04-12T03:58:16+00:00","og_image":[{"width":800,"height":446,"url":"http:\/\/spazio-news.it\/wp-content\/uploads\/2019\/01\/Airbus-A220-300-in-pista.png","type":"image\/png"}],"author":"Redazione","twitter_card":"summary_large_image","twitter_creator":"@news_spazio","twitter_site":"@News_spazio","twitter_misc":{"Scritto da":"Redazione","Tempo di lettura stimato":"3 minuti"},"schema":{"@context":"https:\/\/schema.org","@graph":[{"@type":"NewsArticle","@id":"http:\/\/spazio-news.it\/?p=3846#article","isPartOf":{"@id":"http:\/\/spazio-news.it\/?p=3846"},"author":{"name":"Redazione","@id":"http:\/\/spazio-news.it\/#\/schema\/person\/c600904e882e9e166ed8e5e3773d37b3"},"headline":"AIRBUS CONNECTED EXPERIENCE DIVENTA REALT\u00c0","datePublished":"2019-04-12T03:58:16+00:00","mainEntityOfPage":{"@id":"http:\/\/spazio-news.it\/?p=3846"},"wordCount":562,"publisher":{"@id":"http:\/\/spazio-news.it\/#organization"},"image":{"@id":"http:\/\/spazio-news.it\/?p=3846#primaryimage"},"thumbnailUrl":"http:\/\/spazio-news.it\/wp-content\/uploads\/2019\/01\/Airbus-A220-300-in-pista.png","keywords":["Airbus","Airbus A320neo","Airbus Connected Experience","Internet of Things","manutenzione predittiva"],"articleSection":["01 - PRIMA PAGINA","02 - INDUSTRIA"],"inLanguage":"it-IT"},{"@type":"WebPage","@id":"http:\/\/spazio-news.it\/?p=3846","url":"http:\/\/spazio-news.it\/?p=3846","name":"AIRBUS CONNECTED EXPERIENCE DIVENTA REALT\u00c0 &#187; Spazio-News Magazine","isPartOf":{"@id":"http:\/\/spazio-news.it\/#website"},"primaryImageOfPage":{"@id":"http:\/\/spazio-news.it\/?p=3846#primaryimage"},"image":{"@id":"http:\/\/spazio-news.it\/?p=3846#primaryimage"},"thumbnailUrl":"http:\/\/spazio-news.it\/wp-content\/uploads\/2019\/01\/Airbus-A220-300-in-pista.png","datePublished":"2019-04-12T03:58:16+00:00","description":"\u201cIn seguito a un ampio feedback del mercato e al sostegno dei partner industriali, Airbus ha deciso di procedere con la realizzazione di una","breadcrumb":{"@id":"http:\/\/spazio-news.it\/?p=3846#breadcrumb"},"inLanguage":"it-IT","potentialAction":[{"@type":"ReadAction","target":["http:\/\/spazio-news.it\/?p=3846"]}]},{"@type":"ImageObject","inLanguage":"it-IT","@id":"http:\/\/spazio-news.it\/?p=3846#primaryimage","url":"http:\/\/spazio-news.it\/wp-content\/uploads\/2019\/01\/Airbus-A220-300-in-pista.png","contentUrl":"http:\/\/spazio-news.it\/wp-content\/uploads\/2019\/01\/Airbus-A220-300-in-pista.png","width":800,"height":446,"caption":"Airbus A220-300 in pista"},{"@type":"BreadcrumbList","@id":"http:\/\/spazio-news.it\/?p=3846#breadcrumb","itemListElement":[{"@type":"ListItem","position":1,"name":"Home","item":"http:\/\/spazio-news.it\/"},{"@type":"ListItem","position":2,"name":"AIRBUS CONNECTED EXPERIENCE DIVENTA REALT\u00c0"}]},{"@type":"WebSite","@id":"http:\/\/spazio-news.it\/#website","url":"http:\/\/spazio-news.it\/","name":"Spazio-News Magazine","description":"La guida che sfida la complessit\u00e0 del mondo industriale","publisher":{"@id":"http:\/\/spazio-news.it\/#organization"},"alternateName":"Spazio-news.it","potentialAction":[{"@type":"SearchAction","target":{"@type":"EntryPoint","urlTemplate":"http:\/\/spazio-news.it\/?s={search_term_string}"},"query-input":{"@type":"PropertyValueSpecification","valueRequired":true,"valueName":"search_term_string"}}],"inLanguage":"it-IT"},{"@type":"Organization","@id":"http:\/\/spazio-news.it\/#organization","name":"Spazio-News Magazine","url":"http:\/\/spazio-news.it\/","logo":{"@type":"ImageObject","inLanguage":"it-IT","@id":"http:\/\/spazio-news.it\/#\/schema\/logo\/image\/","url":"http:\/\/spazio-news.it\/wp-content\/uploads\/2023\/09\/Logo-Spazio-News-512-x-512-NO-testo.jpg","contentUrl":"http:\/\/spazio-news.it\/wp-content\/uploads\/2023\/09\/Logo-Spazio-News-512-x-512-NO-testo.jpg","width":512,"height":512,"caption":"Spazio-News Magazine"},"image":{"@id":"http:\/\/spazio-news.it\/#\/schema\/logo\/image\/"},"sameAs":["https:\/\/m.facebook.com\/spazio-news-magazine","https:\/\/x.com\/News_spazio"]},{"@type":"Person","@id":"http:\/\/spazio-news.it\/#\/schema\/person\/c600904e882e9e166ed8e5e3773d37b3","name":"Redazione","sameAs":["http:\/\/spazio-news.it","@SpazioNewsMagazine","https:\/\/x.com\/@news_spazio"],"url":"http:\/\/spazio-news.it\/?author=1"}]}},"_links":{"self":[{"href":"http:\/\/spazio-news.it\/index.php?rest_route=\/wp\/v2\/posts\/3846","targetHints":{"allow":["GET"]}}],"collection":[{"href":"http:\/\/spazio-news.it\/index.php?rest_route=\/wp\/v2\/posts"}],"about":[{"href":"http:\/\/spazio-news.it\/index.php?rest_route=\/wp\/v2\/types\/post"}],"author":[{"embeddable":true,"href":"http:\/\/spazio-news.it\/index.php?rest_route=\/wp\/v2\/users\/1"}],"replies":[{"embeddable":true,"href":"http:\/\/spazio-news.it\/index.php?rest_route=%2Fwp%2Fv2%2Fcomments&post=3846"}],"version-history":[{"count":1,"href":"http:\/\/spazio-news.it\/index.php?rest_route=\/wp\/v2\/posts\/3846\/revisions"}],"predecessor-version":[{"id":3847,"href":"http:\/\/spazio-news.it\/index.php?rest_route=\/wp\/v2\/posts\/3846\/revisions\/3847"}],"wp:featuredmedia":[{"embeddable":true,"href":"http:\/\/spazio-news.it\/index.php?rest_route=\/wp\/v2\/media\/2958"}],"wp:attachment":[{"href":"http:\/\/spazio-news.it\/index.php?rest_route=%2Fwp%2Fv2%2Fmedia&parent=3846"}],"wp:term":[{"taxonomy":"category","embeddable":true,"href":"http:\/\/spazio-news.it\/index.php?rest_route=%2Fwp%2Fv2%2Fcategories&post=3846"},{"taxonomy":"post_tag","embeddable":true,"href":"http:\/\/spazio-news.it\/index.php?rest_route=%2Fwp%2Fv2%2Ftags&post=3846"}],"curies":[{"name":"wp","href":"https:\/\/api.w.org\/{rel}","templated":true}]}}