{"id":3878,"date":"2019-04-12T07:44:46","date_gmt":"2019-04-12T06:44:46","guid":{"rendered":"http:\/\/spazio-news.it\/?p=3878"},"modified":"2019-04-09T19:58:46","modified_gmt":"2019-04-09T18:58:46","slug":"polonia-difesa-accordo-con-leonardo-per-gli-aw101","status":"publish","type":"post","link":"http:\/\/spazio-news.it\/?p=3878","title":{"rendered":"POLONIA, DIFESA: ACCORDO CON LEONARDO PER GLI AW101"},"content":{"rendered":"<p><a href=\"http:\/\/www.leonardocompany.com\/\">Leonardo<\/a>, attraverso la controllata polacca <strong>Leonardo MW Ltd<\/strong>, ha annunciato la firma di un <strong>Accordo di Offset <\/strong><strong>con il Ministero della Difesa <\/strong><strong>di Varsavia, <\/strong>per un valore complessivo stimato in circa\u00a0<strong>90 milioni <\/strong>di <strong>Euro<\/strong>.<\/p>\n<p><em>\u201cLa firma dell\u2019Accordo anticipa il contratto per la fornitura alla Polonia di elicotteri militari AW101<\/em><strong> \u2013 <\/strong>si legge nella nota stampa dell\u2019Ex Finmeccanica -. <em>L\u2019Accordo di Offset garantisce al Ministero della Difesa della Polonia il trasferimento di importanti capacit\u00e0 industriali nel campo della manutenzione per i suoi futuri <a href=\"http:\/\/www.leonardocompany.com\/en\/-\/aw101\">elicotteri AW101<\/a><\/em><em> e per gli specifici equipaggiamenti di missione. Tali capacit\u00e0 saranno concentrate presso Military Aviation Works No.1 a \u0141\u00f3d\u017a, parte del gruppo polacco della difesa PGZ. Inoltre, anche l\u2019Universit\u00e0 di Gda\u0144sk sar\u00e0 tra i beneficiari dell\u2019Accordo di Offset\u201d.<\/em><\/p>\n<p>La dimensione del <strong>programma di offset<\/strong> risponde ai rigorosi requisiti del <strong>Ministero della Difesa<\/strong> della <strong>Polonia.<\/strong> Attraverso il trasferimento delle necessarie capacit\u00e0 nel campo della <strong>manutenzione<\/strong> di moderno <strong>equipaggiamento militare<\/strong> e con lo sviluppo e il sostegno delle indispensabili competenze nel Paese,<\/p>\n<p>\u201c<em>Leonardo conferma il suo impegno verso una solida e duratura collaborazione con le Forze Armate polacche e l\u2019industria nazionale<\/em><strong>\u201d<\/strong>. Conclude la nota dell\u2019azienda italiana.<\/p>\n","protected":false},"excerpt":{"rendered":"<p>Leonardo, attraverso la controllata polacca Leonardo MW Ltd, ha annunciato la firma di un Accordo di Offset con il Ministero<\/p>\n","protected":false},"author":1,"featured_media":3879,"comment_status":"closed","ping_status":"open","sticky":false,"template":"","format":"standard","meta":{"colormag_page_container_layout":"default_layout","colormag_page_sidebar_layout":"default_layout","footnotes":""},"categories":[32,3],"tags":[523,19,175,1235,260,105,188],"class_list":["post-3878","post","type-post","status-publish","format-standard","has-post-thumbnail","hentry","category-prima-pagina","category-industria","tag-contratto","tag-difesa","tag-elicottero","tag-leonardo-aw101","tag-leonardo-spa","tag-ministero-della-difesa","tag-polonia"],"yoast_head":"<!-- This site is optimized with the Yoast SEO plugin v26.8 - https:\/\/yoast.com\/product\/yoast-seo-wordpress\/ -->\n<title>POLONIA, DIFESA: ACCORDO CON LEONARDO PER GLI AW101 &#187; Spazio-News Magazine<\/title>\n<meta name=\"description\" content=\"Leonardo, attraverso la controllata polacca Leonardo MW Ltd, ha annunciato la firma di un Accordo di Offset con il Ministero della Difesa\" \/>\n<meta name=\"robots\" content=\"index, follow, max-snippet:-1, max-image-preview:large, max-video-preview:-1\" \/>\n<link rel=\"canonical\" href=\"http:\/\/spazio-news.it\/?p=3878\" \/>\n<meta property=\"og:locale\" content=\"it_IT\" \/>\n<meta property=\"og:type\" content=\"article\" \/>\n<meta property=\"og:title\" content=\"POLONIA, DIFESA: ACCORDO CON LEONARDO PER GLI AW101 &#187; Spazio-News Magazine\" \/>\n<meta property=\"og:description\" content=\"Leonardo, attraverso la controllata polacca Leonardo MW Ltd, ha annunciato la firma di un Accordo di Offset con il Ministero della Difesa\" \/>\n<meta property=\"og:url\" content=\"http:\/\/spazio-news.it\/?p=3878\" \/>\n<meta property=\"og:site_name\" content=\"Spazio-News Magazine\" \/>\n<meta property=\"article:publisher\" content=\"https:\/\/m.facebook.com\/spazio-news-magazine\" \/>\n<meta property=\"article:author\" content=\"@SpazioNewsMagazine\" \/>\n<meta property=\"article:published_time\" content=\"2019-04-12T06:44:46+00:00\" \/>\n<meta property=\"og:image\" content=\"http:\/\/spazio-news.it\/wp-content\/uploads\/2019\/04\/Leonardo-elicottero-AW101.jpg\" \/>\n\t<meta property=\"og:image:width\" content=\"800\" \/>\n\t<meta property=\"og:image:height\" content=\"446\" \/>\n\t<meta property=\"og:image:type\" content=\"image\/jpeg\" \/>\n<meta name=\"author\" content=\"Redazione\" \/>\n<meta name=\"twitter:card\" content=\"summary_large_image\" \/>\n<meta name=\"twitter:creator\" content=\"@news_spazio\" \/>\n<meta name=\"twitter:site\" content=\"@News_spazio\" \/>\n<meta name=\"twitter:label1\" content=\"Scritto da\" \/>\n\t<meta name=\"twitter:data1\" content=\"Redazione\" \/>\n\t<meta name=\"twitter:label2\" content=\"Tempo di lettura stimato\" \/>\n\t<meta name=\"twitter:data2\" content=\"1 minuto\" \/>\n<script type=\"application\/ld+json\" class=\"yoast-schema-graph\">{\"@context\":\"https:\/\/schema.org\",\"@graph\":[{\"@type\":\"NewsArticle\",\"@id\":\"http:\/\/spazio-news.it\/?p=3878#article\",\"isPartOf\":{\"@id\":\"http:\/\/spazio-news.it\/?p=3878\"},\"author\":{\"name\":\"Redazione\",\"@id\":\"http:\/\/spazio-news.it\/#\/schema\/person\/c600904e882e9e166ed8e5e3773d37b3\"},\"headline\":\"POLONIA, DIFESA: ACCORDO CON LEONARDO PER GLI AW101\",\"datePublished\":\"2019-04-12T06:44:46+00:00\",\"mainEntityOfPage\":{\"@id\":\"http:\/\/spazio-news.it\/?p=3878\"},\"wordCount\":202,\"publisher\":{\"@id\":\"http:\/\/spazio-news.it\/#organization\"},\"image\":{\"@id\":\"http:\/\/spazio-news.it\/?p=3878#primaryimage\"},\"thumbnailUrl\":\"http:\/\/spazio-news.it\/wp-content\/uploads\/2019\/04\/Leonardo-elicottero-AW101.jpg\",\"keywords\":[\"contratto\",\"difesa\",\"elicottero\",\"Leonardo AW101\",\"Leonardo SPA\",\"Ministero della Difesa\",\"Polonia\"],\"articleSection\":[\"01 - PRIMA PAGINA\",\"02 - INDUSTRIA\"],\"inLanguage\":\"it-IT\"},{\"@type\":\"WebPage\",\"@id\":\"http:\/\/spazio-news.it\/?p=3878\",\"url\":\"http:\/\/spazio-news.it\/?p=3878\",\"name\":\"POLONIA, DIFESA: ACCORDO CON LEONARDO PER GLI AW101 &#187; Spazio-News Magazine\",\"isPartOf\":{\"@id\":\"http:\/\/spazio-news.it\/#website\"},\"primaryImageOfPage\":{\"@id\":\"http:\/\/spazio-news.it\/?p=3878#primaryimage\"},\"image\":{\"@id\":\"http:\/\/spazio-news.it\/?p=3878#primaryimage\"},\"thumbnailUrl\":\"http:\/\/spazio-news.it\/wp-content\/uploads\/2019\/04\/Leonardo-elicottero-AW101.jpg\",\"datePublished\":\"2019-04-12T06:44:46+00:00\",\"description\":\"Leonardo, attraverso la controllata polacca Leonardo MW Ltd, ha annunciato la firma di un Accordo di Offset con il Ministero della Difesa\",\"breadcrumb\":{\"@id\":\"http:\/\/spazio-news.it\/?p=3878#breadcrumb\"},\"inLanguage\":\"it-IT\",\"potentialAction\":[{\"@type\":\"ReadAction\",\"target\":[\"http:\/\/spazio-news.it\/?p=3878\"]}]},{\"@type\":\"ImageObject\",\"inLanguage\":\"it-IT\",\"@id\":\"http:\/\/spazio-news.it\/?p=3878#primaryimage\",\"url\":\"http:\/\/spazio-news.it\/wp-content\/uploads\/2019\/04\/Leonardo-elicottero-AW101.jpg\",\"contentUrl\":\"http:\/\/spazio-news.it\/wp-content\/uploads\/2019\/04\/Leonardo-elicottero-AW101.jpg\",\"width\":800,\"height\":446,\"caption\":\"Leonardo elicottero AW101 AW-101\"},{\"@type\":\"BreadcrumbList\",\"@id\":\"http:\/\/spazio-news.it\/?p=3878#breadcrumb\",\"itemListElement\":[{\"@type\":\"ListItem\",\"position\":1,\"name\":\"Home\",\"item\":\"http:\/\/spazio-news.it\/\"},{\"@type\":\"ListItem\",\"position\":2,\"name\":\"POLONIA, DIFESA: ACCORDO CON LEONARDO PER GLI AW101\"}]},{\"@type\":\"WebSite\",\"@id\":\"http:\/\/spazio-news.it\/#website\",\"url\":\"http:\/\/spazio-news.it\/\",\"name\":\"Spazio-News Magazine\",\"description\":\"La guida che sfida la complessit\u00e0 del mondo industriale\",\"publisher\":{\"@id\":\"http:\/\/spazio-news.it\/#organization\"},\"alternateName\":\"Spazio-news.it\",\"potentialAction\":[{\"@type\":\"SearchAction\",\"target\":{\"@type\":\"EntryPoint\",\"urlTemplate\":\"http:\/\/spazio-news.it\/?s={search_term_string}\"},\"query-input\":{\"@type\":\"PropertyValueSpecification\",\"valueRequired\":true,\"valueName\":\"search_term_string\"}}],\"inLanguage\":\"it-IT\"},{\"@type\":\"Organization\",\"@id\":\"http:\/\/spazio-news.it\/#organization\",\"name\":\"Spazio-News Magazine\",\"url\":\"http:\/\/spazio-news.it\/\",\"logo\":{\"@type\":\"ImageObject\",\"inLanguage\":\"it-IT\",\"@id\":\"http:\/\/spazio-news.it\/#\/schema\/logo\/image\/\",\"url\":\"http:\/\/spazio-news.it\/wp-content\/uploads\/2023\/09\/Logo-Spazio-News-512-x-512-NO-testo.jpg\",\"contentUrl\":\"http:\/\/spazio-news.it\/wp-content\/uploads\/2023\/09\/Logo-Spazio-News-512-x-512-NO-testo.jpg\",\"width\":512,\"height\":512,\"caption\":\"Spazio-News Magazine\"},\"image\":{\"@id\":\"http:\/\/spazio-news.it\/#\/schema\/logo\/image\/\"},\"sameAs\":[\"https:\/\/m.facebook.com\/spazio-news-magazine\",\"https:\/\/x.com\/News_spazio\"]},{\"@type\":\"Person\",\"@id\":\"http:\/\/spazio-news.it\/#\/schema\/person\/c600904e882e9e166ed8e5e3773d37b3\",\"name\":\"Redazione\",\"sameAs\":[\"http:\/\/spazio-news.it\",\"@SpazioNewsMagazine\",\"https:\/\/x.com\/@news_spazio\"],\"url\":\"http:\/\/spazio-news.it\/?author=1\"}]}<\/script>\n<!-- \/ Yoast SEO plugin. -->","yoast_head_json":{"title":"POLONIA, DIFESA: ACCORDO CON LEONARDO PER GLI AW101 &#187; Spazio-News Magazine","description":"Leonardo, attraverso la controllata polacca Leonardo MW Ltd, ha annunciato la firma di un Accordo di Offset con il Ministero della Difesa","robots":{"index":"index","follow":"follow","max-snippet":"max-snippet:-1","max-image-preview":"max-image-preview:large","max-video-preview":"max-video-preview:-1"},"canonical":"http:\/\/spazio-news.it\/?p=3878","og_locale":"it_IT","og_type":"article","og_title":"POLONIA, DIFESA: ACCORDO CON LEONARDO PER GLI AW101 &#187; Spazio-News Magazine","og_description":"Leonardo, attraverso la controllata polacca Leonardo MW Ltd, ha annunciato la firma di un Accordo di Offset con il Ministero della Difesa","og_url":"http:\/\/spazio-news.it\/?p=3878","og_site_name":"Spazio-News Magazine","article_publisher":"https:\/\/m.facebook.com\/spazio-news-magazine","article_author":"@SpazioNewsMagazine","article_published_time":"2019-04-12T06:44:46+00:00","og_image":[{"width":800,"height":446,"url":"http:\/\/spazio-news.it\/wp-content\/uploads\/2019\/04\/Leonardo-elicottero-AW101.jpg","type":"image\/jpeg"}],"author":"Redazione","twitter_card":"summary_large_image","twitter_creator":"@news_spazio","twitter_site":"@News_spazio","twitter_misc":{"Scritto da":"Redazione","Tempo di lettura stimato":"1 minuto"},"schema":{"@context":"https:\/\/schema.org","@graph":[{"@type":"NewsArticle","@id":"http:\/\/spazio-news.it\/?p=3878#article","isPartOf":{"@id":"http:\/\/spazio-news.it\/?p=3878"},"author":{"name":"Redazione","@id":"http:\/\/spazio-news.it\/#\/schema\/person\/c600904e882e9e166ed8e5e3773d37b3"},"headline":"POLONIA, DIFESA: ACCORDO CON LEONARDO PER GLI AW101","datePublished":"2019-04-12T06:44:46+00:00","mainEntityOfPage":{"@id":"http:\/\/spazio-news.it\/?p=3878"},"wordCount":202,"publisher":{"@id":"http:\/\/spazio-news.it\/#organization"},"image":{"@id":"http:\/\/spazio-news.it\/?p=3878#primaryimage"},"thumbnailUrl":"http:\/\/spazio-news.it\/wp-content\/uploads\/2019\/04\/Leonardo-elicottero-AW101.jpg","keywords":["contratto","difesa","elicottero","Leonardo AW101","Leonardo SPA","Ministero della Difesa","Polonia"],"articleSection":["01 - PRIMA PAGINA","02 - INDUSTRIA"],"inLanguage":"it-IT"},{"@type":"WebPage","@id":"http:\/\/spazio-news.it\/?p=3878","url":"http:\/\/spazio-news.it\/?p=3878","name":"POLONIA, DIFESA: ACCORDO CON LEONARDO PER GLI AW101 &#187; Spazio-News Magazine","isPartOf":{"@id":"http:\/\/spazio-news.it\/#website"},"primaryImageOfPage":{"@id":"http:\/\/spazio-news.it\/?p=3878#primaryimage"},"image":{"@id":"http:\/\/spazio-news.it\/?p=3878#primaryimage"},"thumbnailUrl":"http:\/\/spazio-news.it\/wp-content\/uploads\/2019\/04\/Leonardo-elicottero-AW101.jpg","datePublished":"2019-04-12T06:44:46+00:00","description":"Leonardo, attraverso la controllata polacca Leonardo MW Ltd, ha annunciato la firma di un Accordo di Offset con il Ministero della Difesa","breadcrumb":{"@id":"http:\/\/spazio-news.it\/?p=3878#breadcrumb"},"inLanguage":"it-IT","potentialAction":[{"@type":"ReadAction","target":["http:\/\/spazio-news.it\/?p=3878"]}]},{"@type":"ImageObject","inLanguage":"it-IT","@id":"http:\/\/spazio-news.it\/?p=3878#primaryimage","url":"http:\/\/spazio-news.it\/wp-content\/uploads\/2019\/04\/Leonardo-elicottero-AW101.jpg","contentUrl":"http:\/\/spazio-news.it\/wp-content\/uploads\/2019\/04\/Leonardo-elicottero-AW101.jpg","width":800,"height":446,"caption":"Leonardo elicottero AW101 AW-101"},{"@type":"BreadcrumbList","@id":"http:\/\/spazio-news.it\/?p=3878#breadcrumb","itemListElement":[{"@type":"ListItem","position":1,"name":"Home","item":"http:\/\/spazio-news.it\/"},{"@type":"ListItem","position":2,"name":"POLONIA, DIFESA: ACCORDO CON LEONARDO PER GLI AW101"}]},{"@type":"WebSite","@id":"http:\/\/spazio-news.it\/#website","url":"http:\/\/spazio-news.it\/","name":"Spazio-News Magazine","description":"La guida che sfida la complessit\u00e0 del mondo industriale","publisher":{"@id":"http:\/\/spazio-news.it\/#organization"},"alternateName":"Spazio-news.it","potentialAction":[{"@type":"SearchAction","target":{"@type":"EntryPoint","urlTemplate":"http:\/\/spazio-news.it\/?s={search_term_string}"},"query-input":{"@type":"PropertyValueSpecification","valueRequired":true,"valueName":"search_term_string"}}],"inLanguage":"it-IT"},{"@type":"Organization","@id":"http:\/\/spazio-news.it\/#organization","name":"Spazio-News Magazine","url":"http:\/\/spazio-news.it\/","logo":{"@type":"ImageObject","inLanguage":"it-IT","@id":"http:\/\/spazio-news.it\/#\/schema\/logo\/image\/","url":"http:\/\/spazio-news.it\/wp-content\/uploads\/2023\/09\/Logo-Spazio-News-512-x-512-NO-testo.jpg","contentUrl":"http:\/\/spazio-news.it\/wp-content\/uploads\/2023\/09\/Logo-Spazio-News-512-x-512-NO-testo.jpg","width":512,"height":512,"caption":"Spazio-News Magazine"},"image":{"@id":"http:\/\/spazio-news.it\/#\/schema\/logo\/image\/"},"sameAs":["https:\/\/m.facebook.com\/spazio-news-magazine","https:\/\/x.com\/News_spazio"]},{"@type":"Person","@id":"http:\/\/spazio-news.it\/#\/schema\/person\/c600904e882e9e166ed8e5e3773d37b3","name":"Redazione","sameAs":["http:\/\/spazio-news.it","@SpazioNewsMagazine","https:\/\/x.com\/@news_spazio"],"url":"http:\/\/spazio-news.it\/?author=1"}]}},"_links":{"self":[{"href":"http:\/\/spazio-news.it\/index.php?rest_route=\/wp\/v2\/posts\/3878","targetHints":{"allow":["GET"]}}],"collection":[{"href":"http:\/\/spazio-news.it\/index.php?rest_route=\/wp\/v2\/posts"}],"about":[{"href":"http:\/\/spazio-news.it\/index.php?rest_route=\/wp\/v2\/types\/post"}],"author":[{"embeddable":true,"href":"http:\/\/spazio-news.it\/index.php?rest_route=\/wp\/v2\/users\/1"}],"replies":[{"embeddable":true,"href":"http:\/\/spazio-news.it\/index.php?rest_route=%2Fwp%2Fv2%2Fcomments&post=3878"}],"version-history":[{"count":1,"href":"http:\/\/spazio-news.it\/index.php?rest_route=\/wp\/v2\/posts\/3878\/revisions"}],"predecessor-version":[{"id":3880,"href":"http:\/\/spazio-news.it\/index.php?rest_route=\/wp\/v2\/posts\/3878\/revisions\/3880"}],"wp:featuredmedia":[{"embeddable":true,"href":"http:\/\/spazio-news.it\/index.php?rest_route=\/wp\/v2\/media\/3879"}],"wp:attachment":[{"href":"http:\/\/spazio-news.it\/index.php?rest_route=%2Fwp%2Fv2%2Fmedia&parent=3878"}],"wp:term":[{"taxonomy":"category","embeddable":true,"href":"http:\/\/spazio-news.it\/index.php?rest_route=%2Fwp%2Fv2%2Fcategories&post=3878"},{"taxonomy":"post_tag","embeddable":true,"href":"http:\/\/spazio-news.it\/index.php?rest_route=%2Fwp%2Fv2%2Ftags&post=3878"}],"curies":[{"name":"wp","href":"https:\/\/api.w.org\/{rel}","templated":true}]}}