{"id":3923,"date":"2019-04-18T05:54:55","date_gmt":"2019-04-18T04:54:55","guid":{"rendered":"http:\/\/spazio-news.it\/?p=3923"},"modified":"2019-04-14T15:11:13","modified_gmt":"2019-04-14T14:11:13","slug":"faury-airbus-ha-un-nuovo-comitato-esecutivo","status":"publish","type":"post","link":"http:\/\/spazio-news.it\/?p=3923","title":{"rendered":"FAURY: AIRBUS HA UN NUOVO COMITATO ESECUTIVO"},"content":{"rendered":"<p><a href=\"https:\/\/www.airbus.com\/\">Airbus SE<\/a> ha nominato un <strong>nuovo Comitato Esecutivo<\/strong> guidato dal <strong>Chief Executive Officer &#8211; CEO<\/strong> <strong>Guillaume Faury<\/strong>, in seguito all&#8217;approvazione da parte del <strong>Consiglio di Amministrazione<\/strong>. Le modifiche hanno effetto immediato.<\/p>\n<p><em>&#8220;Stiamo vivendo un periodo di cambiamenti eccezionali nel nostro settore e dobbiamo preparare Airbus alle opportunit\u00e0 e alle sfide future &#8211;<\/em> ha commentato Guillaume Faury, CEO della compagnia francese -. <em>Grazie allo spirito pionieristico che ci contraddistingue possiamo fare leva sulla nostra storia di successi per preparare l&#8217;Airbus di domani, al fine di servire al meglio i nostri clienti, aumentare la nostra competitivit\u00e0 e crescere in modo sostenibile. Utilizzeremo le nuove tecnologie digitali per ottimizzare il nostro sistema industriale e aprirci a nuove opportunit\u00e0 di mercato, dando sempre priorit\u00e0 alla soddisfazione del cliente. La nostra organizzazione e le modalit\u00e0 di lavoro si evolveranno nel tempo e consentiranno a tutti i dipendenti Airbus di contribuire al futuro successo dell&#8217;azienda. Il nuovo Comitato Esecutivo \u00e8 coeso nell&#8217;obiettivo di creare valore per tutti gli stakeholder, nel rispetto dei valori dell\u2019azienda. Desidero ringraziare il Consiglio di Amministrazione per il sostegno dato a questa nuova squadra dirigenziale&#8221;<\/em>.<\/p>\n<p>Il nuovo Comitato Esecutivo di Airbus, oltre a Guillaume Faury, \u00e8 cos\u00ec composto:<\/p>\n<ul>\n<li><strong>Dominik Asam<\/strong>, Chief Financial Officer<\/li>\n<li><strong>Thierry Baril<\/strong>, Chief Human Resources Officer<\/li>\n<li><strong>Jean-Brice Dumont<\/strong>, Executive Vice-President Engineering<\/li>\n<li><strong>Bruno Even<\/strong>, Chief Executive Officer of Airbus Helicopters<\/li>\n<li><strong>John Harrison<\/strong>, General Counsel<\/li>\n<li><strong>Dirk Hoke<\/strong>, Chief Executive Officer of Airbus Defence and Space<\/li>\n<li><strong>Julie Kitcher<\/strong>, Executive Vice-President Communications &amp; Corporate Affairs<\/li>\n<li><strong>Philippe Mhun<\/strong>, Executive Vice-President Programmes &amp; Services<\/li>\n<li><strong>Christian Scherer<\/strong>, Chief Commercial Officer<\/li>\n<li><strong>Michael Scho\u0308llhorn<\/strong>, Chief Operations Officer<\/li>\n<li><strong>Grazia Vittadini<\/strong>, Chief Technology Officer<\/li>\n<\/ul>\n<p>Il <strong>Comitato Esecutivo<\/strong> supporta il CEO nella <strong>gestione delle attivit\u00e0 ordinarie<\/strong> di <strong>Airbus<\/strong> ed \u00e8 il massimo organo esecutivo della societ\u00e0; comprende i <strong>responsabili delle divisioni<\/strong> e le <strong>principali<\/strong> <strong>funzioni<\/strong>.<\/p>\n","protected":false},"excerpt":{"rendered":"<p>Airbus SE ha nominato un nuovo Comitato Esecutivo guidato dal Chief Executive Officer &#8211; CEO Guillaume Faury, in seguito all&#8217;approvazione<\/p>\n","protected":false},"author":1,"featured_media":3924,"comment_status":"closed","ping_status":"open","sticky":false,"template":"","format":"standard","meta":{"colormag_page_container_layout":"default_layout","colormag_page_sidebar_layout":"default_layout","footnotes":""},"categories":[32,3],"tags":[33,2492,2491,2495,2499,2498],"class_list":["post-3923","post","type-post","status-publish","format-standard","has-post-thumbnail","hentry","category-prima-pagina","category-industria","tag-airbus","tag-airbus-guillaume-faury","tag-airbus-se","tag-dominik-asam-chief-financial-officer-airbus","tag-jean-brice-dumont-executive-vice-president-engineering-airbus","tag-thierry-baril-chief-human-resources-officer-airbus"],"yoast_head":"<!-- This site is optimized with the Yoast SEO plugin v26.8 - https:\/\/yoast.com\/product\/yoast-seo-wordpress\/ -->\n<title>FAURY: AIRBUS HA UN NUOVO COMITATO ESECUTIVO &#187; Spazio-News Magazine<\/title>\n<meta name=\"description\" content=\"Airbus ha nominato un nuovo Comitato Esecutivo guidato dal CEO Guillaume Faury, in seguito all&#039;approvazione da parte del CdiA. Le modifiche\" \/>\n<meta name=\"robots\" content=\"index, follow, max-snippet:-1, max-image-preview:large, max-video-preview:-1\" \/>\n<link rel=\"canonical\" href=\"http:\/\/spazio-news.it\/?p=3923\" \/>\n<meta property=\"og:locale\" content=\"it_IT\" \/>\n<meta property=\"og:type\" content=\"article\" \/>\n<meta property=\"og:title\" content=\"FAURY: AIRBUS HA UN NUOVO COMITATO ESECUTIVO &#187; Spazio-News Magazine\" \/>\n<meta property=\"og:description\" content=\"Airbus ha nominato un nuovo Comitato Esecutivo guidato dal CEO Guillaume Faury, in seguito all&#039;approvazione da parte del CdiA. Le modifiche\" \/>\n<meta property=\"og:url\" content=\"http:\/\/spazio-news.it\/?p=3923\" \/>\n<meta property=\"og:site_name\" content=\"Spazio-News Magazine\" \/>\n<meta property=\"article:publisher\" content=\"https:\/\/m.facebook.com\/spazio-news-magazine\" \/>\n<meta property=\"article:author\" content=\"@SpazioNewsMagazine\" \/>\n<meta property=\"article:published_time\" content=\"2019-04-18T04:54:55+00:00\" \/>\n<meta property=\"og:image\" content=\"http:\/\/spazio-news.it\/wp-content\/uploads\/2019\/04\/CEO-Airbus-Guillaume-Faury.jpg\" \/>\n\t<meta property=\"og:image:width\" content=\"800\" \/>\n\t<meta property=\"og:image:height\" content=\"446\" \/>\n\t<meta property=\"og:image:type\" content=\"image\/jpeg\" \/>\n<meta name=\"author\" content=\"Redazione\" \/>\n<meta name=\"twitter:card\" content=\"summary_large_image\" \/>\n<meta name=\"twitter:creator\" content=\"@news_spazio\" \/>\n<meta name=\"twitter:site\" content=\"@News_spazio\" \/>\n<meta name=\"twitter:label1\" content=\"Scritto da\" \/>\n\t<meta name=\"twitter:data1\" content=\"Redazione\" \/>\n\t<meta name=\"twitter:label2\" content=\"Tempo di lettura stimato\" \/>\n\t<meta name=\"twitter:data2\" content=\"1 minuto\" \/>\n<script type=\"application\/ld+json\" class=\"yoast-schema-graph\">{\"@context\":\"https:\/\/schema.org\",\"@graph\":[{\"@type\":\"NewsArticle\",\"@id\":\"http:\/\/spazio-news.it\/?p=3923#article\",\"isPartOf\":{\"@id\":\"http:\/\/spazio-news.it\/?p=3923\"},\"author\":{\"name\":\"Redazione\",\"@id\":\"http:\/\/spazio-news.it\/#\/schema\/person\/c600904e882e9e166ed8e5e3773d37b3\"},\"headline\":\"FAURY: AIRBUS HA UN NUOVO COMITATO ESECUTIVO\",\"datePublished\":\"2019-04-18T04:54:55+00:00\",\"mainEntityOfPage\":{\"@id\":\"http:\/\/spazio-news.it\/?p=3923\"},\"wordCount\":304,\"publisher\":{\"@id\":\"http:\/\/spazio-news.it\/#organization\"},\"image\":{\"@id\":\"http:\/\/spazio-news.it\/?p=3923#primaryimage\"},\"thumbnailUrl\":\"http:\/\/spazio-news.it\/wp-content\/uploads\/2019\/04\/CEO-Airbus-Guillaume-Faury.jpg\",\"keywords\":[\"Airbus\",\"Airbus Guillaume Faury\",\"Airbus Se\",\"Dominik Asam Chief Financial Officer Airbus\",\"Jean-Brice Dumont Executive Vice-President Engineering Airbus\",\"Thierry Baril Chief Human Resources Officer Airbus\"],\"articleSection\":[\"01 - PRIMA PAGINA\",\"02 - INDUSTRIA\"],\"inLanguage\":\"it-IT\"},{\"@type\":\"WebPage\",\"@id\":\"http:\/\/spazio-news.it\/?p=3923\",\"url\":\"http:\/\/spazio-news.it\/?p=3923\",\"name\":\"FAURY: AIRBUS HA UN NUOVO COMITATO ESECUTIVO &#187; Spazio-News Magazine\",\"isPartOf\":{\"@id\":\"http:\/\/spazio-news.it\/#website\"},\"primaryImageOfPage\":{\"@id\":\"http:\/\/spazio-news.it\/?p=3923#primaryimage\"},\"image\":{\"@id\":\"http:\/\/spazio-news.it\/?p=3923#primaryimage\"},\"thumbnailUrl\":\"http:\/\/spazio-news.it\/wp-content\/uploads\/2019\/04\/CEO-Airbus-Guillaume-Faury.jpg\",\"datePublished\":\"2019-04-18T04:54:55+00:00\",\"description\":\"Airbus ha nominato un nuovo Comitato Esecutivo guidato dal CEO Guillaume Faury, in seguito all'approvazione da parte del CdiA. Le modifiche\",\"breadcrumb\":{\"@id\":\"http:\/\/spazio-news.it\/?p=3923#breadcrumb\"},\"inLanguage\":\"it-IT\",\"potentialAction\":[{\"@type\":\"ReadAction\",\"target\":[\"http:\/\/spazio-news.it\/?p=3923\"]}]},{\"@type\":\"ImageObject\",\"inLanguage\":\"it-IT\",\"@id\":\"http:\/\/spazio-news.it\/?p=3923#primaryimage\",\"url\":\"http:\/\/spazio-news.it\/wp-content\/uploads\/2019\/04\/CEO-Airbus-Guillaume-Faury.jpg\",\"contentUrl\":\"http:\/\/spazio-news.it\/wp-content\/uploads\/2019\/04\/CEO-Airbus-Guillaume-Faury.jpg\",\"width\":800,\"height\":446,\"caption\":\"CEO Airbus Guillaume Faury\"},{\"@type\":\"BreadcrumbList\",\"@id\":\"http:\/\/spazio-news.it\/?p=3923#breadcrumb\",\"itemListElement\":[{\"@type\":\"ListItem\",\"position\":1,\"name\":\"Home\",\"item\":\"http:\/\/spazio-news.it\/\"},{\"@type\":\"ListItem\",\"position\":2,\"name\":\"FAURY: AIRBUS HA UN NUOVO COMITATO ESECUTIVO\"}]},{\"@type\":\"WebSite\",\"@id\":\"http:\/\/spazio-news.it\/#website\",\"url\":\"http:\/\/spazio-news.it\/\",\"name\":\"Spazio-News Magazine\",\"description\":\"La guida che sfida la complessit\u00e0 del mondo industriale\",\"publisher\":{\"@id\":\"http:\/\/spazio-news.it\/#organization\"},\"alternateName\":\"Spazio-news.it\",\"potentialAction\":[{\"@type\":\"SearchAction\",\"target\":{\"@type\":\"EntryPoint\",\"urlTemplate\":\"http:\/\/spazio-news.it\/?s={search_term_string}\"},\"query-input\":{\"@type\":\"PropertyValueSpecification\",\"valueRequired\":true,\"valueName\":\"search_term_string\"}}],\"inLanguage\":\"it-IT\"},{\"@type\":\"Organization\",\"@id\":\"http:\/\/spazio-news.it\/#organization\",\"name\":\"Spazio-News Magazine\",\"url\":\"http:\/\/spazio-news.it\/\",\"logo\":{\"@type\":\"ImageObject\",\"inLanguage\":\"it-IT\",\"@id\":\"http:\/\/spazio-news.it\/#\/schema\/logo\/image\/\",\"url\":\"http:\/\/spazio-news.it\/wp-content\/uploads\/2023\/09\/Logo-Spazio-News-512-x-512-NO-testo.jpg\",\"contentUrl\":\"http:\/\/spazio-news.it\/wp-content\/uploads\/2023\/09\/Logo-Spazio-News-512-x-512-NO-testo.jpg\",\"width\":512,\"height\":512,\"caption\":\"Spazio-News Magazine\"},\"image\":{\"@id\":\"http:\/\/spazio-news.it\/#\/schema\/logo\/image\/\"},\"sameAs\":[\"https:\/\/m.facebook.com\/spazio-news-magazine\",\"https:\/\/x.com\/News_spazio\"]},{\"@type\":\"Person\",\"@id\":\"http:\/\/spazio-news.it\/#\/schema\/person\/c600904e882e9e166ed8e5e3773d37b3\",\"name\":\"Redazione\",\"sameAs\":[\"http:\/\/spazio-news.it\",\"@SpazioNewsMagazine\",\"https:\/\/x.com\/@news_spazio\"],\"url\":\"http:\/\/spazio-news.it\/?author=1\"}]}<\/script>\n<!-- \/ Yoast SEO plugin. -->","yoast_head_json":{"title":"FAURY: AIRBUS HA UN NUOVO COMITATO ESECUTIVO &#187; Spazio-News Magazine","description":"Airbus ha nominato un nuovo Comitato Esecutivo guidato dal CEO Guillaume Faury, in seguito all'approvazione da parte del CdiA. Le modifiche","robots":{"index":"index","follow":"follow","max-snippet":"max-snippet:-1","max-image-preview":"max-image-preview:large","max-video-preview":"max-video-preview:-1"},"canonical":"http:\/\/spazio-news.it\/?p=3923","og_locale":"it_IT","og_type":"article","og_title":"FAURY: AIRBUS HA UN NUOVO COMITATO ESECUTIVO &#187; Spazio-News Magazine","og_description":"Airbus ha nominato un nuovo Comitato Esecutivo guidato dal CEO Guillaume Faury, in seguito all'approvazione da parte del CdiA. Le modifiche","og_url":"http:\/\/spazio-news.it\/?p=3923","og_site_name":"Spazio-News Magazine","article_publisher":"https:\/\/m.facebook.com\/spazio-news-magazine","article_author":"@SpazioNewsMagazine","article_published_time":"2019-04-18T04:54:55+00:00","og_image":[{"width":800,"height":446,"url":"http:\/\/spazio-news.it\/wp-content\/uploads\/2019\/04\/CEO-Airbus-Guillaume-Faury.jpg","type":"image\/jpeg"}],"author":"Redazione","twitter_card":"summary_large_image","twitter_creator":"@news_spazio","twitter_site":"@News_spazio","twitter_misc":{"Scritto da":"Redazione","Tempo di lettura stimato":"1 minuto"},"schema":{"@context":"https:\/\/schema.org","@graph":[{"@type":"NewsArticle","@id":"http:\/\/spazio-news.it\/?p=3923#article","isPartOf":{"@id":"http:\/\/spazio-news.it\/?p=3923"},"author":{"name":"Redazione","@id":"http:\/\/spazio-news.it\/#\/schema\/person\/c600904e882e9e166ed8e5e3773d37b3"},"headline":"FAURY: AIRBUS HA UN NUOVO COMITATO ESECUTIVO","datePublished":"2019-04-18T04:54:55+00:00","mainEntityOfPage":{"@id":"http:\/\/spazio-news.it\/?p=3923"},"wordCount":304,"publisher":{"@id":"http:\/\/spazio-news.it\/#organization"},"image":{"@id":"http:\/\/spazio-news.it\/?p=3923#primaryimage"},"thumbnailUrl":"http:\/\/spazio-news.it\/wp-content\/uploads\/2019\/04\/CEO-Airbus-Guillaume-Faury.jpg","keywords":["Airbus","Airbus Guillaume Faury","Airbus Se","Dominik Asam Chief Financial Officer Airbus","Jean-Brice Dumont Executive Vice-President Engineering Airbus","Thierry Baril Chief Human Resources Officer Airbus"],"articleSection":["01 - PRIMA PAGINA","02 - INDUSTRIA"],"inLanguage":"it-IT"},{"@type":"WebPage","@id":"http:\/\/spazio-news.it\/?p=3923","url":"http:\/\/spazio-news.it\/?p=3923","name":"FAURY: AIRBUS HA UN NUOVO COMITATO ESECUTIVO &#187; Spazio-News Magazine","isPartOf":{"@id":"http:\/\/spazio-news.it\/#website"},"primaryImageOfPage":{"@id":"http:\/\/spazio-news.it\/?p=3923#primaryimage"},"image":{"@id":"http:\/\/spazio-news.it\/?p=3923#primaryimage"},"thumbnailUrl":"http:\/\/spazio-news.it\/wp-content\/uploads\/2019\/04\/CEO-Airbus-Guillaume-Faury.jpg","datePublished":"2019-04-18T04:54:55+00:00","description":"Airbus ha nominato un nuovo Comitato Esecutivo guidato dal CEO Guillaume Faury, in seguito all'approvazione da parte del CdiA. Le modifiche","breadcrumb":{"@id":"http:\/\/spazio-news.it\/?p=3923#breadcrumb"},"inLanguage":"it-IT","potentialAction":[{"@type":"ReadAction","target":["http:\/\/spazio-news.it\/?p=3923"]}]},{"@type":"ImageObject","inLanguage":"it-IT","@id":"http:\/\/spazio-news.it\/?p=3923#primaryimage","url":"http:\/\/spazio-news.it\/wp-content\/uploads\/2019\/04\/CEO-Airbus-Guillaume-Faury.jpg","contentUrl":"http:\/\/spazio-news.it\/wp-content\/uploads\/2019\/04\/CEO-Airbus-Guillaume-Faury.jpg","width":800,"height":446,"caption":"CEO Airbus Guillaume Faury"},{"@type":"BreadcrumbList","@id":"http:\/\/spazio-news.it\/?p=3923#breadcrumb","itemListElement":[{"@type":"ListItem","position":1,"name":"Home","item":"http:\/\/spazio-news.it\/"},{"@type":"ListItem","position":2,"name":"FAURY: AIRBUS HA UN NUOVO COMITATO ESECUTIVO"}]},{"@type":"WebSite","@id":"http:\/\/spazio-news.it\/#website","url":"http:\/\/spazio-news.it\/","name":"Spazio-News Magazine","description":"La guida che sfida la complessit\u00e0 del mondo industriale","publisher":{"@id":"http:\/\/spazio-news.it\/#organization"},"alternateName":"Spazio-news.it","potentialAction":[{"@type":"SearchAction","target":{"@type":"EntryPoint","urlTemplate":"http:\/\/spazio-news.it\/?s={search_term_string}"},"query-input":{"@type":"PropertyValueSpecification","valueRequired":true,"valueName":"search_term_string"}}],"inLanguage":"it-IT"},{"@type":"Organization","@id":"http:\/\/spazio-news.it\/#organization","name":"Spazio-News Magazine","url":"http:\/\/spazio-news.it\/","logo":{"@type":"ImageObject","inLanguage":"it-IT","@id":"http:\/\/spazio-news.it\/#\/schema\/logo\/image\/","url":"http:\/\/spazio-news.it\/wp-content\/uploads\/2023\/09\/Logo-Spazio-News-512-x-512-NO-testo.jpg","contentUrl":"http:\/\/spazio-news.it\/wp-content\/uploads\/2023\/09\/Logo-Spazio-News-512-x-512-NO-testo.jpg","width":512,"height":512,"caption":"Spazio-News Magazine"},"image":{"@id":"http:\/\/spazio-news.it\/#\/schema\/logo\/image\/"},"sameAs":["https:\/\/m.facebook.com\/spazio-news-magazine","https:\/\/x.com\/News_spazio"]},{"@type":"Person","@id":"http:\/\/spazio-news.it\/#\/schema\/person\/c600904e882e9e166ed8e5e3773d37b3","name":"Redazione","sameAs":["http:\/\/spazio-news.it","@SpazioNewsMagazine","https:\/\/x.com\/@news_spazio"],"url":"http:\/\/spazio-news.it\/?author=1"}]}},"_links":{"self":[{"href":"http:\/\/spazio-news.it\/index.php?rest_route=\/wp\/v2\/posts\/3923","targetHints":{"allow":["GET"]}}],"collection":[{"href":"http:\/\/spazio-news.it\/index.php?rest_route=\/wp\/v2\/posts"}],"about":[{"href":"http:\/\/spazio-news.it\/index.php?rest_route=\/wp\/v2\/types\/post"}],"author":[{"embeddable":true,"href":"http:\/\/spazio-news.it\/index.php?rest_route=\/wp\/v2\/users\/1"}],"replies":[{"embeddable":true,"href":"http:\/\/spazio-news.it\/index.php?rest_route=%2Fwp%2Fv2%2Fcomments&post=3923"}],"version-history":[{"count":1,"href":"http:\/\/spazio-news.it\/index.php?rest_route=\/wp\/v2\/posts\/3923\/revisions"}],"predecessor-version":[{"id":3925,"href":"http:\/\/spazio-news.it\/index.php?rest_route=\/wp\/v2\/posts\/3923\/revisions\/3925"}],"wp:featuredmedia":[{"embeddable":true,"href":"http:\/\/spazio-news.it\/index.php?rest_route=\/wp\/v2\/media\/3924"}],"wp:attachment":[{"href":"http:\/\/spazio-news.it\/index.php?rest_route=%2Fwp%2Fv2%2Fmedia&parent=3923"}],"wp:term":[{"taxonomy":"category","embeddable":true,"href":"http:\/\/spazio-news.it\/index.php?rest_route=%2Fwp%2Fv2%2Fcategories&post=3923"},{"taxonomy":"post_tag","embeddable":true,"href":"http:\/\/spazio-news.it\/index.php?rest_route=%2Fwp%2Fv2%2Ftags&post=3923"}],"curies":[{"name":"wp","href":"https:\/\/api.w.org\/{rel}","templated":true}]}}