{"id":3971,"date":"2019-04-18T09:02:53","date_gmt":"2019-04-18T08:02:53","guid":{"rendered":"http:\/\/spazio-news.it\/?p=3971"},"modified":"2019-04-17T16:13:46","modified_gmt":"2019-04-17T15:13:46","slug":"iss-esperimenti-asi-per-la-missione-di-parmitano","status":"publish","type":"post","link":"http:\/\/spazio-news.it\/?p=3971","title":{"rendered":"ISS: ESPERIMENTI ASI PER LA MISSIONE DI PARMITANO"},"content":{"rendered":"\n<p>Pronti al decollo alla volta della Stazione Spaziale Internazionale (ISS) i primi due esperimenti dell\u2019<a href=\"https:\/\/www.asi.it\">Agenzia Spaziale Italiana (ASI)<\/a> che vedranno coinvolto <strong>Luca Parmitano<\/strong> nel corso della sua missione. <strong>NUTRISS<\/strong> e <strong>Acoustic Diagnostics<\/strong> sono gi\u00e0 sulla rampa di lancio nella navetta cargo Cygnus NG-11 dalla base <a href=\"https:\/\/www.nasa.gov\">NASA<\/a> di Wallops Island in Virginia a bordo del lanciatore <strong>Antares-230<\/strong>.<br>L\u2019Agenzia Spaziale Italiana ha selezionato sei esperimenti per la seconda missione nello spazio per l\u2019astronauta dell\u2019<a href=\"https:\/\/www.esa.int\/ESA\">ESA (Agenzia Spaziale Europea)<\/a> di nazionalit\u00e0 italiana, Luca Parmitano. <strong>Beyond<\/strong>, questo il nome della missione dell\u2019ESA, vedr\u00e0 Parmitano sulla ISS a partire dal prossimo luglio e comandante della stazione nella seconda parte della sua permanenza in orbita.<br><br><strong>NUTRISS<\/strong> \u00e8 un esperimento dell\u2019<strong>Universit\u00e0 di Trieste<\/strong> realizzato in collaborazione con la <strong>Kayser Italia<\/strong>, attraverso il quale si cercher\u00e0 di mantenere una composizione corporea ideale per l\u2019astronauta evitando l\u2019aumento del rapporto massa grassa\/massa magra dovuto all\u2019inattivit\u00e0 da microgravit\u00e0. Con NUTRISS saranno monitorate costantemente, anche pre e post volo, la massa e la composizione corporea di Parmitano. I singoli dati verranno inviati a terra al team scientifico che provveder\u00e0 a dare ritorni all\u2019astronauta per eventuali correzioni legate all\u2019introito energetico.<br>L\u2019esperimento mira a far luce sulla fisiopatologia dei cambiamenti nella composizione corporea durante il volo spaziale a lungo termine. Questi risultati miglioreranno le prestazioni fisiche e la qualit\u00e0 della vita dell\u2019astronauta durante il volo spaziale e ottimizzeranno le fasi di recupero degli astronauti sulla Terra dopo l\u2019atterraggio. I dati sperimentali ottenuti potrebbero, inoltre, essere usati nella gestione clinica di pazienti immobilizzati malnutriti e\/o obesi, migliorando cos\u00ec la qualit\u00e0 della vita umana sulla Terra.<br><br>La tutela dell\u2019apparto uditivo in orbita \u00e8 il focus del secondo esperimento in partenza per la ISS: <strong>Acoustic Diagnostics<\/strong>. Guidata dall\u2019<strong>Universit\u00e0 di Tor Vergata<\/strong> di Roma con il supporto del <strong>Campus Bio-Medico<\/strong> e di <strong>ALTEC<\/strong>, la sperimentazione intende valutare eventuali danni del sistema uditivo confrontando i risultati di numerosi test audiologici effettuati sugli astronauti prima e dopo la missione, e in relazione anche con i test obiettivi dell\u2019udito durante la loro permanenza in orbita. Per questo \u00e8 stato messo a punto un sistema innovativo per la misura dei prodotti di distorsione otoacustici (DPOAE), che garantisce elevata riproducibilit\u00e0 dei risultati sfruttando un particolare sistema di calibrazione dello stimolo nel canale uditivo e un\u2019elevata risoluzione in frequenza.<br>I risultati dei test permetteranno di evidenziare o di escludere danni all\u2019apparato uditivo, anche di lieve entit\u00e0 e di natura transitoria, associabili alla permanenza nelle condizioni di rumore e microgravit\u00e0 caratteristiche della ISS, con evidenti implicazioni sulla progettazione di future missioni di lunga durata dedicate all\u2019esplorazione del Sistema Solare.<br><br><em>\u201cNUTRISS e Acoustic Diagnostics sono sviluppati da ASI per la prima volta nell\u2019ambito di un accordo di cooperazione per l\u2019utilizzo nazionale delle risorse ESA a bordo della Stazione Spaziale<\/em> &#8211; ha spiegato <strong>Giovanni Valentini<\/strong>, program manager dei due esperimenti e responsabile dell\u2019utilizzazione delle risorse ASI sulla ISS -. <em>Proprio grazie a questo accordo, l\u2019ASI ha la possibilit\u00e0 di condurre questi due esperimenti molto impegnativi, poich\u00e9 richiederanno fino a circa 29 ore di lavoro e 14 sessioni sperimentali, nonch\u00e9 il coinvolgimento di Luca Parmitano per entrambi e anche dell\u2019astronauta americano Andrew Morgan per Acoustic Diagnostics\u201d<\/em>.<br><br>Le sessioni sperimentali per entrambi si terranno circa ogni mese. Per l\u2019integrazione degli esperimenti e le operazioni in orbita ASI \u00e8 supportata da un team industriale composto da <strong>ARGOTEC<\/strong> e <strong>Telespazio<\/strong>.<br>I due esperimenti targati ASI arriveranno sulla ISS due giorni dopo il lancio, custoditi all\u2019interno del modulo Cygnus, al suo 11esimo volo verso la ISS. Una struttura di produzione anche italiana, realizzata dalla societ\u00e0 privata americana Orbital ATK ha visto la costruzione del modulo di servizio negli stabilimenti torinesi di <a href=\"https:\/\/www.thalesgroup.com\/it\/italia\/global-presence-europe\/italia\">Thales Alenia Space Italia<\/a>.<\/p>\n","protected":false},"excerpt":{"rendered":"<p>Pronti al decollo alla volta della Stazione Spaziale Internazionale (ISS) i primi due esperimenti dell\u2019Agenzia Spaziale Italiana (ASI) che vedranno<\/p>\n","protected":false},"author":1,"featured_media":1622,"comment_status":"closed","ping_status":"open","sticky":false,"template":"","format":"standard","meta":{"colormag_page_container_layout":"default_layout","colormag_page_sidebar_layout":"default_layout","footnotes":""},"categories":[32,5],"tags":[812,811,2527,2526,766,2525,86,934],"class_list":["post-3971","post","type-post","status-publish","format-standard","has-post-thumbnail","hentry","category-prima-pagina","category-ricerca-innovazione","tag-agenzia-spaziale-europea-esa","tag-agenzia-spaziale-italiana-asi","tag-argotec","tag-giovanni-valentini","tag-luca-parmitano","tag-nutriss","tag-telespazio","tag-thales-alenia-space"],"yoast_head":"<!-- This site is optimized with the Yoast SEO plugin v26.8 - https:\/\/yoast.com\/product\/yoast-seo-wordpress\/ -->\n<title>ISS: ESPERIMENTI ASI PER LA MISSIONE DI PARMITANO &#187; Spazio-News Magazine<\/title>\n<meta name=\"description\" content=\"Pronti a decollo verso Stazione Spaziale Internazionale primi 2 esperimenti dell\u2019Agenzia Spaziale Italiana con Luca Parmitano\" \/>\n<meta name=\"robots\" content=\"index, follow, max-snippet:-1, max-image-preview:large, max-video-preview:-1\" \/>\n<link rel=\"canonical\" href=\"http:\/\/spazio-news.it\/?p=3971\" \/>\n<meta property=\"og:locale\" content=\"it_IT\" \/>\n<meta property=\"og:type\" content=\"article\" \/>\n<meta property=\"og:title\" content=\"ISS: ESPERIMENTI ASI PER LA MISSIONE DI PARMITANO &#187; Spazio-News Magazine\" \/>\n<meta property=\"og:description\" content=\"Pronti a decollo verso Stazione Spaziale Internazionale primi 2 esperimenti dell\u2019Agenzia Spaziale Italiana con Luca Parmitano\" \/>\n<meta property=\"og:url\" content=\"http:\/\/spazio-news.it\/?p=3971\" \/>\n<meta property=\"og:site_name\" content=\"Spazio-News Magazine\" \/>\n<meta property=\"article:publisher\" content=\"https:\/\/m.facebook.com\/spazio-news-magazine\" \/>\n<meta property=\"article:author\" content=\"@SpazioNewsMagazine\" \/>\n<meta property=\"article:published_time\" content=\"2019-04-18T08:02:53+00:00\" \/>\n<meta property=\"og:image\" content=\"http:\/\/spazio-news.it\/wp-content\/uploads\/2018\/10\/Agenzia-Spaziale-Italiana-ASI-Logo-porta.png\" \/>\n\t<meta property=\"og:image:width\" content=\"800\" \/>\n\t<meta property=\"og:image:height\" content=\"446\" \/>\n\t<meta property=\"og:image:type\" content=\"image\/png\" \/>\n<meta name=\"author\" content=\"Redazione\" \/>\n<meta name=\"twitter:card\" content=\"summary_large_image\" \/>\n<meta name=\"twitter:creator\" content=\"@news_spazio\" \/>\n<meta name=\"twitter:site\" content=\"@News_spazio\" \/>\n<meta name=\"twitter:label1\" content=\"Scritto da\" \/>\n\t<meta name=\"twitter:data1\" content=\"Redazione\" \/>\n\t<meta name=\"twitter:label2\" content=\"Tempo di lettura stimato\" \/>\n\t<meta name=\"twitter:data2\" content=\"3 minuti\" \/>\n<script type=\"application\/ld+json\" class=\"yoast-schema-graph\">{\"@context\":\"https:\/\/schema.org\",\"@graph\":[{\"@type\":\"NewsArticle\",\"@id\":\"http:\/\/spazio-news.it\/?p=3971#article\",\"isPartOf\":{\"@id\":\"http:\/\/spazio-news.it\/?p=3971\"},\"author\":{\"name\":\"Redazione\",\"@id\":\"https:\/\/spazio-news.it\/#\/schema\/person\/c600904e882e9e166ed8e5e3773d37b3\"},\"headline\":\"ISS: ESPERIMENTI ASI PER LA MISSIONE DI PARMITANO\",\"datePublished\":\"2019-04-18T08:02:53+00:00\",\"mainEntityOfPage\":{\"@id\":\"http:\/\/spazio-news.it\/?p=3971\"},\"wordCount\":633,\"publisher\":{\"@id\":\"https:\/\/spazio-news.it\/#organization\"},\"image\":{\"@id\":\"http:\/\/spazio-news.it\/?p=3971#primaryimage\"},\"thumbnailUrl\":\"http:\/\/spazio-news.it\/wp-content\/uploads\/2018\/10\/Agenzia-Spaziale-Italiana-ASI-Logo-porta.png\",\"keywords\":[\"Agenzia Spaziale Europea - ESA\",\"Agenzia Spaziale Italiana - ASI\",\"ARGOTEC\",\"Giovanni Valentini\",\"Luca Parmitano\",\"NUTRISS\",\"Telespazio\",\"Thales Alenia Space\"],\"articleSection\":[\"01 - PRIMA PAGINA\",\"05 - RICERCA &amp; INNOVAZIONE\"],\"inLanguage\":\"it-IT\"},{\"@type\":\"WebPage\",\"@id\":\"http:\/\/spazio-news.it\/?p=3971\",\"url\":\"http:\/\/spazio-news.it\/?p=3971\",\"name\":\"ISS: ESPERIMENTI ASI PER LA MISSIONE DI PARMITANO &#187; Spazio-News Magazine\",\"isPartOf\":{\"@id\":\"https:\/\/spazio-news.it\/#website\"},\"primaryImageOfPage\":{\"@id\":\"http:\/\/spazio-news.it\/?p=3971#primaryimage\"},\"image\":{\"@id\":\"http:\/\/spazio-news.it\/?p=3971#primaryimage\"},\"thumbnailUrl\":\"http:\/\/spazio-news.it\/wp-content\/uploads\/2018\/10\/Agenzia-Spaziale-Italiana-ASI-Logo-porta.png\",\"datePublished\":\"2019-04-18T08:02:53+00:00\",\"description\":\"Pronti a decollo verso Stazione Spaziale Internazionale primi 2 esperimenti dell\u2019Agenzia Spaziale Italiana con Luca Parmitano\",\"breadcrumb\":{\"@id\":\"http:\/\/spazio-news.it\/?p=3971#breadcrumb\"},\"inLanguage\":\"it-IT\",\"potentialAction\":[{\"@type\":\"ReadAction\",\"target\":[\"http:\/\/spazio-news.it\/?p=3971\"]}]},{\"@type\":\"ImageObject\",\"inLanguage\":\"it-IT\",\"@id\":\"http:\/\/spazio-news.it\/?p=3971#primaryimage\",\"url\":\"http:\/\/spazio-news.it\/wp-content\/uploads\/2018\/10\/Agenzia-Spaziale-Italiana-ASI-Logo-porta.png\",\"contentUrl\":\"http:\/\/spazio-news.it\/wp-content\/uploads\/2018\/10\/Agenzia-Spaziale-Italiana-ASI-Logo-porta.png\",\"width\":800,\"height\":446,\"caption\":\"Agenzia Spaziale Italiana - ASI Logo porta\"},{\"@type\":\"BreadcrumbList\",\"@id\":\"http:\/\/spazio-news.it\/?p=3971#breadcrumb\",\"itemListElement\":[{\"@type\":\"ListItem\",\"position\":1,\"name\":\"Home\",\"item\":\"https:\/\/spazio-news.it\/\"},{\"@type\":\"ListItem\",\"position\":2,\"name\":\"ISS: ESPERIMENTI ASI PER LA MISSIONE DI PARMITANO\"}]},{\"@type\":\"WebSite\",\"@id\":\"https:\/\/spazio-news.it\/#website\",\"url\":\"https:\/\/spazio-news.it\/\",\"name\":\"Spazio-News Magazine\",\"description\":\"La guida che sfida la complessit\u00e0 del mondo industriale\",\"publisher\":{\"@id\":\"https:\/\/spazio-news.it\/#organization\"},\"alternateName\":\"Spazio-news.it\",\"potentialAction\":[{\"@type\":\"SearchAction\",\"target\":{\"@type\":\"EntryPoint\",\"urlTemplate\":\"https:\/\/spazio-news.it\/?s={search_term_string}\"},\"query-input\":{\"@type\":\"PropertyValueSpecification\",\"valueRequired\":true,\"valueName\":\"search_term_string\"}}],\"inLanguage\":\"it-IT\"},{\"@type\":\"Organization\",\"@id\":\"https:\/\/spazio-news.it\/#organization\",\"name\":\"Spazio-News Magazine\",\"url\":\"https:\/\/spazio-news.it\/\",\"logo\":{\"@type\":\"ImageObject\",\"inLanguage\":\"it-IT\",\"@id\":\"https:\/\/spazio-news.it\/#\/schema\/logo\/image\/\",\"url\":\"http:\/\/spazio-news.it\/wp-content\/uploads\/2023\/09\/Logo-Spazio-News-512-x-512-NO-testo.jpg\",\"contentUrl\":\"http:\/\/spazio-news.it\/wp-content\/uploads\/2023\/09\/Logo-Spazio-News-512-x-512-NO-testo.jpg\",\"width\":512,\"height\":512,\"caption\":\"Spazio-News Magazine\"},\"image\":{\"@id\":\"https:\/\/spazio-news.it\/#\/schema\/logo\/image\/\"},\"sameAs\":[\"https:\/\/m.facebook.com\/spazio-news-magazine\",\"https:\/\/x.com\/News_spazio\"]},{\"@type\":\"Person\",\"@id\":\"https:\/\/spazio-news.it\/#\/schema\/person\/c600904e882e9e166ed8e5e3773d37b3\",\"name\":\"Redazione\",\"sameAs\":[\"http:\/\/spazio-news.it\",\"@SpazioNewsMagazine\",\"https:\/\/x.com\/@news_spazio\"],\"url\":\"http:\/\/spazio-news.it\/?author=1\"}]}<\/script>\n<!-- \/ Yoast SEO plugin. -->","yoast_head_json":{"title":"ISS: ESPERIMENTI ASI PER LA MISSIONE DI PARMITANO &#187; Spazio-News Magazine","description":"Pronti a decollo verso Stazione Spaziale Internazionale primi 2 esperimenti dell\u2019Agenzia Spaziale Italiana con Luca Parmitano","robots":{"index":"index","follow":"follow","max-snippet":"max-snippet:-1","max-image-preview":"max-image-preview:large","max-video-preview":"max-video-preview:-1"},"canonical":"http:\/\/spazio-news.it\/?p=3971","og_locale":"it_IT","og_type":"article","og_title":"ISS: ESPERIMENTI ASI PER LA MISSIONE DI PARMITANO &#187; Spazio-News Magazine","og_description":"Pronti a decollo verso Stazione Spaziale Internazionale primi 2 esperimenti dell\u2019Agenzia Spaziale Italiana con Luca Parmitano","og_url":"http:\/\/spazio-news.it\/?p=3971","og_site_name":"Spazio-News Magazine","article_publisher":"https:\/\/m.facebook.com\/spazio-news-magazine","article_author":"@SpazioNewsMagazine","article_published_time":"2019-04-18T08:02:53+00:00","og_image":[{"width":800,"height":446,"url":"http:\/\/spazio-news.it\/wp-content\/uploads\/2018\/10\/Agenzia-Spaziale-Italiana-ASI-Logo-porta.png","type":"image\/png"}],"author":"Redazione","twitter_card":"summary_large_image","twitter_creator":"@news_spazio","twitter_site":"@News_spazio","twitter_misc":{"Scritto da":"Redazione","Tempo di lettura stimato":"3 minuti"},"schema":{"@context":"https:\/\/schema.org","@graph":[{"@type":"NewsArticle","@id":"http:\/\/spazio-news.it\/?p=3971#article","isPartOf":{"@id":"http:\/\/spazio-news.it\/?p=3971"},"author":{"name":"Redazione","@id":"https:\/\/spazio-news.it\/#\/schema\/person\/c600904e882e9e166ed8e5e3773d37b3"},"headline":"ISS: ESPERIMENTI ASI PER LA MISSIONE DI PARMITANO","datePublished":"2019-04-18T08:02:53+00:00","mainEntityOfPage":{"@id":"http:\/\/spazio-news.it\/?p=3971"},"wordCount":633,"publisher":{"@id":"https:\/\/spazio-news.it\/#organization"},"image":{"@id":"http:\/\/spazio-news.it\/?p=3971#primaryimage"},"thumbnailUrl":"http:\/\/spazio-news.it\/wp-content\/uploads\/2018\/10\/Agenzia-Spaziale-Italiana-ASI-Logo-porta.png","keywords":["Agenzia Spaziale Europea - ESA","Agenzia Spaziale Italiana - ASI","ARGOTEC","Giovanni Valentini","Luca Parmitano","NUTRISS","Telespazio","Thales Alenia Space"],"articleSection":["01 - PRIMA PAGINA","05 - RICERCA &amp; INNOVAZIONE"],"inLanguage":"it-IT"},{"@type":"WebPage","@id":"http:\/\/spazio-news.it\/?p=3971","url":"http:\/\/spazio-news.it\/?p=3971","name":"ISS: ESPERIMENTI ASI PER LA MISSIONE DI PARMITANO &#187; Spazio-News Magazine","isPartOf":{"@id":"https:\/\/spazio-news.it\/#website"},"primaryImageOfPage":{"@id":"http:\/\/spazio-news.it\/?p=3971#primaryimage"},"image":{"@id":"http:\/\/spazio-news.it\/?p=3971#primaryimage"},"thumbnailUrl":"http:\/\/spazio-news.it\/wp-content\/uploads\/2018\/10\/Agenzia-Spaziale-Italiana-ASI-Logo-porta.png","datePublished":"2019-04-18T08:02:53+00:00","description":"Pronti a decollo verso Stazione Spaziale Internazionale primi 2 esperimenti dell\u2019Agenzia Spaziale Italiana con Luca Parmitano","breadcrumb":{"@id":"http:\/\/spazio-news.it\/?p=3971#breadcrumb"},"inLanguage":"it-IT","potentialAction":[{"@type":"ReadAction","target":["http:\/\/spazio-news.it\/?p=3971"]}]},{"@type":"ImageObject","inLanguage":"it-IT","@id":"http:\/\/spazio-news.it\/?p=3971#primaryimage","url":"http:\/\/spazio-news.it\/wp-content\/uploads\/2018\/10\/Agenzia-Spaziale-Italiana-ASI-Logo-porta.png","contentUrl":"http:\/\/spazio-news.it\/wp-content\/uploads\/2018\/10\/Agenzia-Spaziale-Italiana-ASI-Logo-porta.png","width":800,"height":446,"caption":"Agenzia Spaziale Italiana - ASI Logo porta"},{"@type":"BreadcrumbList","@id":"http:\/\/spazio-news.it\/?p=3971#breadcrumb","itemListElement":[{"@type":"ListItem","position":1,"name":"Home","item":"https:\/\/spazio-news.it\/"},{"@type":"ListItem","position":2,"name":"ISS: ESPERIMENTI ASI PER LA MISSIONE DI PARMITANO"}]},{"@type":"WebSite","@id":"https:\/\/spazio-news.it\/#website","url":"https:\/\/spazio-news.it\/","name":"Spazio-News Magazine","description":"La guida che sfida la complessit\u00e0 del mondo industriale","publisher":{"@id":"https:\/\/spazio-news.it\/#organization"},"alternateName":"Spazio-news.it","potentialAction":[{"@type":"SearchAction","target":{"@type":"EntryPoint","urlTemplate":"https:\/\/spazio-news.it\/?s={search_term_string}"},"query-input":{"@type":"PropertyValueSpecification","valueRequired":true,"valueName":"search_term_string"}}],"inLanguage":"it-IT"},{"@type":"Organization","@id":"https:\/\/spazio-news.it\/#organization","name":"Spazio-News Magazine","url":"https:\/\/spazio-news.it\/","logo":{"@type":"ImageObject","inLanguage":"it-IT","@id":"https:\/\/spazio-news.it\/#\/schema\/logo\/image\/","url":"http:\/\/spazio-news.it\/wp-content\/uploads\/2023\/09\/Logo-Spazio-News-512-x-512-NO-testo.jpg","contentUrl":"http:\/\/spazio-news.it\/wp-content\/uploads\/2023\/09\/Logo-Spazio-News-512-x-512-NO-testo.jpg","width":512,"height":512,"caption":"Spazio-News Magazine"},"image":{"@id":"https:\/\/spazio-news.it\/#\/schema\/logo\/image\/"},"sameAs":["https:\/\/m.facebook.com\/spazio-news-magazine","https:\/\/x.com\/News_spazio"]},{"@type":"Person","@id":"https:\/\/spazio-news.it\/#\/schema\/person\/c600904e882e9e166ed8e5e3773d37b3","name":"Redazione","sameAs":["http:\/\/spazio-news.it","@SpazioNewsMagazine","https:\/\/x.com\/@news_spazio"],"url":"http:\/\/spazio-news.it\/?author=1"}]}},"_links":{"self":[{"href":"http:\/\/spazio-news.it\/index.php?rest_route=\/wp\/v2\/posts\/3971","targetHints":{"allow":["GET"]}}],"collection":[{"href":"http:\/\/spazio-news.it\/index.php?rest_route=\/wp\/v2\/posts"}],"about":[{"href":"http:\/\/spazio-news.it\/index.php?rest_route=\/wp\/v2\/types\/post"}],"author":[{"embeddable":true,"href":"http:\/\/spazio-news.it\/index.php?rest_route=\/wp\/v2\/users\/1"}],"replies":[{"embeddable":true,"href":"http:\/\/spazio-news.it\/index.php?rest_route=%2Fwp%2Fv2%2Fcomments&post=3971"}],"version-history":[{"count":2,"href":"http:\/\/spazio-news.it\/index.php?rest_route=\/wp\/v2\/posts\/3971\/revisions"}],"predecessor-version":[{"id":3974,"href":"http:\/\/spazio-news.it\/index.php?rest_route=\/wp\/v2\/posts\/3971\/revisions\/3974"}],"wp:featuredmedia":[{"embeddable":true,"href":"http:\/\/spazio-news.it\/index.php?rest_route=\/wp\/v2\/media\/1622"}],"wp:attachment":[{"href":"http:\/\/spazio-news.it\/index.php?rest_route=%2Fwp%2Fv2%2Fmedia&parent=3971"}],"wp:term":[{"taxonomy":"category","embeddable":true,"href":"http:\/\/spazio-news.it\/index.php?rest_route=%2Fwp%2Fv2%2Fcategories&post=3971"},{"taxonomy":"post_tag","embeddable":true,"href":"http:\/\/spazio-news.it\/index.php?rest_route=%2Fwp%2Fv2%2Ftags&post=3971"}],"curies":[{"name":"wp","href":"https:\/\/api.w.org\/{rel}","templated":true}]}}