{"id":3975,"date":"2019-04-23T01:30:33","date_gmt":"2019-04-23T00:30:33","guid":{"rendered":"http:\/\/spazio-news.it\/?p=3975"},"modified":"2019-11-14T18:40:04","modified_gmt":"2019-11-14T17:40:04","slug":"iss-esa-in-viaggio-gli-esperimenti-made-in-italy","status":"publish","type":"post","link":"http:\/\/spazio-news.it\/?p=3975","title":{"rendered":"ISS, ESA: IN VIAGGIO GLI ESPERIMENTI \u201cMADE IN ITALY\u201d"},"content":{"rendered":"<p>Sono partiti\u00a0alla volta della <strong>Stazione Spaziale Internazionale &#8211; ISS<\/strong> i primi due esperimenti dell\u2019<a href=\"https:\/\/www.asi.it\/\">Agenzia Italiana &#8211; ASI<\/a> che vedranno coinvolto <strong>Luca Parmitano<\/strong> nel corso della sua <strong>missione<\/strong>. <strong>NUTRISS<\/strong> e <strong>Acoustic Diagnostics<\/strong> sono decollati a bordo\u00a0nella <strong>navetta cargo Cygnus NG-11<\/strong> dalla <a href=\"https:\/\/www.nasa.gov\/\">base NASA di Wallops Island<\/a> in <strong>Virginia<\/strong> a bordo del <strong>lanciatore Antares-230<\/strong>.<\/p>\n<p>L\u2019<strong>Agenzia Spaziale Italiana <\/strong>ha selezionato <strong>sei esperimenti<\/strong> per la <strong>seconda missione nello spazio<\/strong> per l\u2019astronauta dell\u2019<a href=\"https:\/\/www.esa.int\/\">ESA (l\u2019Agenzia Spaziale Europea)<\/a> di <strong>nazionalit\u00e0 italiana<\/strong>, <strong>Luca Parmitano<\/strong>. <strong>Beyond<\/strong>, questo il nome della<strong> missione dell\u2019ESA<\/strong>, vedr\u00e0 Parmitano sulla <strong>ISS<\/strong> a partire dal prossimo <strong>luglio<\/strong> e <strong>comandante della stazione<\/strong> nella seconda parte della sua permanenza in orbita.<\/p>\n<p><em>\u201cNUTRISS e Acoustic Diagnostics sono sviluppati da ASI per la prima volta nell\u2019ambito di un accordo di cooperazione per l\u2019utilizzo nazionale delle risorse ESA a bordo della Stazione Spaziale <\/em>\u2013 ha detto Giovanni Valentini, program manager dei due esperimenti e responsabile dell\u2019utilizzazione delle risorse ASI sulla ISS -. <em>Proprio grazie a questo accordo, l\u2019ASI ha la possibilit\u00e0 di condurre questi due esperimenti molto impegnativi, poich\u00e9 richiederanno fino a circa 29 ore di lavoro e 14 sessioni sperimentali, nonch\u00e9 il coinvolgimento di Luca Parmitano per entrambi e anche dell\u2019astronauta americano Andrew Morgan per Acoustic Diagnostics\u201d.<\/em><\/p>\n<p><strong>NUTRISS<\/strong> \u00e8 un esperimento dell\u2019<strong>Universit\u00e0 di Trieste <\/strong>realizzato in collaborazione con la Kayser Italia, attraverso il quale si cercher\u00e0 di mantenere una <strong>composizione corporea ideale per l\u2019astronauta<\/strong> evitando l\u2019<strong>aumento del rapporto massa grassa\/massa magra <\/strong>dovuto all\u2019inattivit\u00e0 da <strong>microgravit\u00e0<\/strong>. Con NUTRISS sar\u00e0 <strong>monitorata<\/strong> costantemente, anche pre e post volo, la massa e la <strong>composizione corporea di Parmitano<\/strong>. I singoli dati verranno inviati a terra al team scientifico che provveder\u00e0 a dare ritorni all\u2019astronauta per eventuali correzioni legate all\u2019introito energetico.<\/p>\n<p><em>\u201cL\u2019esperimento mira a far luce sulla fisiopatologia dei cambiamenti nella composizione corporea durante il volo spaziale a lungo termine<\/em> \u2013 si legge nella nota dell\u2019Agenzia Italiana -. <em>Questi risultati miglioreranno le prestazioni fisiche e la qualit\u00e0 della vita dell&#8217;astronauta durante il volo spaziale e ottimizzeranno le fasi di recupero degli astronauti sulla Terra dopo l&#8217;atterraggio. I dati sperimentali ottenuti potrebbero, inoltre, essere usati nella gestione clinica di pazienti immobilizzati malnutriti e\/o obesi, migliorando cos\u00ec la qualit\u00e0 della vita umana sulla Terra\u201d.<\/em><\/p>\n<p>La <strong>tutela dell\u2019apparto uditivo in orbita<\/strong> \u00e8 il focus del secondo esperimento in partenza per la ISS: <strong>Acoustic Diagnostics<\/strong>. Guidato dall\u2019universit\u00e0 di <strong>Tor Vergata di Roma<\/strong> con il supporto del <strong>Campus Bio-Medico<\/strong> e di <strong>ALTEC<\/strong>, la sperimentazione intende valutare <strong>eventuali danni del sistema uditivo <\/strong>confrontando i risultati di numerosi test audiologici effettuati sugli astronauti prima e dopo la missione, e in relazione anche con i test obiettivi dell\u2019udito durante la loro permanenza in orbita. Per questo \u00e8 stato messo a punto un sistema innovativo per la misura dei prodotti di <strong>distorsione otoacustici &#8211; DPOAE<\/strong>, che garantisce elevata riproducibilit\u00e0 dei risultati sfruttando un particolare sistema di calibrazione dello stimolo nel canale uditivo e un\u2019elevata risoluzione in frequenza.<\/p>\n<p>I risultati dei test permetteranno di evidenziare o di escludere danni all\u2019apparato uditivo, anche di lieve entit\u00e0 e di natura transitoria, associabili alla permanenza nelle condizioni di rumore e microgravit\u00e0 caratteristiche della ISS, con evidenti implicazioni sulla progettazione di future missioni di lunga durata dedicate all\u2019esplorazione del <strong>Sistema Solare<\/strong>.<\/p>\n<p>Le sessioni sperimentali per entrambi si terranno circa <strong>ogni mese.<\/strong> Per l\u2019integrazione degli esperimenti e le operazioni in orbita <strong>ASI<\/strong> \u00e8 supportata da un team industriale composto da <strong>ARGOTEC<\/strong> e <a href=\"http:\/\/www.telespazio.com\/\">Telespazio<\/a>. I due esperimenti targati ASI arriveranno sulla ISS due giorni dopo il lancio, <strong>custoditi all\u2019interno del modulo Cygnus<\/strong>, al suo 11esimo volo verso la ISS. Una struttura di produzione anche italiana, realizzata dalla societ\u00e0 privata americana <strong>Orbital<\/strong> <strong>ATK<\/strong> ha visto la costruzione del modulo di servizio negli <strong>stabilimenti torinesi<\/strong> di <a href=\"http:\/\/www.thales.com\/\">Thales Alenia Space Italia<\/a>.<\/p>\n","protected":false},"excerpt":{"rendered":"<p>Sono partiti\u00a0alla volta della Stazione Spaziale Internazionale &#8211; ISS i primi due esperimenti dell\u2019Agenzia Italiana &#8211; ASI che vedranno coinvolto<\/p>\n","protected":false},"author":1,"featured_media":1181,"comment_status":"closed","ping_status":"open","sticky":false,"template":"","format":"standard","meta":{"colormag_page_container_layout":"default_layout","colormag_page_sidebar_layout":"default_layout","footnotes":""},"categories":[32,5],"tags":[812,811,596,766,113,367],"class_list":["post-3975","post","type-post","status-publish","format-standard","has-post-thumbnail","hentry","category-prima-pagina","category-ricerca-innovazione","tag-agenzia-spaziale-europea-esa","tag-agenzia-spaziale-italiana-asi","tag-international-space-station-iss","tag-luca-parmitano","tag-ricerca","tag-thales-alenia-space-italia"],"yoast_head":"<!-- This site is optimized with the Yoast SEO plugin v26.8 - https:\/\/yoast.com\/product\/yoast-seo-wordpress\/ -->\n<title>ISS, ESA: IN VIAGGIO GLI ESPERIMENTI \u201cMADE IN ITALY\u201d &#187; Spazio-News Magazine<\/title>\n<meta name=\"description\" content=\"Sono partiti alla volta della Stazione Spaziale Internazionale - ISS i primi due esperimenti &quot;Made in Italy&quot; che vedranno coinvolti Parmitano\" \/>\n<meta name=\"robots\" content=\"index, follow, max-snippet:-1, max-image-preview:large, max-video-preview:-1\" \/>\n<link rel=\"canonical\" href=\"http:\/\/spazio-news.it\/?p=3975\" \/>\n<meta property=\"og:locale\" content=\"it_IT\" \/>\n<meta property=\"og:type\" content=\"article\" \/>\n<meta property=\"og:title\" content=\"ISS, ESA: IN VIAGGIO GLI ESPERIMENTI \u201cMADE IN ITALY\u201d &#187; Spazio-News Magazine\" \/>\n<meta property=\"og:description\" content=\"Sono partiti alla volta della Stazione Spaziale Internazionale - ISS i primi due esperimenti &quot;Made in Italy&quot; che vedranno coinvolti Parmitano\" \/>\n<meta property=\"og:url\" content=\"http:\/\/spazio-news.it\/?p=3975\" \/>\n<meta property=\"og:site_name\" content=\"Spazio-News Magazine\" \/>\n<meta property=\"article:publisher\" content=\"https:\/\/m.facebook.com\/spazio-news-magazine\" \/>\n<meta property=\"article:author\" content=\"@SpazioNewsMagazine\" \/>\n<meta property=\"article:published_time\" content=\"2019-04-23T00:30:33+00:00\" \/>\n<meta property=\"article:modified_time\" content=\"2019-11-14T17:40:04+00:00\" \/>\n<meta property=\"og:image\" content=\"http:\/\/spazio-news.it\/wp-content\/uploads\/2018\/09\/International-Space-Station-ESA-ASI-Spazio-Stazione-Internazionale-Spaziale-ISS-.jpg\" \/>\n\t<meta property=\"og:image:width\" content=\"800\" \/>\n\t<meta property=\"og:image:height\" content=\"446\" \/>\n\t<meta property=\"og:image:type\" content=\"image\/jpeg\" \/>\n<meta name=\"author\" content=\"Redazione\" \/>\n<meta name=\"twitter:card\" content=\"summary_large_image\" \/>\n<meta name=\"twitter:creator\" content=\"@news_spazio\" \/>\n<meta name=\"twitter:site\" content=\"@News_spazio\" \/>\n<meta name=\"twitter:label1\" content=\"Scritto da\" \/>\n\t<meta name=\"twitter:data1\" content=\"Redazione\" \/>\n\t<meta name=\"twitter:label2\" content=\"Tempo di lettura stimato\" \/>\n\t<meta name=\"twitter:data2\" content=\"3 minuti\" \/>\n<script type=\"application\/ld+json\" class=\"yoast-schema-graph\">{\"@context\":\"https:\/\/schema.org\",\"@graph\":[{\"@type\":\"NewsArticle\",\"@id\":\"http:\/\/spazio-news.it\/?p=3975#article\",\"isPartOf\":{\"@id\":\"http:\/\/spazio-news.it\/?p=3975\"},\"author\":{\"name\":\"Redazione\",\"@id\":\"http:\/\/spazio-news.it\/#\/schema\/person\/c600904e882e9e166ed8e5e3773d37b3\"},\"headline\":\"ISS, ESA: IN VIAGGIO GLI ESPERIMENTI \u201cMADE IN ITALY\u201d\",\"datePublished\":\"2019-04-23T00:30:33+00:00\",\"dateModified\":\"2019-11-14T17:40:04+00:00\",\"mainEntityOfPage\":{\"@id\":\"http:\/\/spazio-news.it\/?p=3975\"},\"wordCount\":641,\"publisher\":{\"@id\":\"http:\/\/spazio-news.it\/#organization\"},\"image\":{\"@id\":\"http:\/\/spazio-news.it\/?p=3975#primaryimage\"},\"thumbnailUrl\":\"http:\/\/spazio-news.it\/wp-content\/uploads\/2018\/09\/International-Space-Station-ESA-ASI-Spazio-Stazione-Internazionale-Spaziale-ISS-.jpg\",\"keywords\":[\"Agenzia Spaziale Europea - ESA\",\"Agenzia Spaziale Italiana - ASI\",\"International Space Station - ISS\",\"Luca Parmitano\",\"ricerca\",\"Thales Alenia Space Italia\"],\"articleSection\":[\"01 - PRIMA PAGINA\",\"05 - RICERCA &amp; INNOVAZIONE\"],\"inLanguage\":\"it-IT\"},{\"@type\":\"WebPage\",\"@id\":\"http:\/\/spazio-news.it\/?p=3975\",\"url\":\"http:\/\/spazio-news.it\/?p=3975\",\"name\":\"ISS, ESA: IN VIAGGIO GLI ESPERIMENTI \u201cMADE IN ITALY\u201d &#187; Spazio-News Magazine\",\"isPartOf\":{\"@id\":\"http:\/\/spazio-news.it\/#website\"},\"primaryImageOfPage\":{\"@id\":\"http:\/\/spazio-news.it\/?p=3975#primaryimage\"},\"image\":{\"@id\":\"http:\/\/spazio-news.it\/?p=3975#primaryimage\"},\"thumbnailUrl\":\"http:\/\/spazio-news.it\/wp-content\/uploads\/2018\/09\/International-Space-Station-ESA-ASI-Spazio-Stazione-Internazionale-Spaziale-ISS-.jpg\",\"datePublished\":\"2019-04-23T00:30:33+00:00\",\"dateModified\":\"2019-11-14T17:40:04+00:00\",\"description\":\"Sono partiti alla volta della Stazione Spaziale Internazionale - ISS i primi due esperimenti \\\"Made in Italy\\\" che vedranno coinvolti Parmitano\",\"breadcrumb\":{\"@id\":\"http:\/\/spazio-news.it\/?p=3975#breadcrumb\"},\"inLanguage\":\"it-IT\",\"potentialAction\":[{\"@type\":\"ReadAction\",\"target\":[\"http:\/\/spazio-news.it\/?p=3975\"]}]},{\"@type\":\"ImageObject\",\"inLanguage\":\"it-IT\",\"@id\":\"http:\/\/spazio-news.it\/?p=3975#primaryimage\",\"url\":\"http:\/\/spazio-news.it\/wp-content\/uploads\/2018\/09\/International-Space-Station-ESA-ASI-Spazio-Stazione-Internazionale-Spaziale-ISS-.jpg\",\"contentUrl\":\"http:\/\/spazio-news.it\/wp-content\/uploads\/2018\/09\/International-Space-Station-ESA-ASI-Spazio-Stazione-Internazionale-Spaziale-ISS-.jpg\",\"width\":800,\"height\":446,\"caption\":\"International Space Station ESA ASI Spazio Stazione Internazionale Spaziale - ISS\"},{\"@type\":\"BreadcrumbList\",\"@id\":\"http:\/\/spazio-news.it\/?p=3975#breadcrumb\",\"itemListElement\":[{\"@type\":\"ListItem\",\"position\":1,\"name\":\"Home\",\"item\":\"http:\/\/spazio-news.it\/\"},{\"@type\":\"ListItem\",\"position\":2,\"name\":\"ISS, ESA: IN VIAGGIO GLI ESPERIMENTI \u201cMADE IN ITALY\u201d\"}]},{\"@type\":\"WebSite\",\"@id\":\"http:\/\/spazio-news.it\/#website\",\"url\":\"http:\/\/spazio-news.it\/\",\"name\":\"Spazio-News Magazine\",\"description\":\"La guida che sfida la complessit\u00e0 del mondo industriale\",\"publisher\":{\"@id\":\"http:\/\/spazio-news.it\/#organization\"},\"alternateName\":\"Spazio-news.it\",\"potentialAction\":[{\"@type\":\"SearchAction\",\"target\":{\"@type\":\"EntryPoint\",\"urlTemplate\":\"http:\/\/spazio-news.it\/?s={search_term_string}\"},\"query-input\":{\"@type\":\"PropertyValueSpecification\",\"valueRequired\":true,\"valueName\":\"search_term_string\"}}],\"inLanguage\":\"it-IT\"},{\"@type\":\"Organization\",\"@id\":\"http:\/\/spazio-news.it\/#organization\",\"name\":\"Spazio-News Magazine\",\"url\":\"http:\/\/spazio-news.it\/\",\"logo\":{\"@type\":\"ImageObject\",\"inLanguage\":\"it-IT\",\"@id\":\"http:\/\/spazio-news.it\/#\/schema\/logo\/image\/\",\"url\":\"http:\/\/spazio-news.it\/wp-content\/uploads\/2023\/09\/Logo-Spazio-News-512-x-512-NO-testo.jpg\",\"contentUrl\":\"http:\/\/spazio-news.it\/wp-content\/uploads\/2023\/09\/Logo-Spazio-News-512-x-512-NO-testo.jpg\",\"width\":512,\"height\":512,\"caption\":\"Spazio-News Magazine\"},\"image\":{\"@id\":\"http:\/\/spazio-news.it\/#\/schema\/logo\/image\/\"},\"sameAs\":[\"https:\/\/m.facebook.com\/spazio-news-magazine\",\"https:\/\/x.com\/News_spazio\"]},{\"@type\":\"Person\",\"@id\":\"http:\/\/spazio-news.it\/#\/schema\/person\/c600904e882e9e166ed8e5e3773d37b3\",\"name\":\"Redazione\",\"sameAs\":[\"http:\/\/spazio-news.it\",\"@SpazioNewsMagazine\",\"https:\/\/x.com\/@news_spazio\"],\"url\":\"http:\/\/spazio-news.it\/?author=1\"}]}<\/script>\n<!-- \/ Yoast SEO plugin. -->","yoast_head_json":{"title":"ISS, ESA: IN VIAGGIO GLI ESPERIMENTI \u201cMADE IN ITALY\u201d &#187; Spazio-News Magazine","description":"Sono partiti alla volta della Stazione Spaziale Internazionale - ISS i primi due esperimenti \"Made in Italy\" che vedranno coinvolti Parmitano","robots":{"index":"index","follow":"follow","max-snippet":"max-snippet:-1","max-image-preview":"max-image-preview:large","max-video-preview":"max-video-preview:-1"},"canonical":"http:\/\/spazio-news.it\/?p=3975","og_locale":"it_IT","og_type":"article","og_title":"ISS, ESA: IN VIAGGIO GLI ESPERIMENTI \u201cMADE IN ITALY\u201d &#187; Spazio-News Magazine","og_description":"Sono partiti alla volta della Stazione Spaziale Internazionale - ISS i primi due esperimenti \"Made in Italy\" che vedranno coinvolti Parmitano","og_url":"http:\/\/spazio-news.it\/?p=3975","og_site_name":"Spazio-News Magazine","article_publisher":"https:\/\/m.facebook.com\/spazio-news-magazine","article_author":"@SpazioNewsMagazine","article_published_time":"2019-04-23T00:30:33+00:00","article_modified_time":"2019-11-14T17:40:04+00:00","og_image":[{"width":800,"height":446,"url":"http:\/\/spazio-news.it\/wp-content\/uploads\/2018\/09\/International-Space-Station-ESA-ASI-Spazio-Stazione-Internazionale-Spaziale-ISS-.jpg","type":"image\/jpeg"}],"author":"Redazione","twitter_card":"summary_large_image","twitter_creator":"@news_spazio","twitter_site":"@News_spazio","twitter_misc":{"Scritto da":"Redazione","Tempo di lettura stimato":"3 minuti"},"schema":{"@context":"https:\/\/schema.org","@graph":[{"@type":"NewsArticle","@id":"http:\/\/spazio-news.it\/?p=3975#article","isPartOf":{"@id":"http:\/\/spazio-news.it\/?p=3975"},"author":{"name":"Redazione","@id":"http:\/\/spazio-news.it\/#\/schema\/person\/c600904e882e9e166ed8e5e3773d37b3"},"headline":"ISS, ESA: IN VIAGGIO GLI ESPERIMENTI \u201cMADE IN ITALY\u201d","datePublished":"2019-04-23T00:30:33+00:00","dateModified":"2019-11-14T17:40:04+00:00","mainEntityOfPage":{"@id":"http:\/\/spazio-news.it\/?p=3975"},"wordCount":641,"publisher":{"@id":"http:\/\/spazio-news.it\/#organization"},"image":{"@id":"http:\/\/spazio-news.it\/?p=3975#primaryimage"},"thumbnailUrl":"http:\/\/spazio-news.it\/wp-content\/uploads\/2018\/09\/International-Space-Station-ESA-ASI-Spazio-Stazione-Internazionale-Spaziale-ISS-.jpg","keywords":["Agenzia Spaziale Europea - ESA","Agenzia Spaziale Italiana - ASI","International Space Station - ISS","Luca Parmitano","ricerca","Thales Alenia Space Italia"],"articleSection":["01 - PRIMA PAGINA","05 - RICERCA &amp; INNOVAZIONE"],"inLanguage":"it-IT"},{"@type":"WebPage","@id":"http:\/\/spazio-news.it\/?p=3975","url":"http:\/\/spazio-news.it\/?p=3975","name":"ISS, ESA: IN VIAGGIO GLI ESPERIMENTI \u201cMADE IN ITALY\u201d &#187; Spazio-News Magazine","isPartOf":{"@id":"http:\/\/spazio-news.it\/#website"},"primaryImageOfPage":{"@id":"http:\/\/spazio-news.it\/?p=3975#primaryimage"},"image":{"@id":"http:\/\/spazio-news.it\/?p=3975#primaryimage"},"thumbnailUrl":"http:\/\/spazio-news.it\/wp-content\/uploads\/2018\/09\/International-Space-Station-ESA-ASI-Spazio-Stazione-Internazionale-Spaziale-ISS-.jpg","datePublished":"2019-04-23T00:30:33+00:00","dateModified":"2019-11-14T17:40:04+00:00","description":"Sono partiti alla volta della Stazione Spaziale Internazionale - ISS i primi due esperimenti \"Made in Italy\" che vedranno coinvolti Parmitano","breadcrumb":{"@id":"http:\/\/spazio-news.it\/?p=3975#breadcrumb"},"inLanguage":"it-IT","potentialAction":[{"@type":"ReadAction","target":["http:\/\/spazio-news.it\/?p=3975"]}]},{"@type":"ImageObject","inLanguage":"it-IT","@id":"http:\/\/spazio-news.it\/?p=3975#primaryimage","url":"http:\/\/spazio-news.it\/wp-content\/uploads\/2018\/09\/International-Space-Station-ESA-ASI-Spazio-Stazione-Internazionale-Spaziale-ISS-.jpg","contentUrl":"http:\/\/spazio-news.it\/wp-content\/uploads\/2018\/09\/International-Space-Station-ESA-ASI-Spazio-Stazione-Internazionale-Spaziale-ISS-.jpg","width":800,"height":446,"caption":"International Space Station ESA ASI Spazio Stazione Internazionale Spaziale - ISS"},{"@type":"BreadcrumbList","@id":"http:\/\/spazio-news.it\/?p=3975#breadcrumb","itemListElement":[{"@type":"ListItem","position":1,"name":"Home","item":"http:\/\/spazio-news.it\/"},{"@type":"ListItem","position":2,"name":"ISS, ESA: IN VIAGGIO GLI ESPERIMENTI \u201cMADE IN ITALY\u201d"}]},{"@type":"WebSite","@id":"http:\/\/spazio-news.it\/#website","url":"http:\/\/spazio-news.it\/","name":"Spazio-News Magazine","description":"La guida che sfida la complessit\u00e0 del mondo industriale","publisher":{"@id":"http:\/\/spazio-news.it\/#organization"},"alternateName":"Spazio-news.it","potentialAction":[{"@type":"SearchAction","target":{"@type":"EntryPoint","urlTemplate":"http:\/\/spazio-news.it\/?s={search_term_string}"},"query-input":{"@type":"PropertyValueSpecification","valueRequired":true,"valueName":"search_term_string"}}],"inLanguage":"it-IT"},{"@type":"Organization","@id":"http:\/\/spazio-news.it\/#organization","name":"Spazio-News Magazine","url":"http:\/\/spazio-news.it\/","logo":{"@type":"ImageObject","inLanguage":"it-IT","@id":"http:\/\/spazio-news.it\/#\/schema\/logo\/image\/","url":"http:\/\/spazio-news.it\/wp-content\/uploads\/2023\/09\/Logo-Spazio-News-512-x-512-NO-testo.jpg","contentUrl":"http:\/\/spazio-news.it\/wp-content\/uploads\/2023\/09\/Logo-Spazio-News-512-x-512-NO-testo.jpg","width":512,"height":512,"caption":"Spazio-News Magazine"},"image":{"@id":"http:\/\/spazio-news.it\/#\/schema\/logo\/image\/"},"sameAs":["https:\/\/m.facebook.com\/spazio-news-magazine","https:\/\/x.com\/News_spazio"]},{"@type":"Person","@id":"http:\/\/spazio-news.it\/#\/schema\/person\/c600904e882e9e166ed8e5e3773d37b3","name":"Redazione","sameAs":["http:\/\/spazio-news.it","@SpazioNewsMagazine","https:\/\/x.com\/@news_spazio"],"url":"http:\/\/spazio-news.it\/?author=1"}]}},"_links":{"self":[{"href":"http:\/\/spazio-news.it\/index.php?rest_route=\/wp\/v2\/posts\/3975","targetHints":{"allow":["GET"]}}],"collection":[{"href":"http:\/\/spazio-news.it\/index.php?rest_route=\/wp\/v2\/posts"}],"about":[{"href":"http:\/\/spazio-news.it\/index.php?rest_route=\/wp\/v2\/types\/post"}],"author":[{"embeddable":true,"href":"http:\/\/spazio-news.it\/index.php?rest_route=\/wp\/v2\/users\/1"}],"replies":[{"embeddable":true,"href":"http:\/\/spazio-news.it\/index.php?rest_route=%2Fwp%2Fv2%2Fcomments&post=3975"}],"version-history":[{"count":3,"href":"http:\/\/spazio-news.it\/index.php?rest_route=\/wp\/v2\/posts\/3975\/revisions"}],"predecessor-version":[{"id":7106,"href":"http:\/\/spazio-news.it\/index.php?rest_route=\/wp\/v2\/posts\/3975\/revisions\/7106"}],"wp:featuredmedia":[{"embeddable":true,"href":"http:\/\/spazio-news.it\/index.php?rest_route=\/wp\/v2\/media\/1181"}],"wp:attachment":[{"href":"http:\/\/spazio-news.it\/index.php?rest_route=%2Fwp%2Fv2%2Fmedia&parent=3975"}],"wp:term":[{"taxonomy":"category","embeddable":true,"href":"http:\/\/spazio-news.it\/index.php?rest_route=%2Fwp%2Fv2%2Fcategories&post=3975"},{"taxonomy":"post_tag","embeddable":true,"href":"http:\/\/spazio-news.it\/index.php?rest_route=%2Fwp%2Fv2%2Ftags&post=3975"}],"curies":[{"name":"wp","href":"https:\/\/api.w.org\/{rel}","templated":true}]}}