{"id":3983,"date":"2019-04-23T02:12:34","date_gmt":"2019-04-23T01:12:34","guid":{"rendered":"http:\/\/spazio-news.it\/?p=3983"},"modified":"2019-04-22T14:21:32","modified_gmt":"2019-04-22T13:21:32","slug":"due-nuovi-elicotteri-aw-139-per-i-vigili-del-fuoco","status":"publish","type":"post","link":"http:\/\/spazio-news.it\/?p=3983","title":{"rendered":"DUE NUOVI ELICOTTERI AW-139 PER I VIGILI DEL FUOCO"},"content":{"rendered":"<p><em>\u201cCon la consegna dei primi due elicotteri AW139 ai Vigili del Fuoco, aventi marche di registrazione VF-139 e VF-140, Leonardo e il Corpo hanno consolidato oggi un importante collaborazione ai fini del potenziamento della capacit\u00e0 di risposta alle richieste di soccorso e alle emergenze nel nostro Paese<\/em> \u2013 si legge nella nota diffusa dall\u2019Ex Finmeccanica -. <em>L&#8217;evento, celebrato oggi presso lo stabilimento di Vergiate di Leonardo in presenza di rappresentanti del Governo e Autorit\u00e0 locali, \u00e8 un momento importante nel percorso di miglioramento delle capacit\u00e0 del servizio aereo dei Vigili del Fuoco che, a partire da oggi, potranno contare sull\u2019elicottero pi\u00f9 moderno al mondo per operazioni di ricerca e soccorso (SAR) in mare e ambiente montano, soccorso medico, antincendio e protezione civile\u201d.\u00a0<\/em><\/p>\n<p>Sono oltre<strong> 816.000 <\/strong>le<strong> missioni di soccorso e antincendio <\/strong>effettuate ogni<strong> anno <\/strong>in<strong> Europa, Italia compresa, <\/strong>e gli <a href=\"http:\/\/www.leonardocompany.com\/\">AW139<\/a>, che sostituiranno progressivamente gli <strong>elicotteri AB412<\/strong> in servizio ormai da decenni, saranno impiegati dai <strong>Reparti volo<\/strong> del Corpo, distribuite su tutto il territorio nazionale per garantire copertura ottimale e una risposta pi\u00f9 rapida in caso di necessit\u00e0.<\/p>\n<p>Il <a href=\"http:\/\/www.vigilfuoco.it\/\">Corpo dei Vigili del Fuoco<\/a> ricever\u00e0 il <strong>terzo AW139<\/strong> quest&#8217;anno, come previsto dal <strong>contratto<\/strong> di circa <strong>45 milioni di euro<\/strong> firmato nel <strong>2018<\/strong>. Il contratto include anche <strong>supporto logistico integrato<\/strong> e l\u2019<strong>addestramento di piloti e tecnici<\/strong> e comprende un&#8217;<strong>opzione per ulteriori 12 elicotteri. <\/strong><\/p>\n<p>I primi <strong>due AW139<\/strong> saranno dislocati presso il <strong>Centro Aviazione di Roma Ciampino<\/strong> per esigenze di <strong>formazione<\/strong> e <strong>addestramento<\/strong> degli equipaggi del Corpo nazionale.<\/p>\n<p><em>\u201cVera e propria spina dorsale delle capacit\u00e0 di elisoccorso in Italia<\/em><em>, l\u2019AW139 \u00e8 utilizzato da Aeronautica Militare, Guardia di Finanza, Polizia di Stato, Guardia Costiera e molti operatori di soccorso medico<\/em> \u2013 conclude la nota di Leonardo -.<em> Gli AW139 dei Vigili del Fuoco sono dotati di un\u2019ampia gamma di equipaggiamenti come verricello di recupero, gancio baricentrico per l\u2019impiego di benna antincendio, radar meteo, sistema di comunicazione satellitare, sistema elettro-ottico, console di missione ad alta definizione sviluppata da Leonardo e sistema di trasmissione dati\u201d.<\/em><\/p>\n<p>Dispongono, inoltre, di un avanzato <strong>sistema anticollisione di progettazione<\/strong> italiana, di <strong>visori notturni<\/strong>, <strong>faro di ricerca<\/strong>, <strong>galleggianti<\/strong> e <strong>scialuppe di salvataggio<\/strong>, <strong>megafono<\/strong>, <strong>strumentazione<\/strong> <strong>medicale<\/strong>.<\/p>\n<p>Il cockpit \u00e8 caratterizzato da <strong>tecnologia avionica<\/strong> allo stato dell\u2019arte, un <strong>avanzato autopilota<\/strong> sviluppato per lo svolgimento di <strong>operazioni di ricerca e soccorso<\/strong> e <strong>ampi display<\/strong> che consentono un accesso chiaro, immediato e agevole a tutte le informazioni di volo e di missione con conseguente <strong>riduzione del carico di lavoro dell\u2019equipaggio<\/strong>, permettendogli cos\u00ec di concentrarsi maggiormente sulla missione.<\/p>\n","protected":false},"excerpt":{"rendered":"<p>\u201cCon la consegna dei primi due elicotteri AW139 ai Vigili del Fuoco, aventi marche di registrazione VF-139 e VF-140, Leonardo<\/p>\n","protected":false},"author":1,"featured_media":3984,"comment_status":"closed","ping_status":"open","sticky":false,"template":"","format":"standard","meta":{"colormag_page_container_layout":"default_layout","colormag_page_sidebar_layout":"default_layout","footnotes":""},"categories":[32,3],"tags":[175,1611,2420,196],"class_list":["post-3983","post","type-post","status-publish","format-standard","has-post-thumbnail","hentry","category-prima-pagina","category-industria","tag-elicottero","tag-leonardo-aw139","tag-ministero-dellinterno","tag-vigili-del-fuoco"],"yoast_head":"<!-- This site is optimized with the Yoast SEO plugin v26.8 - https:\/\/yoast.com\/product\/yoast-seo-wordpress\/ -->\n<title>DUE NUOVI ELICOTTERI AW-139 PER I VIGILI DEL FUOCO &#187; Spazio-News Magazine<\/title>\n<meta name=\"description\" content=\"\u201cCon la consegna dei primi due elicotteri AW139 ai Vigili del Fuoco, aventi marche di registrazione VF-139 e VF-140, Leonardo e il Corpo\" \/>\n<meta name=\"robots\" content=\"index, follow, max-snippet:-1, max-image-preview:large, max-video-preview:-1\" \/>\n<link rel=\"canonical\" href=\"http:\/\/spazio-news.it\/?p=3983\" \/>\n<meta property=\"og:locale\" content=\"it_IT\" \/>\n<meta property=\"og:type\" content=\"article\" \/>\n<meta property=\"og:title\" content=\"DUE NUOVI ELICOTTERI AW-139 PER I VIGILI DEL FUOCO &#187; Spazio-News Magazine\" \/>\n<meta property=\"og:description\" content=\"\u201cCon la consegna dei primi due elicotteri AW139 ai Vigili del Fuoco, aventi marche di registrazione VF-139 e VF-140, Leonardo e il Corpo\" \/>\n<meta property=\"og:url\" content=\"http:\/\/spazio-news.it\/?p=3983\" \/>\n<meta property=\"og:site_name\" content=\"Spazio-News Magazine\" \/>\n<meta property=\"article:publisher\" content=\"https:\/\/m.facebook.com\/spazio-news-magazine\" \/>\n<meta property=\"article:author\" content=\"@SpazioNewsMagazine\" \/>\n<meta property=\"article:published_time\" content=\"2019-04-23T01:12:34+00:00\" \/>\n<meta property=\"og:image\" content=\"http:\/\/spazio-news.it\/wp-content\/uploads\/2019\/04\/Leonardo-elicottero-AW-139-Vigili-del-Fuoco.jpg\" \/>\n\t<meta property=\"og:image:width\" content=\"800\" \/>\n\t<meta property=\"og:image:height\" content=\"446\" \/>\n\t<meta property=\"og:image:type\" content=\"image\/jpeg\" \/>\n<meta name=\"author\" content=\"Redazione\" \/>\n<meta name=\"twitter:card\" content=\"summary_large_image\" \/>\n<meta name=\"twitter:creator\" content=\"@news_spazio\" \/>\n<meta name=\"twitter:site\" content=\"@News_spazio\" \/>\n<meta name=\"twitter:label1\" content=\"Scritto da\" \/>\n\t<meta name=\"twitter:data1\" content=\"Redazione\" \/>\n\t<meta name=\"twitter:label2\" content=\"Tempo di lettura stimato\" \/>\n\t<meta name=\"twitter:data2\" content=\"2 minuti\" \/>\n<script type=\"application\/ld+json\" class=\"yoast-schema-graph\">{\"@context\":\"https:\/\/schema.org\",\"@graph\":[{\"@type\":\"NewsArticle\",\"@id\":\"http:\/\/spazio-news.it\/?p=3983#article\",\"isPartOf\":{\"@id\":\"http:\/\/spazio-news.it\/?p=3983\"},\"author\":{\"name\":\"Redazione\",\"@id\":\"http:\/\/spazio-news.it\/#\/schema\/person\/c600904e882e9e166ed8e5e3773d37b3\"},\"headline\":\"DUE NUOVI ELICOTTERI AW-139 PER I VIGILI DEL FUOCO\",\"datePublished\":\"2019-04-23T01:12:34+00:00\",\"mainEntityOfPage\":{\"@id\":\"http:\/\/spazio-news.it\/?p=3983\"},\"wordCount\":423,\"publisher\":{\"@id\":\"http:\/\/spazio-news.it\/#organization\"},\"image\":{\"@id\":\"http:\/\/spazio-news.it\/?p=3983#primaryimage\"},\"thumbnailUrl\":\"http:\/\/spazio-news.it\/wp-content\/uploads\/2019\/04\/Leonardo-elicottero-AW-139-Vigili-del-Fuoco.jpg\",\"keywords\":[\"elicottero\",\"Leonardo AW139\",\"Ministero dell\u2019Interno\",\"Vigili del Fuoco\"],\"articleSection\":[\"01 - PRIMA PAGINA\",\"02 - INDUSTRIA\"],\"inLanguage\":\"it-IT\"},{\"@type\":\"WebPage\",\"@id\":\"http:\/\/spazio-news.it\/?p=3983\",\"url\":\"http:\/\/spazio-news.it\/?p=3983\",\"name\":\"DUE NUOVI ELICOTTERI AW-139 PER I VIGILI DEL FUOCO &#187; Spazio-News Magazine\",\"isPartOf\":{\"@id\":\"http:\/\/spazio-news.it\/#website\"},\"primaryImageOfPage\":{\"@id\":\"http:\/\/spazio-news.it\/?p=3983#primaryimage\"},\"image\":{\"@id\":\"http:\/\/spazio-news.it\/?p=3983#primaryimage\"},\"thumbnailUrl\":\"http:\/\/spazio-news.it\/wp-content\/uploads\/2019\/04\/Leonardo-elicottero-AW-139-Vigili-del-Fuoco.jpg\",\"datePublished\":\"2019-04-23T01:12:34+00:00\",\"description\":\"\u201cCon la consegna dei primi due elicotteri AW139 ai Vigili del Fuoco, aventi marche di registrazione VF-139 e VF-140, Leonardo e il Corpo\",\"breadcrumb\":{\"@id\":\"http:\/\/spazio-news.it\/?p=3983#breadcrumb\"},\"inLanguage\":\"it-IT\",\"potentialAction\":[{\"@type\":\"ReadAction\",\"target\":[\"http:\/\/spazio-news.it\/?p=3983\"]}]},{\"@type\":\"ImageObject\",\"inLanguage\":\"it-IT\",\"@id\":\"http:\/\/spazio-news.it\/?p=3983#primaryimage\",\"url\":\"http:\/\/spazio-news.it\/wp-content\/uploads\/2019\/04\/Leonardo-elicottero-AW-139-Vigili-del-Fuoco.jpg\",\"contentUrl\":\"http:\/\/spazio-news.it\/wp-content\/uploads\/2019\/04\/Leonardo-elicottero-AW-139-Vigili-del-Fuoco.jpg\",\"width\":800,\"height\":446,\"caption\":\"Leonardo elicottero AW-139 Vigili del Fuoco\"},{\"@type\":\"BreadcrumbList\",\"@id\":\"http:\/\/spazio-news.it\/?p=3983#breadcrumb\",\"itemListElement\":[{\"@type\":\"ListItem\",\"position\":1,\"name\":\"Home\",\"item\":\"http:\/\/spazio-news.it\/\"},{\"@type\":\"ListItem\",\"position\":2,\"name\":\"DUE NUOVI ELICOTTERI AW-139 PER I VIGILI DEL FUOCO\"}]},{\"@type\":\"WebSite\",\"@id\":\"http:\/\/spazio-news.it\/#website\",\"url\":\"http:\/\/spazio-news.it\/\",\"name\":\"Spazio-News Magazine\",\"description\":\"La guida che sfida la complessit\u00e0 del mondo industriale\",\"publisher\":{\"@id\":\"http:\/\/spazio-news.it\/#organization\"},\"alternateName\":\"Spazio-news.it\",\"potentialAction\":[{\"@type\":\"SearchAction\",\"target\":{\"@type\":\"EntryPoint\",\"urlTemplate\":\"http:\/\/spazio-news.it\/?s={search_term_string}\"},\"query-input\":{\"@type\":\"PropertyValueSpecification\",\"valueRequired\":true,\"valueName\":\"search_term_string\"}}],\"inLanguage\":\"it-IT\"},{\"@type\":\"Organization\",\"@id\":\"http:\/\/spazio-news.it\/#organization\",\"name\":\"Spazio-News Magazine\",\"url\":\"http:\/\/spazio-news.it\/\",\"logo\":{\"@type\":\"ImageObject\",\"inLanguage\":\"it-IT\",\"@id\":\"http:\/\/spazio-news.it\/#\/schema\/logo\/image\/\",\"url\":\"http:\/\/spazio-news.it\/wp-content\/uploads\/2023\/09\/Logo-Spazio-News-512-x-512-NO-testo.jpg\",\"contentUrl\":\"http:\/\/spazio-news.it\/wp-content\/uploads\/2023\/09\/Logo-Spazio-News-512-x-512-NO-testo.jpg\",\"width\":512,\"height\":512,\"caption\":\"Spazio-News Magazine\"},\"image\":{\"@id\":\"http:\/\/spazio-news.it\/#\/schema\/logo\/image\/\"},\"sameAs\":[\"https:\/\/m.facebook.com\/spazio-news-magazine\",\"https:\/\/x.com\/News_spazio\"]},{\"@type\":\"Person\",\"@id\":\"http:\/\/spazio-news.it\/#\/schema\/person\/c600904e882e9e166ed8e5e3773d37b3\",\"name\":\"Redazione\",\"sameAs\":[\"http:\/\/spazio-news.it\",\"@SpazioNewsMagazine\",\"https:\/\/x.com\/@news_spazio\"],\"url\":\"http:\/\/spazio-news.it\/?author=1\"}]}<\/script>\n<!-- \/ Yoast SEO plugin. -->","yoast_head_json":{"title":"DUE NUOVI ELICOTTERI AW-139 PER I VIGILI DEL FUOCO &#187; Spazio-News Magazine","description":"\u201cCon la consegna dei primi due elicotteri AW139 ai Vigili del Fuoco, aventi marche di registrazione VF-139 e VF-140, Leonardo e il Corpo","robots":{"index":"index","follow":"follow","max-snippet":"max-snippet:-1","max-image-preview":"max-image-preview:large","max-video-preview":"max-video-preview:-1"},"canonical":"http:\/\/spazio-news.it\/?p=3983","og_locale":"it_IT","og_type":"article","og_title":"DUE NUOVI ELICOTTERI AW-139 PER I VIGILI DEL FUOCO &#187; Spazio-News Magazine","og_description":"\u201cCon la consegna dei primi due elicotteri AW139 ai Vigili del Fuoco, aventi marche di registrazione VF-139 e VF-140, Leonardo e il Corpo","og_url":"http:\/\/spazio-news.it\/?p=3983","og_site_name":"Spazio-News Magazine","article_publisher":"https:\/\/m.facebook.com\/spazio-news-magazine","article_author":"@SpazioNewsMagazine","article_published_time":"2019-04-23T01:12:34+00:00","og_image":[{"width":800,"height":446,"url":"http:\/\/spazio-news.it\/wp-content\/uploads\/2019\/04\/Leonardo-elicottero-AW-139-Vigili-del-Fuoco.jpg","type":"image\/jpeg"}],"author":"Redazione","twitter_card":"summary_large_image","twitter_creator":"@news_spazio","twitter_site":"@News_spazio","twitter_misc":{"Scritto da":"Redazione","Tempo di lettura stimato":"2 minuti"},"schema":{"@context":"https:\/\/schema.org","@graph":[{"@type":"NewsArticle","@id":"http:\/\/spazio-news.it\/?p=3983#article","isPartOf":{"@id":"http:\/\/spazio-news.it\/?p=3983"},"author":{"name":"Redazione","@id":"http:\/\/spazio-news.it\/#\/schema\/person\/c600904e882e9e166ed8e5e3773d37b3"},"headline":"DUE NUOVI ELICOTTERI AW-139 PER I VIGILI DEL FUOCO","datePublished":"2019-04-23T01:12:34+00:00","mainEntityOfPage":{"@id":"http:\/\/spazio-news.it\/?p=3983"},"wordCount":423,"publisher":{"@id":"http:\/\/spazio-news.it\/#organization"},"image":{"@id":"http:\/\/spazio-news.it\/?p=3983#primaryimage"},"thumbnailUrl":"http:\/\/spazio-news.it\/wp-content\/uploads\/2019\/04\/Leonardo-elicottero-AW-139-Vigili-del-Fuoco.jpg","keywords":["elicottero","Leonardo AW139","Ministero dell\u2019Interno","Vigili del Fuoco"],"articleSection":["01 - PRIMA PAGINA","02 - INDUSTRIA"],"inLanguage":"it-IT"},{"@type":"WebPage","@id":"http:\/\/spazio-news.it\/?p=3983","url":"http:\/\/spazio-news.it\/?p=3983","name":"DUE NUOVI ELICOTTERI AW-139 PER I VIGILI DEL FUOCO &#187; Spazio-News Magazine","isPartOf":{"@id":"http:\/\/spazio-news.it\/#website"},"primaryImageOfPage":{"@id":"http:\/\/spazio-news.it\/?p=3983#primaryimage"},"image":{"@id":"http:\/\/spazio-news.it\/?p=3983#primaryimage"},"thumbnailUrl":"http:\/\/spazio-news.it\/wp-content\/uploads\/2019\/04\/Leonardo-elicottero-AW-139-Vigili-del-Fuoco.jpg","datePublished":"2019-04-23T01:12:34+00:00","description":"\u201cCon la consegna dei primi due elicotteri AW139 ai Vigili del Fuoco, aventi marche di registrazione VF-139 e VF-140, Leonardo e il Corpo","breadcrumb":{"@id":"http:\/\/spazio-news.it\/?p=3983#breadcrumb"},"inLanguage":"it-IT","potentialAction":[{"@type":"ReadAction","target":["http:\/\/spazio-news.it\/?p=3983"]}]},{"@type":"ImageObject","inLanguage":"it-IT","@id":"http:\/\/spazio-news.it\/?p=3983#primaryimage","url":"http:\/\/spazio-news.it\/wp-content\/uploads\/2019\/04\/Leonardo-elicottero-AW-139-Vigili-del-Fuoco.jpg","contentUrl":"http:\/\/spazio-news.it\/wp-content\/uploads\/2019\/04\/Leonardo-elicottero-AW-139-Vigili-del-Fuoco.jpg","width":800,"height":446,"caption":"Leonardo elicottero AW-139 Vigili del Fuoco"},{"@type":"BreadcrumbList","@id":"http:\/\/spazio-news.it\/?p=3983#breadcrumb","itemListElement":[{"@type":"ListItem","position":1,"name":"Home","item":"http:\/\/spazio-news.it\/"},{"@type":"ListItem","position":2,"name":"DUE NUOVI ELICOTTERI AW-139 PER I VIGILI DEL FUOCO"}]},{"@type":"WebSite","@id":"http:\/\/spazio-news.it\/#website","url":"http:\/\/spazio-news.it\/","name":"Spazio-News Magazine","description":"La guida che sfida la complessit\u00e0 del mondo industriale","publisher":{"@id":"http:\/\/spazio-news.it\/#organization"},"alternateName":"Spazio-news.it","potentialAction":[{"@type":"SearchAction","target":{"@type":"EntryPoint","urlTemplate":"http:\/\/spazio-news.it\/?s={search_term_string}"},"query-input":{"@type":"PropertyValueSpecification","valueRequired":true,"valueName":"search_term_string"}}],"inLanguage":"it-IT"},{"@type":"Organization","@id":"http:\/\/spazio-news.it\/#organization","name":"Spazio-News Magazine","url":"http:\/\/spazio-news.it\/","logo":{"@type":"ImageObject","inLanguage":"it-IT","@id":"http:\/\/spazio-news.it\/#\/schema\/logo\/image\/","url":"http:\/\/spazio-news.it\/wp-content\/uploads\/2023\/09\/Logo-Spazio-News-512-x-512-NO-testo.jpg","contentUrl":"http:\/\/spazio-news.it\/wp-content\/uploads\/2023\/09\/Logo-Spazio-News-512-x-512-NO-testo.jpg","width":512,"height":512,"caption":"Spazio-News Magazine"},"image":{"@id":"http:\/\/spazio-news.it\/#\/schema\/logo\/image\/"},"sameAs":["https:\/\/m.facebook.com\/spazio-news-magazine","https:\/\/x.com\/News_spazio"]},{"@type":"Person","@id":"http:\/\/spazio-news.it\/#\/schema\/person\/c600904e882e9e166ed8e5e3773d37b3","name":"Redazione","sameAs":["http:\/\/spazio-news.it","@SpazioNewsMagazine","https:\/\/x.com\/@news_spazio"],"url":"http:\/\/spazio-news.it\/?author=1"}]}},"_links":{"self":[{"href":"http:\/\/spazio-news.it\/index.php?rest_route=\/wp\/v2\/posts\/3983","targetHints":{"allow":["GET"]}}],"collection":[{"href":"http:\/\/spazio-news.it\/index.php?rest_route=\/wp\/v2\/posts"}],"about":[{"href":"http:\/\/spazio-news.it\/index.php?rest_route=\/wp\/v2\/types\/post"}],"author":[{"embeddable":true,"href":"http:\/\/spazio-news.it\/index.php?rest_route=\/wp\/v2\/users\/1"}],"replies":[{"embeddable":true,"href":"http:\/\/spazio-news.it\/index.php?rest_route=%2Fwp%2Fv2%2Fcomments&post=3983"}],"version-history":[{"count":1,"href":"http:\/\/spazio-news.it\/index.php?rest_route=\/wp\/v2\/posts\/3983\/revisions"}],"predecessor-version":[{"id":3985,"href":"http:\/\/spazio-news.it\/index.php?rest_route=\/wp\/v2\/posts\/3983\/revisions\/3985"}],"wp:featuredmedia":[{"embeddable":true,"href":"http:\/\/spazio-news.it\/index.php?rest_route=\/wp\/v2\/media\/3984"}],"wp:attachment":[{"href":"http:\/\/spazio-news.it\/index.php?rest_route=%2Fwp%2Fv2%2Fmedia&parent=3983"}],"wp:term":[{"taxonomy":"category","embeddable":true,"href":"http:\/\/spazio-news.it\/index.php?rest_route=%2Fwp%2Fv2%2Fcategories&post=3983"},{"taxonomy":"post_tag","embeddable":true,"href":"http:\/\/spazio-news.it\/index.php?rest_route=%2Fwp%2Fv2%2Ftags&post=3983"}],"curies":[{"name":"wp","href":"https:\/\/api.w.org\/{rel}","templated":true}]}}