{"id":415,"date":"2018-07-28T09:26:25","date_gmt":"2018-07-28T09:26:25","guid":{"rendered":"http:\/\/spazio-news.it\/?p=415"},"modified":"2026-01-29T19:49:03","modified_gmt":"2026-01-29T18:49:03","slug":"difesa-nato-trenta-presenta-gli-esiti-del-vertice-bruxelles","status":"publish","type":"post","link":"http:\/\/spazio-news.it\/?p=415","title":{"rendered":"DIFESA, NATO: TRENTA PRESENTA GLI ESITI DEL VERTICE BRUXELLES"},"content":{"rendered":"<p>Dal Vertice NATO \u00e8 sostanzialmente uscito un <strong>messaggio di unit\u00e0 e solidariet\u00e0 tra Alleati<\/strong>, un forte segnale per partner e interlocutori, che conferma la capacit\u00e0 dell\u2019<strong>Alleanza<\/strong>\u00a0di adattarsi per contrastare le nuove sfide e minacce e, allo stesso tempo, preserva il legame <strong>transatlantico<\/strong>, i valori comuni e la capacit\u00e0 alleata di agire come attore politico nel <strong>settore della sicurezza e difesa<\/strong>.<\/p>\n<p>Cos\u00ec il Ministro della Difesa,\u00a0<strong>Elisabetta Trenta<\/strong>, che questo pomeriggio &#8211; insieme al Ministro degli Affari Esteri e della Cooperazione Internazionale,\u00a0<strong>Enzo Moavero Milanesi<\/strong>\u00a0&#8211; ha\u00a0<strong>illustrato<\/strong>\u00a0alle\u00a0<strong>Commissione riunite di Camera e Senato<\/strong>\u00a0gli esiti del\u00a0<strong>Vertice NATO che si \u00e8 svolto a Bruxelles l&#8217;11 e 12 luglio scorsi<\/strong>.<\/p>\n<p>Un Vertice durante il quale Difesa ed Esteri hanno rivendicato un equo bilanciamento delle politiche e delle attivit\u00e0 alleate anche in relazione alle minacce che nascono a sud, come il terrorismo, i\u00a0<strong>flussi migratori irregolari<\/strong>, l\u2019instabilit\u00e0 dei Paesi rivieraschi del\u00a0<strong>Mediterraneo<\/strong>\u00a0e del Medio Oriente, chiedendo un riequilibrio generale della postura complessiva dell\u2019Alleanza verso il quadrante meridionale e verso le peculiari minacce che provengono da quella direzione strategica.<\/p>\n<p><em>\u201cLe nostre motivazioni e argomentazioni su temi per noi di fondamentale importanza, quali la \u2018regione sud\u2019 e il \u2018bilancio della Difesa\u2019, sono state generalmente condivise\u201d<\/em>\u00a0ha detto il Ministro Trenta.<\/p>\n<p><em>\u201cIl Pacchetto per il Sud\u2019 approvato dai leader al Vertice, nel mettere a sistema tutte le attivit\u00e0 dell\u2019Alleanza sul fianco meridionale, sar\u00e0 la guida politico-strategica per l\u2019implementazione degli sforzi alleati nel settore a noi pi\u00f9 vicino\u201d<\/em>\u00a0ha aggiunto, sottolineando che il punto 55 della Dichiarazione finale del Summit, nel delinearne le peculiarit\u00e0, indica quali sono i suoi obiettivi: 1) rafforzamento della capacit\u00e0 di difesa e deterrenza contro le minacce provenienti dal Sud; 2) contributo agli sforzi profusi nella gestione delle crisi internazionali nella Regione; 3) supporto ai Partner regionali nello sviluppo della resilienza contro le minacce alla sicurezza, inclusa quella terroristica.<\/p>\n<p>In tema di condivisione degli oneri (burden sharing)\u00a0<em>\u201cabbiamo sostenuto con forza gli interessi italiani ricordando che come Paese diamo gi\u00e0 tantissimo all&#8217;Alleanza\u201d<\/em><em>\u00a0ed in particolare\u00a0\u201cabbiamo avanzato una proposta: vogliamo che gli investimenti per assicurare la resilienza &#8211; e in particolare quella cibernetica &#8211; a livello nazionale siano compresi nel 2% del Pil che i paesi della NATO hanno deciso di riservare alle spese per la difesa\u201d.<\/em><\/p>\n<p>Un investimento che riguarda il settore civile oltre a quello militare:\u00a0<em>\u201cil nostro obiettivo \u00e8 che nel 2% siano contabilizzati gli sforzi italiani nel rafforzare la propria sicurezza interna\u201d.<\/em><\/p>\n<p>Nell\u2019abito della revisione della struttura di comando della NATO l\u2019Italia ha chiesto e ottenuto che il\u00a0<strong>Comando JFC di Napoli<\/strong>\u00a0mantenesse pari ruolo e pari compiti rispetto a quello di Brunssum.<\/p>\n<p><em>\u201cL\u2019Italia \u00e8 uno dei 12 paesi fondatori della NATO\u201d<\/em>\u00a0ha ricordato il Ministro spiegando che, ad oggi, la politica della \u201cporta aperta\u201d dell\u2019Alleanza prevista dall\u2019art.10 del\u00a0<strong>Trattato di Washington<\/strong>\u00a0(di cui l\u2019anno venturo ricorre il 70\u00b0 anniversario), ha portato questo numero a 29.<\/p>\n<p>A Bruxelles si \u00e8 deciso di continuare su questa strada\u00a0<em>\u201ca dimostrazione che la NATO rimane una organizzazione di vitale importanza per la stabilit\u00e0 e gli equilibri globali, in uno scenario complessivo incerto e imprevedibile\u201d.<\/em><\/p>\n<p><em>\u201cTutto ci\u00f2<\/em>\u00a0&#8211; ha concluso il Ministro Trenta &#8211;\u00a0<em>in un quadro di rinnovata attenzione per il sud e per il Mediterraneo, con tutto un insieme di misure rispondenti ai bisogni dei nostri cittadini in termini di difesa dei confini alleati e sicurezza collettiva\u201d.<\/em><\/p>\n","protected":false},"excerpt":{"rendered":"<p>Dal Vertice NATO \u00e8 sostanzialmente uscito un messaggio di unit\u00e0 e solidariet\u00e0 tra Alleati, un forte segnale per partner e<\/p>\n","protected":false},"author":1,"featured_media":416,"comment_status":"open","ping_status":"open","sticky":false,"template":"","format":"standard","meta":{"colormag_page_container_layout":"default_layout","colormag_page_sidebar_layout":"default_layout","footnotes":""},"categories":[32,4],"tags":[353,355,19,105,354,61,356,106],"class_list":["post-415","post","type-post","status-publish","format-standard","has-post-thumbnail","hentry","category-prima-pagina","category-istituzioni","tag-bruxelles","tag-camera","tag-difesa","tag-ministero-della-difesa","tag-moavero","tag-nato","tag-senato","tag-trenta"],"yoast_head":"<!-- This site is optimized with the Yoast SEO plugin v26.8 - https:\/\/yoast.com\/product\/yoast-seo-wordpress\/ -->\n<title>DIFESA, NATO: TRENTA PRESENTA GLI ESITI DEL VERTICE BRUXELLES<\/title>\n<meta name=\"description\" content=\"Dal Vertice NATO \u00e8 sostanzialmente uscito un messaggio di unit\u00e0 e solidariet\u00e0 tra Alleati, un forte segnale per partner e interlocutori, che conferma la\" \/>\n<meta name=\"robots\" content=\"index, follow, max-snippet:-1, max-image-preview:large, max-video-preview:-1\" \/>\n<link rel=\"canonical\" href=\"http:\/\/spazio-news.it\/?p=415\" \/>\n<meta property=\"og:locale\" content=\"it_IT\" \/>\n<meta property=\"og:type\" content=\"article\" \/>\n<meta property=\"og:title\" content=\"DIFESA, NATO: TRENTA PRESENTA GLI ESITI DEL VERTICE BRUXELLES\" \/>\n<meta property=\"og:description\" content=\"Dal Vertice NATO \u00e8 sostanzialmente uscito un messaggio di unit\u00e0 e solidariet\u00e0 tra Alleati, un forte segnale per partner e interlocutori, che conferma la\" \/>\n<meta property=\"og:url\" content=\"http:\/\/spazio-news.it\/?p=415\" \/>\n<meta property=\"og:site_name\" content=\"Spazio-News Magazine\" \/>\n<meta property=\"article:publisher\" content=\"https:\/\/m.facebook.com\/spazio-news-magazine\" \/>\n<meta property=\"article:author\" content=\"@SpazioNewsMagazine\" \/>\n<meta property=\"article:published_time\" content=\"2018-07-28T09:26:25+00:00\" \/>\n<meta property=\"article:modified_time\" content=\"2026-01-29T18:49:03+00:00\" \/>\n<meta property=\"og:image\" content=\"http:\/\/spazio-news.it\/wp-content\/uploads\/2018\/07\/Madama-e1555239442888.jpg\" \/>\n\t<meta property=\"og:image:width\" content=\"800\" \/>\n\t<meta property=\"og:image:height\" content=\"446\" \/>\n\t<meta property=\"og:image:type\" content=\"image\/jpeg\" \/>\n<meta name=\"author\" content=\"Redazione\" \/>\n<meta name=\"twitter:card\" content=\"summary_large_image\" \/>\n<meta name=\"twitter:creator\" content=\"@news_spazio\" \/>\n<meta name=\"twitter:site\" content=\"@News_spazio\" \/>\n<meta name=\"twitter:label1\" content=\"Scritto da\" \/>\n\t<meta name=\"twitter:data1\" content=\"Redazione\" \/>\n\t<meta name=\"twitter:label2\" content=\"Tempo di lettura stimato\" \/>\n\t<meta name=\"twitter:data2\" content=\"3 minuti\" \/>\n<script type=\"application\/ld+json\" class=\"yoast-schema-graph\">{\"@context\":\"https:\/\/schema.org\",\"@graph\":[{\"@type\":\"NewsArticle\",\"@id\":\"http:\/\/spazio-news.it\/?p=415#article\",\"isPartOf\":{\"@id\":\"http:\/\/spazio-news.it\/?p=415\"},\"author\":{\"name\":\"Redazione\",\"@id\":\"http:\/\/spazio-news.it\/#\/schema\/person\/c600904e882e9e166ed8e5e3773d37b3\"},\"headline\":\"DIFESA, NATO: TRENTA PRESENTA GLI ESITI DEL VERTICE BRUXELLES\",\"datePublished\":\"2018-07-28T09:26:25+00:00\",\"dateModified\":\"2026-01-29T18:49:03+00:00\",\"mainEntityOfPage\":{\"@id\":\"http:\/\/spazio-news.it\/?p=415\"},\"wordCount\":566,\"commentCount\":0,\"publisher\":{\"@id\":\"http:\/\/spazio-news.it\/#organization\"},\"image\":{\"@id\":\"http:\/\/spazio-news.it\/?p=415#primaryimage\"},\"thumbnailUrl\":\"http:\/\/spazio-news.it\/wp-content\/uploads\/2018\/07\/Madama-e1555239442888.jpg\",\"keywords\":[\"Bruxelles\",\"Camera\",\"difesa\",\"Ministero della Difesa\",\"Moavero\",\"NATO\",\"Senato\",\"Trenta\"],\"articleSection\":[\"01 - PRIMA PAGINA\",\"03 - ISTITUZIONI\"],\"inLanguage\":\"it-IT\",\"potentialAction\":[{\"@type\":\"CommentAction\",\"name\":\"Comment\",\"target\":[\"http:\/\/spazio-news.it\/?p=415#respond\"]}]},{\"@type\":\"WebPage\",\"@id\":\"http:\/\/spazio-news.it\/?p=415\",\"url\":\"http:\/\/spazio-news.it\/?p=415\",\"name\":\"DIFESA, NATO: TRENTA PRESENTA GLI ESITI DEL VERTICE BRUXELLES\",\"isPartOf\":{\"@id\":\"http:\/\/spazio-news.it\/#website\"},\"primaryImageOfPage\":{\"@id\":\"http:\/\/spazio-news.it\/?p=415#primaryimage\"},\"image\":{\"@id\":\"http:\/\/spazio-news.it\/?p=415#primaryimage\"},\"thumbnailUrl\":\"http:\/\/spazio-news.it\/wp-content\/uploads\/2018\/07\/Madama-e1555239442888.jpg\",\"datePublished\":\"2018-07-28T09:26:25+00:00\",\"dateModified\":\"2026-01-29T18:49:03+00:00\",\"description\":\"Dal Vertice NATO \u00e8 sostanzialmente uscito un messaggio di unit\u00e0 e solidariet\u00e0 tra Alleati, un forte segnale per partner e interlocutori, che conferma la\",\"breadcrumb\":{\"@id\":\"http:\/\/spazio-news.it\/?p=415#breadcrumb\"},\"inLanguage\":\"it-IT\",\"potentialAction\":[{\"@type\":\"ReadAction\",\"target\":[\"http:\/\/spazio-news.it\/?p=415\"]}]},{\"@type\":\"ImageObject\",\"inLanguage\":\"it-IT\",\"@id\":\"http:\/\/spazio-news.it\/?p=415#primaryimage\",\"url\":\"http:\/\/spazio-news.it\/wp-content\/uploads\/2018\/07\/Madama-e1555239442888.jpg\",\"contentUrl\":\"http:\/\/spazio-news.it\/wp-content\/uploads\/2018\/07\/Madama-e1555239442888.jpg\",\"width\":800,\"height\":446,\"caption\":\"SpazioNews.it Difesa Palazzo Madama\"},{\"@type\":\"BreadcrumbList\",\"@id\":\"http:\/\/spazio-news.it\/?p=415#breadcrumb\",\"itemListElement\":[{\"@type\":\"ListItem\",\"position\":1,\"name\":\"Home\",\"item\":\"http:\/\/spazio-news.it\/\"},{\"@type\":\"ListItem\",\"position\":2,\"name\":\"DIFESA, NATO: TRENTA PRESENTA GLI ESITI DEL VERTICE BRUXELLES\"}]},{\"@type\":\"WebSite\",\"@id\":\"http:\/\/spazio-news.it\/#website\",\"url\":\"http:\/\/spazio-news.it\/\",\"name\":\"Spazio-News Magazine\",\"description\":\"La guida che sfida la complessit\u00e0 del mondo industriale\",\"publisher\":{\"@id\":\"http:\/\/spazio-news.it\/#organization\"},\"alternateName\":\"Spazio-news.it\",\"potentialAction\":[{\"@type\":\"SearchAction\",\"target\":{\"@type\":\"EntryPoint\",\"urlTemplate\":\"http:\/\/spazio-news.it\/?s={search_term_string}\"},\"query-input\":{\"@type\":\"PropertyValueSpecification\",\"valueRequired\":true,\"valueName\":\"search_term_string\"}}],\"inLanguage\":\"it-IT\"},{\"@type\":\"Organization\",\"@id\":\"http:\/\/spazio-news.it\/#organization\",\"name\":\"Spazio-News Magazine\",\"url\":\"http:\/\/spazio-news.it\/\",\"logo\":{\"@type\":\"ImageObject\",\"inLanguage\":\"it-IT\",\"@id\":\"http:\/\/spazio-news.it\/#\/schema\/logo\/image\/\",\"url\":\"http:\/\/spazio-news.it\/wp-content\/uploads\/2023\/09\/Logo-Spazio-News-512-x-512-NO-testo.jpg\",\"contentUrl\":\"http:\/\/spazio-news.it\/wp-content\/uploads\/2023\/09\/Logo-Spazio-News-512-x-512-NO-testo.jpg\",\"width\":512,\"height\":512,\"caption\":\"Spazio-News Magazine\"},\"image\":{\"@id\":\"http:\/\/spazio-news.it\/#\/schema\/logo\/image\/\"},\"sameAs\":[\"https:\/\/m.facebook.com\/spazio-news-magazine\",\"https:\/\/x.com\/News_spazio\"]},{\"@type\":\"Person\",\"@id\":\"http:\/\/spazio-news.it\/#\/schema\/person\/c600904e882e9e166ed8e5e3773d37b3\",\"name\":\"Redazione\",\"sameAs\":[\"http:\/\/spazio-news.it\",\"@SpazioNewsMagazine\",\"https:\/\/x.com\/@news_spazio\"],\"url\":\"http:\/\/spazio-news.it\/?author=1\"}]}<\/script>\n<!-- \/ Yoast SEO plugin. -->","yoast_head_json":{"title":"DIFESA, NATO: TRENTA PRESENTA GLI ESITI DEL VERTICE BRUXELLES","description":"Dal Vertice NATO \u00e8 sostanzialmente uscito un messaggio di unit\u00e0 e solidariet\u00e0 tra Alleati, un forte segnale per partner e interlocutori, che conferma la","robots":{"index":"index","follow":"follow","max-snippet":"max-snippet:-1","max-image-preview":"max-image-preview:large","max-video-preview":"max-video-preview:-1"},"canonical":"http:\/\/spazio-news.it\/?p=415","og_locale":"it_IT","og_type":"article","og_title":"DIFESA, NATO: TRENTA PRESENTA GLI ESITI DEL VERTICE BRUXELLES","og_description":"Dal Vertice NATO \u00e8 sostanzialmente uscito un messaggio di unit\u00e0 e solidariet\u00e0 tra Alleati, un forte segnale per partner e interlocutori, che conferma la","og_url":"http:\/\/spazio-news.it\/?p=415","og_site_name":"Spazio-News Magazine","article_publisher":"https:\/\/m.facebook.com\/spazio-news-magazine","article_author":"@SpazioNewsMagazine","article_published_time":"2018-07-28T09:26:25+00:00","article_modified_time":"2026-01-29T18:49:03+00:00","og_image":[{"width":800,"height":446,"url":"http:\/\/spazio-news.it\/wp-content\/uploads\/2018\/07\/Madama-e1555239442888.jpg","type":"image\/jpeg"}],"author":"Redazione","twitter_card":"summary_large_image","twitter_creator":"@news_spazio","twitter_site":"@News_spazio","twitter_misc":{"Scritto da":"Redazione","Tempo di lettura stimato":"3 minuti"},"schema":{"@context":"https:\/\/schema.org","@graph":[{"@type":"NewsArticle","@id":"http:\/\/spazio-news.it\/?p=415#article","isPartOf":{"@id":"http:\/\/spazio-news.it\/?p=415"},"author":{"name":"Redazione","@id":"http:\/\/spazio-news.it\/#\/schema\/person\/c600904e882e9e166ed8e5e3773d37b3"},"headline":"DIFESA, NATO: TRENTA PRESENTA GLI ESITI DEL VERTICE BRUXELLES","datePublished":"2018-07-28T09:26:25+00:00","dateModified":"2026-01-29T18:49:03+00:00","mainEntityOfPage":{"@id":"http:\/\/spazio-news.it\/?p=415"},"wordCount":566,"commentCount":0,"publisher":{"@id":"http:\/\/spazio-news.it\/#organization"},"image":{"@id":"http:\/\/spazio-news.it\/?p=415#primaryimage"},"thumbnailUrl":"http:\/\/spazio-news.it\/wp-content\/uploads\/2018\/07\/Madama-e1555239442888.jpg","keywords":["Bruxelles","Camera","difesa","Ministero della Difesa","Moavero","NATO","Senato","Trenta"],"articleSection":["01 - PRIMA PAGINA","03 - ISTITUZIONI"],"inLanguage":"it-IT","potentialAction":[{"@type":"CommentAction","name":"Comment","target":["http:\/\/spazio-news.it\/?p=415#respond"]}]},{"@type":"WebPage","@id":"http:\/\/spazio-news.it\/?p=415","url":"http:\/\/spazio-news.it\/?p=415","name":"DIFESA, NATO: TRENTA PRESENTA GLI ESITI DEL VERTICE BRUXELLES","isPartOf":{"@id":"http:\/\/spazio-news.it\/#website"},"primaryImageOfPage":{"@id":"http:\/\/spazio-news.it\/?p=415#primaryimage"},"image":{"@id":"http:\/\/spazio-news.it\/?p=415#primaryimage"},"thumbnailUrl":"http:\/\/spazio-news.it\/wp-content\/uploads\/2018\/07\/Madama-e1555239442888.jpg","datePublished":"2018-07-28T09:26:25+00:00","dateModified":"2026-01-29T18:49:03+00:00","description":"Dal Vertice NATO \u00e8 sostanzialmente uscito un messaggio di unit\u00e0 e solidariet\u00e0 tra Alleati, un forte segnale per partner e interlocutori, che conferma la","breadcrumb":{"@id":"http:\/\/spazio-news.it\/?p=415#breadcrumb"},"inLanguage":"it-IT","potentialAction":[{"@type":"ReadAction","target":["http:\/\/spazio-news.it\/?p=415"]}]},{"@type":"ImageObject","inLanguage":"it-IT","@id":"http:\/\/spazio-news.it\/?p=415#primaryimage","url":"http:\/\/spazio-news.it\/wp-content\/uploads\/2018\/07\/Madama-e1555239442888.jpg","contentUrl":"http:\/\/spazio-news.it\/wp-content\/uploads\/2018\/07\/Madama-e1555239442888.jpg","width":800,"height":446,"caption":"SpazioNews.it Difesa Palazzo Madama"},{"@type":"BreadcrumbList","@id":"http:\/\/spazio-news.it\/?p=415#breadcrumb","itemListElement":[{"@type":"ListItem","position":1,"name":"Home","item":"http:\/\/spazio-news.it\/"},{"@type":"ListItem","position":2,"name":"DIFESA, NATO: TRENTA PRESENTA GLI ESITI DEL VERTICE BRUXELLES"}]},{"@type":"WebSite","@id":"http:\/\/spazio-news.it\/#website","url":"http:\/\/spazio-news.it\/","name":"Spazio-News Magazine","description":"La guida che sfida la complessit\u00e0 del mondo industriale","publisher":{"@id":"http:\/\/spazio-news.it\/#organization"},"alternateName":"Spazio-news.it","potentialAction":[{"@type":"SearchAction","target":{"@type":"EntryPoint","urlTemplate":"http:\/\/spazio-news.it\/?s={search_term_string}"},"query-input":{"@type":"PropertyValueSpecification","valueRequired":true,"valueName":"search_term_string"}}],"inLanguage":"it-IT"},{"@type":"Organization","@id":"http:\/\/spazio-news.it\/#organization","name":"Spazio-News Magazine","url":"http:\/\/spazio-news.it\/","logo":{"@type":"ImageObject","inLanguage":"it-IT","@id":"http:\/\/spazio-news.it\/#\/schema\/logo\/image\/","url":"http:\/\/spazio-news.it\/wp-content\/uploads\/2023\/09\/Logo-Spazio-News-512-x-512-NO-testo.jpg","contentUrl":"http:\/\/spazio-news.it\/wp-content\/uploads\/2023\/09\/Logo-Spazio-News-512-x-512-NO-testo.jpg","width":512,"height":512,"caption":"Spazio-News Magazine"},"image":{"@id":"http:\/\/spazio-news.it\/#\/schema\/logo\/image\/"},"sameAs":["https:\/\/m.facebook.com\/spazio-news-magazine","https:\/\/x.com\/News_spazio"]},{"@type":"Person","@id":"http:\/\/spazio-news.it\/#\/schema\/person\/c600904e882e9e166ed8e5e3773d37b3","name":"Redazione","sameAs":["http:\/\/spazio-news.it","@SpazioNewsMagazine","https:\/\/x.com\/@news_spazio"],"url":"http:\/\/spazio-news.it\/?author=1"}]}},"_links":{"self":[{"href":"http:\/\/spazio-news.it\/index.php?rest_route=\/wp\/v2\/posts\/415","targetHints":{"allow":["GET"]}}],"collection":[{"href":"http:\/\/spazio-news.it\/index.php?rest_route=\/wp\/v2\/posts"}],"about":[{"href":"http:\/\/spazio-news.it\/index.php?rest_route=\/wp\/v2\/types\/post"}],"author":[{"embeddable":true,"href":"http:\/\/spazio-news.it\/index.php?rest_route=\/wp\/v2\/users\/1"}],"replies":[{"embeddable":true,"href":"http:\/\/spazio-news.it\/index.php?rest_route=%2Fwp%2Fv2%2Fcomments&post=415"}],"version-history":[{"count":4,"href":"http:\/\/spazio-news.it\/index.php?rest_route=\/wp\/v2\/posts\/415\/revisions"}],"predecessor-version":[{"id":12746,"href":"http:\/\/spazio-news.it\/index.php?rest_route=\/wp\/v2\/posts\/415\/revisions\/12746"}],"wp:featuredmedia":[{"embeddable":true,"href":"http:\/\/spazio-news.it\/index.php?rest_route=\/wp\/v2\/media\/416"}],"wp:attachment":[{"href":"http:\/\/spazio-news.it\/index.php?rest_route=%2Fwp%2Fv2%2Fmedia&parent=415"}],"wp:term":[{"taxonomy":"category","embeddable":true,"href":"http:\/\/spazio-news.it\/index.php?rest_route=%2Fwp%2Fv2%2Fcategories&post=415"},{"taxonomy":"post_tag","embeddable":true,"href":"http:\/\/spazio-news.it\/index.php?rest_route=%2Fwp%2Fv2%2Ftags&post=415"}],"curies":[{"name":"wp","href":"https:\/\/api.w.org\/{rel}","templated":true}]}}