{"id":4265,"date":"2019-05-06T03:54:15","date_gmt":"2019-05-06T02:54:15","guid":{"rendered":"http:\/\/spazio-news.it\/?p=4265"},"modified":"2019-10-31T17:28:08","modified_gmt":"2019-10-31T16:28:08","slug":"milano-inaugurata-la-mostra-da-leonardo-allo-spazio","status":"publish","type":"post","link":"http:\/\/spazio-news.it\/?p=4265","title":{"rendered":"MILANO: INAUGURATA LA MOSTRA DA LEONARDO ALLO SPAZIO"},"content":{"rendered":"<p>E&#8217; iniziata lo scorso <strong>3 maggio<\/strong> e continuer\u00e0 <strong>fino al<\/strong> <strong>30<\/strong>, presso il <a href=\"http:\/\/www.aeronautica.difesa.it\/\">Comando della 1^ Regione Aerea di Milano<\/a>, la mostra &#8220;<strong>Da Leonardo allo spazio<\/strong>&#8220;, <strong>iniziativa culturale<\/strong>, <strong>educativa<\/strong> e ludica, dedicata al <strong>tema del \u201cvolo<\/strong>\u201d, dai <strong>progetti vinciani<\/strong> alle <strong>moderne tecnologie<\/strong>, con il coinvolgimento della cittadinanza e, in particolare, delle scolaresche del capoluogo lombardo.<\/p>\n<p>Il Generale di Divisione Aerea Silvano Frigerio, Comandante della 1^ R.A., durante il suo intervento, ha sottolineato come &#8220;<em>l&#8217;evoluzione tecnologica del mezzo aereo, nel corso degli anni, ha condotto l&#8217;Aeronautica Militare ad una progressiva espansione del volo verso quote sempre pi\u00f9 alte e velocit\u00e0 sempre maggiori; da qui \u00e8 nato il naturale interesse della Forza Armata ad ampliare le proprie conoscenze e competenze verso lo spazio riuscendo ad esprimere capacit\u00e0 di assoluto rilievo in tale ambito<\/em>.&#8221;<\/p>\n<p>L&#8217;evento, che rientra nell&#8217;ambito delle <strong>celebrazioni dei 500 anni dalla morte di Leonardo Da Vinci<\/strong>, include un <strong>percorso<\/strong> <strong>multimediale<\/strong>&nbsp;con le proiezioni dei modelli di <strong>Leonardo<\/strong>, visori a realt\u00e0 virtuale, fino alle <strong>moderne tecnologie<\/strong>, le stesse di cui oggi dispone l&#8217;<strong>Aeronautica Militare<\/strong>, sempre pi\u00f9 proiettata verso la <strong>dimensione aerospaziale<\/strong>.<\/p>\n<p>La mostra \u00e8 stata organizzata con il patrocinio del <strong>Comune di Milano<\/strong>, con la collaborazione dell&#8217;<strong>Assessorato all&#8217;Educazione ed Istruzione <\/strong>di<strong> Milano<\/strong>, dell&#8217;<strong>Ufficio Scolastico Territoriale b Milano <\/strong>e della <a href=\"http:\/\/www.lenovo.com\/\">Lenovo s.p.a.,<\/a> che ne ha curato gli allestimenti tecnologici.<\/p>\n","protected":false},"excerpt":{"rendered":"<p>E&#8217; iniziata lo scorso 3 maggio e continuer\u00e0 fino al 30, presso il Comando della 1^ Regione Aerea di Milano,<\/p>\n","protected":false},"author":1,"featured_media":4266,"comment_status":"closed","ping_status":"open","sticky":false,"template":"","format":"standard","meta":{"colormag_page_container_layout":"default_layout","colormag_page_sidebar_layout":"default_layout","footnotes":""},"categories":[32,4],"tags":[54,2599,2601,2600],"class_list":["post-4265","post","type-post","status-publish","format-standard","has-post-thumbnail","hentry","category-prima-pagina","category-istituzioni","tag-aeronautica-militare-italiana","tag-leonardo-da-vinci","tag-milano","tag-mostra-da-leonardo-allo-spazio"],"yoast_head":"<!-- This site is optimized with the Yoast SEO plugin v26.8 - https:\/\/yoast.com\/product\/yoast-seo-wordpress\/ -->\n<title>MILANO: INAUGURATA LA MOSTRA DA LEONARDO ALLO SPAZIO &#187; Spazio-News Magazine<\/title>\n<meta name=\"description\" content=\"E&#039; iniziata lo scorso 3 maggio e continuer\u00e0 fino al 30, presso il Comando della 1^ Regione Aerea di Milano, la mostra &quot;Da Leonardo\" \/>\n<meta name=\"robots\" content=\"index, follow, max-snippet:-1, max-image-preview:large, max-video-preview:-1\" \/>\n<link rel=\"canonical\" href=\"http:\/\/spazio-news.it\/?p=4265\" \/>\n<meta property=\"og:locale\" content=\"it_IT\" \/>\n<meta property=\"og:type\" content=\"article\" \/>\n<meta property=\"og:title\" content=\"MILANO: INAUGURATA LA MOSTRA DA LEONARDO ALLO SPAZIO &#187; Spazio-News Magazine\" \/>\n<meta property=\"og:description\" content=\"E&#039; iniziata lo scorso 3 maggio e continuer\u00e0 fino al 30, presso il Comando della 1^ Regione Aerea di Milano, la mostra &quot;Da Leonardo\" \/>\n<meta property=\"og:url\" content=\"http:\/\/spazio-news.it\/?p=4265\" \/>\n<meta property=\"og:site_name\" content=\"Spazio-News Magazine\" \/>\n<meta property=\"article:publisher\" content=\"https:\/\/m.facebook.com\/spazio-news-magazine\" \/>\n<meta property=\"article:author\" content=\"@SpazioNewsMagazine\" \/>\n<meta property=\"article:published_time\" content=\"2019-05-06T02:54:15+00:00\" \/>\n<meta property=\"article:modified_time\" content=\"2019-10-31T16:28:08+00:00\" \/>\n<meta property=\"og:image\" content=\"http:\/\/spazio-news.it\/wp-content\/uploads\/2019\/05\/Mostra-Da-Leonardo-allo-spazio-Comando-della-1-Regione-Aerea-Milano-Aer....jpg\" \/>\n\t<meta property=\"og:image:width\" content=\"800\" \/>\n\t<meta property=\"og:image:height\" content=\"446\" \/>\n\t<meta property=\"og:image:type\" content=\"image\/jpeg\" \/>\n<meta name=\"author\" content=\"Redazione\" \/>\n<meta name=\"twitter:card\" content=\"summary_large_image\" \/>\n<meta name=\"twitter:creator\" content=\"@news_spazio\" \/>\n<meta name=\"twitter:site\" content=\"@News_spazio\" \/>\n<meta name=\"twitter:label1\" content=\"Scritto da\" \/>\n\t<meta name=\"twitter:data1\" content=\"Redazione\" \/>\n\t<meta name=\"twitter:label2\" content=\"Tempo di lettura stimato\" \/>\n\t<meta name=\"twitter:data2\" content=\"1 minuto\" \/>\n<script type=\"application\/ld+json\" class=\"yoast-schema-graph\">{\"@context\":\"https:\/\/schema.org\",\"@graph\":[{\"@type\":\"NewsArticle\",\"@id\":\"http:\/\/spazio-news.it\/?p=4265#article\",\"isPartOf\":{\"@id\":\"http:\/\/spazio-news.it\/?p=4265\"},\"author\":{\"name\":\"Redazione\",\"@id\":\"http:\/\/spazio-news.it\/#\/schema\/person\/c600904e882e9e166ed8e5e3773d37b3\"},\"headline\":\"MILANO: INAUGURATA LA MOSTRA DA LEONARDO ALLO SPAZIO\",\"datePublished\":\"2019-05-06T02:54:15+00:00\",\"dateModified\":\"2019-10-31T16:28:08+00:00\",\"mainEntityOfPage\":{\"@id\":\"http:\/\/spazio-news.it\/?p=4265\"},\"wordCount\":230,\"publisher\":{\"@id\":\"http:\/\/spazio-news.it\/#organization\"},\"image\":{\"@id\":\"http:\/\/spazio-news.it\/?p=4265#primaryimage\"},\"thumbnailUrl\":\"http:\/\/spazio-news.it\/wp-content\/uploads\/2019\/05\/Mostra-Da-Leonardo-allo-spazio-Comando-della-1^-Regione-Aerea-Milano-Aer....jpg\",\"keywords\":[\"Aeronautica Militare Italiana\",\"Leonardo da Vinci\",\"Milano\",\"Mostra \\\"Da Leonardo allo spazio\\\"\"],\"articleSection\":[\"01 - PRIMA PAGINA\",\"03 - ISTITUZIONI\"],\"inLanguage\":\"it-IT\"},{\"@type\":\"WebPage\",\"@id\":\"http:\/\/spazio-news.it\/?p=4265\",\"url\":\"http:\/\/spazio-news.it\/?p=4265\",\"name\":\"MILANO: INAUGURATA LA MOSTRA DA LEONARDO ALLO SPAZIO &#187; Spazio-News Magazine\",\"isPartOf\":{\"@id\":\"http:\/\/spazio-news.it\/#website\"},\"primaryImageOfPage\":{\"@id\":\"http:\/\/spazio-news.it\/?p=4265#primaryimage\"},\"image\":{\"@id\":\"http:\/\/spazio-news.it\/?p=4265#primaryimage\"},\"thumbnailUrl\":\"http:\/\/spazio-news.it\/wp-content\/uploads\/2019\/05\/Mostra-Da-Leonardo-allo-spazio-Comando-della-1^-Regione-Aerea-Milano-Aer....jpg\",\"datePublished\":\"2019-05-06T02:54:15+00:00\",\"dateModified\":\"2019-10-31T16:28:08+00:00\",\"description\":\"E' iniziata lo scorso 3 maggio e continuer\u00e0 fino al 30, presso il Comando della 1^ Regione Aerea di Milano, la mostra \\\"Da Leonardo\",\"breadcrumb\":{\"@id\":\"http:\/\/spazio-news.it\/?p=4265#breadcrumb\"},\"inLanguage\":\"it-IT\",\"potentialAction\":[{\"@type\":\"ReadAction\",\"target\":[\"http:\/\/spazio-news.it\/?p=4265\"]}]},{\"@type\":\"ImageObject\",\"inLanguage\":\"it-IT\",\"@id\":\"http:\/\/spazio-news.it\/?p=4265#primaryimage\",\"url\":\"http:\/\/spazio-news.it\/wp-content\/uploads\/2019\/05\/Mostra-Da-Leonardo-allo-spazio-Comando-della-1^-Regione-Aerea-Milano-Aer....jpg\",\"contentUrl\":\"http:\/\/spazio-news.it\/wp-content\/uploads\/2019\/05\/Mostra-Da-Leonardo-allo-spazio-Comando-della-1^-Regione-Aerea-Milano-Aer....jpg\",\"width\":800,\"height\":446},{\"@type\":\"BreadcrumbList\",\"@id\":\"http:\/\/spazio-news.it\/?p=4265#breadcrumb\",\"itemListElement\":[{\"@type\":\"ListItem\",\"position\":1,\"name\":\"Home\",\"item\":\"http:\/\/spazio-news.it\/\"},{\"@type\":\"ListItem\",\"position\":2,\"name\":\"MILANO: INAUGURATA LA MOSTRA DA LEONARDO ALLO SPAZIO\"}]},{\"@type\":\"WebSite\",\"@id\":\"http:\/\/spazio-news.it\/#website\",\"url\":\"http:\/\/spazio-news.it\/\",\"name\":\"Spazio-News Magazine\",\"description\":\"La guida che sfida la complessit\u00e0 del mondo industriale\",\"publisher\":{\"@id\":\"http:\/\/spazio-news.it\/#organization\"},\"alternateName\":\"Spazio-news.it\",\"potentialAction\":[{\"@type\":\"SearchAction\",\"target\":{\"@type\":\"EntryPoint\",\"urlTemplate\":\"http:\/\/spazio-news.it\/?s={search_term_string}\"},\"query-input\":{\"@type\":\"PropertyValueSpecification\",\"valueRequired\":true,\"valueName\":\"search_term_string\"}}],\"inLanguage\":\"it-IT\"},{\"@type\":\"Organization\",\"@id\":\"http:\/\/spazio-news.it\/#organization\",\"name\":\"Spazio-News Magazine\",\"url\":\"http:\/\/spazio-news.it\/\",\"logo\":{\"@type\":\"ImageObject\",\"inLanguage\":\"it-IT\",\"@id\":\"http:\/\/spazio-news.it\/#\/schema\/logo\/image\/\",\"url\":\"http:\/\/spazio-news.it\/wp-content\/uploads\/2023\/09\/Logo-Spazio-News-512-x-512-NO-testo.jpg\",\"contentUrl\":\"http:\/\/spazio-news.it\/wp-content\/uploads\/2023\/09\/Logo-Spazio-News-512-x-512-NO-testo.jpg\",\"width\":512,\"height\":512,\"caption\":\"Spazio-News Magazine\"},\"image\":{\"@id\":\"http:\/\/spazio-news.it\/#\/schema\/logo\/image\/\"},\"sameAs\":[\"https:\/\/m.facebook.com\/spazio-news-magazine\",\"https:\/\/x.com\/News_spazio\"]},{\"@type\":\"Person\",\"@id\":\"http:\/\/spazio-news.it\/#\/schema\/person\/c600904e882e9e166ed8e5e3773d37b3\",\"name\":\"Redazione\",\"sameAs\":[\"http:\/\/spazio-news.it\",\"@SpazioNewsMagazine\",\"https:\/\/x.com\/@news_spazio\"],\"url\":\"http:\/\/spazio-news.it\/?author=1\"}]}<\/script>\n<!-- \/ Yoast SEO plugin. -->","yoast_head_json":{"title":"MILANO: INAUGURATA LA MOSTRA DA LEONARDO ALLO SPAZIO &#187; Spazio-News Magazine","description":"E' iniziata lo scorso 3 maggio e continuer\u00e0 fino al 30, presso il Comando della 1^ Regione Aerea di Milano, la mostra \"Da Leonardo","robots":{"index":"index","follow":"follow","max-snippet":"max-snippet:-1","max-image-preview":"max-image-preview:large","max-video-preview":"max-video-preview:-1"},"canonical":"http:\/\/spazio-news.it\/?p=4265","og_locale":"it_IT","og_type":"article","og_title":"MILANO: INAUGURATA LA MOSTRA DA LEONARDO ALLO SPAZIO &#187; Spazio-News Magazine","og_description":"E' iniziata lo scorso 3 maggio e continuer\u00e0 fino al 30, presso il Comando della 1^ Regione Aerea di Milano, la mostra \"Da Leonardo","og_url":"http:\/\/spazio-news.it\/?p=4265","og_site_name":"Spazio-News Magazine","article_publisher":"https:\/\/m.facebook.com\/spazio-news-magazine","article_author":"@SpazioNewsMagazine","article_published_time":"2019-05-06T02:54:15+00:00","article_modified_time":"2019-10-31T16:28:08+00:00","og_image":[{"width":800,"height":446,"url":"http:\/\/spazio-news.it\/wp-content\/uploads\/2019\/05\/Mostra-Da-Leonardo-allo-spazio-Comando-della-1^-Regione-Aerea-Milano-Aer....jpg","type":"image\/jpeg"}],"author":"Redazione","twitter_card":"summary_large_image","twitter_creator":"@news_spazio","twitter_site":"@News_spazio","twitter_misc":{"Scritto da":"Redazione","Tempo di lettura stimato":"1 minuto"},"schema":{"@context":"https:\/\/schema.org","@graph":[{"@type":"NewsArticle","@id":"http:\/\/spazio-news.it\/?p=4265#article","isPartOf":{"@id":"http:\/\/spazio-news.it\/?p=4265"},"author":{"name":"Redazione","@id":"http:\/\/spazio-news.it\/#\/schema\/person\/c600904e882e9e166ed8e5e3773d37b3"},"headline":"MILANO: INAUGURATA LA MOSTRA DA LEONARDO ALLO SPAZIO","datePublished":"2019-05-06T02:54:15+00:00","dateModified":"2019-10-31T16:28:08+00:00","mainEntityOfPage":{"@id":"http:\/\/spazio-news.it\/?p=4265"},"wordCount":230,"publisher":{"@id":"http:\/\/spazio-news.it\/#organization"},"image":{"@id":"http:\/\/spazio-news.it\/?p=4265#primaryimage"},"thumbnailUrl":"http:\/\/spazio-news.it\/wp-content\/uploads\/2019\/05\/Mostra-Da-Leonardo-allo-spazio-Comando-della-1^-Regione-Aerea-Milano-Aer....jpg","keywords":["Aeronautica Militare Italiana","Leonardo da Vinci","Milano","Mostra \"Da Leonardo allo spazio\""],"articleSection":["01 - PRIMA PAGINA","03 - ISTITUZIONI"],"inLanguage":"it-IT"},{"@type":"WebPage","@id":"http:\/\/spazio-news.it\/?p=4265","url":"http:\/\/spazio-news.it\/?p=4265","name":"MILANO: INAUGURATA LA MOSTRA DA LEONARDO ALLO SPAZIO &#187; Spazio-News Magazine","isPartOf":{"@id":"http:\/\/spazio-news.it\/#website"},"primaryImageOfPage":{"@id":"http:\/\/spazio-news.it\/?p=4265#primaryimage"},"image":{"@id":"http:\/\/spazio-news.it\/?p=4265#primaryimage"},"thumbnailUrl":"http:\/\/spazio-news.it\/wp-content\/uploads\/2019\/05\/Mostra-Da-Leonardo-allo-spazio-Comando-della-1^-Regione-Aerea-Milano-Aer....jpg","datePublished":"2019-05-06T02:54:15+00:00","dateModified":"2019-10-31T16:28:08+00:00","description":"E' iniziata lo scorso 3 maggio e continuer\u00e0 fino al 30, presso il Comando della 1^ Regione Aerea di Milano, la mostra \"Da Leonardo","breadcrumb":{"@id":"http:\/\/spazio-news.it\/?p=4265#breadcrumb"},"inLanguage":"it-IT","potentialAction":[{"@type":"ReadAction","target":["http:\/\/spazio-news.it\/?p=4265"]}]},{"@type":"ImageObject","inLanguage":"it-IT","@id":"http:\/\/spazio-news.it\/?p=4265#primaryimage","url":"http:\/\/spazio-news.it\/wp-content\/uploads\/2019\/05\/Mostra-Da-Leonardo-allo-spazio-Comando-della-1^-Regione-Aerea-Milano-Aer....jpg","contentUrl":"http:\/\/spazio-news.it\/wp-content\/uploads\/2019\/05\/Mostra-Da-Leonardo-allo-spazio-Comando-della-1^-Regione-Aerea-Milano-Aer....jpg","width":800,"height":446},{"@type":"BreadcrumbList","@id":"http:\/\/spazio-news.it\/?p=4265#breadcrumb","itemListElement":[{"@type":"ListItem","position":1,"name":"Home","item":"http:\/\/spazio-news.it\/"},{"@type":"ListItem","position":2,"name":"MILANO: INAUGURATA LA MOSTRA DA LEONARDO ALLO SPAZIO"}]},{"@type":"WebSite","@id":"http:\/\/spazio-news.it\/#website","url":"http:\/\/spazio-news.it\/","name":"Spazio-News Magazine","description":"La guida che sfida la complessit\u00e0 del mondo industriale","publisher":{"@id":"http:\/\/spazio-news.it\/#organization"},"alternateName":"Spazio-news.it","potentialAction":[{"@type":"SearchAction","target":{"@type":"EntryPoint","urlTemplate":"http:\/\/spazio-news.it\/?s={search_term_string}"},"query-input":{"@type":"PropertyValueSpecification","valueRequired":true,"valueName":"search_term_string"}}],"inLanguage":"it-IT"},{"@type":"Organization","@id":"http:\/\/spazio-news.it\/#organization","name":"Spazio-News Magazine","url":"http:\/\/spazio-news.it\/","logo":{"@type":"ImageObject","inLanguage":"it-IT","@id":"http:\/\/spazio-news.it\/#\/schema\/logo\/image\/","url":"http:\/\/spazio-news.it\/wp-content\/uploads\/2023\/09\/Logo-Spazio-News-512-x-512-NO-testo.jpg","contentUrl":"http:\/\/spazio-news.it\/wp-content\/uploads\/2023\/09\/Logo-Spazio-News-512-x-512-NO-testo.jpg","width":512,"height":512,"caption":"Spazio-News Magazine"},"image":{"@id":"http:\/\/spazio-news.it\/#\/schema\/logo\/image\/"},"sameAs":["https:\/\/m.facebook.com\/spazio-news-magazine","https:\/\/x.com\/News_spazio"]},{"@type":"Person","@id":"http:\/\/spazio-news.it\/#\/schema\/person\/c600904e882e9e166ed8e5e3773d37b3","name":"Redazione","sameAs":["http:\/\/spazio-news.it","@SpazioNewsMagazine","https:\/\/x.com\/@news_spazio"],"url":"http:\/\/spazio-news.it\/?author=1"}]}},"_links":{"self":[{"href":"http:\/\/spazio-news.it\/index.php?rest_route=\/wp\/v2\/posts\/4265","targetHints":{"allow":["GET"]}}],"collection":[{"href":"http:\/\/spazio-news.it\/index.php?rest_route=\/wp\/v2\/posts"}],"about":[{"href":"http:\/\/spazio-news.it\/index.php?rest_route=\/wp\/v2\/types\/post"}],"author":[{"embeddable":true,"href":"http:\/\/spazio-news.it\/index.php?rest_route=\/wp\/v2\/users\/1"}],"replies":[{"embeddable":true,"href":"http:\/\/spazio-news.it\/index.php?rest_route=%2Fwp%2Fv2%2Fcomments&post=4265"}],"version-history":[{"count":2,"href":"http:\/\/spazio-news.it\/index.php?rest_route=\/wp\/v2\/posts\/4265\/revisions"}],"predecessor-version":[{"id":6957,"href":"http:\/\/spazio-news.it\/index.php?rest_route=\/wp\/v2\/posts\/4265\/revisions\/6957"}],"wp:featuredmedia":[{"embeddable":true,"href":"http:\/\/spazio-news.it\/index.php?rest_route=\/wp\/v2\/media\/4266"}],"wp:attachment":[{"href":"http:\/\/spazio-news.it\/index.php?rest_route=%2Fwp%2Fv2%2Fmedia&parent=4265"}],"wp:term":[{"taxonomy":"category","embeddable":true,"href":"http:\/\/spazio-news.it\/index.php?rest_route=%2Fwp%2Fv2%2Fcategories&post=4265"},{"taxonomy":"post_tag","embeddable":true,"href":"http:\/\/spazio-news.it\/index.php?rest_route=%2Fwp%2Fv2%2Ftags&post=4265"}],"curies":[{"name":"wp","href":"https:\/\/api.w.org\/{rel}","templated":true}]}}