{"id":4284,"date":"2019-05-07T02:07:45","date_gmt":"2019-05-07T01:07:45","guid":{"rendered":"http:\/\/spazio-news.it\/?p=4284"},"modified":"2019-05-04T14:11:35","modified_gmt":"2019-05-04T13:11:35","slug":"energia-enea-eni-insieme-per-la-ricerca-sulla-fusione","status":"publish","type":"post","link":"http:\/\/spazio-news.it\/?p=4284","title":{"rendered":"ENERGIA: ENEA &#8211; ENI INSIEME PER LA RICERCA SULLA FUSIONE"},"content":{"rendered":"<p>Il <strong>Presidente<\/strong> dell\u2019<a href=\"http:\/\/www.enea.it\/\">ENEA &#8211; Agenzia nazionale per le nuove tecnologie<\/a>, l\u2019<strong>energia <\/strong>e lo <strong>sviluppo economico<\/strong> <strong>sostenibile<\/strong> <strong>Federico Testa<\/strong> e l\u2019<strong>Amministratore Delegato <\/strong>di <a href=\"https:\/\/www.eni.com\/\">Eni<\/a>, <strong>Claudio Descalzi<\/strong>, hanno <strong>firmato<\/strong> un <strong>protocollo d\u2019intesa<\/strong> che apre la strada alla <strong>collaborazione nella ricerca sulla fusione a confinamento magnetico<\/strong>, per ottenere <strong>energia pulita<\/strong>, <strong>sostenibile<\/strong> e <strong>sicura<\/strong> con il meccanismo con cui viene prodotta <strong>energia nel Sole<\/strong>.<\/p>\n<p><em>\u201cEni \u00e8 orgogliosa di collaborare sui temi scientifici con enti di ricerca pubblici e privati di primaria importanza, con eccellenze italiane, quale ENEA. Questo accordo rafforza ulteriormente il nostro impegno nello sviluppo e l\u2019applicazione di tecnologie innovative, un elemento chiave nella strategia di decarbonizzazione di Eni verso un futuro pi\u00f9 sostenibile<\/em> \u2013 ha commentato L\u2019Amministratore Delegato di Eni -. <em>L\u2019accordo conferma per Eni l\u2019impegno e l\u2019interesse in un campo sfidante come quello della fusione a confinamento magnetico iniziato un anno fa con l\u2019investimento nella start up CFS (Commonwealth Fusion Systems) e con le collaborazioni con MIT in USA, e recentemente con la sigla di un accordo con CNR per la realizzazione di un Centro di Ricerca congiunto a Gela. Contribuiremo con le nostre competenze industriali, tecniche e commerciali alla realizzazione di questa importantissima iniziativa\u201d.<\/em><\/p>\n<p>In particolare, il <strong>Memorandum of Undestanding &#8211; MoU<\/strong> prevede la possibilit\u00e0 di <strong>collaborare<\/strong>, attraverso la <strong>costituzione di un\u2019apposita societ\u00e0<\/strong>, nella realizzazione e conduzione del pr<strong>ogetto Divertor Tokamak Test &#8211; DTT<\/strong>, il <strong>polo scientifico-tecnologico<\/strong> in realizzazione presso il <strong>centro ENEA<\/strong> di <strong>Frascati<\/strong>.<\/p>\n<p>Il <strong>DTT<\/strong> si propone come nuova macchina <strong>sperimentale<\/strong> per <strong>testare<\/strong> diverse <strong>soluzioni<\/strong> e fornire risposte <strong>scientifiche<\/strong> e <strong>tecnologiche<\/strong> ad alcuni aspetti peculiari del <strong>processo di fusione<\/strong>, quale ad esempio la <strong>gestione di elevatissime temperature<\/strong>.<\/p>\n<p>Il <strong>Memorandum<\/strong> prevede, nello specifico, la definizione degli ambiti di azione e degli impegni delle Parti per realizzare e condurre il <strong>progetto DTT<\/strong> e la valutazione congiunta delle modalit\u00e0 di costituzione del veicolo societario.<\/p>\n<p><em>\u201cNel settore della fusione a ENEA \u00e8 riconosciuta una leadership internazionale grazie al livello di eccellenza dei nostri ricercatori, alla dotazione strumentale e a laboratori tecnologici avanzati<\/em> &#8211; ha aggiunto il presidente Testa aggiungendo -. <em>ENEA ha maturato un elevato grado di professionalit\u00e0 nella gestione di progetti complessi a livello nazionale, europeo e internazionale fornendo prove, studi e misure finalizzati ad incrementare la qualit\u00e0 dei prodotti, dei servizi e dei processi, favorendone la sostenibilit\u00e0 e la valorizzazione ai fini produttivi e della competitivit\u00e0 e questa alleanza con Eni \u00e8 una positiva conferma\u201d.<\/em><\/p>\n<p>L\u2019<strong>accordo sulla fusione <\/strong>fa seguito al <strong>Protocollo d\u2019Intesa siglato<\/strong> nel <strong>luglio<\/strong> <strong>2018<\/strong> per individuare aree di comune interesse per lo sviluppo congiunto di soluzioni tecnologiche innovative.<\/p>\n","protected":false},"excerpt":{"rendered":"<p>Il Presidente dell\u2019ENEA &#8211; Agenzia nazionale per le nuove tecnologie, l\u2019energia e lo sviluppo economico sostenibile Federico Testa e l\u2019Amministratore<\/p>\n","protected":false},"author":1,"featured_media":2358,"comment_status":"closed","ping_status":"open","sticky":false,"template":"","format":"standard","meta":{"colormag_page_container_layout":"default_layout","colormag_page_sidebar_layout":"default_layout","footnotes":""},"categories":[32,5],"tags":[547,1521,2609,2607,113,2608],"class_list":["post-4284","post","type-post","status-publish","format-standard","has-post-thumbnail","hentry","category-prima-pagina","category-ricerca-innovazione","tag-enea-ente-per-le-nuove-tecnologie-lenergia-e-lambiente","tag-energia","tag-energia-pulita","tag-eni-spa","tag-ricerca","tag-ricerca-sulla-fusione"],"yoast_head":"<!-- This site is optimized with the Yoast SEO plugin v26.8 - https:\/\/yoast.com\/product\/yoast-seo-wordpress\/ -->\n<title>ENERGIA: ENEA - ENI INSIEME PER LA RICERCA SULLA FUSIONE &#187; Spazio-News Magazine<\/title>\n<meta name=\"description\" content=\"Il Presidente dell\u2019ENEA e l\u2019Amministratore Delegato di Eni hanno firmato un protocollo d\u2019intesa che apre la strada nella ricerca sulla fusione\" \/>\n<meta name=\"robots\" content=\"index, follow, max-snippet:-1, max-image-preview:large, max-video-preview:-1\" \/>\n<link rel=\"canonical\" href=\"http:\/\/spazio-news.it\/?p=4284\" \/>\n<meta property=\"og:locale\" content=\"it_IT\" \/>\n<meta property=\"og:type\" content=\"article\" \/>\n<meta property=\"og:title\" content=\"ENERGIA: ENEA - ENI INSIEME PER LA RICERCA SULLA FUSIONE &#187; Spazio-News Magazine\" \/>\n<meta property=\"og:description\" content=\"Il Presidente dell\u2019ENEA e l\u2019Amministratore Delegato di Eni hanno firmato un protocollo d\u2019intesa che apre la strada nella ricerca sulla fusione\" \/>\n<meta property=\"og:url\" content=\"http:\/\/spazio-news.it\/?p=4284\" \/>\n<meta property=\"og:site_name\" content=\"Spazio-News Magazine\" \/>\n<meta property=\"article:publisher\" content=\"https:\/\/m.facebook.com\/spazio-news-magazine\" \/>\n<meta property=\"article:author\" content=\"@SpazioNewsMagazine\" \/>\n<meta property=\"article:published_time\" content=\"2019-05-07T01:07:45+00:00\" \/>\n<meta property=\"og:image\" content=\"http:\/\/spazio-news.it\/wp-content\/uploads\/2018\/11\/Agenzia-nazionale-per-le-nuove-tecnologie-lenergia-e-lo-sviluppo-economico-sostenibile-ENEA-building-e1556975441663.png\" \/>\n\t<meta property=\"og:image:width\" content=\"800\" \/>\n\t<meta property=\"og:image:height\" content=\"446\" \/>\n\t<meta property=\"og:image:type\" content=\"image\/png\" \/>\n<meta name=\"author\" content=\"Redazione\" \/>\n<meta name=\"twitter:card\" content=\"summary_large_image\" \/>\n<meta name=\"twitter:creator\" content=\"@news_spazio\" \/>\n<meta name=\"twitter:site\" content=\"@News_spazio\" \/>\n<meta name=\"twitter:label1\" content=\"Scritto da\" \/>\n\t<meta name=\"twitter:data1\" content=\"Redazione\" \/>\n\t<meta name=\"twitter:label2\" content=\"Tempo di lettura stimato\" \/>\n\t<meta name=\"twitter:data2\" content=\"2 minuti\" \/>\n<script type=\"application\/ld+json\" class=\"yoast-schema-graph\">{\"@context\":\"https:\/\/schema.org\",\"@graph\":[{\"@type\":\"NewsArticle\",\"@id\":\"http:\/\/spazio-news.it\/?p=4284#article\",\"isPartOf\":{\"@id\":\"http:\/\/spazio-news.it\/?p=4284\"},\"author\":{\"name\":\"Redazione\",\"@id\":\"http:\/\/spazio-news.it\/#\/schema\/person\/c600904e882e9e166ed8e5e3773d37b3\"},\"headline\":\"ENERGIA: ENEA &#8211; ENI INSIEME PER LA RICERCA SULLA FUSIONE\",\"datePublished\":\"2019-05-07T01:07:45+00:00\",\"mainEntityOfPage\":{\"@id\":\"http:\/\/spazio-news.it\/?p=4284\"},\"wordCount\":439,\"publisher\":{\"@id\":\"http:\/\/spazio-news.it\/#organization\"},\"image\":{\"@id\":\"http:\/\/spazio-news.it\/?p=4284#primaryimage\"},\"thumbnailUrl\":\"http:\/\/spazio-news.it\/wp-content\/uploads\/2018\/11\/Agenzia-nazionale-per-le-nuove-tecnologie-lenergia-e-lo-sviluppo-economico-sostenibile-ENEA-building-e1556975441663.png\",\"keywords\":[\"ENEA - Ente per le Nuove tecnologie l'Energia e l'Ambiente\",\"energia\",\"energia pulita\",\"Eni Spa\",\"ricerca\",\"Ricerca sulla Fusione\"],\"articleSection\":[\"01 - PRIMA PAGINA\",\"05 - RICERCA &amp; INNOVAZIONE\"],\"inLanguage\":\"it-IT\"},{\"@type\":\"WebPage\",\"@id\":\"http:\/\/spazio-news.it\/?p=4284\",\"url\":\"http:\/\/spazio-news.it\/?p=4284\",\"name\":\"ENERGIA: ENEA - ENI INSIEME PER LA RICERCA SULLA FUSIONE &#187; Spazio-News Magazine\",\"isPartOf\":{\"@id\":\"http:\/\/spazio-news.it\/#website\"},\"primaryImageOfPage\":{\"@id\":\"http:\/\/spazio-news.it\/?p=4284#primaryimage\"},\"image\":{\"@id\":\"http:\/\/spazio-news.it\/?p=4284#primaryimage\"},\"thumbnailUrl\":\"http:\/\/spazio-news.it\/wp-content\/uploads\/2018\/11\/Agenzia-nazionale-per-le-nuove-tecnologie-lenergia-e-lo-sviluppo-economico-sostenibile-ENEA-building-e1556975441663.png\",\"datePublished\":\"2019-05-07T01:07:45+00:00\",\"description\":\"Il Presidente dell\u2019ENEA e l\u2019Amministratore Delegato di Eni hanno firmato un protocollo d\u2019intesa che apre la strada nella ricerca sulla fusione\",\"breadcrumb\":{\"@id\":\"http:\/\/spazio-news.it\/?p=4284#breadcrumb\"},\"inLanguage\":\"it-IT\",\"potentialAction\":[{\"@type\":\"ReadAction\",\"target\":[\"http:\/\/spazio-news.it\/?p=4284\"]}]},{\"@type\":\"ImageObject\",\"inLanguage\":\"it-IT\",\"@id\":\"http:\/\/spazio-news.it\/?p=4284#primaryimage\",\"url\":\"http:\/\/spazio-news.it\/wp-content\/uploads\/2018\/11\/Agenzia-nazionale-per-le-nuove-tecnologie-lenergia-e-lo-sviluppo-economico-sostenibile-ENEA-building-e1556975441663.png\",\"contentUrl\":\"http:\/\/spazio-news.it\/wp-content\/uploads\/2018\/11\/Agenzia-nazionale-per-le-nuove-tecnologie-lenergia-e-lo-sviluppo-economico-sostenibile-ENEA-building-e1556975441663.png\",\"width\":800,\"height\":446,\"caption\":\"Agenzia nazionale per le nuove tecnologie, l'energia e lo sviluppo economico sostenibile - ENEA building\"},{\"@type\":\"BreadcrumbList\",\"@id\":\"http:\/\/spazio-news.it\/?p=4284#breadcrumb\",\"itemListElement\":[{\"@type\":\"ListItem\",\"position\":1,\"name\":\"Home\",\"item\":\"http:\/\/spazio-news.it\/\"},{\"@type\":\"ListItem\",\"position\":2,\"name\":\"ENERGIA: ENEA &#8211; ENI INSIEME PER LA RICERCA SULLA FUSIONE\"}]},{\"@type\":\"WebSite\",\"@id\":\"http:\/\/spazio-news.it\/#website\",\"url\":\"http:\/\/spazio-news.it\/\",\"name\":\"Spazio-News Magazine\",\"description\":\"La guida che sfida la complessit\u00e0 del mondo industriale\",\"publisher\":{\"@id\":\"http:\/\/spazio-news.it\/#organization\"},\"alternateName\":\"Spazio-news.it\",\"potentialAction\":[{\"@type\":\"SearchAction\",\"target\":{\"@type\":\"EntryPoint\",\"urlTemplate\":\"http:\/\/spazio-news.it\/?s={search_term_string}\"},\"query-input\":{\"@type\":\"PropertyValueSpecification\",\"valueRequired\":true,\"valueName\":\"search_term_string\"}}],\"inLanguage\":\"it-IT\"},{\"@type\":\"Organization\",\"@id\":\"http:\/\/spazio-news.it\/#organization\",\"name\":\"Spazio-News Magazine\",\"url\":\"http:\/\/spazio-news.it\/\",\"logo\":{\"@type\":\"ImageObject\",\"inLanguage\":\"it-IT\",\"@id\":\"http:\/\/spazio-news.it\/#\/schema\/logo\/image\/\",\"url\":\"http:\/\/spazio-news.it\/wp-content\/uploads\/2023\/09\/Logo-Spazio-News-512-x-512-NO-testo.jpg\",\"contentUrl\":\"http:\/\/spazio-news.it\/wp-content\/uploads\/2023\/09\/Logo-Spazio-News-512-x-512-NO-testo.jpg\",\"width\":512,\"height\":512,\"caption\":\"Spazio-News Magazine\"},\"image\":{\"@id\":\"http:\/\/spazio-news.it\/#\/schema\/logo\/image\/\"},\"sameAs\":[\"https:\/\/m.facebook.com\/spazio-news-magazine\",\"https:\/\/x.com\/News_spazio\"]},{\"@type\":\"Person\",\"@id\":\"http:\/\/spazio-news.it\/#\/schema\/person\/c600904e882e9e166ed8e5e3773d37b3\",\"name\":\"Redazione\",\"sameAs\":[\"http:\/\/spazio-news.it\",\"@SpazioNewsMagazine\",\"https:\/\/x.com\/@news_spazio\"],\"url\":\"http:\/\/spazio-news.it\/?author=1\"}]}<\/script>\n<!-- \/ Yoast SEO plugin. -->","yoast_head_json":{"title":"ENERGIA: ENEA - ENI INSIEME PER LA RICERCA SULLA FUSIONE &#187; Spazio-News Magazine","description":"Il Presidente dell\u2019ENEA e l\u2019Amministratore Delegato di Eni hanno firmato un protocollo d\u2019intesa che apre la strada nella ricerca sulla fusione","robots":{"index":"index","follow":"follow","max-snippet":"max-snippet:-1","max-image-preview":"max-image-preview:large","max-video-preview":"max-video-preview:-1"},"canonical":"http:\/\/spazio-news.it\/?p=4284","og_locale":"it_IT","og_type":"article","og_title":"ENERGIA: ENEA - ENI INSIEME PER LA RICERCA SULLA FUSIONE &#187; Spazio-News Magazine","og_description":"Il Presidente dell\u2019ENEA e l\u2019Amministratore Delegato di Eni hanno firmato un protocollo d\u2019intesa che apre la strada nella ricerca sulla fusione","og_url":"http:\/\/spazio-news.it\/?p=4284","og_site_name":"Spazio-News Magazine","article_publisher":"https:\/\/m.facebook.com\/spazio-news-magazine","article_author":"@SpazioNewsMagazine","article_published_time":"2019-05-07T01:07:45+00:00","og_image":[{"width":800,"height":446,"url":"http:\/\/spazio-news.it\/wp-content\/uploads\/2018\/11\/Agenzia-nazionale-per-le-nuove-tecnologie-lenergia-e-lo-sviluppo-economico-sostenibile-ENEA-building-e1556975441663.png","type":"image\/png"}],"author":"Redazione","twitter_card":"summary_large_image","twitter_creator":"@news_spazio","twitter_site":"@News_spazio","twitter_misc":{"Scritto da":"Redazione","Tempo di lettura stimato":"2 minuti"},"schema":{"@context":"https:\/\/schema.org","@graph":[{"@type":"NewsArticle","@id":"http:\/\/spazio-news.it\/?p=4284#article","isPartOf":{"@id":"http:\/\/spazio-news.it\/?p=4284"},"author":{"name":"Redazione","@id":"http:\/\/spazio-news.it\/#\/schema\/person\/c600904e882e9e166ed8e5e3773d37b3"},"headline":"ENERGIA: ENEA &#8211; ENI INSIEME PER LA RICERCA SULLA FUSIONE","datePublished":"2019-05-07T01:07:45+00:00","mainEntityOfPage":{"@id":"http:\/\/spazio-news.it\/?p=4284"},"wordCount":439,"publisher":{"@id":"http:\/\/spazio-news.it\/#organization"},"image":{"@id":"http:\/\/spazio-news.it\/?p=4284#primaryimage"},"thumbnailUrl":"http:\/\/spazio-news.it\/wp-content\/uploads\/2018\/11\/Agenzia-nazionale-per-le-nuove-tecnologie-lenergia-e-lo-sviluppo-economico-sostenibile-ENEA-building-e1556975441663.png","keywords":["ENEA - Ente per le Nuove tecnologie l'Energia e l'Ambiente","energia","energia pulita","Eni Spa","ricerca","Ricerca sulla Fusione"],"articleSection":["01 - PRIMA PAGINA","05 - RICERCA &amp; INNOVAZIONE"],"inLanguage":"it-IT"},{"@type":"WebPage","@id":"http:\/\/spazio-news.it\/?p=4284","url":"http:\/\/spazio-news.it\/?p=4284","name":"ENERGIA: ENEA - ENI INSIEME PER LA RICERCA SULLA FUSIONE &#187; Spazio-News Magazine","isPartOf":{"@id":"http:\/\/spazio-news.it\/#website"},"primaryImageOfPage":{"@id":"http:\/\/spazio-news.it\/?p=4284#primaryimage"},"image":{"@id":"http:\/\/spazio-news.it\/?p=4284#primaryimage"},"thumbnailUrl":"http:\/\/spazio-news.it\/wp-content\/uploads\/2018\/11\/Agenzia-nazionale-per-le-nuove-tecnologie-lenergia-e-lo-sviluppo-economico-sostenibile-ENEA-building-e1556975441663.png","datePublished":"2019-05-07T01:07:45+00:00","description":"Il Presidente dell\u2019ENEA e l\u2019Amministratore Delegato di Eni hanno firmato un protocollo d\u2019intesa che apre la strada nella ricerca sulla fusione","breadcrumb":{"@id":"http:\/\/spazio-news.it\/?p=4284#breadcrumb"},"inLanguage":"it-IT","potentialAction":[{"@type":"ReadAction","target":["http:\/\/spazio-news.it\/?p=4284"]}]},{"@type":"ImageObject","inLanguage":"it-IT","@id":"http:\/\/spazio-news.it\/?p=4284#primaryimage","url":"http:\/\/spazio-news.it\/wp-content\/uploads\/2018\/11\/Agenzia-nazionale-per-le-nuove-tecnologie-lenergia-e-lo-sviluppo-economico-sostenibile-ENEA-building-e1556975441663.png","contentUrl":"http:\/\/spazio-news.it\/wp-content\/uploads\/2018\/11\/Agenzia-nazionale-per-le-nuove-tecnologie-lenergia-e-lo-sviluppo-economico-sostenibile-ENEA-building-e1556975441663.png","width":800,"height":446,"caption":"Agenzia nazionale per le nuove tecnologie, l'energia e lo sviluppo economico sostenibile - ENEA building"},{"@type":"BreadcrumbList","@id":"http:\/\/spazio-news.it\/?p=4284#breadcrumb","itemListElement":[{"@type":"ListItem","position":1,"name":"Home","item":"http:\/\/spazio-news.it\/"},{"@type":"ListItem","position":2,"name":"ENERGIA: ENEA &#8211; ENI INSIEME PER LA RICERCA SULLA FUSIONE"}]},{"@type":"WebSite","@id":"http:\/\/spazio-news.it\/#website","url":"http:\/\/spazio-news.it\/","name":"Spazio-News Magazine","description":"La guida che sfida la complessit\u00e0 del mondo industriale","publisher":{"@id":"http:\/\/spazio-news.it\/#organization"},"alternateName":"Spazio-news.it","potentialAction":[{"@type":"SearchAction","target":{"@type":"EntryPoint","urlTemplate":"http:\/\/spazio-news.it\/?s={search_term_string}"},"query-input":{"@type":"PropertyValueSpecification","valueRequired":true,"valueName":"search_term_string"}}],"inLanguage":"it-IT"},{"@type":"Organization","@id":"http:\/\/spazio-news.it\/#organization","name":"Spazio-News Magazine","url":"http:\/\/spazio-news.it\/","logo":{"@type":"ImageObject","inLanguage":"it-IT","@id":"http:\/\/spazio-news.it\/#\/schema\/logo\/image\/","url":"http:\/\/spazio-news.it\/wp-content\/uploads\/2023\/09\/Logo-Spazio-News-512-x-512-NO-testo.jpg","contentUrl":"http:\/\/spazio-news.it\/wp-content\/uploads\/2023\/09\/Logo-Spazio-News-512-x-512-NO-testo.jpg","width":512,"height":512,"caption":"Spazio-News Magazine"},"image":{"@id":"http:\/\/spazio-news.it\/#\/schema\/logo\/image\/"},"sameAs":["https:\/\/m.facebook.com\/spazio-news-magazine","https:\/\/x.com\/News_spazio"]},{"@type":"Person","@id":"http:\/\/spazio-news.it\/#\/schema\/person\/c600904e882e9e166ed8e5e3773d37b3","name":"Redazione","sameAs":["http:\/\/spazio-news.it","@SpazioNewsMagazine","https:\/\/x.com\/@news_spazio"],"url":"http:\/\/spazio-news.it\/?author=1"}]}},"_links":{"self":[{"href":"http:\/\/spazio-news.it\/index.php?rest_route=\/wp\/v2\/posts\/4284","targetHints":{"allow":["GET"]}}],"collection":[{"href":"http:\/\/spazio-news.it\/index.php?rest_route=\/wp\/v2\/posts"}],"about":[{"href":"http:\/\/spazio-news.it\/index.php?rest_route=\/wp\/v2\/types\/post"}],"author":[{"embeddable":true,"href":"http:\/\/spazio-news.it\/index.php?rest_route=\/wp\/v2\/users\/1"}],"replies":[{"embeddable":true,"href":"http:\/\/spazio-news.it\/index.php?rest_route=%2Fwp%2Fv2%2Fcomments&post=4284"}],"version-history":[{"count":1,"href":"http:\/\/spazio-news.it\/index.php?rest_route=\/wp\/v2\/posts\/4284\/revisions"}],"predecessor-version":[{"id":4285,"href":"http:\/\/spazio-news.it\/index.php?rest_route=\/wp\/v2\/posts\/4284\/revisions\/4285"}],"wp:featuredmedia":[{"embeddable":true,"href":"http:\/\/spazio-news.it\/index.php?rest_route=\/wp\/v2\/media\/2358"}],"wp:attachment":[{"href":"http:\/\/spazio-news.it\/index.php?rest_route=%2Fwp%2Fv2%2Fmedia&parent=4284"}],"wp:term":[{"taxonomy":"category","embeddable":true,"href":"http:\/\/spazio-news.it\/index.php?rest_route=%2Fwp%2Fv2%2Fcategories&post=4284"},{"taxonomy":"post_tag","embeddable":true,"href":"http:\/\/spazio-news.it\/index.php?rest_route=%2Fwp%2Fv2%2Ftags&post=4284"}],"curies":[{"name":"wp","href":"https:\/\/api.w.org\/{rel}","templated":true}]}}