{"id":4340,"date":"2019-05-10T09:06:41","date_gmt":"2019-05-10T08:06:41","guid":{"rendered":"http:\/\/spazio-news.it\/?p=4340"},"modified":"2019-05-08T15:13:56","modified_gmt":"2019-05-08T14:13:56","slug":"iata-cargo-aereo-in-recupero-a-marzo","status":"publish","type":"post","link":"http:\/\/spazio-news.it\/?p=4340","title":{"rendered":"IATA: CARGO AEREO IN RECUPERO A MARZO"},"content":{"rendered":"\n<p>A marzo il <strong>traffico cargo<\/strong> globale \u00e8 aumentato dello 0,1% rispetto allo stesso mese 2018. Sebbene si tratti di un miglioramento significativo rispetto alla contrazione del 4,9% registrata a febbraio, in termini destagionalizzati, la domanda \u00e8 ancora in calo dell&#8217;1,5% nell&#8217;ultimo anno. La capacit\u00e0 \u00e8 aumentata del 3,1%. La crescita della capacit\u00e0 ha superato la crescita della domanda per 11 degli ultimi 12 mesi.<br><br>I dati diffusi dall\u2019<a href=\"https:\/\/www.iata.org\/pages\/default.aspx\">Associazione internazionale del trasporto aereo &#8211; IATA<\/a> evidenziano come la domanda di trasporto aereo continui ad affrontare notevoli venti contrari: nell&#8217;ultimo anno i volumi degli scambi globali sono diminuiti dell&#8217;1%; l\u2019attivit\u00e0 economica globale e la fiducia dei consumatori continuano a indebolirsi; la componente di ordine di esportazione dell&#8217;indice globale dei responsabili degli acquisti dei produttori ha indicato la caduta degli ordini di esportazione da settembre 2018. Tuttavia, la fiducia del settore per quanto riguarda le prospettive rimane relativamente ottimista, con solo il 13% degli intervistati del <strong>Business Confidence Survey Iata<\/strong> che prevede una diminuzione dei volumi di merci nel 2019 rispetto al 2018.<br><br><em>&#8220;La domanda su base annua per il trasporto aereo \u00e8 risalita in territorio positivo a marzo con una crescita dello 0,1%. Dopo quattro mesi consecutivi di contrazione, questo \u00e8 uno sviluppo incoraggiante<\/em> &#8211; ha dichiarato <strong>Alexandre de Juniac<\/strong>, Direttore Generale e Ceo Iata -. <em>Ma i venti contrari derivanti dall&#8217;indebolimento del commercio globale, le crescenti tensioni commerciali e il calo degli ordinativi non sono superati\u201d<\/em>.<br><br>Tutte le regioni hanno registrato una crescita della domanda su base annua nel mese di marzo, ad eccezione dell&#8217;<strong>Asia-Pacifico<\/strong>, alle prese con una contrazione del 3,4% rispetto al 2018. Si tratta di un miglioramento significativo rispetto al calo del 12% registrato lo scorso mese. Le condizioni di produzione pi\u00f9 deboli per gli esportatori nella regione, le continue tensioni commerciali e il rallentamento dell&#8217;economia cinese hanno avuto un impatto sul mercato. La capacit\u00e0 \u00e8 diminuita dell&#8217;1,%.<br>Le <strong>compagnie nordamericane<\/strong> hanno registrato una crescita dei volumi cargo dello 0,4%. Il recente allentamento della crescita \u00e8 in parte dovuto al rallentamento dell&#8217;attivit\u00e0 economica interna statunitense nella parte finale del 2018 e alla diminuzione dei volumi degli scambi globali. Nonostante ci\u00f2, stanno aumentando nuovi ordini di esportazione che sosterranno la crescita del trasporto aereo. Capacit\u00e0 aumentata del 2,6% nell&#8217;ultimo anno.<br>Le <strong>compagnie europee<\/strong> hanno registrato un aumento del 3,6%. Date le condizioni di produzione pi\u00f9 deboli per gli esportatori in Germania e l&#8217;incertezza rispetto alla Brexit, la performance di marzo rappresenta un risultato positivo. Capacit\u00e0 aumentata del 6,4% anno su anno.<br>I volumi di merci delle <strong>compagnie aeree mediorientali<\/strong> sono aumentati dell&#8217;1,3%. Capacit\u00e0 aumentata del 3,8%. Si definisce una chiara tendenza al ribasso della domanda internazionale destagionalizzata di merci per via aerea con l&#8217;indebolimento dei volumi di trasporto aereo da\/verso il Nord America e verso\/da parte dell&#8217;Asia-Pacifico contribuendo a una performance pi\u00f9 morbida.<br>Le compagnie dell&#8217;<strong>America Latina<\/strong> hanno registrato un aumento dei volumi merci movimentati del 3,6% e la capacit\u00e0 \u00e8 aumentata del 16,9%. L&#8217;emergere dell&#8217;economia brasiliana dalla recessione sta sostenendo una ripresa della domanda di trasporto aereo. Tuttavia, le incertezze economiche e politiche in corso in varie parti della regione continuano a presentare sfide per l&#8217;industria.<br>I <strong>vettori africani<\/strong> hanno registrato la crescita pi\u00f9 rapida di qualsiasi regione nel marzo 2019, +6% rispetto a marzo 2018. La capacit\u00e0 \u00e8 cresciuta del 15,2% anno su anno.<\/p>\n","protected":false},"excerpt":{"rendered":"<p>A marzo il traffico cargo globale \u00e8 aumentato dello 0,1% rispetto allo stesso mese 2018. Sebbene si tratti di un<\/p>\n","protected":false},"author":1,"featured_media":482,"comment_status":"closed","ping_status":"open","sticky":true,"template":"","format":"standard","meta":{"colormag_page_container_layout":"default_layout","colormag_page_sidebar_layout":"default_layout","footnotes":""},"categories":[32,3],"tags":[1194,2113,1868],"class_list":["post-4340","post","type-post","status-publish","format-standard","has-post-thumbnail","hentry","category-prima-pagina","category-industria","tag-alexandre-de-juniac","tag-dati-traffico-cargo","tag-iata-international-air-transport-association"],"yoast_head":"<!-- This site is optimized with the Yoast SEO plugin v26.8 - https:\/\/yoast.com\/product\/yoast-seo-wordpress\/ -->\n<title>IATA: CARGO AEREO IN RECUPERO A MARZO &#187; Spazio-News Magazine<\/title>\n<meta name=\"description\" content=\"I dati diffusi dall&#039;Associazione internazionale del trasporto aereo indicano un aumento del traffico cargo a marzo dello 0,1%\" \/>\n<meta name=\"robots\" content=\"index, follow, max-snippet:-1, max-image-preview:large, max-video-preview:-1\" \/>\n<link rel=\"canonical\" href=\"http:\/\/spazio-news.it\/?p=4340\" \/>\n<meta property=\"og:locale\" content=\"it_IT\" \/>\n<meta property=\"og:type\" content=\"article\" \/>\n<meta property=\"og:title\" content=\"IATA: CARGO AEREO IN RECUPERO A MARZO &#187; Spazio-News Magazine\" \/>\n<meta property=\"og:description\" content=\"I dati diffusi dall&#039;Associazione internazionale del trasporto aereo indicano un aumento del traffico cargo a marzo dello 0,1%\" \/>\n<meta property=\"og:url\" content=\"http:\/\/spazio-news.it\/?p=4340\" \/>\n<meta property=\"og:site_name\" content=\"Spazio-News Magazine\" \/>\n<meta property=\"article:publisher\" content=\"https:\/\/m.facebook.com\/spazio-news-magazine\" \/>\n<meta property=\"article:author\" content=\"@SpazioNewsMagazine\" \/>\n<meta property=\"article:published_time\" content=\"2019-05-10T08:06:41+00:00\" \/>\n<meta property=\"og:image\" content=\"http:\/\/spazio-news.it\/wp-content\/uploads\/2018\/07\/Untitled-e1552830493298.jpg\" \/>\n\t<meta property=\"og:image:width\" content=\"800\" \/>\n\t<meta property=\"og:image:height\" content=\"446\" \/>\n\t<meta property=\"og:image:type\" content=\"image\/jpeg\" \/>\n<meta name=\"author\" content=\"Redazione\" \/>\n<meta name=\"twitter:card\" content=\"summary_large_image\" \/>\n<meta name=\"twitter:creator\" content=\"@news_spazio\" \/>\n<meta name=\"twitter:site\" content=\"@News_spazio\" \/>\n<meta name=\"twitter:label1\" content=\"Scritto da\" \/>\n\t<meta name=\"twitter:data1\" content=\"Redazione\" \/>\n\t<meta name=\"twitter:label2\" content=\"Tempo di lettura stimato\" \/>\n\t<meta name=\"twitter:data2\" content=\"3 minuti\" \/>\n<script type=\"application\/ld+json\" class=\"yoast-schema-graph\">{\"@context\":\"https:\/\/schema.org\",\"@graph\":[{\"@type\":\"NewsArticle\",\"@id\":\"http:\/\/spazio-news.it\/?p=4340#article\",\"isPartOf\":{\"@id\":\"http:\/\/spazio-news.it\/?p=4340\"},\"author\":{\"name\":\"Redazione\",\"@id\":\"http:\/\/spazio-news.it\/#\/schema\/person\/c600904e882e9e166ed8e5e3773d37b3\"},\"headline\":\"IATA: CARGO AEREO IN RECUPERO A MARZO\",\"datePublished\":\"2019-05-10T08:06:41+00:00\",\"mainEntityOfPage\":{\"@id\":\"http:\/\/spazio-news.it\/?p=4340\"},\"wordCount\":538,\"publisher\":{\"@id\":\"http:\/\/spazio-news.it\/#organization\"},\"image\":{\"@id\":\"http:\/\/spazio-news.it\/?p=4340#primaryimage\"},\"thumbnailUrl\":\"http:\/\/spazio-news.it\/wp-content\/uploads\/2018\/07\/Untitled-e1552830493298.jpg\",\"keywords\":[\"Alexandre de Juniac\",\"dati traffico cargo\",\"IATA - International Air Transport Association\"],\"articleSection\":[\"01 - PRIMA PAGINA\",\"02 - INDUSTRIA\"],\"inLanguage\":\"it-IT\"},{\"@type\":\"WebPage\",\"@id\":\"http:\/\/spazio-news.it\/?p=4340\",\"url\":\"http:\/\/spazio-news.it\/?p=4340\",\"name\":\"IATA: CARGO AEREO IN RECUPERO A MARZO &#187; Spazio-News Magazine\",\"isPartOf\":{\"@id\":\"http:\/\/spazio-news.it\/#website\"},\"primaryImageOfPage\":{\"@id\":\"http:\/\/spazio-news.it\/?p=4340#primaryimage\"},\"image\":{\"@id\":\"http:\/\/spazio-news.it\/?p=4340#primaryimage\"},\"thumbnailUrl\":\"http:\/\/spazio-news.it\/wp-content\/uploads\/2018\/07\/Untitled-e1552830493298.jpg\",\"datePublished\":\"2019-05-10T08:06:41+00:00\",\"description\":\"I dati diffusi dall'Associazione internazionale del trasporto aereo indicano un aumento del traffico cargo a marzo dello 0,1%\",\"breadcrumb\":{\"@id\":\"http:\/\/spazio-news.it\/?p=4340#breadcrumb\"},\"inLanguage\":\"it-IT\",\"potentialAction\":[{\"@type\":\"ReadAction\",\"target\":[\"http:\/\/spazio-news.it\/?p=4340\"]}]},{\"@type\":\"ImageObject\",\"inLanguage\":\"it-IT\",\"@id\":\"http:\/\/spazio-news.it\/?p=4340#primaryimage\",\"url\":\"http:\/\/spazio-news.it\/wp-content\/uploads\/2018\/07\/Untitled-e1552830493298.jpg\",\"contentUrl\":\"http:\/\/spazio-news.it\/wp-content\/uploads\/2018\/07\/Untitled-e1552830493298.jpg\",\"width\":800,\"height\":446,\"caption\":\"spazio-news.it IATA Cargo\"},{\"@type\":\"BreadcrumbList\",\"@id\":\"http:\/\/spazio-news.it\/?p=4340#breadcrumb\",\"itemListElement\":[{\"@type\":\"ListItem\",\"position\":1,\"name\":\"Home\",\"item\":\"http:\/\/spazio-news.it\/\"},{\"@type\":\"ListItem\",\"position\":2,\"name\":\"IATA: CARGO AEREO IN RECUPERO A MARZO\"}]},{\"@type\":\"WebSite\",\"@id\":\"http:\/\/spazio-news.it\/#website\",\"url\":\"http:\/\/spazio-news.it\/\",\"name\":\"Spazio-News Magazine\",\"description\":\"La guida che sfida la complessit\u00e0 del mondo industriale\",\"publisher\":{\"@id\":\"http:\/\/spazio-news.it\/#organization\"},\"alternateName\":\"Spazio-news.it\",\"potentialAction\":[{\"@type\":\"SearchAction\",\"target\":{\"@type\":\"EntryPoint\",\"urlTemplate\":\"http:\/\/spazio-news.it\/?s={search_term_string}\"},\"query-input\":{\"@type\":\"PropertyValueSpecification\",\"valueRequired\":true,\"valueName\":\"search_term_string\"}}],\"inLanguage\":\"it-IT\"},{\"@type\":\"Organization\",\"@id\":\"http:\/\/spazio-news.it\/#organization\",\"name\":\"Spazio-News Magazine\",\"url\":\"http:\/\/spazio-news.it\/\",\"logo\":{\"@type\":\"ImageObject\",\"inLanguage\":\"it-IT\",\"@id\":\"http:\/\/spazio-news.it\/#\/schema\/logo\/image\/\",\"url\":\"http:\/\/spazio-news.it\/wp-content\/uploads\/2023\/09\/Logo-Spazio-News-512-x-512-NO-testo.jpg\",\"contentUrl\":\"http:\/\/spazio-news.it\/wp-content\/uploads\/2023\/09\/Logo-Spazio-News-512-x-512-NO-testo.jpg\",\"width\":512,\"height\":512,\"caption\":\"Spazio-News Magazine\"},\"image\":{\"@id\":\"http:\/\/spazio-news.it\/#\/schema\/logo\/image\/\"},\"sameAs\":[\"https:\/\/m.facebook.com\/spazio-news-magazine\",\"https:\/\/x.com\/News_spazio\"]},{\"@type\":\"Person\",\"@id\":\"http:\/\/spazio-news.it\/#\/schema\/person\/c600904e882e9e166ed8e5e3773d37b3\",\"name\":\"Redazione\",\"sameAs\":[\"http:\/\/spazio-news.it\",\"@SpazioNewsMagazine\",\"https:\/\/x.com\/@news_spazio\"],\"url\":\"http:\/\/spazio-news.it\/?author=1\"}]}<\/script>\n<!-- \/ Yoast SEO plugin. -->","yoast_head_json":{"title":"IATA: CARGO AEREO IN RECUPERO A MARZO &#187; Spazio-News Magazine","description":"I dati diffusi dall'Associazione internazionale del trasporto aereo indicano un aumento del traffico cargo a marzo dello 0,1%","robots":{"index":"index","follow":"follow","max-snippet":"max-snippet:-1","max-image-preview":"max-image-preview:large","max-video-preview":"max-video-preview:-1"},"canonical":"http:\/\/spazio-news.it\/?p=4340","og_locale":"it_IT","og_type":"article","og_title":"IATA: CARGO AEREO IN RECUPERO A MARZO &#187; Spazio-News Magazine","og_description":"I dati diffusi dall'Associazione internazionale del trasporto aereo indicano un aumento del traffico cargo a marzo dello 0,1%","og_url":"http:\/\/spazio-news.it\/?p=4340","og_site_name":"Spazio-News Magazine","article_publisher":"https:\/\/m.facebook.com\/spazio-news-magazine","article_author":"@SpazioNewsMagazine","article_published_time":"2019-05-10T08:06:41+00:00","og_image":[{"width":800,"height":446,"url":"http:\/\/spazio-news.it\/wp-content\/uploads\/2018\/07\/Untitled-e1552830493298.jpg","type":"image\/jpeg"}],"author":"Redazione","twitter_card":"summary_large_image","twitter_creator":"@news_spazio","twitter_site":"@News_spazio","twitter_misc":{"Scritto da":"Redazione","Tempo di lettura stimato":"3 minuti"},"schema":{"@context":"https:\/\/schema.org","@graph":[{"@type":"NewsArticle","@id":"http:\/\/spazio-news.it\/?p=4340#article","isPartOf":{"@id":"http:\/\/spazio-news.it\/?p=4340"},"author":{"name":"Redazione","@id":"http:\/\/spazio-news.it\/#\/schema\/person\/c600904e882e9e166ed8e5e3773d37b3"},"headline":"IATA: CARGO AEREO IN RECUPERO A MARZO","datePublished":"2019-05-10T08:06:41+00:00","mainEntityOfPage":{"@id":"http:\/\/spazio-news.it\/?p=4340"},"wordCount":538,"publisher":{"@id":"http:\/\/spazio-news.it\/#organization"},"image":{"@id":"http:\/\/spazio-news.it\/?p=4340#primaryimage"},"thumbnailUrl":"http:\/\/spazio-news.it\/wp-content\/uploads\/2018\/07\/Untitled-e1552830493298.jpg","keywords":["Alexandre de Juniac","dati traffico cargo","IATA - International Air Transport Association"],"articleSection":["01 - PRIMA PAGINA","02 - INDUSTRIA"],"inLanguage":"it-IT"},{"@type":"WebPage","@id":"http:\/\/spazio-news.it\/?p=4340","url":"http:\/\/spazio-news.it\/?p=4340","name":"IATA: CARGO AEREO IN RECUPERO A MARZO &#187; Spazio-News Magazine","isPartOf":{"@id":"http:\/\/spazio-news.it\/#website"},"primaryImageOfPage":{"@id":"http:\/\/spazio-news.it\/?p=4340#primaryimage"},"image":{"@id":"http:\/\/spazio-news.it\/?p=4340#primaryimage"},"thumbnailUrl":"http:\/\/spazio-news.it\/wp-content\/uploads\/2018\/07\/Untitled-e1552830493298.jpg","datePublished":"2019-05-10T08:06:41+00:00","description":"I dati diffusi dall'Associazione internazionale del trasporto aereo indicano un aumento del traffico cargo a marzo dello 0,1%","breadcrumb":{"@id":"http:\/\/spazio-news.it\/?p=4340#breadcrumb"},"inLanguage":"it-IT","potentialAction":[{"@type":"ReadAction","target":["http:\/\/spazio-news.it\/?p=4340"]}]},{"@type":"ImageObject","inLanguage":"it-IT","@id":"http:\/\/spazio-news.it\/?p=4340#primaryimage","url":"http:\/\/spazio-news.it\/wp-content\/uploads\/2018\/07\/Untitled-e1552830493298.jpg","contentUrl":"http:\/\/spazio-news.it\/wp-content\/uploads\/2018\/07\/Untitled-e1552830493298.jpg","width":800,"height":446,"caption":"spazio-news.it IATA Cargo"},{"@type":"BreadcrumbList","@id":"http:\/\/spazio-news.it\/?p=4340#breadcrumb","itemListElement":[{"@type":"ListItem","position":1,"name":"Home","item":"http:\/\/spazio-news.it\/"},{"@type":"ListItem","position":2,"name":"IATA: CARGO AEREO IN RECUPERO A MARZO"}]},{"@type":"WebSite","@id":"http:\/\/spazio-news.it\/#website","url":"http:\/\/spazio-news.it\/","name":"Spazio-News Magazine","description":"La guida che sfida la complessit\u00e0 del mondo industriale","publisher":{"@id":"http:\/\/spazio-news.it\/#organization"},"alternateName":"Spazio-news.it","potentialAction":[{"@type":"SearchAction","target":{"@type":"EntryPoint","urlTemplate":"http:\/\/spazio-news.it\/?s={search_term_string}"},"query-input":{"@type":"PropertyValueSpecification","valueRequired":true,"valueName":"search_term_string"}}],"inLanguage":"it-IT"},{"@type":"Organization","@id":"http:\/\/spazio-news.it\/#organization","name":"Spazio-News Magazine","url":"http:\/\/spazio-news.it\/","logo":{"@type":"ImageObject","inLanguage":"it-IT","@id":"http:\/\/spazio-news.it\/#\/schema\/logo\/image\/","url":"http:\/\/spazio-news.it\/wp-content\/uploads\/2023\/09\/Logo-Spazio-News-512-x-512-NO-testo.jpg","contentUrl":"http:\/\/spazio-news.it\/wp-content\/uploads\/2023\/09\/Logo-Spazio-News-512-x-512-NO-testo.jpg","width":512,"height":512,"caption":"Spazio-News Magazine"},"image":{"@id":"http:\/\/spazio-news.it\/#\/schema\/logo\/image\/"},"sameAs":["https:\/\/m.facebook.com\/spazio-news-magazine","https:\/\/x.com\/News_spazio"]},{"@type":"Person","@id":"http:\/\/spazio-news.it\/#\/schema\/person\/c600904e882e9e166ed8e5e3773d37b3","name":"Redazione","sameAs":["http:\/\/spazio-news.it","@SpazioNewsMagazine","https:\/\/x.com\/@news_spazio"],"url":"http:\/\/spazio-news.it\/?author=1"}]}},"_links":{"self":[{"href":"http:\/\/spazio-news.it\/index.php?rest_route=\/wp\/v2\/posts\/4340","targetHints":{"allow":["GET"]}}],"collection":[{"href":"http:\/\/spazio-news.it\/index.php?rest_route=\/wp\/v2\/posts"}],"about":[{"href":"http:\/\/spazio-news.it\/index.php?rest_route=\/wp\/v2\/types\/post"}],"author":[{"embeddable":true,"href":"http:\/\/spazio-news.it\/index.php?rest_route=\/wp\/v2\/users\/1"}],"replies":[{"embeddable":true,"href":"http:\/\/spazio-news.it\/index.php?rest_route=%2Fwp%2Fv2%2Fcomments&post=4340"}],"version-history":[{"count":1,"href":"http:\/\/spazio-news.it\/index.php?rest_route=\/wp\/v2\/posts\/4340\/revisions"}],"predecessor-version":[{"id":4341,"href":"http:\/\/spazio-news.it\/index.php?rest_route=\/wp\/v2\/posts\/4340\/revisions\/4341"}],"wp:featuredmedia":[{"embeddable":true,"href":"http:\/\/spazio-news.it\/index.php?rest_route=\/wp\/v2\/media\/482"}],"wp:attachment":[{"href":"http:\/\/spazio-news.it\/index.php?rest_route=%2Fwp%2Fv2%2Fmedia&parent=4340"}],"wp:term":[{"taxonomy":"category","embeddable":true,"href":"http:\/\/spazio-news.it\/index.php?rest_route=%2Fwp%2Fv2%2Fcategories&post=4340"},{"taxonomy":"post_tag","embeddable":true,"href":"http:\/\/spazio-news.it\/index.php?rest_route=%2Fwp%2Fv2%2Ftags&post=4340"}],"curies":[{"name":"wp","href":"https:\/\/api.w.org\/{rel}","templated":true}]}}