{"id":461,"date":"2018-07-29T10:13:38","date_gmt":"2018-07-29T10:13:38","guid":{"rendered":"http:\/\/spazio-news.it\/?p=461"},"modified":"2018-07-28T17:28:13","modified_gmt":"2018-07-28T17:28:13","slug":"il-lussembourgo-ha-acquistato-due-elicotteri-airbus-h145m","status":"publish","type":"post","link":"http:\/\/spazio-news.it\/?p=461","title":{"rendered":"IL LUSSEMBURGO HA ACQUISTATO DUE ELICOTTERI AIRBUS H145M"},"content":{"rendered":"<p>Il Ministero della Difesa del <strong>Lussemburgo<\/strong> ha ordinato due <strong>elicotteri Airbus H145M<\/strong> multipurpose per <strong>missioni<\/strong> di <strong>Difesa<\/strong> e <strong>Sicurezza<\/strong>.<\/p>\n<p>Insieme agli elicotteri, <a href=\"https:\/\/www.airbus.com\">Airbus<\/a> fornir\u00e0 anche un pacchetto di formazione e supporto.<\/p>\n<p>Gli elicotteri saranno consegnati entro la fine di quest\u2019anno e entreranno <strong>in servizio a partire dal 2020<\/strong>.<\/p>\n<p>Con un peso massimo al decollo di 3,7 tonnellate, l&#8217;H145M pu\u00f2 essere utilizzato per una vasta gamma di missioni, compreso il <strong>trasporto tattico<\/strong>, <strong>sorveglianza<\/strong>, <strong>search and rescue &#8211; S&amp;R<\/strong>, <strong>ricognizione<\/strong> e <strong>evacuazione medica<\/strong>.<\/p>\n<p>I due H145M saranno equipaggiati con<strong> sistemi di comunicazione avanzati<\/strong> e disporranno di un <strong>kit di protezione da armi leggere<\/strong>.<\/p>\n<p>Le ultime tecnologie per consentire all\u2019elicottero di operare in condizioni <strong>climatiche avverse<\/strong> e durante la notte sono incorporate nel design. Gli elicotteri saranno operati presso l\u2019<strong>aeroporto di Lussemburgo Findel<\/strong>.<\/p>\n<p>L\u2019H145M \u00e8 un light twin-engine helicopter che \u00e8 stato consegnato per la prima volta nel 2015 alle forze armate tedesche e da allora \u00e8 stato ordinato dall\u2019Ungheria, dalla Thailandia e dalla Repubblica di Serbia. La Mission readiness degli H145M gi\u00e0 in servizio \u00e8 superiore al 95 percento.<\/p>\n<p>Equipaggiato con due motori Safran Arriel 2E, l\u2019H145M \u00e8 dotato di <strong>Full Authority Digital Engine Control &#8211; FADEC<\/strong> ed <strong>Helionix digital avionics suite<\/strong>. Essa include un autopilota a 4 assi ad alte prestazioni, che aumenta la sicurezza e riduce il carico di lavoro del pilota.<\/p>\n<p>Il <strong>basso acoustic footprint<\/strong> rende l\u2019H145M l\u2019elicottero <strong>pi\u00f9 silenzioso<\/strong> della sua categoria.<\/p>\n","protected":false},"excerpt":{"rendered":"<p>Il Ministero della Difesa del Lussemburgo ha ordinato due elicotteri Airbus H145M multipurpose per missioni di Difesa e Sicurezza. Insieme<\/p>\n","protected":false},"author":1,"featured_media":462,"comment_status":"open","ping_status":"open","sticky":false,"template":"","format":"standard","meta":{"colormag_page_container_layout":"default_layout","colormag_page_sidebar_layout":"default_layout","footnotes":""},"categories":[32,3],"tags":[33,19,175,381,382],"class_list":["post-461","post","type-post","status-publish","format-standard","has-post-thumbnail","hentry","category-prima-pagina","category-industria","tag-airbus","tag-difesa","tag-elicottero","tag-h145m","tag-lussemburgo"],"yoast_head":"<!-- This site is optimized with the Yoast SEO plugin v26.8 - https:\/\/yoast.com\/product\/yoast-seo-wordpress\/ -->\n<title>IL LUSSEMBURGO HA ACQUISTATO DUE ELICOTTERI AIRBUS H145M<\/title>\n<meta name=\"description\" content=\"Il Ministero della Difesa del Lussemburgo ha ordinato due elicotteri Airbus H145M multipurpose per missioni di Difesa e Sicurezza.Insieme agli elicotteri\" \/>\n<meta name=\"robots\" content=\"index, follow, max-snippet:-1, max-image-preview:large, max-video-preview:-1\" \/>\n<link rel=\"canonical\" href=\"http:\/\/spazio-news.it\/?p=461\" \/>\n<meta property=\"og:locale\" content=\"it_IT\" \/>\n<meta property=\"og:type\" content=\"article\" \/>\n<meta property=\"og:title\" content=\"IL LUSSEMBURGO HA ACQUISTATO DUE ELICOTTERI AIRBUS H145M\" \/>\n<meta property=\"og:description\" content=\"Il Ministero della Difesa del Lussemburgo ha ordinato due elicotteri Airbus H145M multipurpose per missioni di Difesa e Sicurezza.Insieme agli elicotteri\" \/>\n<meta property=\"og:url\" content=\"http:\/\/spazio-news.it\/?p=461\" \/>\n<meta property=\"og:site_name\" content=\"Spazio-News Magazine\" \/>\n<meta property=\"article:publisher\" content=\"https:\/\/m.facebook.com\/spazio-news-magazine\" \/>\n<meta property=\"article:author\" content=\"@SpazioNewsMagazine\" \/>\n<meta property=\"article:published_time\" content=\"2018-07-29T10:13:38+00:00\" \/>\n<meta property=\"og:image\" content=\"http:\/\/spazio-news.it\/wp-content\/uploads\/2018\/07\/Spazio-News-Magazine-Airbus-Elicottero-H145M-e1561663763537.jpg\" \/>\n\t<meta property=\"og:image:width\" content=\"800\" \/>\n\t<meta property=\"og:image:height\" content=\"446\" \/>\n\t<meta property=\"og:image:type\" content=\"image\/jpeg\" \/>\n<meta name=\"author\" content=\"Redazione\" \/>\n<meta name=\"twitter:card\" content=\"summary_large_image\" \/>\n<meta name=\"twitter:creator\" content=\"@news_spazio\" \/>\n<meta name=\"twitter:site\" content=\"@News_spazio\" \/>\n<meta name=\"twitter:label1\" content=\"Scritto da\" \/>\n\t<meta name=\"twitter:data1\" content=\"Redazione\" \/>\n\t<meta name=\"twitter:label2\" content=\"Tempo di lettura stimato\" \/>\n\t<meta name=\"twitter:data2\" content=\"1 minuto\" \/>\n<script type=\"application\/ld+json\" class=\"yoast-schema-graph\">{\"@context\":\"https:\/\/schema.org\",\"@graph\":[{\"@type\":\"NewsArticle\",\"@id\":\"http:\/\/spazio-news.it\/?p=461#article\",\"isPartOf\":{\"@id\":\"http:\/\/spazio-news.it\/?p=461\"},\"author\":{\"name\":\"Redazione\",\"@id\":\"http:\/\/spazio-news.it\/#\/schema\/person\/c600904e882e9e166ed8e5e3773d37b3\"},\"headline\":\"IL LUSSEMBURGO HA ACQUISTATO DUE ELICOTTERI AIRBUS H145M\",\"datePublished\":\"2018-07-29T10:13:38+00:00\",\"mainEntityOfPage\":{\"@id\":\"http:\/\/spazio-news.it\/?p=461\"},\"wordCount\":251,\"commentCount\":0,\"publisher\":{\"@id\":\"http:\/\/spazio-news.it\/#organization\"},\"image\":{\"@id\":\"http:\/\/spazio-news.it\/?p=461#primaryimage\"},\"thumbnailUrl\":\"http:\/\/spazio-news.it\/wp-content\/uploads\/2018\/07\/Spazio-News-Magazine-Airbus-Elicottero-H145M-e1561663763537.jpg\",\"keywords\":[\"Airbus\",\"difesa\",\"elicottero\",\"H145M\",\"Lussemburgo\"],\"articleSection\":[\"01 - PRIMA PAGINA\",\"02 - INDUSTRIA\"],\"inLanguage\":\"it-IT\",\"potentialAction\":[{\"@type\":\"CommentAction\",\"name\":\"Comment\",\"target\":[\"http:\/\/spazio-news.it\/?p=461#respond\"]}]},{\"@type\":\"WebPage\",\"@id\":\"http:\/\/spazio-news.it\/?p=461\",\"url\":\"http:\/\/spazio-news.it\/?p=461\",\"name\":\"IL LUSSEMBURGO HA ACQUISTATO DUE ELICOTTERI AIRBUS H145M\",\"isPartOf\":{\"@id\":\"http:\/\/spazio-news.it\/#website\"},\"primaryImageOfPage\":{\"@id\":\"http:\/\/spazio-news.it\/?p=461#primaryimage\"},\"image\":{\"@id\":\"http:\/\/spazio-news.it\/?p=461#primaryimage\"},\"thumbnailUrl\":\"http:\/\/spazio-news.it\/wp-content\/uploads\/2018\/07\/Spazio-News-Magazine-Airbus-Elicottero-H145M-e1561663763537.jpg\",\"datePublished\":\"2018-07-29T10:13:38+00:00\",\"description\":\"Il Ministero della Difesa del Lussemburgo ha ordinato due elicotteri Airbus H145M multipurpose per missioni di Difesa e Sicurezza.Insieme agli elicotteri\",\"breadcrumb\":{\"@id\":\"http:\/\/spazio-news.it\/?p=461#breadcrumb\"},\"inLanguage\":\"it-IT\",\"potentialAction\":[{\"@type\":\"ReadAction\",\"target\":[\"http:\/\/spazio-news.it\/?p=461\"]}]},{\"@type\":\"ImageObject\",\"inLanguage\":\"it-IT\",\"@id\":\"http:\/\/spazio-news.it\/?p=461#primaryimage\",\"url\":\"http:\/\/spazio-news.it\/wp-content\/uploads\/2018\/07\/Spazio-News-Magazine-Airbus-Elicottero-H145M-e1561663763537.jpg\",\"contentUrl\":\"http:\/\/spazio-news.it\/wp-content\/uploads\/2018\/07\/Spazio-News-Magazine-Airbus-Elicottero-H145M-e1561663763537.jpg\",\"width\":800,\"height\":446,\"caption\":\"Spazio-News Magazine Airbus Elicottero H145M\"},{\"@type\":\"BreadcrumbList\",\"@id\":\"http:\/\/spazio-news.it\/?p=461#breadcrumb\",\"itemListElement\":[{\"@type\":\"ListItem\",\"position\":1,\"name\":\"Home\",\"item\":\"http:\/\/spazio-news.it\/\"},{\"@type\":\"ListItem\",\"position\":2,\"name\":\"IL LUSSEMBURGO HA ACQUISTATO DUE ELICOTTERI AIRBUS H145M\"}]},{\"@type\":\"WebSite\",\"@id\":\"http:\/\/spazio-news.it\/#website\",\"url\":\"http:\/\/spazio-news.it\/\",\"name\":\"Spazio-News Magazine\",\"description\":\"La guida che sfida la complessit\u00e0 del mondo industriale\",\"publisher\":{\"@id\":\"http:\/\/spazio-news.it\/#organization\"},\"alternateName\":\"Spazio-news.it\",\"potentialAction\":[{\"@type\":\"SearchAction\",\"target\":{\"@type\":\"EntryPoint\",\"urlTemplate\":\"http:\/\/spazio-news.it\/?s={search_term_string}\"},\"query-input\":{\"@type\":\"PropertyValueSpecification\",\"valueRequired\":true,\"valueName\":\"search_term_string\"}}],\"inLanguage\":\"it-IT\"},{\"@type\":\"Organization\",\"@id\":\"http:\/\/spazio-news.it\/#organization\",\"name\":\"Spazio-News Magazine\",\"url\":\"http:\/\/spazio-news.it\/\",\"logo\":{\"@type\":\"ImageObject\",\"inLanguage\":\"it-IT\",\"@id\":\"http:\/\/spazio-news.it\/#\/schema\/logo\/image\/\",\"url\":\"http:\/\/spazio-news.it\/wp-content\/uploads\/2023\/09\/Logo-Spazio-News-512-x-512-NO-testo.jpg\",\"contentUrl\":\"http:\/\/spazio-news.it\/wp-content\/uploads\/2023\/09\/Logo-Spazio-News-512-x-512-NO-testo.jpg\",\"width\":512,\"height\":512,\"caption\":\"Spazio-News Magazine\"},\"image\":{\"@id\":\"http:\/\/spazio-news.it\/#\/schema\/logo\/image\/\"},\"sameAs\":[\"https:\/\/m.facebook.com\/spazio-news-magazine\",\"https:\/\/x.com\/News_spazio\"]},{\"@type\":\"Person\",\"@id\":\"http:\/\/spazio-news.it\/#\/schema\/person\/c600904e882e9e166ed8e5e3773d37b3\",\"name\":\"Redazione\",\"sameAs\":[\"http:\/\/spazio-news.it\",\"@SpazioNewsMagazine\",\"https:\/\/x.com\/@news_spazio\"],\"url\":\"http:\/\/spazio-news.it\/?author=1\"}]}<\/script>\n<!-- \/ Yoast SEO plugin. -->","yoast_head_json":{"title":"IL LUSSEMBURGO HA ACQUISTATO DUE ELICOTTERI AIRBUS H145M","description":"Il Ministero della Difesa del Lussemburgo ha ordinato due elicotteri Airbus H145M multipurpose per missioni di Difesa e Sicurezza.Insieme agli elicotteri","robots":{"index":"index","follow":"follow","max-snippet":"max-snippet:-1","max-image-preview":"max-image-preview:large","max-video-preview":"max-video-preview:-1"},"canonical":"http:\/\/spazio-news.it\/?p=461","og_locale":"it_IT","og_type":"article","og_title":"IL LUSSEMBURGO HA ACQUISTATO DUE ELICOTTERI AIRBUS H145M","og_description":"Il Ministero della Difesa del Lussemburgo ha ordinato due elicotteri Airbus H145M multipurpose per missioni di Difesa e Sicurezza.Insieme agli elicotteri","og_url":"http:\/\/spazio-news.it\/?p=461","og_site_name":"Spazio-News Magazine","article_publisher":"https:\/\/m.facebook.com\/spazio-news-magazine","article_author":"@SpazioNewsMagazine","article_published_time":"2018-07-29T10:13:38+00:00","og_image":[{"width":800,"height":446,"url":"http:\/\/spazio-news.it\/wp-content\/uploads\/2018\/07\/Spazio-News-Magazine-Airbus-Elicottero-H145M-e1561663763537.jpg","type":"image\/jpeg"}],"author":"Redazione","twitter_card":"summary_large_image","twitter_creator":"@news_spazio","twitter_site":"@News_spazio","twitter_misc":{"Scritto da":"Redazione","Tempo di lettura stimato":"1 minuto"},"schema":{"@context":"https:\/\/schema.org","@graph":[{"@type":"NewsArticle","@id":"http:\/\/spazio-news.it\/?p=461#article","isPartOf":{"@id":"http:\/\/spazio-news.it\/?p=461"},"author":{"name":"Redazione","@id":"http:\/\/spazio-news.it\/#\/schema\/person\/c600904e882e9e166ed8e5e3773d37b3"},"headline":"IL LUSSEMBURGO HA ACQUISTATO DUE ELICOTTERI AIRBUS H145M","datePublished":"2018-07-29T10:13:38+00:00","mainEntityOfPage":{"@id":"http:\/\/spazio-news.it\/?p=461"},"wordCount":251,"commentCount":0,"publisher":{"@id":"http:\/\/spazio-news.it\/#organization"},"image":{"@id":"http:\/\/spazio-news.it\/?p=461#primaryimage"},"thumbnailUrl":"http:\/\/spazio-news.it\/wp-content\/uploads\/2018\/07\/Spazio-News-Magazine-Airbus-Elicottero-H145M-e1561663763537.jpg","keywords":["Airbus","difesa","elicottero","H145M","Lussemburgo"],"articleSection":["01 - PRIMA PAGINA","02 - INDUSTRIA"],"inLanguage":"it-IT","potentialAction":[{"@type":"CommentAction","name":"Comment","target":["http:\/\/spazio-news.it\/?p=461#respond"]}]},{"@type":"WebPage","@id":"http:\/\/spazio-news.it\/?p=461","url":"http:\/\/spazio-news.it\/?p=461","name":"IL LUSSEMBURGO HA ACQUISTATO DUE ELICOTTERI AIRBUS H145M","isPartOf":{"@id":"http:\/\/spazio-news.it\/#website"},"primaryImageOfPage":{"@id":"http:\/\/spazio-news.it\/?p=461#primaryimage"},"image":{"@id":"http:\/\/spazio-news.it\/?p=461#primaryimage"},"thumbnailUrl":"http:\/\/spazio-news.it\/wp-content\/uploads\/2018\/07\/Spazio-News-Magazine-Airbus-Elicottero-H145M-e1561663763537.jpg","datePublished":"2018-07-29T10:13:38+00:00","description":"Il Ministero della Difesa del Lussemburgo ha ordinato due elicotteri Airbus H145M multipurpose per missioni di Difesa e Sicurezza.Insieme agli elicotteri","breadcrumb":{"@id":"http:\/\/spazio-news.it\/?p=461#breadcrumb"},"inLanguage":"it-IT","potentialAction":[{"@type":"ReadAction","target":["http:\/\/spazio-news.it\/?p=461"]}]},{"@type":"ImageObject","inLanguage":"it-IT","@id":"http:\/\/spazio-news.it\/?p=461#primaryimage","url":"http:\/\/spazio-news.it\/wp-content\/uploads\/2018\/07\/Spazio-News-Magazine-Airbus-Elicottero-H145M-e1561663763537.jpg","contentUrl":"http:\/\/spazio-news.it\/wp-content\/uploads\/2018\/07\/Spazio-News-Magazine-Airbus-Elicottero-H145M-e1561663763537.jpg","width":800,"height":446,"caption":"Spazio-News Magazine Airbus Elicottero H145M"},{"@type":"BreadcrumbList","@id":"http:\/\/spazio-news.it\/?p=461#breadcrumb","itemListElement":[{"@type":"ListItem","position":1,"name":"Home","item":"http:\/\/spazio-news.it\/"},{"@type":"ListItem","position":2,"name":"IL LUSSEMBURGO HA ACQUISTATO DUE ELICOTTERI AIRBUS H145M"}]},{"@type":"WebSite","@id":"http:\/\/spazio-news.it\/#website","url":"http:\/\/spazio-news.it\/","name":"Spazio-News Magazine","description":"La guida che sfida la complessit\u00e0 del mondo industriale","publisher":{"@id":"http:\/\/spazio-news.it\/#organization"},"alternateName":"Spazio-news.it","potentialAction":[{"@type":"SearchAction","target":{"@type":"EntryPoint","urlTemplate":"http:\/\/spazio-news.it\/?s={search_term_string}"},"query-input":{"@type":"PropertyValueSpecification","valueRequired":true,"valueName":"search_term_string"}}],"inLanguage":"it-IT"},{"@type":"Organization","@id":"http:\/\/spazio-news.it\/#organization","name":"Spazio-News Magazine","url":"http:\/\/spazio-news.it\/","logo":{"@type":"ImageObject","inLanguage":"it-IT","@id":"http:\/\/spazio-news.it\/#\/schema\/logo\/image\/","url":"http:\/\/spazio-news.it\/wp-content\/uploads\/2023\/09\/Logo-Spazio-News-512-x-512-NO-testo.jpg","contentUrl":"http:\/\/spazio-news.it\/wp-content\/uploads\/2023\/09\/Logo-Spazio-News-512-x-512-NO-testo.jpg","width":512,"height":512,"caption":"Spazio-News Magazine"},"image":{"@id":"http:\/\/spazio-news.it\/#\/schema\/logo\/image\/"},"sameAs":["https:\/\/m.facebook.com\/spazio-news-magazine","https:\/\/x.com\/News_spazio"]},{"@type":"Person","@id":"http:\/\/spazio-news.it\/#\/schema\/person\/c600904e882e9e166ed8e5e3773d37b3","name":"Redazione","sameAs":["http:\/\/spazio-news.it","@SpazioNewsMagazine","https:\/\/x.com\/@news_spazio"],"url":"http:\/\/spazio-news.it\/?author=1"}]}},"_links":{"self":[{"href":"http:\/\/spazio-news.it\/index.php?rest_route=\/wp\/v2\/posts\/461","targetHints":{"allow":["GET"]}}],"collection":[{"href":"http:\/\/spazio-news.it\/index.php?rest_route=\/wp\/v2\/posts"}],"about":[{"href":"http:\/\/spazio-news.it\/index.php?rest_route=\/wp\/v2\/types\/post"}],"author":[{"embeddable":true,"href":"http:\/\/spazio-news.it\/index.php?rest_route=\/wp\/v2\/users\/1"}],"replies":[{"embeddable":true,"href":"http:\/\/spazio-news.it\/index.php?rest_route=%2Fwp%2Fv2%2Fcomments&post=461"}],"version-history":[{"count":3,"href":"http:\/\/spazio-news.it\/index.php?rest_route=\/wp\/v2\/posts\/461\/revisions"}],"predecessor-version":[{"id":465,"href":"http:\/\/spazio-news.it\/index.php?rest_route=\/wp\/v2\/posts\/461\/revisions\/465"}],"wp:featuredmedia":[{"embeddable":true,"href":"http:\/\/spazio-news.it\/index.php?rest_route=\/wp\/v2\/media\/462"}],"wp:attachment":[{"href":"http:\/\/spazio-news.it\/index.php?rest_route=%2Fwp%2Fv2%2Fmedia&parent=461"}],"wp:term":[{"taxonomy":"category","embeddable":true,"href":"http:\/\/spazio-news.it\/index.php?rest_route=%2Fwp%2Fv2%2Fcategories&post=461"},{"taxonomy":"post_tag","embeddable":true,"href":"http:\/\/spazio-news.it\/index.php?rest_route=%2Fwp%2Fv2%2Ftags&post=461"}],"curies":[{"name":"wp","href":"https:\/\/api.w.org\/{rel}","templated":true}]}}