{"id":4816,"date":"2019-06-14T07:33:53","date_gmt":"2019-06-14T06:33:53","guid":{"rendered":"http:\/\/spazio-news.it\/?p=4816"},"modified":"2019-06-09T14:44:55","modified_gmt":"2019-06-09T13:44:55","slug":"fondazione-leonardo-civilta-delle-macchine-rinasce","status":"publish","type":"post","link":"http:\/\/spazio-news.it\/?p=4816","title":{"rendered":"FONDAZIONE LEONARDO: RINASCE \u201cCIVILT\u00c0 DELLE MACCHINE\u201d"},"content":{"rendered":"<p>\u201c<strong>Civilt\u00e0 delle macchine<\/strong>\u201d rinasce dopo trent\u2019anni. La <a href=\"http:\/\/www.leonardocompany.com\/\">Fondazione Leonardo<\/a>, costituita da qualche mese, rinnova il <strong>progetto editoriale<\/strong> che nel 1953, con <strong>Leonardo Sinisgalli<\/strong>, ingegnere, poeta, matematico e primo <strong>direttore della rivista<\/strong>, appassion\u00f2 tanti lettori nel periodo della Ricostruzione e dello sviluppo economico dell\u2019Italia.<\/p>\n<p>Il nome della pubblicazione, che \u00e8 trimestrale, rimane quello originario ed \u00e8 un incontro felice tra due parole preziose: <strong>\u201cCivilt\u00e0\u201d<\/strong> che rappresenta le conquiste di una societ\u00e0 che raggiunge un livello culturale evoluto e <strong>\u201cMacchine\u201d<\/strong> che simboleggia il lavoro della mente dell\u2019uomo, capace di realizzare congegni sempre pi\u00f9 perfezionati per compiere lavori, spesso straordinari, con risparmio di fatica e di tempo.<\/p>\n<p>La <strong>rivista<\/strong>, grazie al contributo di filosofi, scienziati e artisti, ha proprio <strong>l\u2019obiettivo di far dialogare scienza e umanesimo nella fase del pieno sviluppo tecnologico<\/strong>.<\/p>\n<p>Non a caso la <strong>Fondazione Leonardo<\/strong> ha scelto di presentare il primo numero della rivista a <strong>Milano<\/strong>, nel <strong>Museo Nazionale della Scienza e della Tecnologia<\/strong>, luogo simbolico e crocevia di saperi e culture. E lo ha fatto dando la parola a chi, con pazienza, sta contribuendo a questo progetto.<\/p>\n<p>Tra questi, <strong>Luciano Violante<\/strong>, presidente della Fondazione Leonardo: <strong><em>\u201cCon \u2018Civilt\u00e0 delle Macchine\u2019 ci rivolgiamo alle generazioni pi\u00f9 giovani che nel mondo digitale vivono e vivranno.<\/em><\/strong><em> Potranno sfogliare liberamente la rivista collegandosi al sito della Fondazione e potranno interloquire con il direttore, dandoci idee, suggestioni, proposte. Per loro stiamo anche lanciando un concorso di idee per temi legati all\u2019intelligenza artificiale, nei campi della medicina, finanza, giustizia e difesa; stiamo organizzando, in collaborazione con le universit\u00e0, alcune conversazioni sul futuro incontrando grandi protagonisti del mondo d\u2019oggi. Aiutare l\u2019uomo a servirsi della tecnica; aiutare la tecnica a servire l\u2019uomo. Questi i nostri obiettivi, che abbiamo chiamato umanesimo digitale\u201d.<\/em><\/p>\n<p>Anche per Peppino Caldarola, direttore della nuova rivista, ci troviamo davanti a una grande scommessa culturale: <strong><em>\u201cCivilt\u00e0 delle Macchine\u2019 nel 1953 era un giornale controcorrente e anche oggi ha l\u2019ambizione di esserlo.<\/em><\/strong><em> Controcorrente perch\u00e9 fa dialogare ci\u00f2 che \u00e8 diverso, perch\u00e9 ama la parola ragionata e non quella urlata, cerca un nuovo umanesimo nelle lettere e nella scienza. Non avr\u00e0 limiti nell\u2019esplorare i prodotti del pensiero, dei sogni, delle invenzioni. La cultura \u00e8 l\u2019unica nostra tesi e d\u00e0 gioia\u201d.&nbsp;<\/em><\/p>\n<p>La presentazione del primo numero di \u2018Civilt\u00e0 delle Macchine\u2019, con la proiezione di alcuni filmati evocativi della ricostruzione industriale e civile del nostro Paese, opera dal regista Maurizio Sciarra, \u00e8 stata chiusa da Alessandro Profumo, amministratore delegato di Leonardo Spa che per primo, insieme al presidente Giovanni De Gennaro, ha creduto in questo nuovo progetto.<\/p>\n<p><em>\u201cIn un mondo profondamente cambiato e che affronta la \u201crivoluzione digitale\u201d, le motivazioni per la rinascita di Civilt\u00e0 delle Macchine sono le stesse di 66 anni fa: riflettere sul rapporto tra scienza, tecnologia e uomo e creare un luogo di incontro interdisciplinare e aperto alla contaminazione tra mondi in apparenza distanti, ma in realt\u00e0 profondamente interconnessi &#8211; <\/em>ha concluso Alessandro Profumo -. <strong><em>Sono convinto che questa seconda vita della rivista potr\u00e0 essere utile per tutti noi, favorendo cos\u00ec la nascita di un \u2018umanesimo digitale\u2019, in cui il saper fare sia importante almeno quanto il saper pensare,<\/em><\/strong><em> per crescere umanamente e professionalmente e per arricchire le comunit\u00e0 in cui viviamo<\/em>\u201d.<\/p>\n","protected":false},"excerpt":{"rendered":"<p>\u201cCivilt\u00e0 delle macchine\u201d rinasce dopo trent\u2019anni. La Fondazione Leonardo, costituita da qualche mese, rinnova il progetto editoriale che nel 1953,<\/p>\n","protected":false},"author":1,"featured_media":520,"comment_status":"closed","ping_status":"open","sticky":false,"template":"","format":"standard","meta":{"colormag_page_container_layout":"default_layout","colormag_page_sidebar_layout":"default_layout","footnotes":""},"categories":[32,4],"tags":[591,2787,2065,260,2788],"class_list":["post-4816","post","type-post","status-publish","format-standard","has-post-thumbnail","hentry","category-prima-pagina","category-istituzioni","tag-alessandro-profumo","tag-fondazione-leonardo","tag-fondazione-leonardo-civilta-delle-macchine","tag-leonardo-spa","tag-luciano-violante"],"yoast_head":"<!-- This site is optimized with the Yoast SEO plugin v26.8 - https:\/\/yoast.com\/product\/yoast-seo-wordpress\/ -->\n<title>FONDAZIONE LEONARDO: RINASCE \u201cCIVILT\u00c0 DELLE MACCHINE\u201d &#187; Spazio-News Magazine<\/title>\n<meta name=\"description\" content=\"\u201cCivilt\u00e0 delle macchine\u201d rinasce dopo trent\u2019anni. La Fondazione Leonardo, costituita da qualche mese, rinnova il progetto editoriale che nel\" \/>\n<meta name=\"robots\" content=\"index, follow, max-snippet:-1, max-image-preview:large, max-video-preview:-1\" \/>\n<link rel=\"canonical\" href=\"http:\/\/spazio-news.it\/?p=4816\" \/>\n<meta property=\"og:locale\" content=\"it_IT\" \/>\n<meta property=\"og:type\" content=\"article\" \/>\n<meta property=\"og:title\" content=\"FONDAZIONE LEONARDO: RINASCE \u201cCIVILT\u00c0 DELLE MACCHINE\u201d &#187; Spazio-News Magazine\" \/>\n<meta property=\"og:description\" content=\"\u201cCivilt\u00e0 delle macchine\u201d rinasce dopo trent\u2019anni. La Fondazione Leonardo, costituita da qualche mese, rinnova il progetto editoriale che nel\" \/>\n<meta property=\"og:url\" content=\"http:\/\/spazio-news.it\/?p=4816\" \/>\n<meta property=\"og:site_name\" content=\"Spazio-News Magazine\" \/>\n<meta property=\"article:publisher\" content=\"https:\/\/m.facebook.com\/spazio-news-magazine\" \/>\n<meta property=\"article:author\" content=\"@SpazioNewsMagazine\" \/>\n<meta property=\"article:published_time\" content=\"2019-06-14T06:33:53+00:00\" \/>\n<meta property=\"og:image\" content=\"http:\/\/spazio-news.it\/wp-content\/uploads\/2018\/08\/Spazio-news.it-Leonardo-Alessandro-Profumo-e1557669798681.jpg\" \/>\n\t<meta property=\"og:image:width\" content=\"800\" \/>\n\t<meta property=\"og:image:height\" content=\"446\" \/>\n\t<meta property=\"og:image:type\" content=\"image\/jpeg\" \/>\n<meta name=\"author\" content=\"Redazione\" \/>\n<meta name=\"twitter:card\" content=\"summary_large_image\" \/>\n<meta name=\"twitter:creator\" content=\"@news_spazio\" \/>\n<meta name=\"twitter:site\" content=\"@News_spazio\" \/>\n<meta name=\"twitter:label1\" content=\"Scritto da\" \/>\n\t<meta name=\"twitter:data1\" content=\"Redazione\" \/>\n\t<meta name=\"twitter:label2\" content=\"Tempo di lettura stimato\" \/>\n\t<meta name=\"twitter:data2\" content=\"3 minuti\" \/>\n<script type=\"application\/ld+json\" class=\"yoast-schema-graph\">{\"@context\":\"https:\/\/schema.org\",\"@graph\":[{\"@type\":\"NewsArticle\",\"@id\":\"http:\/\/spazio-news.it\/?p=4816#article\",\"isPartOf\":{\"@id\":\"http:\/\/spazio-news.it\/?p=4816\"},\"author\":{\"name\":\"Redazione\",\"@id\":\"https:\/\/spazio-news.it\/#\/schema\/person\/c600904e882e9e166ed8e5e3773d37b3\"},\"headline\":\"FONDAZIONE LEONARDO: RINASCE \u201cCIVILT\u00c0 DELLE MACCHINE\u201d\",\"datePublished\":\"2019-06-14T06:33:53+00:00\",\"mainEntityOfPage\":{\"@id\":\"http:\/\/spazio-news.it\/?p=4816\"},\"wordCount\":536,\"publisher\":{\"@id\":\"https:\/\/spazio-news.it\/#organization\"},\"image\":{\"@id\":\"http:\/\/spazio-news.it\/?p=4816#primaryimage\"},\"thumbnailUrl\":\"http:\/\/spazio-news.it\/wp-content\/uploads\/2018\/08\/Spazio-news.it-Leonardo-Alessandro-Profumo-e1557669798681.jpg\",\"keywords\":[\"Alessandro Profumo\",\"Fondazione Leonardo\",\"Fondazione Leonardo - Civilt\u00e0 delle Macchine\",\"Leonardo SPA\",\"Luciano Violante\"],\"articleSection\":[\"01 - PRIMA PAGINA\",\"03 - ISTITUZIONI\"],\"inLanguage\":\"it-IT\"},{\"@type\":\"WebPage\",\"@id\":\"http:\/\/spazio-news.it\/?p=4816\",\"url\":\"http:\/\/spazio-news.it\/?p=4816\",\"name\":\"FONDAZIONE LEONARDO: RINASCE \u201cCIVILT\u00c0 DELLE MACCHINE\u201d &#187; Spazio-News Magazine\",\"isPartOf\":{\"@id\":\"https:\/\/spazio-news.it\/#website\"},\"primaryImageOfPage\":{\"@id\":\"http:\/\/spazio-news.it\/?p=4816#primaryimage\"},\"image\":{\"@id\":\"http:\/\/spazio-news.it\/?p=4816#primaryimage\"},\"thumbnailUrl\":\"http:\/\/spazio-news.it\/wp-content\/uploads\/2018\/08\/Spazio-news.it-Leonardo-Alessandro-Profumo-e1557669798681.jpg\",\"datePublished\":\"2019-06-14T06:33:53+00:00\",\"description\":\"\u201cCivilt\u00e0 delle macchine\u201d rinasce dopo trent\u2019anni. La Fondazione Leonardo, costituita da qualche mese, rinnova il progetto editoriale che nel\",\"breadcrumb\":{\"@id\":\"http:\/\/spazio-news.it\/?p=4816#breadcrumb\"},\"inLanguage\":\"it-IT\",\"potentialAction\":[{\"@type\":\"ReadAction\",\"target\":[\"http:\/\/spazio-news.it\/?p=4816\"]}]},{\"@type\":\"ImageObject\",\"inLanguage\":\"it-IT\",\"@id\":\"http:\/\/spazio-news.it\/?p=4816#primaryimage\",\"url\":\"http:\/\/spazio-news.it\/wp-content\/uploads\/2018\/08\/Spazio-news.it-Leonardo-Alessandro-Profumo-e1557669798681.jpg\",\"contentUrl\":\"http:\/\/spazio-news.it\/wp-content\/uploads\/2018\/08\/Spazio-news.it-Leonardo-Alessandro-Profumo-e1557669798681.jpg\",\"width\":800,\"height\":446,\"caption\":\"Spazio-news.it Leonardo Alessandro Profumo\"},{\"@type\":\"BreadcrumbList\",\"@id\":\"http:\/\/spazio-news.it\/?p=4816#breadcrumb\",\"itemListElement\":[{\"@type\":\"ListItem\",\"position\":1,\"name\":\"Home\",\"item\":\"https:\/\/spazio-news.it\/\"},{\"@type\":\"ListItem\",\"position\":2,\"name\":\"FONDAZIONE LEONARDO: RINASCE \u201cCIVILT\u00c0 DELLE MACCHINE\u201d\"}]},{\"@type\":\"WebSite\",\"@id\":\"https:\/\/spazio-news.it\/#website\",\"url\":\"https:\/\/spazio-news.it\/\",\"name\":\"Spazio-News Magazine\",\"description\":\"La guida che sfida la complessit\u00e0 del mondo industriale\",\"publisher\":{\"@id\":\"https:\/\/spazio-news.it\/#organization\"},\"alternateName\":\"Spazio-news.it\",\"potentialAction\":[{\"@type\":\"SearchAction\",\"target\":{\"@type\":\"EntryPoint\",\"urlTemplate\":\"https:\/\/spazio-news.it\/?s={search_term_string}\"},\"query-input\":{\"@type\":\"PropertyValueSpecification\",\"valueRequired\":true,\"valueName\":\"search_term_string\"}}],\"inLanguage\":\"it-IT\"},{\"@type\":\"Organization\",\"@id\":\"https:\/\/spazio-news.it\/#organization\",\"name\":\"Spazio-News Magazine\",\"url\":\"https:\/\/spazio-news.it\/\",\"logo\":{\"@type\":\"ImageObject\",\"inLanguage\":\"it-IT\",\"@id\":\"https:\/\/spazio-news.it\/#\/schema\/logo\/image\/\",\"url\":\"http:\/\/spazio-news.it\/wp-content\/uploads\/2023\/09\/Logo-Spazio-News-512-x-512-NO-testo.jpg\",\"contentUrl\":\"http:\/\/spazio-news.it\/wp-content\/uploads\/2023\/09\/Logo-Spazio-News-512-x-512-NO-testo.jpg\",\"width\":512,\"height\":512,\"caption\":\"Spazio-News Magazine\"},\"image\":{\"@id\":\"https:\/\/spazio-news.it\/#\/schema\/logo\/image\/\"},\"sameAs\":[\"https:\/\/m.facebook.com\/spazio-news-magazine\",\"https:\/\/x.com\/News_spazio\"]},{\"@type\":\"Person\",\"@id\":\"https:\/\/spazio-news.it\/#\/schema\/person\/c600904e882e9e166ed8e5e3773d37b3\",\"name\":\"Redazione\",\"sameAs\":[\"http:\/\/spazio-news.it\",\"@SpazioNewsMagazine\",\"https:\/\/x.com\/@news_spazio\"],\"url\":\"http:\/\/spazio-news.it\/?author=1\"}]}<\/script>\n<!-- \/ Yoast SEO plugin. -->","yoast_head_json":{"title":"FONDAZIONE LEONARDO: RINASCE \u201cCIVILT\u00c0 DELLE MACCHINE\u201d &#187; Spazio-News Magazine","description":"\u201cCivilt\u00e0 delle macchine\u201d rinasce dopo trent\u2019anni. La Fondazione Leonardo, costituita da qualche mese, rinnova il progetto editoriale che nel","robots":{"index":"index","follow":"follow","max-snippet":"max-snippet:-1","max-image-preview":"max-image-preview:large","max-video-preview":"max-video-preview:-1"},"canonical":"http:\/\/spazio-news.it\/?p=4816","og_locale":"it_IT","og_type":"article","og_title":"FONDAZIONE LEONARDO: RINASCE \u201cCIVILT\u00c0 DELLE MACCHINE\u201d &#187; Spazio-News Magazine","og_description":"\u201cCivilt\u00e0 delle macchine\u201d rinasce dopo trent\u2019anni. La Fondazione Leonardo, costituita da qualche mese, rinnova il progetto editoriale che nel","og_url":"http:\/\/spazio-news.it\/?p=4816","og_site_name":"Spazio-News Magazine","article_publisher":"https:\/\/m.facebook.com\/spazio-news-magazine","article_author":"@SpazioNewsMagazine","article_published_time":"2019-06-14T06:33:53+00:00","og_image":[{"width":800,"height":446,"url":"http:\/\/spazio-news.it\/wp-content\/uploads\/2018\/08\/Spazio-news.it-Leonardo-Alessandro-Profumo-e1557669798681.jpg","type":"image\/jpeg"}],"author":"Redazione","twitter_card":"summary_large_image","twitter_creator":"@news_spazio","twitter_site":"@News_spazio","twitter_misc":{"Scritto da":"Redazione","Tempo di lettura stimato":"3 minuti"},"schema":{"@context":"https:\/\/schema.org","@graph":[{"@type":"NewsArticle","@id":"http:\/\/spazio-news.it\/?p=4816#article","isPartOf":{"@id":"http:\/\/spazio-news.it\/?p=4816"},"author":{"name":"Redazione","@id":"https:\/\/spazio-news.it\/#\/schema\/person\/c600904e882e9e166ed8e5e3773d37b3"},"headline":"FONDAZIONE LEONARDO: RINASCE \u201cCIVILT\u00c0 DELLE MACCHINE\u201d","datePublished":"2019-06-14T06:33:53+00:00","mainEntityOfPage":{"@id":"http:\/\/spazio-news.it\/?p=4816"},"wordCount":536,"publisher":{"@id":"https:\/\/spazio-news.it\/#organization"},"image":{"@id":"http:\/\/spazio-news.it\/?p=4816#primaryimage"},"thumbnailUrl":"http:\/\/spazio-news.it\/wp-content\/uploads\/2018\/08\/Spazio-news.it-Leonardo-Alessandro-Profumo-e1557669798681.jpg","keywords":["Alessandro Profumo","Fondazione Leonardo","Fondazione Leonardo - Civilt\u00e0 delle Macchine","Leonardo SPA","Luciano Violante"],"articleSection":["01 - PRIMA PAGINA","03 - ISTITUZIONI"],"inLanguage":"it-IT"},{"@type":"WebPage","@id":"http:\/\/spazio-news.it\/?p=4816","url":"http:\/\/spazio-news.it\/?p=4816","name":"FONDAZIONE LEONARDO: RINASCE \u201cCIVILT\u00c0 DELLE MACCHINE\u201d &#187; Spazio-News Magazine","isPartOf":{"@id":"https:\/\/spazio-news.it\/#website"},"primaryImageOfPage":{"@id":"http:\/\/spazio-news.it\/?p=4816#primaryimage"},"image":{"@id":"http:\/\/spazio-news.it\/?p=4816#primaryimage"},"thumbnailUrl":"http:\/\/spazio-news.it\/wp-content\/uploads\/2018\/08\/Spazio-news.it-Leonardo-Alessandro-Profumo-e1557669798681.jpg","datePublished":"2019-06-14T06:33:53+00:00","description":"\u201cCivilt\u00e0 delle macchine\u201d rinasce dopo trent\u2019anni. La Fondazione Leonardo, costituita da qualche mese, rinnova il progetto editoriale che nel","breadcrumb":{"@id":"http:\/\/spazio-news.it\/?p=4816#breadcrumb"},"inLanguage":"it-IT","potentialAction":[{"@type":"ReadAction","target":["http:\/\/spazio-news.it\/?p=4816"]}]},{"@type":"ImageObject","inLanguage":"it-IT","@id":"http:\/\/spazio-news.it\/?p=4816#primaryimage","url":"http:\/\/spazio-news.it\/wp-content\/uploads\/2018\/08\/Spazio-news.it-Leonardo-Alessandro-Profumo-e1557669798681.jpg","contentUrl":"http:\/\/spazio-news.it\/wp-content\/uploads\/2018\/08\/Spazio-news.it-Leonardo-Alessandro-Profumo-e1557669798681.jpg","width":800,"height":446,"caption":"Spazio-news.it Leonardo Alessandro Profumo"},{"@type":"BreadcrumbList","@id":"http:\/\/spazio-news.it\/?p=4816#breadcrumb","itemListElement":[{"@type":"ListItem","position":1,"name":"Home","item":"https:\/\/spazio-news.it\/"},{"@type":"ListItem","position":2,"name":"FONDAZIONE LEONARDO: RINASCE \u201cCIVILT\u00c0 DELLE MACCHINE\u201d"}]},{"@type":"WebSite","@id":"https:\/\/spazio-news.it\/#website","url":"https:\/\/spazio-news.it\/","name":"Spazio-News Magazine","description":"La guida che sfida la complessit\u00e0 del mondo industriale","publisher":{"@id":"https:\/\/spazio-news.it\/#organization"},"alternateName":"Spazio-news.it","potentialAction":[{"@type":"SearchAction","target":{"@type":"EntryPoint","urlTemplate":"https:\/\/spazio-news.it\/?s={search_term_string}"},"query-input":{"@type":"PropertyValueSpecification","valueRequired":true,"valueName":"search_term_string"}}],"inLanguage":"it-IT"},{"@type":"Organization","@id":"https:\/\/spazio-news.it\/#organization","name":"Spazio-News Magazine","url":"https:\/\/spazio-news.it\/","logo":{"@type":"ImageObject","inLanguage":"it-IT","@id":"https:\/\/spazio-news.it\/#\/schema\/logo\/image\/","url":"http:\/\/spazio-news.it\/wp-content\/uploads\/2023\/09\/Logo-Spazio-News-512-x-512-NO-testo.jpg","contentUrl":"http:\/\/spazio-news.it\/wp-content\/uploads\/2023\/09\/Logo-Spazio-News-512-x-512-NO-testo.jpg","width":512,"height":512,"caption":"Spazio-News Magazine"},"image":{"@id":"https:\/\/spazio-news.it\/#\/schema\/logo\/image\/"},"sameAs":["https:\/\/m.facebook.com\/spazio-news-magazine","https:\/\/x.com\/News_spazio"]},{"@type":"Person","@id":"https:\/\/spazio-news.it\/#\/schema\/person\/c600904e882e9e166ed8e5e3773d37b3","name":"Redazione","sameAs":["http:\/\/spazio-news.it","@SpazioNewsMagazine","https:\/\/x.com\/@news_spazio"],"url":"http:\/\/spazio-news.it\/?author=1"}]}},"_links":{"self":[{"href":"http:\/\/spazio-news.it\/index.php?rest_route=\/wp\/v2\/posts\/4816","targetHints":{"allow":["GET"]}}],"collection":[{"href":"http:\/\/spazio-news.it\/index.php?rest_route=\/wp\/v2\/posts"}],"about":[{"href":"http:\/\/spazio-news.it\/index.php?rest_route=\/wp\/v2\/types\/post"}],"author":[{"embeddable":true,"href":"http:\/\/spazio-news.it\/index.php?rest_route=\/wp\/v2\/users\/1"}],"replies":[{"embeddable":true,"href":"http:\/\/spazio-news.it\/index.php?rest_route=%2Fwp%2Fv2%2Fcomments&post=4816"}],"version-history":[{"count":3,"href":"http:\/\/spazio-news.it\/index.php?rest_route=\/wp\/v2\/posts\/4816\/revisions"}],"predecessor-version":[{"id":4836,"href":"http:\/\/spazio-news.it\/index.php?rest_route=\/wp\/v2\/posts\/4816\/revisions\/4836"}],"wp:featuredmedia":[{"embeddable":true,"href":"http:\/\/spazio-news.it\/index.php?rest_route=\/wp\/v2\/media\/520"}],"wp:attachment":[{"href":"http:\/\/spazio-news.it\/index.php?rest_route=%2Fwp%2Fv2%2Fmedia&parent=4816"}],"wp:term":[{"taxonomy":"category","embeddable":true,"href":"http:\/\/spazio-news.it\/index.php?rest_route=%2Fwp%2Fv2%2Fcategories&post=4816"},{"taxonomy":"post_tag","embeddable":true,"href":"http:\/\/spazio-news.it\/index.php?rest_route=%2Fwp%2Fv2%2Ftags&post=4816"}],"curies":[{"name":"wp","href":"https:\/\/api.w.org\/{rel}","templated":true}]}}