{"id":494,"date":"2018-07-31T11:25:58","date_gmt":"2018-07-31T11:25:58","guid":{"rendered":"http:\/\/spazio-news.it\/?p=494"},"modified":"2018-09-05T17:44:36","modified_gmt":"2018-09-05T17:44:36","slug":"farnesia-enac-e-assaeroporti-rilanciano-la-campagna-viaggiare-sicuri","status":"publish","type":"post","link":"http:\/\/spazio-news.it\/?p=494","title":{"rendered":"FARNESIA, ENAC E ASSAEROPORTI RILANCIANO LA CAMPAGNA VIAGGIARE SICURI"},"content":{"rendered":"<p>Riparte in <strong>27 aeroporti italiani<\/strong> la <strong>campagna informativa<\/strong>, promossa dall\u2019<strong>Unit\u00e0 di Crisi della Farnesina <\/strong>con l\u2019<strong>Ente Nazionale per l\u2019Aviazione Civile &#8211; ENAC<\/strong>, \u00a0e <strong>Assaeroporti<\/strong>, l\u2019associazione dei gestori aeroportuali italiani, per ricordare agli italiani che si accingono a trascorrere all\u2019estero le proprie vacanze l\u2019importanza di consultare \u201c<strong>Viaggiaresicuri.it<\/strong>\u201d e di iscriversi su \u201c<strong>Dovesiamonelmondo.it<\/strong>\u201d: due importanti strumenti a disposizione dei viaggiatori, per restare aggiornati sulle <strong>condizioni di sicurezza nei Paesi<\/strong> di destinazione, e per rendere pi\u00f9 <strong>rapida l\u2019assistenza da parte dell\u2019Unit\u00e0 di Crisi<\/strong> nell\u2019eventualit\u00e0 in cui si verifichi un\u2019emergenza.<\/p>\n<p><em>\u201cGli italiani che si muovono oggi nel mondo per turismo, per lavoro, per studio, per sport, per progetti di solidariet\u00e0, hanno sviluppato una particolare sensibilit\u00e0 sui temi della sicurezza \u2013<\/em> ha commentato Stefano Verrecchia, Capo dell\u2019Unit\u00e0 di Crisi della Farnesina -. <em>L\u2019Unit\u00e0 di Crisi, da oltre 30 anni al servizio di chi viaggia, si propone di accompagnarli, mettendo a disposizione risorse informative approfondite, indipendenti e credibili, per favorire scelte di viaggio consapevoli e responsabili. Scaricare la App dell\u2019Unit\u00e0 di Crisi prima di partire, consultare gli avvisi di sicurezza per il proprio Paese di destinazione, e registrarsi sul nostro portale online: tre mosse semplici per vivere il proprio viaggio all\u2019estero in serenit\u00e0\u201d<\/em>.<\/p>\n<p><em>\u201cAnche quest\u2019anno l\u2019ENAC supporta la campagna informativa promossa dall\u2019Unit\u00e0 di Crisi della Farnesina mettendo a disposizione i propri strumenti di comunicazione<\/em> \u2013 ha aggiunto il Direttore Generale dell\u2019ENAC Alessio Quaranta -. <em>per contribuire a sensibilizzare i viaggiatori che si recano all\u2019estero. Invitiamo i passeggeri che utilizzano il mezzo aereo a informarsi e registrarsi sui siti Viaggiare Sicuri e Dovesiamonelmondo, strumenti fondamentali per tutti noi per viaggiare in sicurezza tutto l\u2019anno e in particolare durante il periodo estivo che registra dati particolarmente intensi per il traffico aereo\u201d.<\/em><\/p>\n<p><em>\u201cAssaeroporti e gli aeroporti associati<\/em>\u00a0 &#8211; ha concluso Fulvio Cavalleri, Vice Presidente Vicario di ASSAEROPORTI -. <em>rinnovando anche quest\u2019anno l\u2019adesione all\u2019iniziativa dell\u2019Unit\u00e0 di Crisi della Farnesina, ne confermano l\u2019assoluta importanza in quanto poter disporre di strumenti quali quelli proposti offre particolare sicurezza e tranquillit\u00e0 ai nostri connazionali che, soprattutto nel periodo delle ferie estive, affrontano viaggi all\u2019estero con pi\u00f9 frequenza. La campagna informativa Viaggiare Sicuri \u00e8 gi\u00e0 capillarmente diffusa negli scali aeroportuali di tutto il territorio nazionale grazie all\u2019adesione di ENAC, Assaeroporti e soprattutto delle societ\u00e0 di gestione aeroportuale ADR, Aeroporti di Puglia, Aeroporto di Bologna, Aeroporto di Genova, Aeroporto FVG, Aeroporto Valerio Catullo, AIRGEST, AIRiminum 2014, GEASAR, GESAC, SAC, SACBO, SAGAT, SASE, SAVE, SEA, SOGAER e SOGEAAL\u201d<\/em>.<\/p>\n","protected":false},"excerpt":{"rendered":"<p>Riparte in 27 aeroporti italiani la campagna informativa, promossa dall\u2019Unit\u00e0 di Crisi della Farnesina con l\u2019Ente Nazionale per l\u2019Aviazione Civile<\/p>\n","protected":false},"author":1,"featured_media":193,"comment_status":"open","ping_status":"open","sticky":false,"template":"","format":"standard","meta":{"colormag_page_container_layout":"default_layout","colormag_page_sidebar_layout":"default_layout","footnotes":""},"categories":[32,6],"tags":[144,410,414,412,413,411],"class_list":["post-494","post","type-post","status-publish","format-standard","has-post-thumbnail","hentry","category-prima-pagina","category-economia-societa","tag-assaeroporti","tag-farnesina","tag-traffico-passeggeri","tag-unita-di-crisi-farnesina","tag-vancanza","tag-viaggiare-sicuri"],"yoast_head":"<!-- This site is optimized with the Yoast SEO plugin v26.8 - https:\/\/yoast.com\/product\/yoast-seo-wordpress\/ -->\n<title>FARNESIA, ENAC E ASSAEROPORTI RILANCIANO &quot;VIAGGIARE SICURI&quot;<\/title>\n<meta name=\"description\" content=\"Riparte in 27 aeroporti italiani la campagna informativa, promossa dall\u2019Unit\u00e0 di Crisi della Farnesina con l\u2019Ente Nazionale per l\u2019Aviazione Civile - ENAC,\" \/>\n<meta name=\"robots\" content=\"index, follow, max-snippet:-1, max-image-preview:large, max-video-preview:-1\" \/>\n<link rel=\"canonical\" href=\"http:\/\/spazio-news.it\/?p=494\" \/>\n<meta property=\"og:locale\" content=\"it_IT\" \/>\n<meta property=\"og:type\" content=\"article\" \/>\n<meta property=\"og:title\" content=\"FARNESIA, ENAC E ASSAEROPORTI RILANCIANO &quot;VIAGGIARE SICURI&quot;\" \/>\n<meta property=\"og:description\" content=\"Riparte in 27 aeroporti italiani la campagna informativa, promossa dall\u2019Unit\u00e0 di Crisi della Farnesina con l\u2019Ente Nazionale per l\u2019Aviazione Civile - ENAC,\" \/>\n<meta property=\"og:url\" content=\"http:\/\/spazio-news.it\/?p=494\" \/>\n<meta property=\"og:site_name\" content=\"Spazio-News Magazine\" \/>\n<meta property=\"article:publisher\" content=\"https:\/\/m.facebook.com\/spazio-news-magazine\" \/>\n<meta property=\"article:author\" content=\"@SpazioNewsMagazine\" \/>\n<meta property=\"article:published_time\" content=\"2018-07-31T11:25:58+00:00\" \/>\n<meta property=\"article:modified_time\" content=\"2018-09-05T17:44:36+00:00\" \/>\n<meta property=\"og:image\" content=\"http:\/\/spazio-news.it\/wp-content\/uploads\/2018\/07\/Spazio-News.it-Roma-Fiumicino-piazzola-aerei-Alitalia.jpg\" \/>\n\t<meta property=\"og:image:width\" content=\"800\" \/>\n\t<meta property=\"og:image:height\" content=\"445\" \/>\n\t<meta property=\"og:image:type\" content=\"image\/jpeg\" \/>\n<meta name=\"author\" content=\"Redazione\" \/>\n<meta name=\"twitter:card\" content=\"summary_large_image\" \/>\n<meta name=\"twitter:creator\" content=\"@news_spazio\" \/>\n<meta name=\"twitter:site\" content=\"@News_spazio\" \/>\n<meta name=\"twitter:label1\" content=\"Scritto da\" \/>\n\t<meta name=\"twitter:data1\" content=\"Redazione\" \/>\n\t<meta name=\"twitter:label2\" content=\"Tempo di lettura stimato\" \/>\n\t<meta name=\"twitter:data2\" content=\"2 minuti\" \/>\n<script type=\"application\/ld+json\" class=\"yoast-schema-graph\">{\"@context\":\"https:\/\/schema.org\",\"@graph\":[{\"@type\":\"NewsArticle\",\"@id\":\"http:\/\/spazio-news.it\/?p=494#article\",\"isPartOf\":{\"@id\":\"http:\/\/spazio-news.it\/?p=494\"},\"author\":{\"name\":\"Redazione\",\"@id\":\"http:\/\/spazio-news.it\/#\/schema\/person\/c600904e882e9e166ed8e5e3773d37b3\"},\"headline\":\"FARNESIA, ENAC E ASSAEROPORTI RILANCIANO LA CAMPAGNA VIAGGIARE SICURI\",\"datePublished\":\"2018-07-31T11:25:58+00:00\",\"dateModified\":\"2018-09-05T17:44:36+00:00\",\"mainEntityOfPage\":{\"@id\":\"http:\/\/spazio-news.it\/?p=494\"},\"wordCount\":433,\"commentCount\":0,\"publisher\":{\"@id\":\"http:\/\/spazio-news.it\/#organization\"},\"image\":{\"@id\":\"http:\/\/spazio-news.it\/?p=494#primaryimage\"},\"thumbnailUrl\":\"http:\/\/spazio-news.it\/wp-content\/uploads\/2018\/07\/Spazio-News.it-Roma-Fiumicino-piazzola-aerei-Alitalia.jpg\",\"keywords\":[\"Assaeroporti\",\"Farnesina\",\"traffico passeggeri\",\"Unit\u00e0 di crisi farnesina\",\"vancanza\",\"viaggiare sicuri\"],\"articleSection\":[\"01 - PRIMA PAGINA\",\"04 - ECONOMIA &amp; SOCIET\u00c0\"],\"inLanguage\":\"it-IT\",\"potentialAction\":[{\"@type\":\"CommentAction\",\"name\":\"Comment\",\"target\":[\"http:\/\/spazio-news.it\/?p=494#respond\"]}]},{\"@type\":\"WebPage\",\"@id\":\"http:\/\/spazio-news.it\/?p=494\",\"url\":\"http:\/\/spazio-news.it\/?p=494\",\"name\":\"FARNESIA, ENAC E ASSAEROPORTI RILANCIANO \\\"VIAGGIARE SICURI\\\"\",\"isPartOf\":{\"@id\":\"http:\/\/spazio-news.it\/#website\"},\"primaryImageOfPage\":{\"@id\":\"http:\/\/spazio-news.it\/?p=494#primaryimage\"},\"image\":{\"@id\":\"http:\/\/spazio-news.it\/?p=494#primaryimage\"},\"thumbnailUrl\":\"http:\/\/spazio-news.it\/wp-content\/uploads\/2018\/07\/Spazio-News.it-Roma-Fiumicino-piazzola-aerei-Alitalia.jpg\",\"datePublished\":\"2018-07-31T11:25:58+00:00\",\"dateModified\":\"2018-09-05T17:44:36+00:00\",\"description\":\"Riparte in 27 aeroporti italiani la campagna informativa, promossa dall\u2019Unit\u00e0 di Crisi della Farnesina con l\u2019Ente Nazionale per l\u2019Aviazione Civile - ENAC,\",\"breadcrumb\":{\"@id\":\"http:\/\/spazio-news.it\/?p=494#breadcrumb\"},\"inLanguage\":\"it-IT\",\"potentialAction\":[{\"@type\":\"ReadAction\",\"target\":[\"http:\/\/spazio-news.it\/?p=494\"]}]},{\"@type\":\"ImageObject\",\"inLanguage\":\"it-IT\",\"@id\":\"http:\/\/spazio-news.it\/?p=494#primaryimage\",\"url\":\"http:\/\/spazio-news.it\/wp-content\/uploads\/2018\/07\/Spazio-News.it-Roma-Fiumicino-piazzola-aerei-Alitalia.jpg\",\"contentUrl\":\"http:\/\/spazio-news.it\/wp-content\/uploads\/2018\/07\/Spazio-News.it-Roma-Fiumicino-piazzola-aerei-Alitalia.jpg\",\"width\":800,\"height\":445,\"caption\":\"Spazio-News.it -Roma Fiumicino piazzola aerei Alitalia\"},{\"@type\":\"BreadcrumbList\",\"@id\":\"http:\/\/spazio-news.it\/?p=494#breadcrumb\",\"itemListElement\":[{\"@type\":\"ListItem\",\"position\":1,\"name\":\"Home\",\"item\":\"http:\/\/spazio-news.it\/\"},{\"@type\":\"ListItem\",\"position\":2,\"name\":\"FARNESIA, ENAC E ASSAEROPORTI RILANCIANO LA CAMPAGNA VIAGGIARE SICURI\"}]},{\"@type\":\"WebSite\",\"@id\":\"http:\/\/spazio-news.it\/#website\",\"url\":\"http:\/\/spazio-news.it\/\",\"name\":\"Spazio-News Magazine\",\"description\":\"La guida che sfida la complessit\u00e0 del mondo industriale\",\"publisher\":{\"@id\":\"http:\/\/spazio-news.it\/#organization\"},\"alternateName\":\"Spazio-news.it\",\"potentialAction\":[{\"@type\":\"SearchAction\",\"target\":{\"@type\":\"EntryPoint\",\"urlTemplate\":\"http:\/\/spazio-news.it\/?s={search_term_string}\"},\"query-input\":{\"@type\":\"PropertyValueSpecification\",\"valueRequired\":true,\"valueName\":\"search_term_string\"}}],\"inLanguage\":\"it-IT\"},{\"@type\":\"Organization\",\"@id\":\"http:\/\/spazio-news.it\/#organization\",\"name\":\"Spazio-News Magazine\",\"url\":\"http:\/\/spazio-news.it\/\",\"logo\":{\"@type\":\"ImageObject\",\"inLanguage\":\"it-IT\",\"@id\":\"http:\/\/spazio-news.it\/#\/schema\/logo\/image\/\",\"url\":\"http:\/\/spazio-news.it\/wp-content\/uploads\/2023\/09\/Logo-Spazio-News-512-x-512-NO-testo.jpg\",\"contentUrl\":\"http:\/\/spazio-news.it\/wp-content\/uploads\/2023\/09\/Logo-Spazio-News-512-x-512-NO-testo.jpg\",\"width\":512,\"height\":512,\"caption\":\"Spazio-News Magazine\"},\"image\":{\"@id\":\"http:\/\/spazio-news.it\/#\/schema\/logo\/image\/\"},\"sameAs\":[\"https:\/\/m.facebook.com\/spazio-news-magazine\",\"https:\/\/x.com\/News_spazio\"]},{\"@type\":\"Person\",\"@id\":\"http:\/\/spazio-news.it\/#\/schema\/person\/c600904e882e9e166ed8e5e3773d37b3\",\"name\":\"Redazione\",\"sameAs\":[\"http:\/\/spazio-news.it\",\"@SpazioNewsMagazine\",\"https:\/\/x.com\/@news_spazio\"],\"url\":\"http:\/\/spazio-news.it\/?author=1\"}]}<\/script>\n<!-- \/ Yoast SEO plugin. -->","yoast_head_json":{"title":"FARNESIA, ENAC E ASSAEROPORTI RILANCIANO \"VIAGGIARE SICURI\"","description":"Riparte in 27 aeroporti italiani la campagna informativa, promossa dall\u2019Unit\u00e0 di Crisi della Farnesina con l\u2019Ente Nazionale per l\u2019Aviazione Civile - ENAC,","robots":{"index":"index","follow":"follow","max-snippet":"max-snippet:-1","max-image-preview":"max-image-preview:large","max-video-preview":"max-video-preview:-1"},"canonical":"http:\/\/spazio-news.it\/?p=494","og_locale":"it_IT","og_type":"article","og_title":"FARNESIA, ENAC E ASSAEROPORTI RILANCIANO \"VIAGGIARE SICURI\"","og_description":"Riparte in 27 aeroporti italiani la campagna informativa, promossa dall\u2019Unit\u00e0 di Crisi della Farnesina con l\u2019Ente Nazionale per l\u2019Aviazione Civile - ENAC,","og_url":"http:\/\/spazio-news.it\/?p=494","og_site_name":"Spazio-News Magazine","article_publisher":"https:\/\/m.facebook.com\/spazio-news-magazine","article_author":"@SpazioNewsMagazine","article_published_time":"2018-07-31T11:25:58+00:00","article_modified_time":"2018-09-05T17:44:36+00:00","og_image":[{"width":800,"height":445,"url":"http:\/\/spazio-news.it\/wp-content\/uploads\/2018\/07\/Spazio-News.it-Roma-Fiumicino-piazzola-aerei-Alitalia.jpg","type":"image\/jpeg"}],"author":"Redazione","twitter_card":"summary_large_image","twitter_creator":"@news_spazio","twitter_site":"@News_spazio","twitter_misc":{"Scritto da":"Redazione","Tempo di lettura stimato":"2 minuti"},"schema":{"@context":"https:\/\/schema.org","@graph":[{"@type":"NewsArticle","@id":"http:\/\/spazio-news.it\/?p=494#article","isPartOf":{"@id":"http:\/\/spazio-news.it\/?p=494"},"author":{"name":"Redazione","@id":"http:\/\/spazio-news.it\/#\/schema\/person\/c600904e882e9e166ed8e5e3773d37b3"},"headline":"FARNESIA, ENAC E ASSAEROPORTI RILANCIANO LA CAMPAGNA VIAGGIARE SICURI","datePublished":"2018-07-31T11:25:58+00:00","dateModified":"2018-09-05T17:44:36+00:00","mainEntityOfPage":{"@id":"http:\/\/spazio-news.it\/?p=494"},"wordCount":433,"commentCount":0,"publisher":{"@id":"http:\/\/spazio-news.it\/#organization"},"image":{"@id":"http:\/\/spazio-news.it\/?p=494#primaryimage"},"thumbnailUrl":"http:\/\/spazio-news.it\/wp-content\/uploads\/2018\/07\/Spazio-News.it-Roma-Fiumicino-piazzola-aerei-Alitalia.jpg","keywords":["Assaeroporti","Farnesina","traffico passeggeri","Unit\u00e0 di crisi farnesina","vancanza","viaggiare sicuri"],"articleSection":["01 - PRIMA PAGINA","04 - ECONOMIA &amp; SOCIET\u00c0"],"inLanguage":"it-IT","potentialAction":[{"@type":"CommentAction","name":"Comment","target":["http:\/\/spazio-news.it\/?p=494#respond"]}]},{"@type":"WebPage","@id":"http:\/\/spazio-news.it\/?p=494","url":"http:\/\/spazio-news.it\/?p=494","name":"FARNESIA, ENAC E ASSAEROPORTI RILANCIANO \"VIAGGIARE SICURI\"","isPartOf":{"@id":"http:\/\/spazio-news.it\/#website"},"primaryImageOfPage":{"@id":"http:\/\/spazio-news.it\/?p=494#primaryimage"},"image":{"@id":"http:\/\/spazio-news.it\/?p=494#primaryimage"},"thumbnailUrl":"http:\/\/spazio-news.it\/wp-content\/uploads\/2018\/07\/Spazio-News.it-Roma-Fiumicino-piazzola-aerei-Alitalia.jpg","datePublished":"2018-07-31T11:25:58+00:00","dateModified":"2018-09-05T17:44:36+00:00","description":"Riparte in 27 aeroporti italiani la campagna informativa, promossa dall\u2019Unit\u00e0 di Crisi della Farnesina con l\u2019Ente Nazionale per l\u2019Aviazione Civile - ENAC,","breadcrumb":{"@id":"http:\/\/spazio-news.it\/?p=494#breadcrumb"},"inLanguage":"it-IT","potentialAction":[{"@type":"ReadAction","target":["http:\/\/spazio-news.it\/?p=494"]}]},{"@type":"ImageObject","inLanguage":"it-IT","@id":"http:\/\/spazio-news.it\/?p=494#primaryimage","url":"http:\/\/spazio-news.it\/wp-content\/uploads\/2018\/07\/Spazio-News.it-Roma-Fiumicino-piazzola-aerei-Alitalia.jpg","contentUrl":"http:\/\/spazio-news.it\/wp-content\/uploads\/2018\/07\/Spazio-News.it-Roma-Fiumicino-piazzola-aerei-Alitalia.jpg","width":800,"height":445,"caption":"Spazio-News.it -Roma Fiumicino piazzola aerei Alitalia"},{"@type":"BreadcrumbList","@id":"http:\/\/spazio-news.it\/?p=494#breadcrumb","itemListElement":[{"@type":"ListItem","position":1,"name":"Home","item":"http:\/\/spazio-news.it\/"},{"@type":"ListItem","position":2,"name":"FARNESIA, ENAC E ASSAEROPORTI RILANCIANO LA CAMPAGNA VIAGGIARE SICURI"}]},{"@type":"WebSite","@id":"http:\/\/spazio-news.it\/#website","url":"http:\/\/spazio-news.it\/","name":"Spazio-News Magazine","description":"La guida che sfida la complessit\u00e0 del mondo industriale","publisher":{"@id":"http:\/\/spazio-news.it\/#organization"},"alternateName":"Spazio-news.it","potentialAction":[{"@type":"SearchAction","target":{"@type":"EntryPoint","urlTemplate":"http:\/\/spazio-news.it\/?s={search_term_string}"},"query-input":{"@type":"PropertyValueSpecification","valueRequired":true,"valueName":"search_term_string"}}],"inLanguage":"it-IT"},{"@type":"Organization","@id":"http:\/\/spazio-news.it\/#organization","name":"Spazio-News Magazine","url":"http:\/\/spazio-news.it\/","logo":{"@type":"ImageObject","inLanguage":"it-IT","@id":"http:\/\/spazio-news.it\/#\/schema\/logo\/image\/","url":"http:\/\/spazio-news.it\/wp-content\/uploads\/2023\/09\/Logo-Spazio-News-512-x-512-NO-testo.jpg","contentUrl":"http:\/\/spazio-news.it\/wp-content\/uploads\/2023\/09\/Logo-Spazio-News-512-x-512-NO-testo.jpg","width":512,"height":512,"caption":"Spazio-News Magazine"},"image":{"@id":"http:\/\/spazio-news.it\/#\/schema\/logo\/image\/"},"sameAs":["https:\/\/m.facebook.com\/spazio-news-magazine","https:\/\/x.com\/News_spazio"]},{"@type":"Person","@id":"http:\/\/spazio-news.it\/#\/schema\/person\/c600904e882e9e166ed8e5e3773d37b3","name":"Redazione","sameAs":["http:\/\/spazio-news.it","@SpazioNewsMagazine","https:\/\/x.com\/@news_spazio"],"url":"http:\/\/spazio-news.it\/?author=1"}]}},"_links":{"self":[{"href":"http:\/\/spazio-news.it\/index.php?rest_route=\/wp\/v2\/posts\/494","targetHints":{"allow":["GET"]}}],"collection":[{"href":"http:\/\/spazio-news.it\/index.php?rest_route=\/wp\/v2\/posts"}],"about":[{"href":"http:\/\/spazio-news.it\/index.php?rest_route=\/wp\/v2\/types\/post"}],"author":[{"embeddable":true,"href":"http:\/\/spazio-news.it\/index.php?rest_route=\/wp\/v2\/users\/1"}],"replies":[{"embeddable":true,"href":"http:\/\/spazio-news.it\/index.php?rest_route=%2Fwp%2Fv2%2Fcomments&post=494"}],"version-history":[{"count":6,"href":"http:\/\/spazio-news.it\/index.php?rest_route=\/wp\/v2\/posts\/494\/revisions"}],"predecessor-version":[{"id":735,"href":"http:\/\/spazio-news.it\/index.php?rest_route=\/wp\/v2\/posts\/494\/revisions\/735"}],"wp:featuredmedia":[{"embeddable":true,"href":"http:\/\/spazio-news.it\/index.php?rest_route=\/wp\/v2\/media\/193"}],"wp:attachment":[{"href":"http:\/\/spazio-news.it\/index.php?rest_route=%2Fwp%2Fv2%2Fmedia&parent=494"}],"wp:term":[{"taxonomy":"category","embeddable":true,"href":"http:\/\/spazio-news.it\/index.php?rest_route=%2Fwp%2Fv2%2Fcategories&post=494"},{"taxonomy":"post_tag","embeddable":true,"href":"http:\/\/spazio-news.it\/index.php?rest_route=%2Fwp%2Fv2%2Ftags&post=494"}],"curies":[{"name":"wp","href":"https:\/\/api.w.org\/{rel}","templated":true}]}}