{"id":5177,"date":"2019-06-26T09:59:08","date_gmt":"2019-06-26T08:59:08","guid":{"rendered":"http:\/\/spazio-news.it\/?p=5177"},"modified":"2019-07-12T20:57:56","modified_gmt":"2019-07-12T19:57:56","slug":"eag-incontro-tra-i-comandanti-delle-forze-aeree","status":"publish","type":"post","link":"http:\/\/spazio-news.it\/?p=5177","title":{"rendered":"EAG: INCONTRO TRA I COMANDANTI DELLE FORZE AEREE"},"content":{"rendered":"<p>Si\u00a0\u00e8 tenuto, a <b>Londra<\/b> la scorsa settimana, l\u2019<b>European Air Group Steering Group,<\/b> composto dai <b>Capi di Stato Maggiore<\/b> delle<b> Forze Aeree <\/b>di <b>Belgio<\/b>, <b>Francia<\/b>, <b>Germania<\/b>, <b>Italia<\/b>, <b>Paesi Bassi<\/b>, <b>Regno Unito<\/b> e <b>Spagna<\/b>.<\/p>\n<p>Lo <b>Steering Group<\/b> che quest&#8217;anno si \u00e8 riunito sotto la  presidenza del Generale di Squadra Aerea Alberto Rosso, Capo di Stato Maggiore dell&#8217;Aeronautica Militare, attuale <b>Direttore dello European Air Group &#8211; EAG<\/b>, \u00e8 il pi\u00f9 alto organo direttivo dell&#8217;EAG, cui fornisce linee di indirizzo e guida al massimo livello.<\/p>\n<p>I Capi di Stato Maggiore hanno discusso sul progresso dei molteplici progetti ed attivit\u00e0 dell&#8217;EAG allo scopo di delinearne lo sviluppo futuro. Il lavoro del gruppo abbraccia attualmente quattro campi di interesse:<\/p>\n<p><!-- [if !supportLists]-->\u00b7\u00a0\u00a0\u00a0\u00a0\u00a0\u00a0\u00a0\u00a0 <!--[endif]-->Operazioni Aeree,<\/p>\n<p><!-- [if !supportLists]-->\u00b7\u00a0\u00a0\u00a0\u00a0\u00a0\u00a0\u00a0\u00a0 <!--[endif]-->Protezione delle Forze,<\/p>\n<p><!-- [if !supportLists]-->\u00b7\u00a0\u00a0\u00a0\u00a0\u00a0\u00a0\u00a0\u00a0 <!--[endif]-->Logistica e settore CIS\/Cyber<\/p>\n<p>Le discussioni hanno riguardato inoltre il <b>Combined Air Interoperability Programme<\/b>, nato nel 2017 per affrontare le sfide connesse all&#8217;integrazione dei <b>nuovi sistemi d&#8217;arma di 5\u00aa Generazione<\/b> con le capacit\u00e0 gi\u00e0 esistenti e impiegate nelle operazioni multinazionali.<\/p>\n<p><em>&#8220;Lo European Air Group dovrebbe essere visto come il nostro laboratorio di iniziative, dove generiamo, come un&#8217;unica squadra, prodotti concreti, agili e di qualit\u00e0, disegnati appositamente per soddisfare i nostri bisogni tattici ed il nostro concetto comune di sviluppo delle capacit\u00e0, per incrementare in maniera efficace l&#8217;interoperabilit\u00e0 delle nostre Forze Aeree\u201d. <\/em>Ha detto il Generale Rosso Alberto Rosso a <a href=\"http:\/\/www.spazio-news.it\/\"> Spazio News Magazine<\/a> <em>-.<\/em><\/p>\n<p>I risultati di questo incontro consentiranno ai lavori in questi domini di procedere in una direzione precisa e saranno messi in pratica, nel corso dell&#8217;anno a venire e oltre, dallo <b>staff permanente dello<\/b> <b>EAG<\/b> e dagli specialisti delle <b>sette nazioni<\/b>.<\/p>\n<p>Lo scopo principale dello <b>European Air Group<\/b> \u00e8 quello di <b>promuovere l&#8217;interoperabilit\u00e0 tra le sue sette Forze Aeree, <\/b>concentrando gli sforzi nella produzione di risultati concreti soprattutto a <b> livello tattico e operativo<\/b>. Durante gli ultimi venti anni, il Gruppo ha dato vita a molte iniziative di successo nel campo del <b>Potere Aereo<\/b>, a partire dagli <b>abilitatori tecnici<\/b>, per passare all&#8217;<b>addestramento<\/b> ed alle <b>operazioni aeree<\/b>. Molte di queste iniziative sono state messe alla prova e migliorate durante le riuscite ed apprezzate esercitazioni <b>VOLCANEX<\/b>. Parte del lavoro dell&#8217;EAG ha formato la base per sostanziali evoluzioni successive, tra le quali lo <b>European Air Transport Command<\/b> e lo <b>European Personnel Recovery Centre<\/b>.<\/p>\n","protected":false},"excerpt":{"rendered":"<p>Si\u00a0\u00e8 tenuto, a Londra la scorsa settimana, l\u2019European Air Group Steering Group, composto dai Capi di Stato Maggiore delle Forze<\/p>\n","protected":false},"author":1,"featured_media":5178,"comment_status":"closed","ping_status":"open","sticky":false,"template":"","format":"standard","meta":{"colormag_page_container_layout":"default_layout","colormag_page_sidebar_layout":"default_layout","footnotes":""},"categories":[32,4],"tags":[54,2953],"class_list":["post-5177","post","type-post","status-publish","format-standard","has-post-thumbnail","hentry","category-prima-pagina","category-istituzioni","tag-aeronautica-militare-italiana","tag-european-air-group-eag-steering-group"],"yoast_head":"<!-- This site is optimized with the Yoast SEO plugin v26.8 - https:\/\/yoast.com\/product\/yoast-seo-wordpress\/ -->\n<title>EAG: INCONTRO TRA I COMANDANTI DELLE FORZE AEREE &#187; Spazio-News Magazine<\/title>\n<meta name=\"description\" content=\"Si\u00a0\u00e8 tenuto, a Londra la scorsa settimana, l\u2019European Air Group Steering Group, composto dai Capi di Stato Maggiore delle Forze Aeree di\" \/>\n<meta name=\"robots\" content=\"index, follow, max-snippet:-1, max-image-preview:large, max-video-preview:-1\" \/>\n<link rel=\"canonical\" href=\"https:\/\/spazio-news.it\/?p=5177\" \/>\n<meta property=\"og:locale\" content=\"it_IT\" \/>\n<meta property=\"og:type\" content=\"article\" \/>\n<meta property=\"og:title\" content=\"EAG: INCONTRO TRA I COMANDANTI DELLE FORZE AEREE &#187; Spazio-News Magazine\" \/>\n<meta property=\"og:description\" content=\"Si\u00a0\u00e8 tenuto, a Londra la scorsa settimana, l\u2019European Air Group Steering Group, composto dai Capi di Stato Maggiore delle Forze Aeree di\" \/>\n<meta property=\"og:url\" content=\"https:\/\/spazio-news.it\/?p=5177\" \/>\n<meta property=\"og:site_name\" content=\"Spazio-News Magazine\" \/>\n<meta property=\"article:publisher\" content=\"https:\/\/m.facebook.com\/spazio-news-magazine\" \/>\n<meta property=\"article:author\" content=\"@SpazioNewsMagazine\" \/>\n<meta property=\"article:published_time\" content=\"2019-06-26T08:59:08+00:00\" \/>\n<meta property=\"article:modified_time\" content=\"2019-07-12T19:57:56+00:00\" \/>\n<meta property=\"og:image\" content=\"https:\/\/spazio-news.it\/wp-content\/uploads\/2019\/06\/European-Air-Group-Steering-Group-2019.jpg\" \/>\n\t<meta property=\"og:image:width\" content=\"800\" \/>\n\t<meta property=\"og:image:height\" content=\"446\" \/>\n\t<meta property=\"og:image:type\" content=\"image\/jpeg\" \/>\n<meta name=\"author\" content=\"Redazione\" \/>\n<meta name=\"twitter:card\" content=\"summary_large_image\" \/>\n<meta name=\"twitter:creator\" content=\"@news_spazio\" \/>\n<meta name=\"twitter:site\" content=\"@News_spazio\" \/>\n<meta name=\"twitter:label1\" content=\"Scritto da\" \/>\n\t<meta name=\"twitter:data1\" content=\"Redazione\" \/>\n\t<meta name=\"twitter:label2\" content=\"Tempo di lettura stimato\" \/>\n\t<meta name=\"twitter:data2\" content=\"2 minuti\" \/>\n<script type=\"application\/ld+json\" class=\"yoast-schema-graph\">{\"@context\":\"https:\/\/schema.org\",\"@graph\":[{\"@type\":\"NewsArticle\",\"@id\":\"https:\/\/spazio-news.it\/?p=5177#article\",\"isPartOf\":{\"@id\":\"https:\/\/spazio-news.it\/?p=5177\"},\"author\":{\"name\":\"Redazione\",\"@id\":\"https:\/\/spazio-news.it\/#\/schema\/person\/c600904e882e9e166ed8e5e3773d37b3\"},\"headline\":\"EAG: INCONTRO TRA I COMANDANTI DELLE FORZE AEREE\",\"datePublished\":\"2019-06-26T08:59:08+00:00\",\"dateModified\":\"2019-07-12T19:57:56+00:00\",\"mainEntityOfPage\":{\"@id\":\"https:\/\/spazio-news.it\/?p=5177\"},\"wordCount\":386,\"publisher\":{\"@id\":\"https:\/\/spazio-news.it\/#organization\"},\"image\":{\"@id\":\"https:\/\/spazio-news.it\/?p=5177#primaryimage\"},\"thumbnailUrl\":\"http:\/\/spazio-news.it\/wp-content\/uploads\/2019\/06\/European-Air-Group-Steering-Group-2019.jpg\",\"keywords\":[\"Aeronautica Militare Italiana\",\"European Air Group - EAG Steering Group\"],\"articleSection\":[\"01 - PRIMA PAGINA\",\"03 - ISTITUZIONI\"],\"inLanguage\":\"it-IT\"},{\"@type\":\"WebPage\",\"@id\":\"https:\/\/spazio-news.it\/?p=5177\",\"url\":\"https:\/\/spazio-news.it\/?p=5177\",\"name\":\"EAG: INCONTRO TRA I COMANDANTI DELLE FORZE AEREE &#187; Spazio-News Magazine\",\"isPartOf\":{\"@id\":\"https:\/\/spazio-news.it\/#website\"},\"primaryImageOfPage\":{\"@id\":\"https:\/\/spazio-news.it\/?p=5177#primaryimage\"},\"image\":{\"@id\":\"https:\/\/spazio-news.it\/?p=5177#primaryimage\"},\"thumbnailUrl\":\"http:\/\/spazio-news.it\/wp-content\/uploads\/2019\/06\/European-Air-Group-Steering-Group-2019.jpg\",\"datePublished\":\"2019-06-26T08:59:08+00:00\",\"dateModified\":\"2019-07-12T19:57:56+00:00\",\"description\":\"Si\u00a0\u00e8 tenuto, a Londra la scorsa settimana, l\u2019European Air Group Steering Group, composto dai Capi di Stato Maggiore delle Forze Aeree di\",\"breadcrumb\":{\"@id\":\"https:\/\/spazio-news.it\/?p=5177#breadcrumb\"},\"inLanguage\":\"it-IT\",\"potentialAction\":[{\"@type\":\"ReadAction\",\"target\":[\"https:\/\/spazio-news.it\/?p=5177\"]}]},{\"@type\":\"ImageObject\",\"inLanguage\":\"it-IT\",\"@id\":\"https:\/\/spazio-news.it\/?p=5177#primaryimage\",\"url\":\"http:\/\/spazio-news.it\/wp-content\/uploads\/2019\/06\/European-Air-Group-Steering-Group-2019.jpg\",\"contentUrl\":\"http:\/\/spazio-news.it\/wp-content\/uploads\/2019\/06\/European-Air-Group-Steering-Group-2019.jpg\",\"width\":800,\"height\":446},{\"@type\":\"BreadcrumbList\",\"@id\":\"https:\/\/spazio-news.it\/?p=5177#breadcrumb\",\"itemListElement\":[{\"@type\":\"ListItem\",\"position\":1,\"name\":\"Home\",\"item\":\"https:\/\/spazio-news.it\/\"},{\"@type\":\"ListItem\",\"position\":2,\"name\":\"EAG: INCONTRO TRA I COMANDANTI DELLE FORZE AEREE\"}]},{\"@type\":\"WebSite\",\"@id\":\"https:\/\/spazio-news.it\/#website\",\"url\":\"https:\/\/spazio-news.it\/\",\"name\":\"Spazio-News Magazine\",\"description\":\"La guida che sfida la complessit\u00e0 del mondo industriale\",\"publisher\":{\"@id\":\"https:\/\/spazio-news.it\/#organization\"},\"alternateName\":\"Spazio-news.it\",\"potentialAction\":[{\"@type\":\"SearchAction\",\"target\":{\"@type\":\"EntryPoint\",\"urlTemplate\":\"https:\/\/spazio-news.it\/?s={search_term_string}\"},\"query-input\":{\"@type\":\"PropertyValueSpecification\",\"valueRequired\":true,\"valueName\":\"search_term_string\"}}],\"inLanguage\":\"it-IT\"},{\"@type\":\"Organization\",\"@id\":\"https:\/\/spazio-news.it\/#organization\",\"name\":\"Spazio-News Magazine\",\"url\":\"https:\/\/spazio-news.it\/\",\"logo\":{\"@type\":\"ImageObject\",\"inLanguage\":\"it-IT\",\"@id\":\"https:\/\/spazio-news.it\/#\/schema\/logo\/image\/\",\"url\":\"http:\/\/spazio-news.it\/wp-content\/uploads\/2023\/09\/Logo-Spazio-News-512-x-512-NO-testo.jpg\",\"contentUrl\":\"http:\/\/spazio-news.it\/wp-content\/uploads\/2023\/09\/Logo-Spazio-News-512-x-512-NO-testo.jpg\",\"width\":512,\"height\":512,\"caption\":\"Spazio-News Magazine\"},\"image\":{\"@id\":\"https:\/\/spazio-news.it\/#\/schema\/logo\/image\/\"},\"sameAs\":[\"https:\/\/m.facebook.com\/spazio-news-magazine\",\"https:\/\/x.com\/News_spazio\"]},{\"@type\":\"Person\",\"@id\":\"https:\/\/spazio-news.it\/#\/schema\/person\/c600904e882e9e166ed8e5e3773d37b3\",\"name\":\"Redazione\",\"sameAs\":[\"http:\/\/spazio-news.it\",\"@SpazioNewsMagazine\",\"https:\/\/x.com\/@news_spazio\"],\"url\":\"http:\/\/spazio-news.it\/?author=1\"}]}<\/script>\n<!-- \/ Yoast SEO plugin. -->","yoast_head_json":{"title":"EAG: INCONTRO TRA I COMANDANTI DELLE FORZE AEREE &#187; Spazio-News Magazine","description":"Si\u00a0\u00e8 tenuto, a Londra la scorsa settimana, l\u2019European Air Group Steering Group, composto dai Capi di Stato Maggiore delle Forze Aeree di","robots":{"index":"index","follow":"follow","max-snippet":"max-snippet:-1","max-image-preview":"max-image-preview:large","max-video-preview":"max-video-preview:-1"},"canonical":"https:\/\/spazio-news.it\/?p=5177","og_locale":"it_IT","og_type":"article","og_title":"EAG: INCONTRO TRA I COMANDANTI DELLE FORZE AEREE &#187; Spazio-News Magazine","og_description":"Si\u00a0\u00e8 tenuto, a Londra la scorsa settimana, l\u2019European Air Group Steering Group, composto dai Capi di Stato Maggiore delle Forze Aeree di","og_url":"https:\/\/spazio-news.it\/?p=5177","og_site_name":"Spazio-News Magazine","article_publisher":"https:\/\/m.facebook.com\/spazio-news-magazine","article_author":"@SpazioNewsMagazine","article_published_time":"2019-06-26T08:59:08+00:00","article_modified_time":"2019-07-12T19:57:56+00:00","og_image":[{"width":800,"height":446,"url":"https:\/\/spazio-news.it\/wp-content\/uploads\/2019\/06\/European-Air-Group-Steering-Group-2019.jpg","type":"image\/jpeg"}],"author":"Redazione","twitter_card":"summary_large_image","twitter_creator":"@news_spazio","twitter_site":"@News_spazio","twitter_misc":{"Scritto da":"Redazione","Tempo di lettura stimato":"2 minuti"},"schema":{"@context":"https:\/\/schema.org","@graph":[{"@type":"NewsArticle","@id":"https:\/\/spazio-news.it\/?p=5177#article","isPartOf":{"@id":"https:\/\/spazio-news.it\/?p=5177"},"author":{"name":"Redazione","@id":"https:\/\/spazio-news.it\/#\/schema\/person\/c600904e882e9e166ed8e5e3773d37b3"},"headline":"EAG: INCONTRO TRA I COMANDANTI DELLE FORZE AEREE","datePublished":"2019-06-26T08:59:08+00:00","dateModified":"2019-07-12T19:57:56+00:00","mainEntityOfPage":{"@id":"https:\/\/spazio-news.it\/?p=5177"},"wordCount":386,"publisher":{"@id":"https:\/\/spazio-news.it\/#organization"},"image":{"@id":"https:\/\/spazio-news.it\/?p=5177#primaryimage"},"thumbnailUrl":"http:\/\/spazio-news.it\/wp-content\/uploads\/2019\/06\/European-Air-Group-Steering-Group-2019.jpg","keywords":["Aeronautica Militare Italiana","European Air Group - EAG Steering Group"],"articleSection":["01 - PRIMA PAGINA","03 - ISTITUZIONI"],"inLanguage":"it-IT"},{"@type":"WebPage","@id":"https:\/\/spazio-news.it\/?p=5177","url":"https:\/\/spazio-news.it\/?p=5177","name":"EAG: INCONTRO TRA I COMANDANTI DELLE FORZE AEREE &#187; Spazio-News Magazine","isPartOf":{"@id":"https:\/\/spazio-news.it\/#website"},"primaryImageOfPage":{"@id":"https:\/\/spazio-news.it\/?p=5177#primaryimage"},"image":{"@id":"https:\/\/spazio-news.it\/?p=5177#primaryimage"},"thumbnailUrl":"http:\/\/spazio-news.it\/wp-content\/uploads\/2019\/06\/European-Air-Group-Steering-Group-2019.jpg","datePublished":"2019-06-26T08:59:08+00:00","dateModified":"2019-07-12T19:57:56+00:00","description":"Si\u00a0\u00e8 tenuto, a Londra la scorsa settimana, l\u2019European Air Group Steering Group, composto dai Capi di Stato Maggiore delle Forze Aeree di","breadcrumb":{"@id":"https:\/\/spazio-news.it\/?p=5177#breadcrumb"},"inLanguage":"it-IT","potentialAction":[{"@type":"ReadAction","target":["https:\/\/spazio-news.it\/?p=5177"]}]},{"@type":"ImageObject","inLanguage":"it-IT","@id":"https:\/\/spazio-news.it\/?p=5177#primaryimage","url":"http:\/\/spazio-news.it\/wp-content\/uploads\/2019\/06\/European-Air-Group-Steering-Group-2019.jpg","contentUrl":"http:\/\/spazio-news.it\/wp-content\/uploads\/2019\/06\/European-Air-Group-Steering-Group-2019.jpg","width":800,"height":446},{"@type":"BreadcrumbList","@id":"https:\/\/spazio-news.it\/?p=5177#breadcrumb","itemListElement":[{"@type":"ListItem","position":1,"name":"Home","item":"https:\/\/spazio-news.it\/"},{"@type":"ListItem","position":2,"name":"EAG: INCONTRO TRA I COMANDANTI DELLE FORZE AEREE"}]},{"@type":"WebSite","@id":"https:\/\/spazio-news.it\/#website","url":"https:\/\/spazio-news.it\/","name":"Spazio-News Magazine","description":"La guida che sfida la complessit\u00e0 del mondo industriale","publisher":{"@id":"https:\/\/spazio-news.it\/#organization"},"alternateName":"Spazio-news.it","potentialAction":[{"@type":"SearchAction","target":{"@type":"EntryPoint","urlTemplate":"https:\/\/spazio-news.it\/?s={search_term_string}"},"query-input":{"@type":"PropertyValueSpecification","valueRequired":true,"valueName":"search_term_string"}}],"inLanguage":"it-IT"},{"@type":"Organization","@id":"https:\/\/spazio-news.it\/#organization","name":"Spazio-News Magazine","url":"https:\/\/spazio-news.it\/","logo":{"@type":"ImageObject","inLanguage":"it-IT","@id":"https:\/\/spazio-news.it\/#\/schema\/logo\/image\/","url":"http:\/\/spazio-news.it\/wp-content\/uploads\/2023\/09\/Logo-Spazio-News-512-x-512-NO-testo.jpg","contentUrl":"http:\/\/spazio-news.it\/wp-content\/uploads\/2023\/09\/Logo-Spazio-News-512-x-512-NO-testo.jpg","width":512,"height":512,"caption":"Spazio-News Magazine"},"image":{"@id":"https:\/\/spazio-news.it\/#\/schema\/logo\/image\/"},"sameAs":["https:\/\/m.facebook.com\/spazio-news-magazine","https:\/\/x.com\/News_spazio"]},{"@type":"Person","@id":"https:\/\/spazio-news.it\/#\/schema\/person\/c600904e882e9e166ed8e5e3773d37b3","name":"Redazione","sameAs":["http:\/\/spazio-news.it","@SpazioNewsMagazine","https:\/\/x.com\/@news_spazio"],"url":"http:\/\/spazio-news.it\/?author=1"}]}},"_links":{"self":[{"href":"http:\/\/spazio-news.it\/index.php?rest_route=\/wp\/v2\/posts\/5177","targetHints":{"allow":["GET"]}}],"collection":[{"href":"http:\/\/spazio-news.it\/index.php?rest_route=\/wp\/v2\/posts"}],"about":[{"href":"http:\/\/spazio-news.it\/index.php?rest_route=\/wp\/v2\/types\/post"}],"author":[{"embeddable":true,"href":"http:\/\/spazio-news.it\/index.php?rest_route=\/wp\/v2\/users\/1"}],"replies":[{"embeddable":true,"href":"http:\/\/spazio-news.it\/index.php?rest_route=%2Fwp%2Fv2%2Fcomments&post=5177"}],"version-history":[{"count":2,"href":"http:\/\/spazio-news.it\/index.php?rest_route=\/wp\/v2\/posts\/5177\/revisions"}],"predecessor-version":[{"id":5406,"href":"http:\/\/spazio-news.it\/index.php?rest_route=\/wp\/v2\/posts\/5177\/revisions\/5406"}],"wp:featuredmedia":[{"embeddable":true,"href":"http:\/\/spazio-news.it\/index.php?rest_route=\/wp\/v2\/media\/5178"}],"wp:attachment":[{"href":"http:\/\/spazio-news.it\/index.php?rest_route=%2Fwp%2Fv2%2Fmedia&parent=5177"}],"wp:term":[{"taxonomy":"category","embeddable":true,"href":"http:\/\/spazio-news.it\/index.php?rest_route=%2Fwp%2Fv2%2Fcategories&post=5177"},{"taxonomy":"post_tag","embeddable":true,"href":"http:\/\/spazio-news.it\/index.php?rest_route=%2Fwp%2Fv2%2Ftags&post=5177"}],"curies":[{"name":"wp","href":"https:\/\/api.w.org\/{rel}","templated":true}]}}