{"id":5373,"date":"2019-07-17T04:56:50","date_gmt":"2019-07-17T03:56:50","guid":{"rendered":"http:\/\/spazio-news.it\/?p=5373"},"modified":"2019-10-04T19:23:48","modified_gmt":"2019-10-04T18:23:48","slug":"difesa-droni-utilizzati-per-il-monitoraggio-ambientale","status":"publish","type":"post","link":"http:\/\/spazio-news.it\/?p=5373","title":{"rendered":"DIFESA: DRONI UTILIZZATI PER IL MONITORAGGIO AMBIENTALE"},"content":{"rendered":"<p>Dopo i positivi esiti delle prime <strong>attivit\u00e0 sperimentali<\/strong> di <strong>monitoraggio ambientale<\/strong> con assetti <strong>aerei da ricognizione<\/strong> dell&#8217;<a href=\"http:\/\/www.aeronautica.difesa.it\">Aeronautica Militare<\/a>, svolte durante il mese di <strong>maggio<\/strong>, la <a href=\"http:\/\/www.difesa.it\">Difesa<\/a> ha deciso di <strong>ampliare la sperimentazione<\/strong> anche agli <strong>Aerei a Pilotaggio Remoto &#8211; APR<\/strong> e di allargare la platea dei beneficiari a tutti i firmatari del &#8220;<strong>Piano di azione per il contrasto dei roghi dei rifiuti<\/strong>&#8221; avviato con il protocollo d&#8217;intesa firmato a <strong>Caserta<\/strong> lo scorso <strong>19 novembre<\/strong> tra il <a href=\"http:\/\/www.governo.it\/it\/la-presidenza-del-consiglio-dei-ministri\">Presidente del Consiglio, Giuseppe Conte,<\/a> i rappresentanti di sette <strong>Ministeri<\/strong> (<strong>ambiente<\/strong>, <strong>interni<\/strong>, <strong>sviluppo<\/strong> <strong>economico<\/strong>, <strong>difesa<\/strong>, <strong>salute<\/strong>, <strong>giustizia<\/strong>, <strong>sud<\/strong>) e la <strong>Regione Campania<\/strong>.<\/p>\n<p>Questa \u00e8 la finalit\u00e0 dell&#8217;<strong>Accordo di Collaborazione<\/strong><strong>,<\/strong> firmato dal <strong>Presidente dell&#8217;Unit\u00e0 di coordinamento del &#8220;piano di azione&#8221;<\/strong>, <strong>l&#8217;Ing. Fabrizio Curcio<\/strong>, e dal <strong>Capo di Stato Maggiore dell&#8217;Aeronautica, Generale di Squadra Aerea Alberto Rosso<\/strong>,\u00a0attraverso cui assetti e capacit\u00e0 operative dell&#8217;<strong>Aeronautica<\/strong> vanno ad aggiungersi a quanto gi\u00e0 fornito dall&#8217;<a href=\"http:\/\/www.esercito.difesa.it\">Esercito<\/a>.<\/p>\n<p><strong>Satelliti<\/strong>, <strong>aerei<\/strong>, <strong>droni<\/strong>, <strong>piattaforme terrestri<\/strong> e analisti dei dati immagine, da oggi potranno <strong>cooperare in un sistema integrato <\/strong>che utilizza il paradigma ben noto in ambito militare, denominato <a href=\"http:\/\/www.aeronautica.difesa.it\">ISR &#8211; Intelligence, Sorveglianza e Ricognizione<\/a>.<\/p>\n<p>Alla firma hanno presenziato anche il <strong>Sottosegretario alla Difesa<\/strong>,<strong> Angelo Tofalo<\/strong>, ed il <strong>Sottosegretario all&#8217;Ambiente<\/strong>, <strong>Salvatore Micillo<\/strong>.<\/p>\n<p>A similitudine di quanto avviene nei teatri operativi che vedono impegnati uomini, donne e assetti delle <strong>Forze Armate<\/strong>, le <strong>capacit\u00e0 ISR<\/strong> offerte dall&#8217;Aeronautica contribuiranno a creare anche in questo contesto quella <strong>Superiorit\u00e0 Informativa<\/strong> che rende molto pi\u00f9 efficace il compito di chi, sul terreno, \u00e8 chiamato a decidere nell&#8217;ambito delle delicate ed intense <strong>attivit\u00e0 di prevenzione e contrasto<\/strong>.<\/p>\n<p>La <strong>sperimentazione durer\u00e0 per tutto il periodo estivo<\/strong>, quello pi\u00f9 critico per la ricorrenza e magnitudine dei roghi. In particolare l&#8217;<strong>Aeronautica<\/strong> utilizzer\u00e0 <strong>missioni addestrative<\/strong>, gi\u00e0 programmate per il mantenimento delle proprie capacit\u00e0 di raccolta e analisi delle immagini, senza ulteriori oneri per la Forza Armata, e i prodotti elaborati, quindi, andranno a soddisfare le esigenze informative degli attori interessati dal piano di contrasto ai roghi.<\/p>\n<p><em>\u201cL&#8217;impiego degli assetti e dei sensori dell&#8217;Aeronautica in ambito nazionale, non \u00e8 una novit\u00e0 assoluta: gli <strong>APR Predator<\/strong> sono stati utilizzati con compiti di sorveglianza in occasione di Grandi Eventi, come ad esempio la Conferenza di Palermo pro Libia del 2018, il G7 di Taormina e di Bari del 2017, il Vertice di Ventotene del 2016 nonch\u00e9 il Giubileo Straordinario del 2015<\/em> \u2013 si legge nella nota diffusa dalla Difesa -. <em>I velivoli <strong>AMX<\/strong><strong>, <\/strong><strong>Tornado<\/strong> ed <strong>F-2000 Eurofighter<\/strong>, equipaggiati anche con apparati fotografici d&#8217;avanguardia, sono stati utilizzati con compiti di sorveglianza e ricognizione, fornendo, in tempi brevissimi, una chiara visione dall&#8217;alto dell&#8217;accaduto, consentendo e facilitando l&#8217;intervento delle squadre a terra, come successo in occasione dei terremoti e delle alluvioni avvenute negli ultimi anni, nel crollo del ponte Morandi a Genova e nella recente eruzione del vulcano Stromboli<\/em>\u201d.<\/p>\n<p>La vera novit\u00e0 consiste nell&#8217;impiego di queste capacit\u00e0 integrate della <strong>Difesa<\/strong> per il <strong>monitoraggio ambientale <\/strong>e per la prevenzione e contrasto di <strong>fenomeni illegali<\/strong> e deleteri per i cittadini italiani, in piena armonia ed <strong>integrazione inter-agenzia<\/strong> delle <strong>capacit\u00e0 militari<\/strong> e con la definizione di utilit\u00e0 al Paese che \u00e8 al centro della visione e missione dell&#8217;Aeronautica.<\/p>\n","protected":false},"excerpt":{"rendered":"<p>Dopo i positivi esiti delle prime attivit\u00e0 sperimentali di monitoraggio ambientale con assetti aerei da ricognizione dell&#8217;Aeronautica Militare, svolte durante<\/p>\n","protected":false},"author":1,"featured_media":3582,"comment_status":"closed","ping_status":"open","sticky":false,"template":"","format":"standard","meta":{"colormag_page_container_layout":"default_layout","colormag_page_sidebar_layout":"default_layout","footnotes":""},"categories":[32,4],"tags":[54,201,1156,1376,2420,105],"class_list":["post-5373","post","type-post","status-publish","format-standard","has-post-thumbnail","hentry","category-prima-pagina","category-istituzioni","tag-aeronautica-militare-italiana","tag-ambiente","tag-droni-uav","tag-ministero-dellambiente","tag-ministero-dellinterno","tag-ministero-della-difesa"],"yoast_head":"<!-- This site is optimized with the Yoast SEO plugin v26.8 - https:\/\/yoast.com\/product\/yoast-seo-wordpress\/ -->\n<title>DIFESA: DRONI UTILIZZATI PER IL MONITORAGGIO AMBIENTALE &#187; Spazio-News Magazine<\/title>\n<meta name=\"description\" content=\"Dopo i positivi esiti delle prime attivit\u00e0 sperimentali di monitoraggio ambientale con assetti aerei da ricognizione dell&#039;Aeronautica\" \/>\n<meta name=\"robots\" content=\"index, follow, max-snippet:-1, max-image-preview:large, max-video-preview:-1\" \/>\n<link rel=\"canonical\" href=\"http:\/\/spazio-news.it\/?p=5373\" \/>\n<meta property=\"og:locale\" content=\"it_IT\" \/>\n<meta property=\"og:type\" content=\"article\" \/>\n<meta property=\"og:title\" content=\"DIFESA: DRONI UTILIZZATI PER IL MONITORAGGIO AMBIENTALE &#187; Spazio-News Magazine\" \/>\n<meta property=\"og:description\" content=\"Dopo i positivi esiti delle prime attivit\u00e0 sperimentali di monitoraggio ambientale con assetti aerei da ricognizione dell&#039;Aeronautica\" \/>\n<meta property=\"og:url\" content=\"http:\/\/spazio-news.it\/?p=5373\" \/>\n<meta property=\"og:site_name\" content=\"Spazio-News Magazine\" \/>\n<meta property=\"article:publisher\" content=\"https:\/\/m.facebook.com\/spazio-news-magazine\" \/>\n<meta property=\"article:author\" content=\"@SpazioNewsMagazine\" \/>\n<meta property=\"article:published_time\" content=\"2019-07-17T03:56:50+00:00\" \/>\n<meta property=\"article:modified_time\" content=\"2019-10-04T18:23:48+00:00\" \/>\n<meta property=\"og:image\" content=\"http:\/\/spazio-news.it\/wp-content\/uploads\/2019\/03\/CdE-APR-Amendola-32-stormo-Colibri-IA-3-IDS-Ingegneria-dei-Sistemi-Spa-Drone-UAV-Aeronautica-Militare.png\" \/>\n\t<meta property=\"og:image:width\" content=\"800\" \/>\n\t<meta property=\"og:image:height\" content=\"446\" \/>\n\t<meta property=\"og:image:type\" content=\"image\/png\" \/>\n<meta name=\"author\" content=\"Redazione\" \/>\n<meta name=\"twitter:card\" content=\"summary_large_image\" \/>\n<meta name=\"twitter:creator\" content=\"@news_spazio\" \/>\n<meta name=\"twitter:site\" content=\"@News_spazio\" \/>\n<meta name=\"twitter:label1\" content=\"Scritto da\" \/>\n\t<meta name=\"twitter:data1\" content=\"Redazione\" \/>\n\t<meta name=\"twitter:label2\" content=\"Tempo di lettura stimato\" \/>\n\t<meta name=\"twitter:data2\" content=\"3 minuti\" \/>\n<script type=\"application\/ld+json\" class=\"yoast-schema-graph\">{\"@context\":\"https:\/\/schema.org\",\"@graph\":[{\"@type\":\"NewsArticle\",\"@id\":\"http:\/\/spazio-news.it\/?p=5373#article\",\"isPartOf\":{\"@id\":\"http:\/\/spazio-news.it\/?p=5373\"},\"author\":{\"name\":\"Redazione\",\"@id\":\"http:\/\/spazio-news.it\/#\/schema\/person\/c600904e882e9e166ed8e5e3773d37b3\"},\"headline\":\"DIFESA: DRONI UTILIZZATI PER IL MONITORAGGIO AMBIENTALE\",\"datePublished\":\"2019-07-17T03:56:50+00:00\",\"dateModified\":\"2019-10-04T18:23:48+00:00\",\"mainEntityOfPage\":{\"@id\":\"http:\/\/spazio-news.it\/?p=5373\"},\"wordCount\":530,\"publisher\":{\"@id\":\"http:\/\/spazio-news.it\/#organization\"},\"image\":{\"@id\":\"http:\/\/spazio-news.it\/?p=5373#primaryimage\"},\"thumbnailUrl\":\"http:\/\/spazio-news.it\/wp-content\/uploads\/2019\/03\/CdE-APR-Amendola-32-stormo-Colibri-IA-3-IDS-Ingegneria-dei-Sistemi-Spa-Drone-UAV-Aeronautica-Militare.png\",\"keywords\":[\"Aeronautica Militare Italiana\",\"Ambiente\",\"Droni\/UAV\",\"Ministero dell'Ambiente\",\"Ministero dell\u2019Interno\",\"Ministero della Difesa\"],\"articleSection\":[\"01 - PRIMA PAGINA\",\"03 - ISTITUZIONI\"],\"inLanguage\":\"it-IT\"},{\"@type\":\"WebPage\",\"@id\":\"http:\/\/spazio-news.it\/?p=5373\",\"url\":\"http:\/\/spazio-news.it\/?p=5373\",\"name\":\"DIFESA: DRONI UTILIZZATI PER IL MONITORAGGIO AMBIENTALE &#187; Spazio-News Magazine\",\"isPartOf\":{\"@id\":\"http:\/\/spazio-news.it\/#website\"},\"primaryImageOfPage\":{\"@id\":\"http:\/\/spazio-news.it\/?p=5373#primaryimage\"},\"image\":{\"@id\":\"http:\/\/spazio-news.it\/?p=5373#primaryimage\"},\"thumbnailUrl\":\"http:\/\/spazio-news.it\/wp-content\/uploads\/2019\/03\/CdE-APR-Amendola-32-stormo-Colibri-IA-3-IDS-Ingegneria-dei-Sistemi-Spa-Drone-UAV-Aeronautica-Militare.png\",\"datePublished\":\"2019-07-17T03:56:50+00:00\",\"dateModified\":\"2019-10-04T18:23:48+00:00\",\"description\":\"Dopo i positivi esiti delle prime attivit\u00e0 sperimentali di monitoraggio ambientale con assetti aerei da ricognizione dell'Aeronautica\",\"breadcrumb\":{\"@id\":\"http:\/\/spazio-news.it\/?p=5373#breadcrumb\"},\"inLanguage\":\"it-IT\",\"potentialAction\":[{\"@type\":\"ReadAction\",\"target\":[\"http:\/\/spazio-news.it\/?p=5373\"]}]},{\"@type\":\"ImageObject\",\"inLanguage\":\"it-IT\",\"@id\":\"http:\/\/spazio-news.it\/?p=5373#primaryimage\",\"url\":\"http:\/\/spazio-news.it\/wp-content\/uploads\/2019\/03\/CdE-APR-Amendola-32-stormo-Colibri-IA-3-IDS-Ingegneria-dei-Sistemi-Spa-Drone-UAV-Aeronautica-Militare.png\",\"contentUrl\":\"http:\/\/spazio-news.it\/wp-content\/uploads\/2019\/03\/CdE-APR-Amendola-32-stormo-Colibri-IA-3-IDS-Ingegneria-dei-Sistemi-Spa-Drone-UAV-Aeronautica-Militare.png\",\"width\":800,\"height\":446,\"caption\":\"CdE APR Amendola 32 stormo Colibri IA-3 IDS Ingegneria dei Sistemi Spa Drone UAV Aeronautica Militare\"},{\"@type\":\"BreadcrumbList\",\"@id\":\"http:\/\/spazio-news.it\/?p=5373#breadcrumb\",\"itemListElement\":[{\"@type\":\"ListItem\",\"position\":1,\"name\":\"Home\",\"item\":\"http:\/\/spazio-news.it\/\"},{\"@type\":\"ListItem\",\"position\":2,\"name\":\"DIFESA: DRONI UTILIZZATI PER IL MONITORAGGIO AMBIENTALE\"}]},{\"@type\":\"WebSite\",\"@id\":\"http:\/\/spazio-news.it\/#website\",\"url\":\"http:\/\/spazio-news.it\/\",\"name\":\"Spazio-News Magazine\",\"description\":\"La guida che sfida la complessit\u00e0 del mondo industriale\",\"publisher\":{\"@id\":\"http:\/\/spazio-news.it\/#organization\"},\"alternateName\":\"Spazio-news.it\",\"potentialAction\":[{\"@type\":\"SearchAction\",\"target\":{\"@type\":\"EntryPoint\",\"urlTemplate\":\"http:\/\/spazio-news.it\/?s={search_term_string}\"},\"query-input\":{\"@type\":\"PropertyValueSpecification\",\"valueRequired\":true,\"valueName\":\"search_term_string\"}}],\"inLanguage\":\"it-IT\"},{\"@type\":\"Organization\",\"@id\":\"http:\/\/spazio-news.it\/#organization\",\"name\":\"Spazio-News Magazine\",\"url\":\"http:\/\/spazio-news.it\/\",\"logo\":{\"@type\":\"ImageObject\",\"inLanguage\":\"it-IT\",\"@id\":\"http:\/\/spazio-news.it\/#\/schema\/logo\/image\/\",\"url\":\"http:\/\/spazio-news.it\/wp-content\/uploads\/2023\/09\/Logo-Spazio-News-512-x-512-NO-testo.jpg\",\"contentUrl\":\"http:\/\/spazio-news.it\/wp-content\/uploads\/2023\/09\/Logo-Spazio-News-512-x-512-NO-testo.jpg\",\"width\":512,\"height\":512,\"caption\":\"Spazio-News Magazine\"},\"image\":{\"@id\":\"http:\/\/spazio-news.it\/#\/schema\/logo\/image\/\"},\"sameAs\":[\"https:\/\/m.facebook.com\/spazio-news-magazine\",\"https:\/\/x.com\/News_spazio\"]},{\"@type\":\"Person\",\"@id\":\"http:\/\/spazio-news.it\/#\/schema\/person\/c600904e882e9e166ed8e5e3773d37b3\",\"name\":\"Redazione\",\"sameAs\":[\"http:\/\/spazio-news.it\",\"@SpazioNewsMagazine\",\"https:\/\/x.com\/@news_spazio\"],\"url\":\"http:\/\/spazio-news.it\/?author=1\"}]}<\/script>\n<!-- \/ Yoast SEO plugin. -->","yoast_head_json":{"title":"DIFESA: DRONI UTILIZZATI PER IL MONITORAGGIO AMBIENTALE &#187; Spazio-News Magazine","description":"Dopo i positivi esiti delle prime attivit\u00e0 sperimentali di monitoraggio ambientale con assetti aerei da ricognizione dell'Aeronautica","robots":{"index":"index","follow":"follow","max-snippet":"max-snippet:-1","max-image-preview":"max-image-preview:large","max-video-preview":"max-video-preview:-1"},"canonical":"http:\/\/spazio-news.it\/?p=5373","og_locale":"it_IT","og_type":"article","og_title":"DIFESA: DRONI UTILIZZATI PER IL MONITORAGGIO AMBIENTALE &#187; Spazio-News Magazine","og_description":"Dopo i positivi esiti delle prime attivit\u00e0 sperimentali di monitoraggio ambientale con assetti aerei da ricognizione dell'Aeronautica","og_url":"http:\/\/spazio-news.it\/?p=5373","og_site_name":"Spazio-News Magazine","article_publisher":"https:\/\/m.facebook.com\/spazio-news-magazine","article_author":"@SpazioNewsMagazine","article_published_time":"2019-07-17T03:56:50+00:00","article_modified_time":"2019-10-04T18:23:48+00:00","og_image":[{"width":800,"height":446,"url":"http:\/\/spazio-news.it\/wp-content\/uploads\/2019\/03\/CdE-APR-Amendola-32-stormo-Colibri-IA-3-IDS-Ingegneria-dei-Sistemi-Spa-Drone-UAV-Aeronautica-Militare.png","type":"image\/png"}],"author":"Redazione","twitter_card":"summary_large_image","twitter_creator":"@news_spazio","twitter_site":"@News_spazio","twitter_misc":{"Scritto da":"Redazione","Tempo di lettura stimato":"3 minuti"},"schema":{"@context":"https:\/\/schema.org","@graph":[{"@type":"NewsArticle","@id":"http:\/\/spazio-news.it\/?p=5373#article","isPartOf":{"@id":"http:\/\/spazio-news.it\/?p=5373"},"author":{"name":"Redazione","@id":"http:\/\/spazio-news.it\/#\/schema\/person\/c600904e882e9e166ed8e5e3773d37b3"},"headline":"DIFESA: DRONI UTILIZZATI PER IL MONITORAGGIO AMBIENTALE","datePublished":"2019-07-17T03:56:50+00:00","dateModified":"2019-10-04T18:23:48+00:00","mainEntityOfPage":{"@id":"http:\/\/spazio-news.it\/?p=5373"},"wordCount":530,"publisher":{"@id":"http:\/\/spazio-news.it\/#organization"},"image":{"@id":"http:\/\/spazio-news.it\/?p=5373#primaryimage"},"thumbnailUrl":"http:\/\/spazio-news.it\/wp-content\/uploads\/2019\/03\/CdE-APR-Amendola-32-stormo-Colibri-IA-3-IDS-Ingegneria-dei-Sistemi-Spa-Drone-UAV-Aeronautica-Militare.png","keywords":["Aeronautica Militare Italiana","Ambiente","Droni\/UAV","Ministero dell'Ambiente","Ministero dell\u2019Interno","Ministero della Difesa"],"articleSection":["01 - PRIMA PAGINA","03 - ISTITUZIONI"],"inLanguage":"it-IT"},{"@type":"WebPage","@id":"http:\/\/spazio-news.it\/?p=5373","url":"http:\/\/spazio-news.it\/?p=5373","name":"DIFESA: DRONI UTILIZZATI PER IL MONITORAGGIO AMBIENTALE &#187; Spazio-News Magazine","isPartOf":{"@id":"http:\/\/spazio-news.it\/#website"},"primaryImageOfPage":{"@id":"http:\/\/spazio-news.it\/?p=5373#primaryimage"},"image":{"@id":"http:\/\/spazio-news.it\/?p=5373#primaryimage"},"thumbnailUrl":"http:\/\/spazio-news.it\/wp-content\/uploads\/2019\/03\/CdE-APR-Amendola-32-stormo-Colibri-IA-3-IDS-Ingegneria-dei-Sistemi-Spa-Drone-UAV-Aeronautica-Militare.png","datePublished":"2019-07-17T03:56:50+00:00","dateModified":"2019-10-04T18:23:48+00:00","description":"Dopo i positivi esiti delle prime attivit\u00e0 sperimentali di monitoraggio ambientale con assetti aerei da ricognizione dell'Aeronautica","breadcrumb":{"@id":"http:\/\/spazio-news.it\/?p=5373#breadcrumb"},"inLanguage":"it-IT","potentialAction":[{"@type":"ReadAction","target":["http:\/\/spazio-news.it\/?p=5373"]}]},{"@type":"ImageObject","inLanguage":"it-IT","@id":"http:\/\/spazio-news.it\/?p=5373#primaryimage","url":"http:\/\/spazio-news.it\/wp-content\/uploads\/2019\/03\/CdE-APR-Amendola-32-stormo-Colibri-IA-3-IDS-Ingegneria-dei-Sistemi-Spa-Drone-UAV-Aeronautica-Militare.png","contentUrl":"http:\/\/spazio-news.it\/wp-content\/uploads\/2019\/03\/CdE-APR-Amendola-32-stormo-Colibri-IA-3-IDS-Ingegneria-dei-Sistemi-Spa-Drone-UAV-Aeronautica-Militare.png","width":800,"height":446,"caption":"CdE APR Amendola 32 stormo Colibri IA-3 IDS Ingegneria dei Sistemi Spa Drone UAV Aeronautica Militare"},{"@type":"BreadcrumbList","@id":"http:\/\/spazio-news.it\/?p=5373#breadcrumb","itemListElement":[{"@type":"ListItem","position":1,"name":"Home","item":"http:\/\/spazio-news.it\/"},{"@type":"ListItem","position":2,"name":"DIFESA: DRONI UTILIZZATI PER IL MONITORAGGIO AMBIENTALE"}]},{"@type":"WebSite","@id":"http:\/\/spazio-news.it\/#website","url":"http:\/\/spazio-news.it\/","name":"Spazio-News Magazine","description":"La guida che sfida la complessit\u00e0 del mondo industriale","publisher":{"@id":"http:\/\/spazio-news.it\/#organization"},"alternateName":"Spazio-news.it","potentialAction":[{"@type":"SearchAction","target":{"@type":"EntryPoint","urlTemplate":"http:\/\/spazio-news.it\/?s={search_term_string}"},"query-input":{"@type":"PropertyValueSpecification","valueRequired":true,"valueName":"search_term_string"}}],"inLanguage":"it-IT"},{"@type":"Organization","@id":"http:\/\/spazio-news.it\/#organization","name":"Spazio-News Magazine","url":"http:\/\/spazio-news.it\/","logo":{"@type":"ImageObject","inLanguage":"it-IT","@id":"http:\/\/spazio-news.it\/#\/schema\/logo\/image\/","url":"http:\/\/spazio-news.it\/wp-content\/uploads\/2023\/09\/Logo-Spazio-News-512-x-512-NO-testo.jpg","contentUrl":"http:\/\/spazio-news.it\/wp-content\/uploads\/2023\/09\/Logo-Spazio-News-512-x-512-NO-testo.jpg","width":512,"height":512,"caption":"Spazio-News Magazine"},"image":{"@id":"http:\/\/spazio-news.it\/#\/schema\/logo\/image\/"},"sameAs":["https:\/\/m.facebook.com\/spazio-news-magazine","https:\/\/x.com\/News_spazio"]},{"@type":"Person","@id":"http:\/\/spazio-news.it\/#\/schema\/person\/c600904e882e9e166ed8e5e3773d37b3","name":"Redazione","sameAs":["http:\/\/spazio-news.it","@SpazioNewsMagazine","https:\/\/x.com\/@news_spazio"],"url":"http:\/\/spazio-news.it\/?author=1"}]}},"_links":{"self":[{"href":"http:\/\/spazio-news.it\/index.php?rest_route=\/wp\/v2\/posts\/5373","targetHints":{"allow":["GET"]}}],"collection":[{"href":"http:\/\/spazio-news.it\/index.php?rest_route=\/wp\/v2\/posts"}],"about":[{"href":"http:\/\/spazio-news.it\/index.php?rest_route=\/wp\/v2\/types\/post"}],"author":[{"embeddable":true,"href":"http:\/\/spazio-news.it\/index.php?rest_route=\/wp\/v2\/users\/1"}],"replies":[{"embeddable":true,"href":"http:\/\/spazio-news.it\/index.php?rest_route=%2Fwp%2Fv2%2Fcomments&post=5373"}],"version-history":[{"count":6,"href":"http:\/\/spazio-news.it\/index.php?rest_route=\/wp\/v2\/posts\/5373\/revisions"}],"predecessor-version":[{"id":6634,"href":"http:\/\/spazio-news.it\/index.php?rest_route=\/wp\/v2\/posts\/5373\/revisions\/6634"}],"wp:featuredmedia":[{"embeddable":true,"href":"http:\/\/spazio-news.it\/index.php?rest_route=\/wp\/v2\/media\/3582"}],"wp:attachment":[{"href":"http:\/\/spazio-news.it\/index.php?rest_route=%2Fwp%2Fv2%2Fmedia&parent=5373"}],"wp:term":[{"taxonomy":"category","embeddable":true,"href":"http:\/\/spazio-news.it\/index.php?rest_route=%2Fwp%2Fv2%2Fcategories&post=5373"},{"taxonomy":"post_tag","embeddable":true,"href":"http:\/\/spazio-news.it\/index.php?rest_route=%2Fwp%2Fv2%2Ftags&post=5373"}],"curies":[{"name":"wp","href":"https:\/\/api.w.org\/{rel}","templated":true}]}}