{"id":5386,"date":"2019-07-18T02:12:03","date_gmt":"2019-07-18T01:12:03","guid":{"rendered":"http:\/\/spazio-news.it\/?p=5386"},"modified":"2019-07-12T14:14:42","modified_gmt":"2019-07-12T13:14:42","slug":"difesa-tofalo-in-vietnam-per-rilanciare-le-industrie-italiane","status":"publish","type":"post","link":"http:\/\/spazio-news.it\/?p=5386","title":{"rendered":"DIFESA, TOFALO: IN VIETNAM PER RILANCIARE LE INDUSTRIE ITALIANE"},"content":{"rendered":"<p>La terza edizione del <strong>Dialogo Strategico tra Italia e Vietnam <\/strong>in materia di <strong>Difesa<\/strong>, si \u00e8 tenuta nei giorni scorsi ad <strong>Hanoi<\/strong> dove il <a href=\"http:\/\/www.difesa.it\">Sottosegretario Angelo Tofalo<\/a>, ha incontrato le pi\u00f9 alte cariche della <strong>Difesa vietnamita<\/strong>.<\/p>\n<p>Una missione importante che ha permesso di dare seguito all&#8217;<strong>accordo di cooperazione<\/strong> sottoscritto nel <strong>2013<\/strong> tra i due Paesi e rafforzare maggiormente il dialogo a pi\u00f9 livelli.<\/p>\n<p><em>&#8220;Portiamo a casa importanti risultati <\/em>&#8211; ha detto a <a href=\"http:\/\/www.spazio-news.it\">Spazio-News Magazine<\/a> Tofalo &#8211; <em>Abbiamo posto solide basi per una sempre pi\u00f9 forte collaborazione in materia di formazione e addestramento militare, nonch\u00e9 un pi\u00f9 ampio coinvolgimento reciproco nello scambio tecnologico e una maggiore cooperazione nella ricerca e nello sviluppo industriale\u201d.<\/em><\/p>\n<p>Un importante momento della missione \u00e8 stato il meeting del gruppo di lavoro che rappresenta il braccio operativo del dialogo strategico. Per la prima volta hanno avuto modo di confrontarsi su temi di interesse comune, a livello <strong>politico militare<\/strong>, i rappresentanti, per l&#8217;Italia, del <strong>Segretariato Generale della Difesa<\/strong>, dello <strong>Stato Maggiore della Difesa<\/strong> e dell&#8217;<strong>Ambasciat<\/strong>a e, per la controparte vietnamita, del <strong>Dipartimento Relazioni Internazionali<\/strong>.<\/p>\n<p>Un successo che \u00e8 stato amplificato dal<strong> Forum delle aziende italiane <\/strong>organizzato dall&#8217;Ambasciata italiana, retta dall&#8217;<strong>Ambasciatore Antonio Alessandro<\/strong>, con il significativo supporto del <strong>Segretariato Generale della Difesa<\/strong> che ha inviato in Vietnam il <strong>vice Segretario Generale<\/strong>, <strong>Ammiraglio di Squadra Dario Giacomin<\/strong>.<\/p>\n<p>In sintesi, si \u00e8 trattato di un momento di incontro tra le <strong>principali industrie italiane<\/strong> e quelle vietnamite, che operano nel settore della Difesa.<\/p>\n<p>Per Tofalo \u00e8 stata &#8220;<em>un&#8217;interessante occasione di confronto politico che, inserita nella pi\u00f9 ampia <strong>strategia internazionale<\/strong>, mira a consolidare i rapporti di cooperazione a supporto della pace, della stabilit\u00e0 e dello sviluppo economico nelle rispettive regioni<\/em>&#8220;.<\/p>\n<p>Il Sottosegretario ha incontrato il <strong>Vice Ministro Be Xuan Troung<\/strong> che ha espresso grande apprezzamento alle Forze Armate italiane e la volont\u00e0 di proseguire la c<strong>ooperazione nell&#8217;ambito dell&#8217;addestramento e della formazione<\/strong> del personale <strong>militare vietnamita<\/strong>, che viene ospitato nei centri d&#8217;eccellenza della <strong>Difesa italiana<\/strong>.<\/p>\n<p>Particolare attenzione \u00e8 stata posta ai rispettivi ruoli in seno alle <strong>Organizzazioni internazionali<\/strong> e <strong>regionali<\/strong>. Durante la permanenza ad <strong>Hanoi<\/strong>, il <strong>Sottosegretario Tofalo<\/strong>, assieme alla delegazione, ha avuto modo di visitare la sede della <strong>Vietnam Helicopter Corporation<\/strong> ed il <strong>Cantiere navale 189<\/strong>, aziende che fanno capo al <strong>Governo vietnamita<\/strong>.<\/p>\n<p>Il <strong>Sottosegretario alla Difesa<\/strong>, ha concluso la sua <strong>missione in Vietnam <\/strong>inaugurando la mostra fotografica del <strong>Maestro Mauro Sestini<\/strong>, organizzata dall&#8217;Ambasciata italiana ad Hanoi. L&#8217;iniziativa si inserisce nel pi\u00f9 ampio programma &#8220;<strong>Vivere all&#8217;italiana<\/strong>&#8221; finanziato dal <strong>MAECI<\/strong>, ed \u00e8 stata realizzata con il patrocinio del <strong>Ministero dell&#8217;Interno italiano<\/strong>.<\/p>\n<p>Un&#8217;esposizione di venti <strong>fotografie<\/strong> scattate dagli <strong>elicotteri della Polizia di Stato<\/strong>, raffiguranti le pi\u00f9 belle citt\u00e0 italiane. I lavori esposti per la prima volta al <strong>Quirinale<\/strong>, passando per la <strong>Russia<\/strong>, sono giunti in <strong>Vietnam<\/strong> dove resteranno fino al <strong>10 agosto<\/strong>.<\/p>\n","protected":false},"excerpt":{"rendered":"<p>La terza edizione del Dialogo Strategico tra Italia e Vietnam in materia di Difesa, si \u00e8 tenuta nei giorni scorsi<\/p>\n","protected":false},"author":1,"featured_media":3277,"comment_status":"closed","ping_status":"open","sticky":false,"template":"","format":"standard","meta":{"colormag_page_container_layout":"default_layout","colormag_page_sidebar_layout":"default_layout","footnotes":""},"categories":[32,4],"tags":[478,151,2724,2888,105,2885,2886],"class_list":["post-5386","post","type-post","status-publish","format-standard","has-post-thumbnail","hentry","category-prima-pagina","category-istituzioni","tag-angelo-tofalo","tag-cooperazione","tag-formazione-piloti","tag-hanoi-international-centre","tag-ministero-della-difesa","tag-ministry-of-national-defence-of-vietnam","tag-vietnam"],"yoast_head":"<!-- This site is optimized with the Yoast SEO plugin v26.8 - https:\/\/yoast.com\/product\/yoast-seo-wordpress\/ -->\n<title>DIFESA, TOFALO: IN VIETNAM PER RILANCIARE LE INDUSTRIE ITALIANE &#187; Spazio-News Magazine<\/title>\n<meta name=\"description\" content=\"La terza edizione del Dialogo Strategico tra Italia e Vietnam in materia di Difesa, si \u00e8 tenuta nei giorni scorsi ad Hanoi dove Tofalo\" \/>\n<meta name=\"robots\" content=\"index, follow, max-snippet:-1, max-image-preview:large, max-video-preview:-1\" \/>\n<link rel=\"canonical\" href=\"http:\/\/spazio-news.it\/?p=5386\" \/>\n<meta property=\"og:locale\" content=\"it_IT\" \/>\n<meta property=\"og:type\" content=\"article\" \/>\n<meta property=\"og:title\" content=\"DIFESA, TOFALO: IN VIETNAM PER RILANCIARE LE INDUSTRIE ITALIANE &#187; Spazio-News Magazine\" \/>\n<meta property=\"og:description\" content=\"La terza edizione del Dialogo Strategico tra Italia e Vietnam in materia di Difesa, si \u00e8 tenuta nei giorni scorsi ad Hanoi dove Tofalo\" \/>\n<meta property=\"og:url\" content=\"http:\/\/spazio-news.it\/?p=5386\" \/>\n<meta property=\"og:site_name\" content=\"Spazio-News Magazine\" \/>\n<meta property=\"article:publisher\" content=\"https:\/\/m.facebook.com\/spazio-news-magazine\" \/>\n<meta property=\"article:author\" content=\"@SpazioNewsMagazine\" \/>\n<meta property=\"article:published_time\" content=\"2019-07-18T01:12:03+00:00\" \/>\n<meta property=\"og:image\" content=\"http:\/\/spazio-news.it\/wp-content\/uploads\/2019\/02\/F-35A-Italia-Aeronautica-Militare-Spazio-News.it_-e1551016216149.png\" \/>\n\t<meta property=\"og:image:width\" content=\"800\" \/>\n\t<meta property=\"og:image:height\" content=\"446\" \/>\n\t<meta property=\"og:image:type\" content=\"image\/png\" \/>\n<meta name=\"author\" content=\"Redazione\" \/>\n<meta name=\"twitter:card\" content=\"summary_large_image\" \/>\n<meta name=\"twitter:creator\" content=\"@news_spazio\" \/>\n<meta name=\"twitter:site\" content=\"@News_spazio\" \/>\n<meta name=\"twitter:label1\" content=\"Scritto da\" \/>\n\t<meta name=\"twitter:data1\" content=\"Redazione\" \/>\n\t<meta name=\"twitter:label2\" content=\"Tempo di lettura stimato\" \/>\n\t<meta name=\"twitter:data2\" content=\"2 minuti\" \/>\n<script type=\"application\/ld+json\" class=\"yoast-schema-graph\">{\"@context\":\"https:\/\/schema.org\",\"@graph\":[{\"@type\":\"NewsArticle\",\"@id\":\"http:\/\/spazio-news.it\/?p=5386#article\",\"isPartOf\":{\"@id\":\"http:\/\/spazio-news.it\/?p=5386\"},\"author\":{\"name\":\"Redazione\",\"@id\":\"http:\/\/spazio-news.it\/#\/schema\/person\/c600904e882e9e166ed8e5e3773d37b3\"},\"headline\":\"DIFESA, TOFALO: IN VIETNAM PER RILANCIARE LE INDUSTRIE ITALIANE\",\"datePublished\":\"2019-07-18T01:12:03+00:00\",\"mainEntityOfPage\":{\"@id\":\"http:\/\/spazio-news.it\/?p=5386\"},\"wordCount\":470,\"publisher\":{\"@id\":\"http:\/\/spazio-news.it\/#organization\"},\"image\":{\"@id\":\"http:\/\/spazio-news.it\/?p=5386#primaryimage\"},\"thumbnailUrl\":\"http:\/\/spazio-news.it\/wp-content\/uploads\/2019\/02\/F-35A-Italia-Aeronautica-Militare-Spazio-News.it_-e1551016216149.png\",\"keywords\":[\"Angelo Tofalo\",\"cooperazione\",\"Formazione piloti\",\"Hanoi International Centre\",\"Ministero della Difesa\",\"Ministry of National Defence of Vietnam\",\"Vietnam\"],\"articleSection\":[\"01 - PRIMA PAGINA\",\"03 - ISTITUZIONI\"],\"inLanguage\":\"it-IT\"},{\"@type\":\"WebPage\",\"@id\":\"http:\/\/spazio-news.it\/?p=5386\",\"url\":\"http:\/\/spazio-news.it\/?p=5386\",\"name\":\"DIFESA, TOFALO: IN VIETNAM PER RILANCIARE LE INDUSTRIE ITALIANE &#187; Spazio-News Magazine\",\"isPartOf\":{\"@id\":\"http:\/\/spazio-news.it\/#website\"},\"primaryImageOfPage\":{\"@id\":\"http:\/\/spazio-news.it\/?p=5386#primaryimage\"},\"image\":{\"@id\":\"http:\/\/spazio-news.it\/?p=5386#primaryimage\"},\"thumbnailUrl\":\"http:\/\/spazio-news.it\/wp-content\/uploads\/2019\/02\/F-35A-Italia-Aeronautica-Militare-Spazio-News.it_-e1551016216149.png\",\"datePublished\":\"2019-07-18T01:12:03+00:00\",\"description\":\"La terza edizione del Dialogo Strategico tra Italia e Vietnam in materia di Difesa, si \u00e8 tenuta nei giorni scorsi ad Hanoi dove Tofalo\",\"breadcrumb\":{\"@id\":\"http:\/\/spazio-news.it\/?p=5386#breadcrumb\"},\"inLanguage\":\"it-IT\",\"potentialAction\":[{\"@type\":\"ReadAction\",\"target\":[\"http:\/\/spazio-news.it\/?p=5386\"]}]},{\"@type\":\"ImageObject\",\"inLanguage\":\"it-IT\",\"@id\":\"http:\/\/spazio-news.it\/?p=5386#primaryimage\",\"url\":\"http:\/\/spazio-news.it\/wp-content\/uploads\/2019\/02\/F-35A-Italia-Aeronautica-Militare-Spazio-News.it_-e1551016216149.png\",\"contentUrl\":\"http:\/\/spazio-news.it\/wp-content\/uploads\/2019\/02\/F-35A-Italia-Aeronautica-Militare-Spazio-News.it_-e1551016216149.png\",\"width\":800,\"height\":446,\"caption\":\"F-35A Italia Aeronautica Militare Spazio-News.it\"},{\"@type\":\"BreadcrumbList\",\"@id\":\"http:\/\/spazio-news.it\/?p=5386#breadcrumb\",\"itemListElement\":[{\"@type\":\"ListItem\",\"position\":1,\"name\":\"Home\",\"item\":\"http:\/\/spazio-news.it\/\"},{\"@type\":\"ListItem\",\"position\":2,\"name\":\"DIFESA, TOFALO: IN VIETNAM PER RILANCIARE LE INDUSTRIE ITALIANE\"}]},{\"@type\":\"WebSite\",\"@id\":\"http:\/\/spazio-news.it\/#website\",\"url\":\"http:\/\/spazio-news.it\/\",\"name\":\"Spazio-News Magazine\",\"description\":\"La guida che sfida la complessit\u00e0 del mondo industriale\",\"publisher\":{\"@id\":\"http:\/\/spazio-news.it\/#organization\"},\"alternateName\":\"Spazio-news.it\",\"potentialAction\":[{\"@type\":\"SearchAction\",\"target\":{\"@type\":\"EntryPoint\",\"urlTemplate\":\"http:\/\/spazio-news.it\/?s={search_term_string}\"},\"query-input\":{\"@type\":\"PropertyValueSpecification\",\"valueRequired\":true,\"valueName\":\"search_term_string\"}}],\"inLanguage\":\"it-IT\"},{\"@type\":\"Organization\",\"@id\":\"http:\/\/spazio-news.it\/#organization\",\"name\":\"Spazio-News Magazine\",\"url\":\"http:\/\/spazio-news.it\/\",\"logo\":{\"@type\":\"ImageObject\",\"inLanguage\":\"it-IT\",\"@id\":\"http:\/\/spazio-news.it\/#\/schema\/logo\/image\/\",\"url\":\"http:\/\/spazio-news.it\/wp-content\/uploads\/2023\/09\/Logo-Spazio-News-512-x-512-NO-testo.jpg\",\"contentUrl\":\"http:\/\/spazio-news.it\/wp-content\/uploads\/2023\/09\/Logo-Spazio-News-512-x-512-NO-testo.jpg\",\"width\":512,\"height\":512,\"caption\":\"Spazio-News Magazine\"},\"image\":{\"@id\":\"http:\/\/spazio-news.it\/#\/schema\/logo\/image\/\"},\"sameAs\":[\"https:\/\/m.facebook.com\/spazio-news-magazine\",\"https:\/\/x.com\/News_spazio\"]},{\"@type\":\"Person\",\"@id\":\"http:\/\/spazio-news.it\/#\/schema\/person\/c600904e882e9e166ed8e5e3773d37b3\",\"name\":\"Redazione\",\"sameAs\":[\"http:\/\/spazio-news.it\",\"@SpazioNewsMagazine\",\"https:\/\/x.com\/@news_spazio\"],\"url\":\"http:\/\/spazio-news.it\/?author=1\"}]}<\/script>\n<!-- \/ Yoast SEO plugin. -->","yoast_head_json":{"title":"DIFESA, TOFALO: IN VIETNAM PER RILANCIARE LE INDUSTRIE ITALIANE &#187; Spazio-News Magazine","description":"La terza edizione del Dialogo Strategico tra Italia e Vietnam in materia di Difesa, si \u00e8 tenuta nei giorni scorsi ad Hanoi dove Tofalo","robots":{"index":"index","follow":"follow","max-snippet":"max-snippet:-1","max-image-preview":"max-image-preview:large","max-video-preview":"max-video-preview:-1"},"canonical":"http:\/\/spazio-news.it\/?p=5386","og_locale":"it_IT","og_type":"article","og_title":"DIFESA, TOFALO: IN VIETNAM PER RILANCIARE LE INDUSTRIE ITALIANE &#187; Spazio-News Magazine","og_description":"La terza edizione del Dialogo Strategico tra Italia e Vietnam in materia di Difesa, si \u00e8 tenuta nei giorni scorsi ad Hanoi dove Tofalo","og_url":"http:\/\/spazio-news.it\/?p=5386","og_site_name":"Spazio-News Magazine","article_publisher":"https:\/\/m.facebook.com\/spazio-news-magazine","article_author":"@SpazioNewsMagazine","article_published_time":"2019-07-18T01:12:03+00:00","og_image":[{"width":800,"height":446,"url":"http:\/\/spazio-news.it\/wp-content\/uploads\/2019\/02\/F-35A-Italia-Aeronautica-Militare-Spazio-News.it_-e1551016216149.png","type":"image\/png"}],"author":"Redazione","twitter_card":"summary_large_image","twitter_creator":"@news_spazio","twitter_site":"@News_spazio","twitter_misc":{"Scritto da":"Redazione","Tempo di lettura stimato":"2 minuti"},"schema":{"@context":"https:\/\/schema.org","@graph":[{"@type":"NewsArticle","@id":"http:\/\/spazio-news.it\/?p=5386#article","isPartOf":{"@id":"http:\/\/spazio-news.it\/?p=5386"},"author":{"name":"Redazione","@id":"http:\/\/spazio-news.it\/#\/schema\/person\/c600904e882e9e166ed8e5e3773d37b3"},"headline":"DIFESA, TOFALO: IN VIETNAM PER RILANCIARE LE INDUSTRIE ITALIANE","datePublished":"2019-07-18T01:12:03+00:00","mainEntityOfPage":{"@id":"http:\/\/spazio-news.it\/?p=5386"},"wordCount":470,"publisher":{"@id":"http:\/\/spazio-news.it\/#organization"},"image":{"@id":"http:\/\/spazio-news.it\/?p=5386#primaryimage"},"thumbnailUrl":"http:\/\/spazio-news.it\/wp-content\/uploads\/2019\/02\/F-35A-Italia-Aeronautica-Militare-Spazio-News.it_-e1551016216149.png","keywords":["Angelo Tofalo","cooperazione","Formazione piloti","Hanoi International Centre","Ministero della Difesa","Ministry of National Defence of Vietnam","Vietnam"],"articleSection":["01 - PRIMA PAGINA","03 - ISTITUZIONI"],"inLanguage":"it-IT"},{"@type":"WebPage","@id":"http:\/\/spazio-news.it\/?p=5386","url":"http:\/\/spazio-news.it\/?p=5386","name":"DIFESA, TOFALO: IN VIETNAM PER RILANCIARE LE INDUSTRIE ITALIANE &#187; Spazio-News Magazine","isPartOf":{"@id":"http:\/\/spazio-news.it\/#website"},"primaryImageOfPage":{"@id":"http:\/\/spazio-news.it\/?p=5386#primaryimage"},"image":{"@id":"http:\/\/spazio-news.it\/?p=5386#primaryimage"},"thumbnailUrl":"http:\/\/spazio-news.it\/wp-content\/uploads\/2019\/02\/F-35A-Italia-Aeronautica-Militare-Spazio-News.it_-e1551016216149.png","datePublished":"2019-07-18T01:12:03+00:00","description":"La terza edizione del Dialogo Strategico tra Italia e Vietnam in materia di Difesa, si \u00e8 tenuta nei giorni scorsi ad Hanoi dove Tofalo","breadcrumb":{"@id":"http:\/\/spazio-news.it\/?p=5386#breadcrumb"},"inLanguage":"it-IT","potentialAction":[{"@type":"ReadAction","target":["http:\/\/spazio-news.it\/?p=5386"]}]},{"@type":"ImageObject","inLanguage":"it-IT","@id":"http:\/\/spazio-news.it\/?p=5386#primaryimage","url":"http:\/\/spazio-news.it\/wp-content\/uploads\/2019\/02\/F-35A-Italia-Aeronautica-Militare-Spazio-News.it_-e1551016216149.png","contentUrl":"http:\/\/spazio-news.it\/wp-content\/uploads\/2019\/02\/F-35A-Italia-Aeronautica-Militare-Spazio-News.it_-e1551016216149.png","width":800,"height":446,"caption":"F-35A Italia Aeronautica Militare Spazio-News.it"},{"@type":"BreadcrumbList","@id":"http:\/\/spazio-news.it\/?p=5386#breadcrumb","itemListElement":[{"@type":"ListItem","position":1,"name":"Home","item":"http:\/\/spazio-news.it\/"},{"@type":"ListItem","position":2,"name":"DIFESA, TOFALO: IN VIETNAM PER RILANCIARE LE INDUSTRIE ITALIANE"}]},{"@type":"WebSite","@id":"http:\/\/spazio-news.it\/#website","url":"http:\/\/spazio-news.it\/","name":"Spazio-News Magazine","description":"La guida che sfida la complessit\u00e0 del mondo industriale","publisher":{"@id":"http:\/\/spazio-news.it\/#organization"},"alternateName":"Spazio-news.it","potentialAction":[{"@type":"SearchAction","target":{"@type":"EntryPoint","urlTemplate":"http:\/\/spazio-news.it\/?s={search_term_string}"},"query-input":{"@type":"PropertyValueSpecification","valueRequired":true,"valueName":"search_term_string"}}],"inLanguage":"it-IT"},{"@type":"Organization","@id":"http:\/\/spazio-news.it\/#organization","name":"Spazio-News Magazine","url":"http:\/\/spazio-news.it\/","logo":{"@type":"ImageObject","inLanguage":"it-IT","@id":"http:\/\/spazio-news.it\/#\/schema\/logo\/image\/","url":"http:\/\/spazio-news.it\/wp-content\/uploads\/2023\/09\/Logo-Spazio-News-512-x-512-NO-testo.jpg","contentUrl":"http:\/\/spazio-news.it\/wp-content\/uploads\/2023\/09\/Logo-Spazio-News-512-x-512-NO-testo.jpg","width":512,"height":512,"caption":"Spazio-News Magazine"},"image":{"@id":"http:\/\/spazio-news.it\/#\/schema\/logo\/image\/"},"sameAs":["https:\/\/m.facebook.com\/spazio-news-magazine","https:\/\/x.com\/News_spazio"]},{"@type":"Person","@id":"http:\/\/spazio-news.it\/#\/schema\/person\/c600904e882e9e166ed8e5e3773d37b3","name":"Redazione","sameAs":["http:\/\/spazio-news.it","@SpazioNewsMagazine","https:\/\/x.com\/@news_spazio"],"url":"http:\/\/spazio-news.it\/?author=1"}]}},"_links":{"self":[{"href":"http:\/\/spazio-news.it\/index.php?rest_route=\/wp\/v2\/posts\/5386","targetHints":{"allow":["GET"]}}],"collection":[{"href":"http:\/\/spazio-news.it\/index.php?rest_route=\/wp\/v2\/posts"}],"about":[{"href":"http:\/\/spazio-news.it\/index.php?rest_route=\/wp\/v2\/types\/post"}],"author":[{"embeddable":true,"href":"http:\/\/spazio-news.it\/index.php?rest_route=\/wp\/v2\/users\/1"}],"replies":[{"embeddable":true,"href":"http:\/\/spazio-news.it\/index.php?rest_route=%2Fwp%2Fv2%2Fcomments&post=5386"}],"version-history":[{"count":1,"href":"http:\/\/spazio-news.it\/index.php?rest_route=\/wp\/v2\/posts\/5386\/revisions"}],"predecessor-version":[{"id":5387,"href":"http:\/\/spazio-news.it\/index.php?rest_route=\/wp\/v2\/posts\/5386\/revisions\/5387"}],"wp:featuredmedia":[{"embeddable":true,"href":"http:\/\/spazio-news.it\/index.php?rest_route=\/wp\/v2\/media\/3277"}],"wp:attachment":[{"href":"http:\/\/spazio-news.it\/index.php?rest_route=%2Fwp%2Fv2%2Fmedia&parent=5386"}],"wp:term":[{"taxonomy":"category","embeddable":true,"href":"http:\/\/spazio-news.it\/index.php?rest_route=%2Fwp%2Fv2%2Fcategories&post=5386"},{"taxonomy":"post_tag","embeddable":true,"href":"http:\/\/spazio-news.it\/index.php?rest_route=%2Fwp%2Fv2%2Ftags&post=5386"}],"curies":[{"name":"wp","href":"https:\/\/api.w.org\/{rel}","templated":true}]}}