{"id":569,"date":"2018-08-03T07:15:10","date_gmt":"2018-08-03T07:15:10","guid":{"rendered":"http:\/\/spazio-news.it\/?p=569"},"modified":"2018-11-01T21:23:59","modified_gmt":"2018-11-01T20:23:59","slug":"enav-andamento-in-crescita-nei-primi-sei-mesi-del-2018","status":"publish","type":"post","link":"http:\/\/spazio-news.it\/?p=569","title":{"rendered":"ENAV: ANDAMENTO IN CRESCITA NEI PRIMI SEI MESI DEL 2018"},"content":{"rendered":"<p>Il <strong>Consiglio di Amministrazione<\/strong> \u2013 CdA di <strong>ENAV SpA<\/strong>, riunitosi il 2 agosto scorso, ha <strong>approvato<\/strong> la <strong>relazione<\/strong> <strong>finanziaria<\/strong> relativa ai <strong>primi sei mesi del 2018<\/strong>.<\/p>\n<p><em>\u201cIl primo semestre del 2018 si \u00e8 aperto sotto le migliori aspettative per quanto riguarda la ripresa del traffico aereo sul nostro Paese che rappresenta una conferma importante, in quanto abbiamo registrato incrementi superiori agli altri grandi paesi europei, con una delle migliori performance operative<\/em> \u2013 ha dichiarato l\u2019Amministratore Delegato di ENAV, Roberta Neri, presentando la relazione finanziaria gennaio \u2013 giugno 2018 -. <em>La qualit\u00e0 professionale delle nostre persone e gli investimenti in tecnologia ci hanno consentito di implementare, in anticipo rispetto agli altri principali provider europei, la procedura Free Route, che permette alle compagnie aeree di risparmiare tempo, carburante ed emissioni di CO2, rendendo pi\u00f9 attraente il nostro spazio aereo. La firma dell\u2019accordo sul nuovo contratto di lavoro rappresenta un importante traguardo e ci consente di intraprendere un percorso di condivisione delle prospettive positive della Societ\u00e0\u201d.<\/em><\/p>\n<p>Il primo semestre 2018 \u00e8 stato caratterizzato dal deciso aumento delle unit\u00e0 di servizio3 sia per il traffico di rotta che di terminale, e dalla performance gestionale incentrata sul continuo miglioramento dei processi tra le societ\u00e0 del Gruppo e sull\u2019efficienza, in linea con gli obiettivi delineati dal piano industriale 2018-2022.<\/p>\n<p><strong>l traffico di rotta<\/strong>, espresso in unit\u00e0 di servizio,<strong> \u00e8 in aumento dell\u20198,7%<\/strong> rispetto allo stesso periodo del 2017.<\/p>\n<p><strong>L\u2019Italia, dopo diversi anni, \u00e8, tra i principali paesi europei, quello che ha registrato il tasso di crescita pi\u00f9 alto: Francia +2,3%, Germania +3,3%, Gran Bretagna +3,3%, Spagna +5,1%.<\/strong> In termini di qualit\u00e0 del servizio la Societ\u00e0 ha registrato inoltre la migliore performance operativa tra i principali paesi europei con un ritardo medio per volo assistito nel semestre di 0,069 minuti rispetto al target assegnato di 0,11 minuti.<\/p>\n<p>La crescita del traffico di rotta sui cieli italiani ha riguardato sia il traffico nazionale (+2,6%) che quello internazionale (+7,6%) ma soprattutto il sorvolo (aerei di solo attraversamento, cio\u00e8 che non decollano o atterrano sugli scali italiani), che mostra un incremento dell\u201914,5% in termini di unit\u00e0 di servizio; tale performance \u00e8 da attribuire, oltre ai buoni risultati sulla puntualit\u00e0, anche all\u2019implementazione della procedura Free Route che consente a tutti i velivoli sopra i 9.000 metri, di attraversare lo spazio aereo nazionale con un percorso diretto che permette alle compagnie aeree di pianificare, senza vincoli, le traiettorie pi\u00f9 brevi risparmiando carburante, costi di gestione e riducendo le emissioni di CO2.<\/p>\n<p><strong>Il traffico di terminale<\/strong> (che riguarda le attivit\u00e0 di decollo e atterraggio nel raggio di circa 20 km dalla pista) nel primo semestre 2018 \u00e8 aumentato del 4,4%, in termini di unit\u00e0 di servizio, rispetto al corrispondente periodo del 2017. La crescita \u00e8 dovuta al buon andamento del traffico internazionale che mostra un aumento del 5,5%. I principali scali italiani fanno registrare un aumento, sempre in termini di unit\u00e0 di servizio, in linea con la media nazionale: Fiumicino +4,6%, Malpensa +6,6%, Venezia +3,8%, Bergamo +6%. Lo scalo di Milano Linate \u00e8 l\u2019unico, tra i grandi aeroporti, che ha registrato un calo del 3,3%, a causa della cessata attivit\u00e0 di Air Berlin e della riduzione dei voli di Air Italy. In decisa crescita anche gli aeroporti del sud: Napoli +15,8%, Catania +8,3%, Palermo +13,2%, Bari +2,3%.<\/p>\n<p>&nbsp;<\/p>\n<p>Nello specifico i primi sei mesi dell\u2019anno hanno evidenziato per Enav SPA:<\/p>\n<p>&nbsp;<\/p>\n<ul>\n<li><strong>Ricavi totali consolidati<\/strong> al 1\u00b0 semestre 2018 hanno raggiunto i 411 milioni di euro, in aumento dello 0,2% rispetto al primo semestre 2017, con una forte crescita dei ricavi da attivit\u00e0 operativa, neutralizzata dalla minore tariffa regolamentata e dall\u2019azzeramento del balance del primo semestre 2018 correlato al rischio traffico.<\/li>\n<li><strong>Ricavi da attivit\u00e0 operativa<\/strong>, che si attestano a 417 milioni di euro, registrano un incremento del 6,5% rispetto al 1\u00b0 semestre 2017. Tale risultato \u00e8 legato principalmente all\u2019aumento del 9,3% dei ricavi da servizi di rotta pari a 301 milioni di euro. I ricavi di terminale sono aumentati dello 0,7% a 103 milioni di euro per l\u2019effetto combinato dell\u2019incremento delle unit\u00e0 di servizio e della riduzione delle tariffe. I ricavi da mercato non regolamentato ammontano a 6,4 milioni di euro, in lieve flessione (2%) rispetto allo stesso periodo dello scorso anno.<\/li>\n<li><strong>Balance<\/strong> incide negativamente sull\u2019ammontare dei ricavi per 24 milioni di euro a seguito del concatenarsi di due eventi: i) minori balance iscritti nel primo semestre 2018, rispetto al corrispondente periodo dell\u2019esercizio precedente, per complessivi 13,1 milioni di euro riferiti ai balance di rotta, in cui la differenza tra le unit\u00e0 di servizio sviluppate nel primo semestre 2018 rispetto a quanto preventivato nel piano di performance si attesta a -1,76%. Tale valore rientra nella fascia del +\/-2% di variazione che rimane a carico dei service provider, non generando quindi l\u2019iscrizione di balance del periodo; ii) maggiore balance iscritto negli esercizi precedenti riversato nella tariffa 2018, per un importo negativo di 24,7 milioni di euro rispetto all\u2019importo negativo di 12,7 milioni di euro registrato nel primo semestre 2017.<\/li>\n<li><strong>Costi operativi <\/strong>si attestano a 299,5 milioni di euro in aumento dello 0,2% rispetto al primo semestre del 2017. Il Gruppo ENAV ha proseguito nel suo percorso di efficientamento dei costi, grazie ad interventi su specifiche componenti di spesa ed all\u2019ottimizzazione dei processi tra le societ\u00e0 del Gruppo. Il costo del personale si attesta a 244 milioni di euro in aumento del 2% rispetto al corrispondente periodo dell\u2019anno precedente, per effetto dell\u2019incremento della retribuzione fissa, per i costi connessi al rinnovo contrattuale in parte compensato dagli effetti derivanti dal minore organico del Gruppo con una differenza di 55 unit\u00e0 medie e 72 unit\u00e0 effettive. La retribuzione variabile registra un incremento complessivo di 2,9 milioni di euro sia per il maggiore straordinario in linea operativa, connesso all\u2019incremento dei volumi di traffico aereo gestito nel semestre di riferimento, sia per il maggior premio di risultato del personale dipendente e dirigente.<\/li>\n<li><strong>Costi operativi esterni<\/strong> si attestano a 71,5 milioni di euro, con una riduzione del 3,1% rispetto al 1\u00b0 semestre 2017 grazie ad una generale diminuzione delle spese di utenze e telecomunicazioni, all\u2019ottimizzazione delle sedi di lavoro e al minor ricorso a servizi e supporti professionali esterni anche grazie ad un maggior ricorso all\u2019insourcing. Tali i valori hanno contribuito all\u2019aumento dello 0,5% del <strong>Margine Operativo Lordo (EBITDA)<\/strong>, rispetto al 1\u00b0 semestre 2017, che si attesta a 111,5 milioni di euro, con un margine EBITDA al 27,1%, in linea col primo semestre 2017.<\/li>\n<li><strong>Risultato Operativo (EBIT)<\/strong> consolidato nei primi sei mesi del 2018 si \u00e8 attestato a 48,3 milioni di euro, in incremento del 21,3% rispetto ai primi sei mesi del 2017, anche grazie alla positiva conclusione di alcune controversie e per effetto della svalutazione una tantum, avvenuta nel primo semestre del 2017, dei crediti verso Alitalia effettuata a valle dell\u2019entrata del vettore nella procedura di amministrazione straordinaria.<\/li>\n<li><strong>Utile netto<\/strong> consolidato del primo semestre 2018 \u00e8 in aumento del 22,2% a 33 milioni di euro rispetto al primo semestre 2017.<\/li>\n<\/ul>\n<p>&nbsp;<\/p>\n<p>In sintesi la <strong>posizione finanziaria netta<\/strong> al 30 giugno 2018 mostra un indebitamento netto pari a 181,3 milioni di euro, in aumento di 63,8 milioni di euro rispetto al 31 dicembre 2017. Tale risultato \u00e8 frutto della dinamica degli incassi e dei pagamenti connessi all\u2019operativit\u00e0 ordinaria che ha prodotto un flusso di cassa positivo, determinato anche dall\u2019incremento del fatturato legato al maggior traffico generato nel periodo, nonch\u00e9 del pagamento del dividendo per 100,9 milioni di euro e del versamento del saldo e del primo acconto IRES per 17,6 milioni di euro. Grazie alla forte generazione di cassa la Societ\u00e0 prevede di raggiungere un indebitamento finanziario netto a fine anno inferiore agli 80 milioni di euro.<\/p>\n","protected":false},"excerpt":{"rendered":"<p>Il Consiglio di Amministrazione \u2013 CdA di ENAV SpA, riunitosi il 2 agosto scorso, ha approvato la relazione finanziaria relativa<\/p>\n","protected":false},"author":1,"featured_media":570,"comment_status":"open","ping_status":"open","sticky":false,"template":"","format":"standard","meta":{"colormag_page_container_layout":"default_layout","colormag_page_sidebar_layout":"default_layout","footnotes":""},"categories":[32,6],"tags":[493,425,121,122,492],"class_list":["post-569","post","type-post","status-publish","format-standard","has-post-thumbnail","hentry","category-prima-pagina","category-economia-societa","tag-agenzia-nazionale-assistenza-al-volo","tag-consiglio-di-amministrazione","tag-enav","tag-enav-spa","tag-relazione-finanziaria"],"yoast_head":"<!-- This site is optimized with the Yoast SEO plugin v26.8 - https:\/\/yoast.com\/product\/yoast-seo-wordpress\/ -->\n<title>ENAV: ANDAMENTO IN CRESCITA NEI PRIMI SEI MESI DEL 2018 &#187; Spazio-News Magazine<\/title>\n<meta name=\"description\" content=\"Il Consiglio di Amministrazione \u2013 CdA di ENAV SpA, riunitosi il 2 agosto scorso, ha approvato la relazione finanziaria relativa ai primi sei mesi del 2018\" \/>\n<meta name=\"robots\" content=\"index, follow, max-snippet:-1, max-image-preview:large, max-video-preview:-1\" \/>\n<link rel=\"canonical\" href=\"http:\/\/spazio-news.it\/?p=569\" \/>\n<meta property=\"og:locale\" content=\"it_IT\" \/>\n<meta property=\"og:type\" content=\"article\" \/>\n<meta property=\"og:title\" content=\"ENAV: ANDAMENTO IN CRESCITA NEI PRIMI SEI MESI DEL 2018 &#187; Spazio-News Magazine\" \/>\n<meta property=\"og:description\" content=\"Il Consiglio di Amministrazione \u2013 CdA di ENAV SpA, riunitosi il 2 agosto scorso, ha approvato la relazione finanziaria relativa ai primi sei mesi del 2018\" \/>\n<meta property=\"og:url\" content=\"http:\/\/spazio-news.it\/?p=569\" \/>\n<meta property=\"og:site_name\" content=\"Spazio-News Magazine\" \/>\n<meta property=\"article:publisher\" content=\"https:\/\/m.facebook.com\/spazio-news-magazine\" \/>\n<meta property=\"article:author\" content=\"@SpazioNewsMagazine\" \/>\n<meta property=\"article:published_time\" content=\"2018-08-03T07:15:10+00:00\" \/>\n<meta property=\"article:modified_time\" content=\"2018-11-01T20:23:59+00:00\" \/>\n<meta property=\"og:image\" content=\"http:\/\/spazio-news.it\/wp-content\/uploads\/2018\/08\/spazio-news.IT-Magazine-ENAV-Torre-Aeroporto-e1552745847220.jpg\" \/>\n\t<meta property=\"og:image:width\" content=\"800\" \/>\n\t<meta property=\"og:image:height\" content=\"446\" \/>\n\t<meta property=\"og:image:type\" content=\"image\/jpeg\" \/>\n<meta name=\"author\" content=\"Redazione\" \/>\n<meta name=\"twitter:card\" content=\"summary_large_image\" \/>\n<meta name=\"twitter:creator\" content=\"@news_spazio\" \/>\n<meta name=\"twitter:site\" content=\"@News_spazio\" \/>\n<meta name=\"twitter:label1\" content=\"Scritto da\" \/>\n\t<meta name=\"twitter:data1\" content=\"Redazione\" \/>\n\t<meta name=\"twitter:label2\" content=\"Tempo di lettura stimato\" \/>\n\t<meta name=\"twitter:data2\" content=\"6 minuti\" \/>\n<script type=\"application\/ld+json\" class=\"yoast-schema-graph\">{\"@context\":\"https:\/\/schema.org\",\"@graph\":[{\"@type\":\"NewsArticle\",\"@id\":\"http:\/\/spazio-news.it\/?p=569#article\",\"isPartOf\":{\"@id\":\"http:\/\/spazio-news.it\/?p=569\"},\"author\":{\"name\":\"Redazione\",\"@id\":\"http:\/\/spazio-news.it\/#\/schema\/person\/c600904e882e9e166ed8e5e3773d37b3\"},\"headline\":\"ENAV: ANDAMENTO IN CRESCITA NEI PRIMI SEI MESI DEL 2018\",\"datePublished\":\"2018-08-03T07:15:10+00:00\",\"dateModified\":\"2018-11-01T20:23:59+00:00\",\"mainEntityOfPage\":{\"@id\":\"http:\/\/spazio-news.it\/?p=569\"},\"wordCount\":1196,\"commentCount\":0,\"publisher\":{\"@id\":\"http:\/\/spazio-news.it\/#organization\"},\"image\":{\"@id\":\"http:\/\/spazio-news.it\/?p=569#primaryimage\"},\"thumbnailUrl\":\"http:\/\/spazio-news.it\/wp-content\/uploads\/2018\/08\/spazio-news.IT-Magazine-ENAV-Torre-Aeroporto-e1552745847220.jpg\",\"keywords\":[\"Agenzia Nazionale Assistenza al Volo\",\"Consiglio di Amministrazione\",\"ENAV\",\"ENAV SPA\",\"relazione finanziaria\"],\"articleSection\":[\"01 - PRIMA PAGINA\",\"04 - ECONOMIA &amp; SOCIET\u00c0\"],\"inLanguage\":\"it-IT\",\"potentialAction\":[{\"@type\":\"CommentAction\",\"name\":\"Comment\",\"target\":[\"http:\/\/spazio-news.it\/?p=569#respond\"]}]},{\"@type\":\"WebPage\",\"@id\":\"http:\/\/spazio-news.it\/?p=569\",\"url\":\"http:\/\/spazio-news.it\/?p=569\",\"name\":\"ENAV: ANDAMENTO IN CRESCITA NEI PRIMI SEI MESI DEL 2018 &#187; Spazio-News Magazine\",\"isPartOf\":{\"@id\":\"http:\/\/spazio-news.it\/#website\"},\"primaryImageOfPage\":{\"@id\":\"http:\/\/spazio-news.it\/?p=569#primaryimage\"},\"image\":{\"@id\":\"http:\/\/spazio-news.it\/?p=569#primaryimage\"},\"thumbnailUrl\":\"http:\/\/spazio-news.it\/wp-content\/uploads\/2018\/08\/spazio-news.IT-Magazine-ENAV-Torre-Aeroporto-e1552745847220.jpg\",\"datePublished\":\"2018-08-03T07:15:10+00:00\",\"dateModified\":\"2018-11-01T20:23:59+00:00\",\"description\":\"Il Consiglio di Amministrazione \u2013 CdA di ENAV SpA, riunitosi il 2 agosto scorso, ha approvato la relazione finanziaria relativa ai primi sei mesi del 2018\",\"breadcrumb\":{\"@id\":\"http:\/\/spazio-news.it\/?p=569#breadcrumb\"},\"inLanguage\":\"it-IT\",\"potentialAction\":[{\"@type\":\"ReadAction\",\"target\":[\"http:\/\/spazio-news.it\/?p=569\"]}]},{\"@type\":\"ImageObject\",\"inLanguage\":\"it-IT\",\"@id\":\"http:\/\/spazio-news.it\/?p=569#primaryimage\",\"url\":\"http:\/\/spazio-news.it\/wp-content\/uploads\/2018\/08\/spazio-news.IT-Magazine-ENAV-Torre-Aeroporto-e1552745847220.jpg\",\"contentUrl\":\"http:\/\/spazio-news.it\/wp-content\/uploads\/2018\/08\/spazio-news.IT-Magazine-ENAV-Torre-Aeroporto-e1552745847220.jpg\",\"width\":800,\"height\":446,\"caption\":\"spazio-news.IT Magazine ENAV Torre Aeroporto\"},{\"@type\":\"BreadcrumbList\",\"@id\":\"http:\/\/spazio-news.it\/?p=569#breadcrumb\",\"itemListElement\":[{\"@type\":\"ListItem\",\"position\":1,\"name\":\"Home\",\"item\":\"http:\/\/spazio-news.it\/\"},{\"@type\":\"ListItem\",\"position\":2,\"name\":\"ENAV: ANDAMENTO IN CRESCITA NEI PRIMI SEI MESI DEL 2018\"}]},{\"@type\":\"WebSite\",\"@id\":\"http:\/\/spazio-news.it\/#website\",\"url\":\"http:\/\/spazio-news.it\/\",\"name\":\"Spazio-News Magazine\",\"description\":\"La guida che sfida la complessit\u00e0 del mondo industriale\",\"publisher\":{\"@id\":\"http:\/\/spazio-news.it\/#organization\"},\"alternateName\":\"Spazio-news.it\",\"potentialAction\":[{\"@type\":\"SearchAction\",\"target\":{\"@type\":\"EntryPoint\",\"urlTemplate\":\"http:\/\/spazio-news.it\/?s={search_term_string}\"},\"query-input\":{\"@type\":\"PropertyValueSpecification\",\"valueRequired\":true,\"valueName\":\"search_term_string\"}}],\"inLanguage\":\"it-IT\"},{\"@type\":\"Organization\",\"@id\":\"http:\/\/spazio-news.it\/#organization\",\"name\":\"Spazio-News Magazine\",\"url\":\"http:\/\/spazio-news.it\/\",\"logo\":{\"@type\":\"ImageObject\",\"inLanguage\":\"it-IT\",\"@id\":\"http:\/\/spazio-news.it\/#\/schema\/logo\/image\/\",\"url\":\"http:\/\/spazio-news.it\/wp-content\/uploads\/2023\/09\/Logo-Spazio-News-512-x-512-NO-testo.jpg\",\"contentUrl\":\"http:\/\/spazio-news.it\/wp-content\/uploads\/2023\/09\/Logo-Spazio-News-512-x-512-NO-testo.jpg\",\"width\":512,\"height\":512,\"caption\":\"Spazio-News Magazine\"},\"image\":{\"@id\":\"http:\/\/spazio-news.it\/#\/schema\/logo\/image\/\"},\"sameAs\":[\"https:\/\/m.facebook.com\/spazio-news-magazine\",\"https:\/\/x.com\/News_spazio\"]},{\"@type\":\"Person\",\"@id\":\"http:\/\/spazio-news.it\/#\/schema\/person\/c600904e882e9e166ed8e5e3773d37b3\",\"name\":\"Redazione\",\"sameAs\":[\"http:\/\/spazio-news.it\",\"@SpazioNewsMagazine\",\"https:\/\/x.com\/@news_spazio\"],\"url\":\"http:\/\/spazio-news.it\/?author=1\"}]}<\/script>\n<!-- \/ Yoast SEO plugin. -->","yoast_head_json":{"title":"ENAV: ANDAMENTO IN CRESCITA NEI PRIMI SEI MESI DEL 2018 &#187; Spazio-News Magazine","description":"Il Consiglio di Amministrazione \u2013 CdA di ENAV SpA, riunitosi il 2 agosto scorso, ha approvato la relazione finanziaria relativa ai primi sei mesi del 2018","robots":{"index":"index","follow":"follow","max-snippet":"max-snippet:-1","max-image-preview":"max-image-preview:large","max-video-preview":"max-video-preview:-1"},"canonical":"http:\/\/spazio-news.it\/?p=569","og_locale":"it_IT","og_type":"article","og_title":"ENAV: ANDAMENTO IN CRESCITA NEI PRIMI SEI MESI DEL 2018 &#187; Spazio-News Magazine","og_description":"Il Consiglio di Amministrazione \u2013 CdA di ENAV SpA, riunitosi il 2 agosto scorso, ha approvato la relazione finanziaria relativa ai primi sei mesi del 2018","og_url":"http:\/\/spazio-news.it\/?p=569","og_site_name":"Spazio-News Magazine","article_publisher":"https:\/\/m.facebook.com\/spazio-news-magazine","article_author":"@SpazioNewsMagazine","article_published_time":"2018-08-03T07:15:10+00:00","article_modified_time":"2018-11-01T20:23:59+00:00","og_image":[{"width":800,"height":446,"url":"http:\/\/spazio-news.it\/wp-content\/uploads\/2018\/08\/spazio-news.IT-Magazine-ENAV-Torre-Aeroporto-e1552745847220.jpg","type":"image\/jpeg"}],"author":"Redazione","twitter_card":"summary_large_image","twitter_creator":"@news_spazio","twitter_site":"@News_spazio","twitter_misc":{"Scritto da":"Redazione","Tempo di lettura stimato":"6 minuti"},"schema":{"@context":"https:\/\/schema.org","@graph":[{"@type":"NewsArticle","@id":"http:\/\/spazio-news.it\/?p=569#article","isPartOf":{"@id":"http:\/\/spazio-news.it\/?p=569"},"author":{"name":"Redazione","@id":"http:\/\/spazio-news.it\/#\/schema\/person\/c600904e882e9e166ed8e5e3773d37b3"},"headline":"ENAV: ANDAMENTO IN CRESCITA NEI PRIMI SEI MESI DEL 2018","datePublished":"2018-08-03T07:15:10+00:00","dateModified":"2018-11-01T20:23:59+00:00","mainEntityOfPage":{"@id":"http:\/\/spazio-news.it\/?p=569"},"wordCount":1196,"commentCount":0,"publisher":{"@id":"http:\/\/spazio-news.it\/#organization"},"image":{"@id":"http:\/\/spazio-news.it\/?p=569#primaryimage"},"thumbnailUrl":"http:\/\/spazio-news.it\/wp-content\/uploads\/2018\/08\/spazio-news.IT-Magazine-ENAV-Torre-Aeroporto-e1552745847220.jpg","keywords":["Agenzia Nazionale Assistenza al Volo","Consiglio di Amministrazione","ENAV","ENAV SPA","relazione finanziaria"],"articleSection":["01 - PRIMA PAGINA","04 - ECONOMIA &amp; SOCIET\u00c0"],"inLanguage":"it-IT","potentialAction":[{"@type":"CommentAction","name":"Comment","target":["http:\/\/spazio-news.it\/?p=569#respond"]}]},{"@type":"WebPage","@id":"http:\/\/spazio-news.it\/?p=569","url":"http:\/\/spazio-news.it\/?p=569","name":"ENAV: ANDAMENTO IN CRESCITA NEI PRIMI SEI MESI DEL 2018 &#187; Spazio-News Magazine","isPartOf":{"@id":"http:\/\/spazio-news.it\/#website"},"primaryImageOfPage":{"@id":"http:\/\/spazio-news.it\/?p=569#primaryimage"},"image":{"@id":"http:\/\/spazio-news.it\/?p=569#primaryimage"},"thumbnailUrl":"http:\/\/spazio-news.it\/wp-content\/uploads\/2018\/08\/spazio-news.IT-Magazine-ENAV-Torre-Aeroporto-e1552745847220.jpg","datePublished":"2018-08-03T07:15:10+00:00","dateModified":"2018-11-01T20:23:59+00:00","description":"Il Consiglio di Amministrazione \u2013 CdA di ENAV SpA, riunitosi il 2 agosto scorso, ha approvato la relazione finanziaria relativa ai primi sei mesi del 2018","breadcrumb":{"@id":"http:\/\/spazio-news.it\/?p=569#breadcrumb"},"inLanguage":"it-IT","potentialAction":[{"@type":"ReadAction","target":["http:\/\/spazio-news.it\/?p=569"]}]},{"@type":"ImageObject","inLanguage":"it-IT","@id":"http:\/\/spazio-news.it\/?p=569#primaryimage","url":"http:\/\/spazio-news.it\/wp-content\/uploads\/2018\/08\/spazio-news.IT-Magazine-ENAV-Torre-Aeroporto-e1552745847220.jpg","contentUrl":"http:\/\/spazio-news.it\/wp-content\/uploads\/2018\/08\/spazio-news.IT-Magazine-ENAV-Torre-Aeroporto-e1552745847220.jpg","width":800,"height":446,"caption":"spazio-news.IT Magazine ENAV Torre Aeroporto"},{"@type":"BreadcrumbList","@id":"http:\/\/spazio-news.it\/?p=569#breadcrumb","itemListElement":[{"@type":"ListItem","position":1,"name":"Home","item":"http:\/\/spazio-news.it\/"},{"@type":"ListItem","position":2,"name":"ENAV: ANDAMENTO IN CRESCITA NEI PRIMI SEI MESI DEL 2018"}]},{"@type":"WebSite","@id":"http:\/\/spazio-news.it\/#website","url":"http:\/\/spazio-news.it\/","name":"Spazio-News Magazine","description":"La guida che sfida la complessit\u00e0 del mondo industriale","publisher":{"@id":"http:\/\/spazio-news.it\/#organization"},"alternateName":"Spazio-news.it","potentialAction":[{"@type":"SearchAction","target":{"@type":"EntryPoint","urlTemplate":"http:\/\/spazio-news.it\/?s={search_term_string}"},"query-input":{"@type":"PropertyValueSpecification","valueRequired":true,"valueName":"search_term_string"}}],"inLanguage":"it-IT"},{"@type":"Organization","@id":"http:\/\/spazio-news.it\/#organization","name":"Spazio-News Magazine","url":"http:\/\/spazio-news.it\/","logo":{"@type":"ImageObject","inLanguage":"it-IT","@id":"http:\/\/spazio-news.it\/#\/schema\/logo\/image\/","url":"http:\/\/spazio-news.it\/wp-content\/uploads\/2023\/09\/Logo-Spazio-News-512-x-512-NO-testo.jpg","contentUrl":"http:\/\/spazio-news.it\/wp-content\/uploads\/2023\/09\/Logo-Spazio-News-512-x-512-NO-testo.jpg","width":512,"height":512,"caption":"Spazio-News Magazine"},"image":{"@id":"http:\/\/spazio-news.it\/#\/schema\/logo\/image\/"},"sameAs":["https:\/\/m.facebook.com\/spazio-news-magazine","https:\/\/x.com\/News_spazio"]},{"@type":"Person","@id":"http:\/\/spazio-news.it\/#\/schema\/person\/c600904e882e9e166ed8e5e3773d37b3","name":"Redazione","sameAs":["http:\/\/spazio-news.it","@SpazioNewsMagazine","https:\/\/x.com\/@news_spazio"],"url":"http:\/\/spazio-news.it\/?author=1"}]}},"_links":{"self":[{"href":"http:\/\/spazio-news.it\/index.php?rest_route=\/wp\/v2\/posts\/569","targetHints":{"allow":["GET"]}}],"collection":[{"href":"http:\/\/spazio-news.it\/index.php?rest_route=\/wp\/v2\/posts"}],"about":[{"href":"http:\/\/spazio-news.it\/index.php?rest_route=\/wp\/v2\/types\/post"}],"author":[{"embeddable":true,"href":"http:\/\/spazio-news.it\/index.php?rest_route=\/wp\/v2\/users\/1"}],"replies":[{"embeddable":true,"href":"http:\/\/spazio-news.it\/index.php?rest_route=%2Fwp%2Fv2%2Fcomments&post=569"}],"version-history":[{"count":3,"href":"http:\/\/spazio-news.it\/index.php?rest_route=\/wp\/v2\/posts\/569\/revisions"}],"predecessor-version":[{"id":1967,"href":"http:\/\/spazio-news.it\/index.php?rest_route=\/wp\/v2\/posts\/569\/revisions\/1967"}],"wp:featuredmedia":[{"embeddable":true,"href":"http:\/\/spazio-news.it\/index.php?rest_route=\/wp\/v2\/media\/570"}],"wp:attachment":[{"href":"http:\/\/spazio-news.it\/index.php?rest_route=%2Fwp%2Fv2%2Fmedia&parent=569"}],"wp:term":[{"taxonomy":"category","embeddable":true,"href":"http:\/\/spazio-news.it\/index.php?rest_route=%2Fwp%2Fv2%2Fcategories&post=569"},{"taxonomy":"post_tag","embeddable":true,"href":"http:\/\/spazio-news.it\/index.php?rest_route=%2Fwp%2Fv2%2Ftags&post=569"}],"curies":[{"name":"wp","href":"https:\/\/api.w.org\/{rel}","templated":true}]}}