{"id":6176,"date":"2019-09-06T05:18:06","date_gmt":"2019-09-06T04:18:06","guid":{"rendered":"http:\/\/spazio-news.it\/?p=6176"},"modified":"2019-08-31T16:20:25","modified_gmt":"2019-08-31T15:20:25","slug":"a-luglio-frena-loccupazione-ma-rimane-positiva-su-base-annua","status":"publish","type":"post","link":"http:\/\/spazio-news.it\/?p=6176","title":{"rendered":"A LUGLIO FRENA L\u2019OCCUPAZIONE, MA RIMANE POSITIVA SU BASE ANNUA"},"content":{"rendered":"<p>\u201c<em>Dopo la crescita registrata nei primi mesi dell\u2019anno, a luglio 2019 la stima degli occupati risulta in lieve calo rispetto al mese precedente; il tasso di occupazione passa al 59,1% (-0,1 punti percentuali)\u201d.<\/em> A dirlo \u00e8 l\u2019<a href=\"https:\/\/www.istat.it\">Istituto Nazionale di Statistica \u2013 ISTAT<\/a> con la consueta nota mensile.<\/p>\n<p>L\u2019<strong>occupazione<\/strong> risulta in <strong>leggera flessione per entrambe le componenti di genere<\/strong>: cala tra i 35-49enni (-45 mila) mentre <strong>aumenta nelle altre classi d\u2019et\u00e0<\/strong>. Dopo <strong>quattro mesi di crescita<\/strong>, si registra una <strong>diminuzione dei dipendenti<\/strong>, sia <strong>permanenti<\/strong> sia a <strong>termine<\/strong> (-46 mila nel complesso) tornano invece a <strong>crescere gli indipendenti<\/strong> (+29 mila) dopo il <a href=\"http:\/\/spazio-news.it\/lavoro-a-maggio-cresce-loccupazione-dello-0-3\">calo registrato a giugno<\/a>.<\/p>\n<p>Le <strong>persone in cerca<\/strong> di occupazione sono in aumento (+1,1%, pari a +28 mila unit\u00e0 nell\u2019ultimo mese). La crescita riguarda entrambe le componenti di genere ed \u00e8 distribuita in <strong>tutte le classi d\u2019et\u00e0<\/strong> ad <strong>eccezione dei 25-34enni<\/strong>. Il <strong>tasso di disoccupazione<\/strong> sale al 9,9% (+0,1 punti percentuali).<\/p>\n<p>La <strong>stima complessiva degli inattivi<\/strong> tra i 15 e i 64 anni a luglio \u00e8 in calo (-0,2%, pari a -28 mila unit\u00e0) per entrambe le componenti di genere. Il <strong>tasso di inattivit\u00e0<\/strong> \u00e8 invariato al 34,2%.<\/p>\n<p>Nel <strong>trimestre maggio-luglio 2019 <\/strong>l\u2019<strong>occupazione \u00e8 in crescita <\/strong>consistente rispetto ai tre mesi precedenti (+0,4%, pari a +101 mila unit\u00e0), di maggiore intensit\u00e0 per gli <strong>uomini<\/strong>. Nello stesso periodo aumentano sia i <strong>dipendenti permanenti<\/strong> (+0,6%, +84 mila) sia quelli a termine (+0,6%, +18 mila) mentre risultano invariati gli <strong>indipendenti<\/strong>; per et\u00e0 si registrano segnali positivi tra i <strong>15-24enni<\/strong> <strong>e gli ultracinquantenni<\/strong>, negativi tra i <strong>35-49enni<\/strong> e di sostanziale stabilit\u00e0 tra i <strong>25-34enni<\/strong>.<\/p>\n<p>All\u2019aumento degli <strong>occupati<\/strong> si associa, nel <strong>trimestre<\/strong>, il <strong>calo delle persone in cerca di occupazione<\/strong> (-3,4%, pari a -91 mila) e degli <strong>inattivi<\/strong> <strong>tra i 15 e i 64 anni<\/strong> (-0,2%, -24 mila).<\/p>\n<p>Anche su <strong>base annua<\/strong> <strong>l\u2019occupazione risulta in crescita<\/strong> (+0,8%, pari a +193 mila unit\u00e0). L\u2019espansione riguarda sia donne sia <strong>uomini<\/strong> e <strong>tutte le classi d\u2019et\u00e0<\/strong> fatta eccezione per i <strong>35-49enni<\/strong>. <strong>Al netto della componente demografica<\/strong> la variazione \u00e8 positiva per tutte le classi di et\u00e0. La crescita nell\u2019anno \u00e8 trainata dai <strong>dipendenti<\/strong> (+200 mila nel complesso) mentre sono in lieve calo gli <strong>indipendenti<\/strong> (-7 mila).<\/p>\n<p>Nell\u2019<strong>arco dei dodici mesi<\/strong>, la <strong>crescita degli<\/strong> <strong>occupati<\/strong> si accompagna a un <strong>calo dei disoccupati<\/strong> (-4,5%, pari a -121 mila unit\u00e0) e degli <strong>inattivi<\/strong> <strong>tra i 15 e i 64 anni<\/strong> (-1,2%, pari a -163 mila).<\/p>\n","protected":false},"excerpt":{"rendered":"<p>\u201cDopo la crescita registrata nei primi mesi dell\u2019anno, a luglio 2019 la stima degli occupati risulta in lieve calo rispetto<\/p>\n","protected":false},"author":1,"featured_media":3175,"comment_status":"closed","ping_status":"open","sticky":false,"template":"","format":"standard","meta":{"colormag_page_container_layout":"default_layout","colormag_page_sidebar_layout":"default_layout","footnotes":""},"categories":[32,6],"tags":[447,558,39,446],"class_list":["post-6176","post","type-post","status-publish","format-standard","has-post-thumbnail","hentry","category-prima-pagina","category-economia-societa","tag-disoccupazione","tag-istituto-nazionale-di-statistica-istat","tag-lavoro","tag-occupazione"],"yoast_head":"<!-- This site is optimized with the Yoast SEO plugin v26.8 - https:\/\/yoast.com\/product\/yoast-seo-wordpress\/ -->\n<title>A LUGLIO FRENA L\u2019OCCUPAZIONE, MA RIMANE POSITIVA SU BASE ANNUA &#187; Spazio-News Magazine<\/title>\n<meta name=\"description\" content=\"\u201cDopo la crescita registrata nei primi mesi dell\u2019anno, a luglio 2019 la stima degli occupati risulta in lieve calo rispetto al mese\" \/>\n<meta name=\"robots\" content=\"index, follow, max-snippet:-1, max-image-preview:large, max-video-preview:-1\" \/>\n<link rel=\"canonical\" href=\"http:\/\/spazio-news.it\/?p=6176\" \/>\n<meta property=\"og:locale\" content=\"it_IT\" \/>\n<meta property=\"og:type\" content=\"article\" \/>\n<meta property=\"og:title\" content=\"A LUGLIO FRENA L\u2019OCCUPAZIONE, MA RIMANE POSITIVA SU BASE ANNUA &#187; Spazio-News Magazine\" \/>\n<meta property=\"og:description\" content=\"\u201cDopo la crescita registrata nei primi mesi dell\u2019anno, a luglio 2019 la stima degli occupati risulta in lieve calo rispetto al mese\" \/>\n<meta property=\"og:url\" content=\"http:\/\/spazio-news.it\/?p=6176\" \/>\n<meta property=\"og:site_name\" content=\"Spazio-News Magazine\" \/>\n<meta property=\"article:publisher\" content=\"https:\/\/m.facebook.com\/spazio-news-magazine\" \/>\n<meta property=\"article:author\" content=\"@SpazioNewsMagazine\" \/>\n<meta property=\"article:published_time\" content=\"2019-09-06T04:18:06+00:00\" \/>\n<meta property=\"og:image\" content=\"http:\/\/spazio-news.it\/wp-content\/uploads\/2019\/02\/Ducati-lavoro-produzione-industria-Spazio-news.it_.png\" \/>\n\t<meta property=\"og:image:width\" content=\"800\" \/>\n\t<meta property=\"og:image:height\" content=\"446\" \/>\n\t<meta property=\"og:image:type\" content=\"image\/png\" \/>\n<meta name=\"author\" content=\"Redazione\" \/>\n<meta name=\"twitter:card\" content=\"summary_large_image\" \/>\n<meta name=\"twitter:creator\" content=\"@news_spazio\" \/>\n<meta name=\"twitter:site\" content=\"@News_spazio\" \/>\n<meta name=\"twitter:label1\" content=\"Scritto da\" \/>\n\t<meta name=\"twitter:data1\" content=\"Redazione\" \/>\n\t<meta name=\"twitter:label2\" content=\"Tempo di lettura stimato\" \/>\n\t<meta name=\"twitter:data2\" content=\"2 minuti\" \/>\n<script type=\"application\/ld+json\" class=\"yoast-schema-graph\">{\"@context\":\"https:\/\/schema.org\",\"@graph\":[{\"@type\":\"NewsArticle\",\"@id\":\"http:\/\/spazio-news.it\/?p=6176#article\",\"isPartOf\":{\"@id\":\"http:\/\/spazio-news.it\/?p=6176\"},\"author\":{\"name\":\"Redazione\",\"@id\":\"http:\/\/spazio-news.it\/#\/schema\/person\/c600904e882e9e166ed8e5e3773d37b3\"},\"headline\":\"A LUGLIO FRENA L\u2019OCCUPAZIONE, MA RIMANE POSITIVA SU BASE ANNUA\",\"datePublished\":\"2019-09-06T04:18:06+00:00\",\"mainEntityOfPage\":{\"@id\":\"http:\/\/spazio-news.it\/?p=6176\"},\"wordCount\":392,\"publisher\":{\"@id\":\"http:\/\/spazio-news.it\/#organization\"},\"image\":{\"@id\":\"http:\/\/spazio-news.it\/?p=6176#primaryimage\"},\"thumbnailUrl\":\"http:\/\/spazio-news.it\/wp-content\/uploads\/2019\/02\/Ducati-lavoro-produzione-industria-Spazio-news.it_.png\",\"keywords\":[\"disoccupazione\",\"Istituto Nazionale di Statistica \u2013 ISTAT\",\"lavoro\",\"occupazione\"],\"articleSection\":[\"01 - PRIMA PAGINA\",\"04 - ECONOMIA &amp; SOCIET\u00c0\"],\"inLanguage\":\"it-IT\"},{\"@type\":\"WebPage\",\"@id\":\"http:\/\/spazio-news.it\/?p=6176\",\"url\":\"http:\/\/spazio-news.it\/?p=6176\",\"name\":\"A LUGLIO FRENA L\u2019OCCUPAZIONE, MA RIMANE POSITIVA SU BASE ANNUA &#187; Spazio-News Magazine\",\"isPartOf\":{\"@id\":\"http:\/\/spazio-news.it\/#website\"},\"primaryImageOfPage\":{\"@id\":\"http:\/\/spazio-news.it\/?p=6176#primaryimage\"},\"image\":{\"@id\":\"http:\/\/spazio-news.it\/?p=6176#primaryimage\"},\"thumbnailUrl\":\"http:\/\/spazio-news.it\/wp-content\/uploads\/2019\/02\/Ducati-lavoro-produzione-industria-Spazio-news.it_.png\",\"datePublished\":\"2019-09-06T04:18:06+00:00\",\"description\":\"\u201cDopo la crescita registrata nei primi mesi dell\u2019anno, a luglio 2019 la stima degli occupati risulta in lieve calo rispetto al mese\",\"breadcrumb\":{\"@id\":\"http:\/\/spazio-news.it\/?p=6176#breadcrumb\"},\"inLanguage\":\"it-IT\",\"potentialAction\":[{\"@type\":\"ReadAction\",\"target\":[\"http:\/\/spazio-news.it\/?p=6176\"]}]},{\"@type\":\"ImageObject\",\"inLanguage\":\"it-IT\",\"@id\":\"http:\/\/spazio-news.it\/?p=6176#primaryimage\",\"url\":\"http:\/\/spazio-news.it\/wp-content\/uploads\/2019\/02\/Ducati-lavoro-produzione-industria-Spazio-news.it_.png\",\"contentUrl\":\"http:\/\/spazio-news.it\/wp-content\/uploads\/2019\/02\/Ducati-lavoro-produzione-industria-Spazio-news.it_.png\",\"width\":800,\"height\":446,\"caption\":\"Ducati lavoro produzione industria Spazio-news.it\"},{\"@type\":\"BreadcrumbList\",\"@id\":\"http:\/\/spazio-news.it\/?p=6176#breadcrumb\",\"itemListElement\":[{\"@type\":\"ListItem\",\"position\":1,\"name\":\"Home\",\"item\":\"http:\/\/spazio-news.it\/\"},{\"@type\":\"ListItem\",\"position\":2,\"name\":\"A LUGLIO FRENA L\u2019OCCUPAZIONE, MA RIMANE POSITIVA SU BASE ANNUA\"}]},{\"@type\":\"WebSite\",\"@id\":\"http:\/\/spazio-news.it\/#website\",\"url\":\"http:\/\/spazio-news.it\/\",\"name\":\"Spazio-News Magazine\",\"description\":\"La guida che sfida la complessit\u00e0 del mondo industriale\",\"publisher\":{\"@id\":\"http:\/\/spazio-news.it\/#organization\"},\"alternateName\":\"Spazio-news.it\",\"potentialAction\":[{\"@type\":\"SearchAction\",\"target\":{\"@type\":\"EntryPoint\",\"urlTemplate\":\"http:\/\/spazio-news.it\/?s={search_term_string}\"},\"query-input\":{\"@type\":\"PropertyValueSpecification\",\"valueRequired\":true,\"valueName\":\"search_term_string\"}}],\"inLanguage\":\"it-IT\"},{\"@type\":\"Organization\",\"@id\":\"http:\/\/spazio-news.it\/#organization\",\"name\":\"Spazio-News Magazine\",\"url\":\"http:\/\/spazio-news.it\/\",\"logo\":{\"@type\":\"ImageObject\",\"inLanguage\":\"it-IT\",\"@id\":\"http:\/\/spazio-news.it\/#\/schema\/logo\/image\/\",\"url\":\"http:\/\/spazio-news.it\/wp-content\/uploads\/2023\/09\/Logo-Spazio-News-512-x-512-NO-testo.jpg\",\"contentUrl\":\"http:\/\/spazio-news.it\/wp-content\/uploads\/2023\/09\/Logo-Spazio-News-512-x-512-NO-testo.jpg\",\"width\":512,\"height\":512,\"caption\":\"Spazio-News Magazine\"},\"image\":{\"@id\":\"http:\/\/spazio-news.it\/#\/schema\/logo\/image\/\"},\"sameAs\":[\"https:\/\/m.facebook.com\/spazio-news-magazine\",\"https:\/\/x.com\/News_spazio\"]},{\"@type\":\"Person\",\"@id\":\"http:\/\/spazio-news.it\/#\/schema\/person\/c600904e882e9e166ed8e5e3773d37b3\",\"name\":\"Redazione\",\"sameAs\":[\"http:\/\/spazio-news.it\",\"@SpazioNewsMagazine\",\"https:\/\/x.com\/@news_spazio\"],\"url\":\"http:\/\/spazio-news.it\/?author=1\"}]}<\/script>\n<!-- \/ Yoast SEO plugin. -->","yoast_head_json":{"title":"A LUGLIO FRENA L\u2019OCCUPAZIONE, MA RIMANE POSITIVA SU BASE ANNUA &#187; Spazio-News Magazine","description":"\u201cDopo la crescita registrata nei primi mesi dell\u2019anno, a luglio 2019 la stima degli occupati risulta in lieve calo rispetto al mese","robots":{"index":"index","follow":"follow","max-snippet":"max-snippet:-1","max-image-preview":"max-image-preview:large","max-video-preview":"max-video-preview:-1"},"canonical":"http:\/\/spazio-news.it\/?p=6176","og_locale":"it_IT","og_type":"article","og_title":"A LUGLIO FRENA L\u2019OCCUPAZIONE, MA RIMANE POSITIVA SU BASE ANNUA &#187; Spazio-News Magazine","og_description":"\u201cDopo la crescita registrata nei primi mesi dell\u2019anno, a luglio 2019 la stima degli occupati risulta in lieve calo rispetto al mese","og_url":"http:\/\/spazio-news.it\/?p=6176","og_site_name":"Spazio-News Magazine","article_publisher":"https:\/\/m.facebook.com\/spazio-news-magazine","article_author":"@SpazioNewsMagazine","article_published_time":"2019-09-06T04:18:06+00:00","og_image":[{"width":800,"height":446,"url":"http:\/\/spazio-news.it\/wp-content\/uploads\/2019\/02\/Ducati-lavoro-produzione-industria-Spazio-news.it_.png","type":"image\/png"}],"author":"Redazione","twitter_card":"summary_large_image","twitter_creator":"@news_spazio","twitter_site":"@News_spazio","twitter_misc":{"Scritto da":"Redazione","Tempo di lettura stimato":"2 minuti"},"schema":{"@context":"https:\/\/schema.org","@graph":[{"@type":"NewsArticle","@id":"http:\/\/spazio-news.it\/?p=6176#article","isPartOf":{"@id":"http:\/\/spazio-news.it\/?p=6176"},"author":{"name":"Redazione","@id":"http:\/\/spazio-news.it\/#\/schema\/person\/c600904e882e9e166ed8e5e3773d37b3"},"headline":"A LUGLIO FRENA L\u2019OCCUPAZIONE, MA RIMANE POSITIVA SU BASE ANNUA","datePublished":"2019-09-06T04:18:06+00:00","mainEntityOfPage":{"@id":"http:\/\/spazio-news.it\/?p=6176"},"wordCount":392,"publisher":{"@id":"http:\/\/spazio-news.it\/#organization"},"image":{"@id":"http:\/\/spazio-news.it\/?p=6176#primaryimage"},"thumbnailUrl":"http:\/\/spazio-news.it\/wp-content\/uploads\/2019\/02\/Ducati-lavoro-produzione-industria-Spazio-news.it_.png","keywords":["disoccupazione","Istituto Nazionale di Statistica \u2013 ISTAT","lavoro","occupazione"],"articleSection":["01 - PRIMA PAGINA","04 - ECONOMIA &amp; SOCIET\u00c0"],"inLanguage":"it-IT"},{"@type":"WebPage","@id":"http:\/\/spazio-news.it\/?p=6176","url":"http:\/\/spazio-news.it\/?p=6176","name":"A LUGLIO FRENA L\u2019OCCUPAZIONE, MA RIMANE POSITIVA SU BASE ANNUA &#187; Spazio-News Magazine","isPartOf":{"@id":"http:\/\/spazio-news.it\/#website"},"primaryImageOfPage":{"@id":"http:\/\/spazio-news.it\/?p=6176#primaryimage"},"image":{"@id":"http:\/\/spazio-news.it\/?p=6176#primaryimage"},"thumbnailUrl":"http:\/\/spazio-news.it\/wp-content\/uploads\/2019\/02\/Ducati-lavoro-produzione-industria-Spazio-news.it_.png","datePublished":"2019-09-06T04:18:06+00:00","description":"\u201cDopo la crescita registrata nei primi mesi dell\u2019anno, a luglio 2019 la stima degli occupati risulta in lieve calo rispetto al mese","breadcrumb":{"@id":"http:\/\/spazio-news.it\/?p=6176#breadcrumb"},"inLanguage":"it-IT","potentialAction":[{"@type":"ReadAction","target":["http:\/\/spazio-news.it\/?p=6176"]}]},{"@type":"ImageObject","inLanguage":"it-IT","@id":"http:\/\/spazio-news.it\/?p=6176#primaryimage","url":"http:\/\/spazio-news.it\/wp-content\/uploads\/2019\/02\/Ducati-lavoro-produzione-industria-Spazio-news.it_.png","contentUrl":"http:\/\/spazio-news.it\/wp-content\/uploads\/2019\/02\/Ducati-lavoro-produzione-industria-Spazio-news.it_.png","width":800,"height":446,"caption":"Ducati lavoro produzione industria Spazio-news.it"},{"@type":"BreadcrumbList","@id":"http:\/\/spazio-news.it\/?p=6176#breadcrumb","itemListElement":[{"@type":"ListItem","position":1,"name":"Home","item":"http:\/\/spazio-news.it\/"},{"@type":"ListItem","position":2,"name":"A LUGLIO FRENA L\u2019OCCUPAZIONE, MA RIMANE POSITIVA SU BASE ANNUA"}]},{"@type":"WebSite","@id":"http:\/\/spazio-news.it\/#website","url":"http:\/\/spazio-news.it\/","name":"Spazio-News Magazine","description":"La guida che sfida la complessit\u00e0 del mondo industriale","publisher":{"@id":"http:\/\/spazio-news.it\/#organization"},"alternateName":"Spazio-news.it","potentialAction":[{"@type":"SearchAction","target":{"@type":"EntryPoint","urlTemplate":"http:\/\/spazio-news.it\/?s={search_term_string}"},"query-input":{"@type":"PropertyValueSpecification","valueRequired":true,"valueName":"search_term_string"}}],"inLanguage":"it-IT"},{"@type":"Organization","@id":"http:\/\/spazio-news.it\/#organization","name":"Spazio-News Magazine","url":"http:\/\/spazio-news.it\/","logo":{"@type":"ImageObject","inLanguage":"it-IT","@id":"http:\/\/spazio-news.it\/#\/schema\/logo\/image\/","url":"http:\/\/spazio-news.it\/wp-content\/uploads\/2023\/09\/Logo-Spazio-News-512-x-512-NO-testo.jpg","contentUrl":"http:\/\/spazio-news.it\/wp-content\/uploads\/2023\/09\/Logo-Spazio-News-512-x-512-NO-testo.jpg","width":512,"height":512,"caption":"Spazio-News Magazine"},"image":{"@id":"http:\/\/spazio-news.it\/#\/schema\/logo\/image\/"},"sameAs":["https:\/\/m.facebook.com\/spazio-news-magazine","https:\/\/x.com\/News_spazio"]},{"@type":"Person","@id":"http:\/\/spazio-news.it\/#\/schema\/person\/c600904e882e9e166ed8e5e3773d37b3","name":"Redazione","sameAs":["http:\/\/spazio-news.it","@SpazioNewsMagazine","https:\/\/x.com\/@news_spazio"],"url":"http:\/\/spazio-news.it\/?author=1"}]}},"_links":{"self":[{"href":"http:\/\/spazio-news.it\/index.php?rest_route=\/wp\/v2\/posts\/6176","targetHints":{"allow":["GET"]}}],"collection":[{"href":"http:\/\/spazio-news.it\/index.php?rest_route=\/wp\/v2\/posts"}],"about":[{"href":"http:\/\/spazio-news.it\/index.php?rest_route=\/wp\/v2\/types\/post"}],"author":[{"embeddable":true,"href":"http:\/\/spazio-news.it\/index.php?rest_route=\/wp\/v2\/users\/1"}],"replies":[{"embeddable":true,"href":"http:\/\/spazio-news.it\/index.php?rest_route=%2Fwp%2Fv2%2Fcomments&post=6176"}],"version-history":[{"count":1,"href":"http:\/\/spazio-news.it\/index.php?rest_route=\/wp\/v2\/posts\/6176\/revisions"}],"predecessor-version":[{"id":6177,"href":"http:\/\/spazio-news.it\/index.php?rest_route=\/wp\/v2\/posts\/6176\/revisions\/6177"}],"wp:featuredmedia":[{"embeddable":true,"href":"http:\/\/spazio-news.it\/index.php?rest_route=\/wp\/v2\/media\/3175"}],"wp:attachment":[{"href":"http:\/\/spazio-news.it\/index.php?rest_route=%2Fwp%2Fv2%2Fmedia&parent=6176"}],"wp:term":[{"taxonomy":"category","embeddable":true,"href":"http:\/\/spazio-news.it\/index.php?rest_route=%2Fwp%2Fv2%2Fcategories&post=6176"},{"taxonomy":"post_tag","embeddable":true,"href":"http:\/\/spazio-news.it\/index.php?rest_route=%2Fwp%2Fv2%2Ftags&post=6176"}],"curies":[{"name":"wp","href":"https:\/\/api.w.org\/{rel}","templated":true}]}}