{"id":6211,"date":"2019-09-06T02:35:29","date_gmt":"2019-09-06T01:35:29","guid":{"rendered":"http:\/\/spazio-news.it\/?p=6211"},"modified":"2019-09-04T14:39:16","modified_gmt":"2019-09-04T13:39:16","slug":"monza-formula-1-le-frecce-apriranno-il-gran-premio-ditalia","status":"publish","type":"post","link":"http:\/\/spazio-news.it\/?p=6211","title":{"rendered":"MONZA, FORMULA 1: LE FRECCE TRICOLORI AL GRAN PREMIO D&#8217;ITALIA"},"content":{"rendered":"<p>Si rinnova il connubio tra la <strong>Formula 1<\/strong> e l\u2019<strong>Aeronautica Militare Italiana &#8211; AMI<\/strong>. <strong>Domenica 8 settembre<\/strong> i <strong>velivoli MB-339PAN<\/strong> delle <strong>Frecce Tricolori<\/strong> sorvoleranno la griglia di partenza del <strong>Gran Premio d\u2019Italia 2019<\/strong>, stendendo per l\u2019occasione il Tricolore pi\u00f9 lungo del mondo poco prima della <strong>partenza della gara<\/strong>.<\/p>\n<p>La <strong>Pattuglia Acrobatica Nazionale<\/strong> sfreccer\u00e0 nel cielo di <strong>Monza<\/strong>, compiendo una serie di passaggi in volo.<\/p>\n<p><em>&#8220;<\/em><em>Motori e velocit\u00e0, ma anche tecnologia, innovazione e soprattutto spirito di squadra, elementi cardine che accomunano i Reparti di volo dell\u2019Aeronautica Militare e le scuderie della Formula 1. L\u2019Aeronautica Militare, sin dalla sua costituzione, \u00e8 naturalmente propensa allo sviluppo dell\u2019innovazione e della modernit\u00e0, pilastri fondamentali che permettono agli aeroplani della Forza Armata di solcare, cos\u00ec come fanno da 96 anni, i cieli di tutto il mondo seguendo la stessa vocazione: essere utili al Paese ed operare al servizio e per la difesa della collettivit\u00e0<\/em> &#8211; si legge nella nota diffusa dallo <strong>Stato Maggiore della Difesa<\/strong> -.\u00a0<em>Dopo il sorvolo sull\u2019autodromo di Monza, la Pattuglia Acrobatica Nazionale stender\u00e0 il Tricolore sull\u2019Alto Lago d\u2019Iseo, a Lovere, in occasione del 17\u00b0 Memorial Mario Stoppani, pluridecorato aviatore loverese considerato uno dei pi\u00f9 importanti piloti di idrovolanti di tutti i tempi&#8221;.<\/em><\/p>\n<p>Il <strong>313\u00b0 Gruppo Addestramento Acrobatico<\/strong><strong>\u00a0&#8211; Frecce Tricolori<\/strong>\u00a0nasce sull\u2019aeroporto di <strong>Rivolto il 1\u00b0 marzo 1961<\/strong>, con il compito di rappresentare la sintesi delle capacit\u00e0 dei piloti e degli specialisti dell&#8217;intera <strong>Forza Armata<\/strong>; la missione assegnata al Gruppo \u00e8 infatti quella di <strong>rappresentare i valori<\/strong>, la <strong>tecnologia<\/strong>, la <strong>professionalit\u00e0<\/strong> e la <strong>capacit\u00e0 di fare squadra<\/strong> dell\u2019intera Aeronautica.<\/p>\n<p>Le <strong>Frecce Tricolori<\/strong>, eredi delle gloriose <strong>Pattuglie Acrobatiche<\/strong> del passato, sono l&#8217;espressione maggiormente evidente dell&#8217;Aeronautica Militare ed hanno il privilegio di poter dimostrare al pubblico ed agli esperti di tutto il mondo la tecnica di volo della <strong>scuola acrobatica italiana<\/strong>, nata a <strong>Campoformido<\/strong> (UD) alla fine degli anni Venti. Negli \u201canni Cinquanta\u201d l&#8217;Italia veniva rappresentata nelle varie manifestazioni nazionali ed internazionali da Pattuglie che si formavano annualmente presso i vari <strong>Reparti<\/strong> <strong>da<\/strong> <strong>caccia<\/strong>. Ma nel 1961 lo <strong>Stato Maggiore dell\u2019Aeronautica Militare <\/strong>decise di\u00a0costituire una <strong>Pattuglia Acrobatica Nazionale<\/strong> con sede stabile nell\u2019<strong>aeroporto di Rivolto<\/strong>, in <strong>Friuli Venezia Giulia<\/strong>. Nasce\u00a0cos\u00ec il 313\u00b0 Gruppo Addestramento Acrobatico &#8220;Frecce Tricolori&#8221;; questa la denominazione organica ufficiale di un Reparto costituito da oltre 100 militari tra Ufficiali, Sottufficiali e Graduati di Truppa provenienti da tutti i <strong>Reparti operativi<\/strong>, <strong>logistici<\/strong> e di <strong>supporto<\/strong>, proprio in rappresentanza degli oltre 40000 uomini e donne che compongono, oggi, l\u2019Aeronautica Militare.<\/p>\n<p>Il velivolo inizialmente adottato fu l&#8217;<strong>F-86<\/strong>, sostituito nella stagione del 1964 dal\u00a0<strong>G.91 PAN<\/strong>. Alla fine del 1981 il 313\u00b0 Gruppo effettu\u00f2 la transizione sull&#8217;<strong>Aermacchi MB-339A PAN<\/strong>, velivolo di progettazione e costruzione italiana, che accompagna da oltre 35 anni la vita di questo Reparto.<\/p>\n<p>Un programma di volo, come quello delle <strong>Frecce Tricolori<\/strong>, \u00e8 il frutto di tanti anni di attivit\u00e0 specifica nell&#8217;<strong>acrobazia<\/strong> collettiva svolta dai <strong>Reparti dell&#8217;AMI<\/strong>; \u00e8 quindi un patrimonio di esperienza grandissimo, che \u00e8 stato costruito e tramandato nel tempo attraverso il contributo di idee ed esperienze dei componenti delle <strong>Pattuglie Acrobatiche Italiane<\/strong>. A tutt\u2019oggi la <strong>PAN<\/strong> ha volato in pi\u00f9 di <strong>2000<\/strong> <strong>manifestazioni<\/strong>, visitando Paesi Europei, Nazioni del Nord Africa, Medio Oriente, Canada e Stati Uniti d&#8217;America.<\/p>\n<p>Nel <strong>2020<\/strong> le <strong>Frecce Tricolori celebreranno la loro 60^ stagione acrobatica<\/strong>, un compleanno speciale che dar\u00e0 vita ad una manifestazione aerea proprio presso l&#8217;<strong>aeroporto militare di Rivolto<\/strong>, cui parteciperanno alcune delle pattuglie acrobatiche pi\u00f9 prestigiose al mondo e le principali realt\u00e0 industriali ed aerospaziali italiane. Sar\u00e0 inoltre allestita una mostra statica con <strong>velivoli storici<\/strong>, <strong>aerei<\/strong> <strong>civili<\/strong> e <strong>militari<\/strong>.<\/p>\n","protected":false},"excerpt":{"rendered":"<p>Si rinnova il connubio tra la Formula 1 e l\u2019Aeronautica Militare Italiana &#8211; AMI. Domenica 8 settembre i velivoli MB-339PAN<\/p>\n","protected":false},"author":1,"featured_media":2131,"comment_status":"closed","ping_status":"open","sticky":false,"template":"","format":"standard","meta":{"colormag_page_container_layout":"default_layout","colormag_page_sidebar_layout":"default_layout","footnotes":""},"categories":[32,4],"tags":[3319,54,2594,1332,3318,3321,2595,3320],"class_list":["post-6211","post","type-post","status-publish","format-standard","has-post-thumbnail","hentry","category-prima-pagina","category-istituzioni","tag-aermacchi-mb-339a-pan","tag-aeronautica-militare-italiana","tag-formula-uno","tag-frecce-tricolori","tag-gran-premio-ditalia","tag-monza","tag-pattuglia-acrobatica-nazionale-pan","tag-rivolto"],"yoast_head":"<!-- This site is optimized with the Yoast SEO plugin v26.8 - https:\/\/yoast.com\/product\/yoast-seo-wordpress\/ -->\n<title>MONZA, FORMULA 1: LE FRECCE TRICOLORI AL GRAN PREMIO D&#039;ITALIA &#187; Spazio-News Magazine<\/title>\n<meta name=\"description\" content=\"Si rinnova il connubio tra la Formula 1 e l\u2019Aeronautica. Domenica 8 settembre i velivoli delle Frecce Tricolori sorvoleranno il Gran Premio\" \/>\n<meta name=\"robots\" content=\"index, follow, max-snippet:-1, max-image-preview:large, max-video-preview:-1\" \/>\n<link rel=\"canonical\" href=\"http:\/\/spazio-news.it\/?p=6211\" \/>\n<meta property=\"og:locale\" content=\"it_IT\" \/>\n<meta property=\"og:type\" content=\"article\" \/>\n<meta property=\"og:title\" content=\"MONZA, FORMULA 1: LE FRECCE TRICOLORI AL GRAN PREMIO D&#039;ITALIA &#187; Spazio-News Magazine\" \/>\n<meta property=\"og:description\" content=\"Si rinnova il connubio tra la Formula 1 e l\u2019Aeronautica. Domenica 8 settembre i velivoli delle Frecce Tricolori sorvoleranno il Gran Premio\" \/>\n<meta property=\"og:url\" content=\"http:\/\/spazio-news.it\/?p=6211\" \/>\n<meta property=\"og:site_name\" content=\"Spazio-News Magazine\" \/>\n<meta property=\"article:publisher\" content=\"https:\/\/m.facebook.com\/spazio-news-magazine\" \/>\n<meta property=\"article:author\" content=\"@SpazioNewsMagazine\" \/>\n<meta property=\"article:published_time\" content=\"2019-09-06T01:35:29+00:00\" \/>\n<meta property=\"og:image\" content=\"http:\/\/spazio-news.it\/wp-content\/uploads\/2018\/11\/Aeronautica_MedioOriente_Frecce_Spazio-news-e1563714886556.jpg\" \/>\n\t<meta property=\"og:image:width\" content=\"800\" \/>\n\t<meta property=\"og:image:height\" content=\"446\" \/>\n\t<meta property=\"og:image:type\" content=\"image\/jpeg\" \/>\n<meta name=\"author\" content=\"Redazione\" \/>\n<meta name=\"twitter:card\" content=\"summary_large_image\" \/>\n<meta name=\"twitter:creator\" content=\"@news_spazio\" \/>\n<meta name=\"twitter:site\" content=\"@News_spazio\" \/>\n<meta name=\"twitter:label1\" content=\"Scritto da\" \/>\n\t<meta name=\"twitter:data1\" content=\"Redazione\" \/>\n\t<meta name=\"twitter:label2\" content=\"Tempo di lettura stimato\" \/>\n\t<meta name=\"twitter:data2\" content=\"3 minuti\" \/>\n<script type=\"application\/ld+json\" class=\"yoast-schema-graph\">{\"@context\":\"https:\/\/schema.org\",\"@graph\":[{\"@type\":\"NewsArticle\",\"@id\":\"http:\/\/spazio-news.it\/?p=6211#article\",\"isPartOf\":{\"@id\":\"http:\/\/spazio-news.it\/?p=6211\"},\"author\":{\"name\":\"Redazione\",\"@id\":\"http:\/\/spazio-news.it\/#\/schema\/person\/c600904e882e9e166ed8e5e3773d37b3\"},\"headline\":\"MONZA, FORMULA 1: LE FRECCE TRICOLORI AL GRAN PREMIO D&#8217;ITALIA\",\"datePublished\":\"2019-09-06T01:35:29+00:00\",\"mainEntityOfPage\":{\"@id\":\"http:\/\/spazio-news.it\/?p=6211\"},\"wordCount\":599,\"publisher\":{\"@id\":\"http:\/\/spazio-news.it\/#organization\"},\"image\":{\"@id\":\"http:\/\/spazio-news.it\/?p=6211#primaryimage\"},\"thumbnailUrl\":\"http:\/\/spazio-news.it\/wp-content\/uploads\/2018\/11\/Aeronautica_MedioOriente_Frecce_Spazio-news-e1563714886556.jpg\",\"keywords\":[\"Aermacchi MB-339A PAN\",\"Aeronautica Militare Italiana\",\"Formula Uno\",\"Frecce Tricolori\",\"Gran Premio d'Italia\",\"Monza\",\"Pattuglia Acrobatica Nazionale - PAN\",\"Rivolto\"],\"articleSection\":[\"01 - PRIMA PAGINA\",\"03 - ISTITUZIONI\"],\"inLanguage\":\"it-IT\"},{\"@type\":\"WebPage\",\"@id\":\"http:\/\/spazio-news.it\/?p=6211\",\"url\":\"http:\/\/spazio-news.it\/?p=6211\",\"name\":\"MONZA, FORMULA 1: LE FRECCE TRICOLORI AL GRAN PREMIO D'ITALIA &#187; Spazio-News Magazine\",\"isPartOf\":{\"@id\":\"http:\/\/spazio-news.it\/#website\"},\"primaryImageOfPage\":{\"@id\":\"http:\/\/spazio-news.it\/?p=6211#primaryimage\"},\"image\":{\"@id\":\"http:\/\/spazio-news.it\/?p=6211#primaryimage\"},\"thumbnailUrl\":\"http:\/\/spazio-news.it\/wp-content\/uploads\/2018\/11\/Aeronautica_MedioOriente_Frecce_Spazio-news-e1563714886556.jpg\",\"datePublished\":\"2019-09-06T01:35:29+00:00\",\"description\":\"Si rinnova il connubio tra la Formula 1 e l\u2019Aeronautica. Domenica 8 settembre i velivoli delle Frecce Tricolori sorvoleranno il Gran Premio\",\"breadcrumb\":{\"@id\":\"http:\/\/spazio-news.it\/?p=6211#breadcrumb\"},\"inLanguage\":\"it-IT\",\"potentialAction\":[{\"@type\":\"ReadAction\",\"target\":[\"http:\/\/spazio-news.it\/?p=6211\"]}]},{\"@type\":\"ImageObject\",\"inLanguage\":\"it-IT\",\"@id\":\"http:\/\/spazio-news.it\/?p=6211#primaryimage\",\"url\":\"http:\/\/spazio-news.it\/wp-content\/uploads\/2018\/11\/Aeronautica_MedioOriente_Frecce_Spazio-news-e1563714886556.jpg\",\"contentUrl\":\"http:\/\/spazio-news.it\/wp-content\/uploads\/2018\/11\/Aeronautica_MedioOriente_Frecce_Spazio-news-e1563714886556.jpg\",\"width\":800,\"height\":446,\"caption\":\"Aeronautica_MedioOriente_Frecce_Spazio-news\"},{\"@type\":\"BreadcrumbList\",\"@id\":\"http:\/\/spazio-news.it\/?p=6211#breadcrumb\",\"itemListElement\":[{\"@type\":\"ListItem\",\"position\":1,\"name\":\"Home\",\"item\":\"http:\/\/spazio-news.it\/\"},{\"@type\":\"ListItem\",\"position\":2,\"name\":\"MONZA, FORMULA 1: LE FRECCE TRICOLORI AL GRAN PREMIO D&#8217;ITALIA\"}]},{\"@type\":\"WebSite\",\"@id\":\"http:\/\/spazio-news.it\/#website\",\"url\":\"http:\/\/spazio-news.it\/\",\"name\":\"Spazio-News Magazine\",\"description\":\"La guida che sfida la complessit\u00e0 del mondo industriale\",\"publisher\":{\"@id\":\"http:\/\/spazio-news.it\/#organization\"},\"alternateName\":\"Spazio-news.it\",\"potentialAction\":[{\"@type\":\"SearchAction\",\"target\":{\"@type\":\"EntryPoint\",\"urlTemplate\":\"http:\/\/spazio-news.it\/?s={search_term_string}\"},\"query-input\":{\"@type\":\"PropertyValueSpecification\",\"valueRequired\":true,\"valueName\":\"search_term_string\"}}],\"inLanguage\":\"it-IT\"},{\"@type\":\"Organization\",\"@id\":\"http:\/\/spazio-news.it\/#organization\",\"name\":\"Spazio-News Magazine\",\"url\":\"http:\/\/spazio-news.it\/\",\"logo\":{\"@type\":\"ImageObject\",\"inLanguage\":\"it-IT\",\"@id\":\"http:\/\/spazio-news.it\/#\/schema\/logo\/image\/\",\"url\":\"http:\/\/spazio-news.it\/wp-content\/uploads\/2023\/09\/Logo-Spazio-News-512-x-512-NO-testo.jpg\",\"contentUrl\":\"http:\/\/spazio-news.it\/wp-content\/uploads\/2023\/09\/Logo-Spazio-News-512-x-512-NO-testo.jpg\",\"width\":512,\"height\":512,\"caption\":\"Spazio-News Magazine\"},\"image\":{\"@id\":\"http:\/\/spazio-news.it\/#\/schema\/logo\/image\/\"},\"sameAs\":[\"https:\/\/m.facebook.com\/spazio-news-magazine\",\"https:\/\/x.com\/News_spazio\"]},{\"@type\":\"Person\",\"@id\":\"http:\/\/spazio-news.it\/#\/schema\/person\/c600904e882e9e166ed8e5e3773d37b3\",\"name\":\"Redazione\",\"sameAs\":[\"http:\/\/spazio-news.it\",\"@SpazioNewsMagazine\",\"https:\/\/x.com\/@news_spazio\"],\"url\":\"http:\/\/spazio-news.it\/?author=1\"}]}<\/script>\n<!-- \/ Yoast SEO plugin. -->","yoast_head_json":{"title":"MONZA, FORMULA 1: LE FRECCE TRICOLORI AL GRAN PREMIO D'ITALIA &#187; Spazio-News Magazine","description":"Si rinnova il connubio tra la Formula 1 e l\u2019Aeronautica. Domenica 8 settembre i velivoli delle Frecce Tricolori sorvoleranno il Gran Premio","robots":{"index":"index","follow":"follow","max-snippet":"max-snippet:-1","max-image-preview":"max-image-preview:large","max-video-preview":"max-video-preview:-1"},"canonical":"http:\/\/spazio-news.it\/?p=6211","og_locale":"it_IT","og_type":"article","og_title":"MONZA, FORMULA 1: LE FRECCE TRICOLORI AL GRAN PREMIO D'ITALIA &#187; Spazio-News Magazine","og_description":"Si rinnova il connubio tra la Formula 1 e l\u2019Aeronautica. Domenica 8 settembre i velivoli delle Frecce Tricolori sorvoleranno il Gran Premio","og_url":"http:\/\/spazio-news.it\/?p=6211","og_site_name":"Spazio-News Magazine","article_publisher":"https:\/\/m.facebook.com\/spazio-news-magazine","article_author":"@SpazioNewsMagazine","article_published_time":"2019-09-06T01:35:29+00:00","og_image":[{"width":800,"height":446,"url":"http:\/\/spazio-news.it\/wp-content\/uploads\/2018\/11\/Aeronautica_MedioOriente_Frecce_Spazio-news-e1563714886556.jpg","type":"image\/jpeg"}],"author":"Redazione","twitter_card":"summary_large_image","twitter_creator":"@news_spazio","twitter_site":"@News_spazio","twitter_misc":{"Scritto da":"Redazione","Tempo di lettura stimato":"3 minuti"},"schema":{"@context":"https:\/\/schema.org","@graph":[{"@type":"NewsArticle","@id":"http:\/\/spazio-news.it\/?p=6211#article","isPartOf":{"@id":"http:\/\/spazio-news.it\/?p=6211"},"author":{"name":"Redazione","@id":"http:\/\/spazio-news.it\/#\/schema\/person\/c600904e882e9e166ed8e5e3773d37b3"},"headline":"MONZA, FORMULA 1: LE FRECCE TRICOLORI AL GRAN PREMIO D&#8217;ITALIA","datePublished":"2019-09-06T01:35:29+00:00","mainEntityOfPage":{"@id":"http:\/\/spazio-news.it\/?p=6211"},"wordCount":599,"publisher":{"@id":"http:\/\/spazio-news.it\/#organization"},"image":{"@id":"http:\/\/spazio-news.it\/?p=6211#primaryimage"},"thumbnailUrl":"http:\/\/spazio-news.it\/wp-content\/uploads\/2018\/11\/Aeronautica_MedioOriente_Frecce_Spazio-news-e1563714886556.jpg","keywords":["Aermacchi MB-339A PAN","Aeronautica Militare Italiana","Formula Uno","Frecce Tricolori","Gran Premio d'Italia","Monza","Pattuglia Acrobatica Nazionale - PAN","Rivolto"],"articleSection":["01 - PRIMA PAGINA","03 - ISTITUZIONI"],"inLanguage":"it-IT"},{"@type":"WebPage","@id":"http:\/\/spazio-news.it\/?p=6211","url":"http:\/\/spazio-news.it\/?p=6211","name":"MONZA, FORMULA 1: LE FRECCE TRICOLORI AL GRAN PREMIO D'ITALIA &#187; Spazio-News Magazine","isPartOf":{"@id":"http:\/\/spazio-news.it\/#website"},"primaryImageOfPage":{"@id":"http:\/\/spazio-news.it\/?p=6211#primaryimage"},"image":{"@id":"http:\/\/spazio-news.it\/?p=6211#primaryimage"},"thumbnailUrl":"http:\/\/spazio-news.it\/wp-content\/uploads\/2018\/11\/Aeronautica_MedioOriente_Frecce_Spazio-news-e1563714886556.jpg","datePublished":"2019-09-06T01:35:29+00:00","description":"Si rinnova il connubio tra la Formula 1 e l\u2019Aeronautica. Domenica 8 settembre i velivoli delle Frecce Tricolori sorvoleranno il Gran Premio","breadcrumb":{"@id":"http:\/\/spazio-news.it\/?p=6211#breadcrumb"},"inLanguage":"it-IT","potentialAction":[{"@type":"ReadAction","target":["http:\/\/spazio-news.it\/?p=6211"]}]},{"@type":"ImageObject","inLanguage":"it-IT","@id":"http:\/\/spazio-news.it\/?p=6211#primaryimage","url":"http:\/\/spazio-news.it\/wp-content\/uploads\/2018\/11\/Aeronautica_MedioOriente_Frecce_Spazio-news-e1563714886556.jpg","contentUrl":"http:\/\/spazio-news.it\/wp-content\/uploads\/2018\/11\/Aeronautica_MedioOriente_Frecce_Spazio-news-e1563714886556.jpg","width":800,"height":446,"caption":"Aeronautica_MedioOriente_Frecce_Spazio-news"},{"@type":"BreadcrumbList","@id":"http:\/\/spazio-news.it\/?p=6211#breadcrumb","itemListElement":[{"@type":"ListItem","position":1,"name":"Home","item":"http:\/\/spazio-news.it\/"},{"@type":"ListItem","position":2,"name":"MONZA, FORMULA 1: LE FRECCE TRICOLORI AL GRAN PREMIO D&#8217;ITALIA"}]},{"@type":"WebSite","@id":"http:\/\/spazio-news.it\/#website","url":"http:\/\/spazio-news.it\/","name":"Spazio-News Magazine","description":"La guida che sfida la complessit\u00e0 del mondo industriale","publisher":{"@id":"http:\/\/spazio-news.it\/#organization"},"alternateName":"Spazio-news.it","potentialAction":[{"@type":"SearchAction","target":{"@type":"EntryPoint","urlTemplate":"http:\/\/spazio-news.it\/?s={search_term_string}"},"query-input":{"@type":"PropertyValueSpecification","valueRequired":true,"valueName":"search_term_string"}}],"inLanguage":"it-IT"},{"@type":"Organization","@id":"http:\/\/spazio-news.it\/#organization","name":"Spazio-News Magazine","url":"http:\/\/spazio-news.it\/","logo":{"@type":"ImageObject","inLanguage":"it-IT","@id":"http:\/\/spazio-news.it\/#\/schema\/logo\/image\/","url":"http:\/\/spazio-news.it\/wp-content\/uploads\/2023\/09\/Logo-Spazio-News-512-x-512-NO-testo.jpg","contentUrl":"http:\/\/spazio-news.it\/wp-content\/uploads\/2023\/09\/Logo-Spazio-News-512-x-512-NO-testo.jpg","width":512,"height":512,"caption":"Spazio-News Magazine"},"image":{"@id":"http:\/\/spazio-news.it\/#\/schema\/logo\/image\/"},"sameAs":["https:\/\/m.facebook.com\/spazio-news-magazine","https:\/\/x.com\/News_spazio"]},{"@type":"Person","@id":"http:\/\/spazio-news.it\/#\/schema\/person\/c600904e882e9e166ed8e5e3773d37b3","name":"Redazione","sameAs":["http:\/\/spazio-news.it","@SpazioNewsMagazine","https:\/\/x.com\/@news_spazio"],"url":"http:\/\/spazio-news.it\/?author=1"}]}},"_links":{"self":[{"href":"http:\/\/spazio-news.it\/index.php?rest_route=\/wp\/v2\/posts\/6211","targetHints":{"allow":["GET"]}}],"collection":[{"href":"http:\/\/spazio-news.it\/index.php?rest_route=\/wp\/v2\/posts"}],"about":[{"href":"http:\/\/spazio-news.it\/index.php?rest_route=\/wp\/v2\/types\/post"}],"author":[{"embeddable":true,"href":"http:\/\/spazio-news.it\/index.php?rest_route=\/wp\/v2\/users\/1"}],"replies":[{"embeddable":true,"href":"http:\/\/spazio-news.it\/index.php?rest_route=%2Fwp%2Fv2%2Fcomments&post=6211"}],"version-history":[{"count":3,"href":"http:\/\/spazio-news.it\/index.php?rest_route=\/wp\/v2\/posts\/6211\/revisions"}],"predecessor-version":[{"id":6215,"href":"http:\/\/spazio-news.it\/index.php?rest_route=\/wp\/v2\/posts\/6211\/revisions\/6215"}],"wp:featuredmedia":[{"embeddable":true,"href":"http:\/\/spazio-news.it\/index.php?rest_route=\/wp\/v2\/media\/2131"}],"wp:attachment":[{"href":"http:\/\/spazio-news.it\/index.php?rest_route=%2Fwp%2Fv2%2Fmedia&parent=6211"}],"wp:term":[{"taxonomy":"category","embeddable":true,"href":"http:\/\/spazio-news.it\/index.php?rest_route=%2Fwp%2Fv2%2Fcategories&post=6211"},{"taxonomy":"post_tag","embeddable":true,"href":"http:\/\/spazio-news.it\/index.php?rest_route=%2Fwp%2Fv2%2Ftags&post=6211"}],"curies":[{"name":"wp","href":"https:\/\/api.w.org\/{rel}","templated":true}]}}