{"id":6646,"date":"2019-10-07T04:40:31","date_gmt":"2019-10-07T03:40:31","guid":{"rendered":"http:\/\/spazio-news.it\/?p=6646"},"modified":"2019-10-07T08:03:05","modified_gmt":"2019-10-07T07:03:05","slug":"ami-virgin-galactic-accordo-per-il-primo-volo-suborbitale-italiano","status":"publish","type":"post","link":"http:\/\/spazio-news.it\/?p=6646","title":{"rendered":"AMI &#8211; VIRGIN GALACTIC: ACCORDO PER IL PRIMO VOLO SUBORBITALE ITALIANO"},"content":{"rendered":"<p>\u00c8 stato firmato, dall&#8217;<a href=\"http:\/\/www.difesa.it\">Addetto Militare per la Difesa<\/a> presso l&#8217;<a href=\"https:\/\/ambwashingtondc.esteri.it\">Ambasciata d&#8217;Italia a Washington DC<\/a>,&nbsp;<strong>Generale di Divisione&nbsp;Aerea Stefano Cont<\/strong>, in rappresentanza dell&#8217;<a href=\"http:\/\/www.aeronautica.difesa.it\">Aeronautica Militare<\/a>, e da&nbsp;<strong>Mike Moses<\/strong>, Presidente&nbsp;di&nbsp;<a href=\"http:\/\/www.VirginGalactic.com\">Virgin Galactic<\/a>, l&#8217;accordo commerciale per l&#8217;acquisto di un <a href=\"http:\/\/spazio-news.it\/?s=suborbitale\">volo suborbitale<\/a><strong>, <\/strong>durante il quale <strong>ricercatori italiani<\/strong> effettueranno esperimenti nello <strong>spazio<\/strong>.<\/p>\n<p>&#8220;<em>L&#8217;Aeronautica Militare italiana ha, nel suo DNA, una forte vocazione all&#8217;<\/em><strong><em>innovazione tecnologica. <\/em><\/strong><em>Le competenze e i contributi dell&#8217;Aeronautica Militare, se combinati sinergicamente con quelli di altre istituzioni nazionali, come il CNR, contribuiscono a mantenere la leadership italiana nel settore aerospaziale \u2013 ha commentato <\/em>il <strong>Cont<\/strong> -.<em> Il nostro interesse per questo programma \u00e8 legato alla missione principale dell&#8217;Aeronautica Militare: la <\/em><em>difesa dello spazio aereo nazionale<\/em><em>&#8220;<\/em>.<\/p>\n<p>\u00c8 la prima volta che un&#8217;<strong>Istituzione governativa<\/strong> finanzia un <strong>volo di ricerca<\/strong> a carattere umano su un <strong>veicolo spaziale commerciale<\/strong>. La missione avr\u00e0 luogo il prossimo anno e costituir\u00e0 un&#8217;importante opportunit\u00e0 per acquisire ulteriori <strong>conoscenze tecniche<\/strong> e <strong>scientifiche<\/strong> per la pianificazione e l&#8217;esecuzione di <strong>attivit\u00e0 di volo suborbitale<\/strong> e per validare gli studi e le progettualit\u00e0 avviate in Italia.<\/p>\n<p>La collaborazione, in linea con il <a href=\"http:\/\/spazio-news.it\/?s=Indirizzi+di+Governo\">documento &#8220;Indirizzi di Governo in materia spaziale e aerospaziale&#8221;<\/a> del 25 marzo scorso, \u00e8 finalizzata alla <strong>capacit\u00e0 di accesso allo spazio<\/strong>.<\/p>\n<p>L&#8217;accordo nello specifico permetter\u00e0 l&#8217;effettuazione, a bordo della <strong>SpaceShipTwo<\/strong>, di esperimenti di <strong>medicina aerospaziale<\/strong> a cura di personale medico specializzato dell&#8217;<a href=\"http:\/\/www.aeronautica.difesa.it\">Aeronautica Militare<\/a> e del <a href=\"http:\/\/www.cnr.it\">Consiglio Nazionale Ricerche &#8211; CNR<\/a>, e consentir\u00e0 l&#8217;acquisizione di importanti informazioni tecniche, operative e logistiche. Tali dati da un lato permetteranno di validare i <strong>modelli di simulazione<\/strong> utilizzati per l&#8217;elaborazione dello <strong>studio preliminare di fattibilit\u00e0 tecnica<\/strong> per operare un <strong>volo suborbitale dall&#8217;Italia<\/strong>, dall&#8217;altro forniranno sia indicazioni di carattere <strong>logistico<\/strong>, utili per l&#8217;adeguamento degli <strong>aeroporti nazionali<\/strong> individuati quali possibili sedi di <strong>spazioporti<\/strong>, sia di carattere operativo, al fine di supportare l&#8217;<a href=\"http:\/\/www.enac.gov.it\">Ente Nazionale per l\u2019Aviazione Civile &#8211; ENAC<\/a> nello sviluppo della <strong>regolamentazione degli spazioporti<\/strong> e degli <strong>spazi aerei suborbitali civili<\/strong> e commerciali, oltre <em><strong>flight level<\/strong><\/em><strong> 660<\/strong>, come da mandato dell&#8217;<a href=\"https:\/\/www.easa.europa.eu\">EASA &#8211; European Union Aviation Safety Agency<\/a>.<\/p>\n<p>Il <strong>volo suborbitale<\/strong> per il <strong>CNR<\/strong>, in quanto partner scientifico dell&#8217;<strong>Aeronautica Militare<\/strong>, ha un&#8217;importanza strategica. Infatti le condizioni di <strong>microgravit\u00e0<\/strong>, pur se per pochi minuti, permettono di effettuare esperimenti multidisciplinari con risultati e scoperte importanti, altrimenti difficilmente realizzabili, relativi alla <strong>Scienza dei Materiali<\/strong>, alla <strong>Fisica dei Fluidi<\/strong>, alla <strong>Scienza della Combustione<\/strong>, alla <strong>Biologia<\/strong>.<\/p>\n<p>&#8220;<em>Siamo lieti di lavorare con l&#8217;Aeronautica Militare italiana per promuovere ulteriormente la ricerca spaziale e lo sviluppo tecnologico attraverso questa missione storica. Gli esperimenti che prevedono di testare su SpaceShipTwo amplieranno la nostra comprensione della scienza spaziale e la partecipazione attiva del ricercatore aprir\u00e0 una nuova importante strada per la ricerca spaziale. Siamo orgogliosi che Virgin Galactic sia in grado di fornire un accesso frequente allo spazio per questo importante lavoro<\/em> \u2013 ha aggiunto il CEO di <strong>Virgin Galactic<\/strong>, <strong>George Whitesides<\/strong> -. <em>L&#8217;Aeronautica Militare, grazie al proprio personale altamente specializzato, contribuisce, da sempre, allo sviluppo di programmi aerospaziali internazionali, con positivi ritorni tecnici ed operativi a favore del sistema Paese<\/em>&#8220;.<\/p>\n<p>Il sistema <em><strong>SpaceShipTwo<\/strong><\/em> di <em><strong>Virgin <\/strong><\/em>\u00e8 progettato per far volare sia gli esseri umani che i <em><strong>payload<\/strong><\/em> nello <strong>spazio<\/strong> per <strong>scopi turistici<\/strong> e di <strong>ricerca<\/strong>. La compagnia offre una <strong>soluzione<em> end-to-end<\/em><\/strong> per i voli con <strong>payload<\/strong> che include l&#8217;uso di <a href=\"https:\/\/www.virgingalactic.com\">SpaceShipTwo <\/a>e del suo aereo da <strong>trasporto VMSEve<\/strong>, insieme all&#8217;hardware, ai processi e alle strutture necessarie per una campagna di successo.<\/p>\n","protected":false},"excerpt":{"rendered":"<p>\u00c8 stato firmato, dall&#8217;Addetto Militare per la Difesa presso l&#8217;Ambasciata d&#8217;Italia a Washington DC,&nbsp;Generale di Divisione&nbsp;Aerea Stefano Cont, in rappresentanza<\/p>\n","protected":false},"author":1,"featured_media":6648,"comment_status":"closed","ping_status":"open","sticky":false,"template":"","format":"standard","meta":{"colormag_page_container_layout":"default_layout","colormag_page_sidebar_layout":"default_layout","footnotes":""},"categories":[32,3],"tags":[54,494,3037,667,366,212,365,3501],"class_list":["post-6646","post","type-post","status-publish","format-standard","has-post-thumbnail","hentry","category-prima-pagina","category-industria","tag-aeronautica-militare-italiana","tag-consiglio-nazionale-delle-ricerche-cnr","tag-easa-european-aviation-safety-agency","tag-ente-nazionale-per-laviazione-civile-enac","tag-spaceship","tag-suborbitale","tag-virgin-galactic","tag-virgin-galactic-george-whitesides"],"yoast_head":"<!-- This site is optimized with the Yoast SEO plugin v26.8 - https:\/\/yoast.com\/product\/yoast-seo-wordpress\/ -->\n<title>AMI - VIRGIN GALACTIC: ACCORDO PER IL PRIMO VOLO SUBORBITALE ITALIANO &#187; Spazio-News Magazine<\/title>\n<meta name=\"description\" content=\"\u00c8 stato firmato dall&#039;Aeronautica Militare Italiana e Virgin Galactic, l&#039;accordo commerciale per l&#039;acquisto di un volo suborbitale, durante il\" \/>\n<meta name=\"robots\" content=\"index, follow, max-snippet:-1, max-image-preview:large, max-video-preview:-1\" \/>\n<link rel=\"canonical\" href=\"http:\/\/spazio-news.it\/?p=6646\" \/>\n<meta property=\"og:locale\" content=\"it_IT\" \/>\n<meta property=\"og:type\" content=\"article\" \/>\n<meta property=\"og:title\" content=\"AMI - VIRGIN GALACTIC: ACCORDO PER IL PRIMO VOLO SUBORBITALE ITALIANO &#187; Spazio-News Magazine\" \/>\n<meta property=\"og:description\" content=\"\u00c8 stato firmato dall&#039;Aeronautica Militare Italiana e Virgin Galactic, l&#039;accordo commerciale per l&#039;acquisto di un volo suborbitale, durante il\" \/>\n<meta property=\"og:url\" content=\"http:\/\/spazio-news.it\/?p=6646\" \/>\n<meta property=\"og:site_name\" content=\"Spazio-News Magazine\" \/>\n<meta property=\"article:publisher\" content=\"https:\/\/m.facebook.com\/spazio-news-magazine\" \/>\n<meta property=\"article:author\" content=\"@SpazioNewsMagazine\" \/>\n<meta property=\"article:published_time\" content=\"2019-10-07T03:40:31+00:00\" \/>\n<meta property=\"article:modified_time\" content=\"2019-10-07T07:03:05+00:00\" \/>\n<meta property=\"og:image\" content=\"http:\/\/spazio-news.it\/wp-content\/uploads\/2019\/10\/Accordo-AMI-Generale-di-Divisione-Aerea-Stefano-Cont-e-Mike-Moses-Presidente-di-Virgin-Galactic.jpg\" \/>\n\t<meta property=\"og:image:width\" content=\"800\" \/>\n\t<meta property=\"og:image:height\" content=\"446\" \/>\n\t<meta property=\"og:image:type\" content=\"image\/jpeg\" \/>\n<meta name=\"author\" content=\"Redazione\" \/>\n<meta name=\"twitter:card\" content=\"summary_large_image\" \/>\n<meta name=\"twitter:creator\" content=\"@news_spazio\" \/>\n<meta name=\"twitter:site\" content=\"@News_spazio\" \/>\n<meta name=\"twitter:label1\" content=\"Scritto da\" \/>\n\t<meta name=\"twitter:data1\" content=\"Redazione\" \/>\n\t<meta name=\"twitter:label2\" content=\"Tempo di lettura stimato\" \/>\n\t<meta name=\"twitter:data2\" content=\"3 minuti\" \/>\n<script type=\"application\/ld+json\" class=\"yoast-schema-graph\">{\"@context\":\"https:\/\/schema.org\",\"@graph\":[{\"@type\":\"NewsArticle\",\"@id\":\"http:\/\/spazio-news.it\/?p=6646#article\",\"isPartOf\":{\"@id\":\"http:\/\/spazio-news.it\/?p=6646\"},\"author\":{\"name\":\"Redazione\",\"@id\":\"https:\/\/spazio-news.it\/#\/schema\/person\/c600904e882e9e166ed8e5e3773d37b3\"},\"headline\":\"AMI &#8211; VIRGIN GALACTIC: ACCORDO PER IL PRIMO VOLO SUBORBITALE ITALIANO\",\"datePublished\":\"2019-10-07T03:40:31+00:00\",\"dateModified\":\"2019-10-07T07:03:05+00:00\",\"mainEntityOfPage\":{\"@id\":\"http:\/\/spazio-news.it\/?p=6646\"},\"wordCount\":589,\"publisher\":{\"@id\":\"https:\/\/spazio-news.it\/#organization\"},\"image\":{\"@id\":\"http:\/\/spazio-news.it\/?p=6646#primaryimage\"},\"thumbnailUrl\":\"http:\/\/spazio-news.it\/wp-content\/uploads\/2019\/10\/Accordo-AMI-Generale-di-Divisione-Aerea-Stefano-Cont-e-Mike-Moses-Presidente-di-Virgin-Galactic.jpg\",\"keywords\":[\"Aeronautica Militare Italiana\",\"Consiglio nazionale delle ricerche - CNR\",\"EASA - European Aviation Safety Agency\",\"Ente Nazionale Per l\u2019Aviazione Civile - Enac\",\"Spaceship\",\"suborbitale\",\"Virgin Galactic\",\"Virgin Galactic - George Whitesides\"],\"articleSection\":[\"01 - PRIMA PAGINA\",\"02 - INDUSTRIA\"],\"inLanguage\":\"it-IT\"},{\"@type\":\"WebPage\",\"@id\":\"http:\/\/spazio-news.it\/?p=6646\",\"url\":\"http:\/\/spazio-news.it\/?p=6646\",\"name\":\"AMI - VIRGIN GALACTIC: ACCORDO PER IL PRIMO VOLO SUBORBITALE ITALIANO &#187; Spazio-News Magazine\",\"isPartOf\":{\"@id\":\"https:\/\/spazio-news.it\/#website\"},\"primaryImageOfPage\":{\"@id\":\"http:\/\/spazio-news.it\/?p=6646#primaryimage\"},\"image\":{\"@id\":\"http:\/\/spazio-news.it\/?p=6646#primaryimage\"},\"thumbnailUrl\":\"http:\/\/spazio-news.it\/wp-content\/uploads\/2019\/10\/Accordo-AMI-Generale-di-Divisione-Aerea-Stefano-Cont-e-Mike-Moses-Presidente-di-Virgin-Galactic.jpg\",\"datePublished\":\"2019-10-07T03:40:31+00:00\",\"dateModified\":\"2019-10-07T07:03:05+00:00\",\"description\":\"\u00c8 stato firmato dall'Aeronautica Militare Italiana e Virgin Galactic, l'accordo commerciale per l'acquisto di un volo suborbitale, durante il\",\"breadcrumb\":{\"@id\":\"http:\/\/spazio-news.it\/?p=6646#breadcrumb\"},\"inLanguage\":\"it-IT\",\"potentialAction\":[{\"@type\":\"ReadAction\",\"target\":[\"http:\/\/spazio-news.it\/?p=6646\"]}]},{\"@type\":\"ImageObject\",\"inLanguage\":\"it-IT\",\"@id\":\"http:\/\/spazio-news.it\/?p=6646#primaryimage\",\"url\":\"http:\/\/spazio-news.it\/wp-content\/uploads\/2019\/10\/Accordo-AMI-Generale-di-Divisione-Aerea-Stefano-Cont-e-Mike-Moses-Presidente-di-Virgin-Galactic.jpg\",\"contentUrl\":\"http:\/\/spazio-news.it\/wp-content\/uploads\/2019\/10\/Accordo-AMI-Generale-di-Divisione-Aerea-Stefano-Cont-e-Mike-Moses-Presidente-di-Virgin-Galactic.jpg\",\"width\":800,\"height\":446,\"caption\":\"Accordo AMI - Generale di Divisione Aerea Stefano Cont e Mike Moses Presidente di Virgin Galactic\"},{\"@type\":\"BreadcrumbList\",\"@id\":\"http:\/\/spazio-news.it\/?p=6646#breadcrumb\",\"itemListElement\":[{\"@type\":\"ListItem\",\"position\":1,\"name\":\"Home\",\"item\":\"https:\/\/spazio-news.it\/\"},{\"@type\":\"ListItem\",\"position\":2,\"name\":\"AMI &#8211; VIRGIN GALACTIC: ACCORDO PER IL PRIMO VOLO SUBORBITALE ITALIANO\"}]},{\"@type\":\"WebSite\",\"@id\":\"https:\/\/spazio-news.it\/#website\",\"url\":\"https:\/\/spazio-news.it\/\",\"name\":\"Spazio-News Magazine\",\"description\":\"La guida che sfida la complessit\u00e0 del mondo industriale\",\"publisher\":{\"@id\":\"https:\/\/spazio-news.it\/#organization\"},\"alternateName\":\"Spazio-news.it\",\"potentialAction\":[{\"@type\":\"SearchAction\",\"target\":{\"@type\":\"EntryPoint\",\"urlTemplate\":\"https:\/\/spazio-news.it\/?s={search_term_string}\"},\"query-input\":{\"@type\":\"PropertyValueSpecification\",\"valueRequired\":true,\"valueName\":\"search_term_string\"}}],\"inLanguage\":\"it-IT\"},{\"@type\":\"Organization\",\"@id\":\"https:\/\/spazio-news.it\/#organization\",\"name\":\"Spazio-News Magazine\",\"url\":\"https:\/\/spazio-news.it\/\",\"logo\":{\"@type\":\"ImageObject\",\"inLanguage\":\"it-IT\",\"@id\":\"https:\/\/spazio-news.it\/#\/schema\/logo\/image\/\",\"url\":\"http:\/\/spazio-news.it\/wp-content\/uploads\/2023\/09\/Logo-Spazio-News-512-x-512-NO-testo.jpg\",\"contentUrl\":\"http:\/\/spazio-news.it\/wp-content\/uploads\/2023\/09\/Logo-Spazio-News-512-x-512-NO-testo.jpg\",\"width\":512,\"height\":512,\"caption\":\"Spazio-News Magazine\"},\"image\":{\"@id\":\"https:\/\/spazio-news.it\/#\/schema\/logo\/image\/\"},\"sameAs\":[\"https:\/\/m.facebook.com\/spazio-news-magazine\",\"https:\/\/x.com\/News_spazio\"]},{\"@type\":\"Person\",\"@id\":\"https:\/\/spazio-news.it\/#\/schema\/person\/c600904e882e9e166ed8e5e3773d37b3\",\"name\":\"Redazione\",\"sameAs\":[\"http:\/\/spazio-news.it\",\"@SpazioNewsMagazine\",\"https:\/\/x.com\/@news_spazio\"],\"url\":\"http:\/\/spazio-news.it\/?author=1\"}]}<\/script>\n<!-- \/ Yoast SEO plugin. -->","yoast_head_json":{"title":"AMI - VIRGIN GALACTIC: ACCORDO PER IL PRIMO VOLO SUBORBITALE ITALIANO &#187; Spazio-News Magazine","description":"\u00c8 stato firmato dall'Aeronautica Militare Italiana e Virgin Galactic, l'accordo commerciale per l'acquisto di un volo suborbitale, durante il","robots":{"index":"index","follow":"follow","max-snippet":"max-snippet:-1","max-image-preview":"max-image-preview:large","max-video-preview":"max-video-preview:-1"},"canonical":"http:\/\/spazio-news.it\/?p=6646","og_locale":"it_IT","og_type":"article","og_title":"AMI - VIRGIN GALACTIC: ACCORDO PER IL PRIMO VOLO SUBORBITALE ITALIANO &#187; Spazio-News Magazine","og_description":"\u00c8 stato firmato dall'Aeronautica Militare Italiana e Virgin Galactic, l'accordo commerciale per l'acquisto di un volo suborbitale, durante il","og_url":"http:\/\/spazio-news.it\/?p=6646","og_site_name":"Spazio-News Magazine","article_publisher":"https:\/\/m.facebook.com\/spazio-news-magazine","article_author":"@SpazioNewsMagazine","article_published_time":"2019-10-07T03:40:31+00:00","article_modified_time":"2019-10-07T07:03:05+00:00","og_image":[{"width":800,"height":446,"url":"http:\/\/spazio-news.it\/wp-content\/uploads\/2019\/10\/Accordo-AMI-Generale-di-Divisione-Aerea-Stefano-Cont-e-Mike-Moses-Presidente-di-Virgin-Galactic.jpg","type":"image\/jpeg"}],"author":"Redazione","twitter_card":"summary_large_image","twitter_creator":"@news_spazio","twitter_site":"@News_spazio","twitter_misc":{"Scritto da":"Redazione","Tempo di lettura stimato":"3 minuti"},"schema":{"@context":"https:\/\/schema.org","@graph":[{"@type":"NewsArticle","@id":"http:\/\/spazio-news.it\/?p=6646#article","isPartOf":{"@id":"http:\/\/spazio-news.it\/?p=6646"},"author":{"name":"Redazione","@id":"https:\/\/spazio-news.it\/#\/schema\/person\/c600904e882e9e166ed8e5e3773d37b3"},"headline":"AMI &#8211; VIRGIN GALACTIC: ACCORDO PER IL PRIMO VOLO SUBORBITALE ITALIANO","datePublished":"2019-10-07T03:40:31+00:00","dateModified":"2019-10-07T07:03:05+00:00","mainEntityOfPage":{"@id":"http:\/\/spazio-news.it\/?p=6646"},"wordCount":589,"publisher":{"@id":"https:\/\/spazio-news.it\/#organization"},"image":{"@id":"http:\/\/spazio-news.it\/?p=6646#primaryimage"},"thumbnailUrl":"http:\/\/spazio-news.it\/wp-content\/uploads\/2019\/10\/Accordo-AMI-Generale-di-Divisione-Aerea-Stefano-Cont-e-Mike-Moses-Presidente-di-Virgin-Galactic.jpg","keywords":["Aeronautica Militare Italiana","Consiglio nazionale delle ricerche - CNR","EASA - European Aviation Safety Agency","Ente Nazionale Per l\u2019Aviazione Civile - Enac","Spaceship","suborbitale","Virgin Galactic","Virgin Galactic - George Whitesides"],"articleSection":["01 - PRIMA PAGINA","02 - INDUSTRIA"],"inLanguage":"it-IT"},{"@type":"WebPage","@id":"http:\/\/spazio-news.it\/?p=6646","url":"http:\/\/spazio-news.it\/?p=6646","name":"AMI - VIRGIN GALACTIC: ACCORDO PER IL PRIMO VOLO SUBORBITALE ITALIANO &#187; Spazio-News Magazine","isPartOf":{"@id":"https:\/\/spazio-news.it\/#website"},"primaryImageOfPage":{"@id":"http:\/\/spazio-news.it\/?p=6646#primaryimage"},"image":{"@id":"http:\/\/spazio-news.it\/?p=6646#primaryimage"},"thumbnailUrl":"http:\/\/spazio-news.it\/wp-content\/uploads\/2019\/10\/Accordo-AMI-Generale-di-Divisione-Aerea-Stefano-Cont-e-Mike-Moses-Presidente-di-Virgin-Galactic.jpg","datePublished":"2019-10-07T03:40:31+00:00","dateModified":"2019-10-07T07:03:05+00:00","description":"\u00c8 stato firmato dall'Aeronautica Militare Italiana e Virgin Galactic, l'accordo commerciale per l'acquisto di un volo suborbitale, durante il","breadcrumb":{"@id":"http:\/\/spazio-news.it\/?p=6646#breadcrumb"},"inLanguage":"it-IT","potentialAction":[{"@type":"ReadAction","target":["http:\/\/spazio-news.it\/?p=6646"]}]},{"@type":"ImageObject","inLanguage":"it-IT","@id":"http:\/\/spazio-news.it\/?p=6646#primaryimage","url":"http:\/\/spazio-news.it\/wp-content\/uploads\/2019\/10\/Accordo-AMI-Generale-di-Divisione-Aerea-Stefano-Cont-e-Mike-Moses-Presidente-di-Virgin-Galactic.jpg","contentUrl":"http:\/\/spazio-news.it\/wp-content\/uploads\/2019\/10\/Accordo-AMI-Generale-di-Divisione-Aerea-Stefano-Cont-e-Mike-Moses-Presidente-di-Virgin-Galactic.jpg","width":800,"height":446,"caption":"Accordo AMI - Generale di Divisione Aerea Stefano Cont e Mike Moses Presidente di Virgin Galactic"},{"@type":"BreadcrumbList","@id":"http:\/\/spazio-news.it\/?p=6646#breadcrumb","itemListElement":[{"@type":"ListItem","position":1,"name":"Home","item":"https:\/\/spazio-news.it\/"},{"@type":"ListItem","position":2,"name":"AMI &#8211; VIRGIN GALACTIC: ACCORDO PER IL PRIMO VOLO SUBORBITALE ITALIANO"}]},{"@type":"WebSite","@id":"https:\/\/spazio-news.it\/#website","url":"https:\/\/spazio-news.it\/","name":"Spazio-News Magazine","description":"La guida che sfida la complessit\u00e0 del mondo industriale","publisher":{"@id":"https:\/\/spazio-news.it\/#organization"},"alternateName":"Spazio-news.it","potentialAction":[{"@type":"SearchAction","target":{"@type":"EntryPoint","urlTemplate":"https:\/\/spazio-news.it\/?s={search_term_string}"},"query-input":{"@type":"PropertyValueSpecification","valueRequired":true,"valueName":"search_term_string"}}],"inLanguage":"it-IT"},{"@type":"Organization","@id":"https:\/\/spazio-news.it\/#organization","name":"Spazio-News Magazine","url":"https:\/\/spazio-news.it\/","logo":{"@type":"ImageObject","inLanguage":"it-IT","@id":"https:\/\/spazio-news.it\/#\/schema\/logo\/image\/","url":"http:\/\/spazio-news.it\/wp-content\/uploads\/2023\/09\/Logo-Spazio-News-512-x-512-NO-testo.jpg","contentUrl":"http:\/\/spazio-news.it\/wp-content\/uploads\/2023\/09\/Logo-Spazio-News-512-x-512-NO-testo.jpg","width":512,"height":512,"caption":"Spazio-News Magazine"},"image":{"@id":"https:\/\/spazio-news.it\/#\/schema\/logo\/image\/"},"sameAs":["https:\/\/m.facebook.com\/spazio-news-magazine","https:\/\/x.com\/News_spazio"]},{"@type":"Person","@id":"https:\/\/spazio-news.it\/#\/schema\/person\/c600904e882e9e166ed8e5e3773d37b3","name":"Redazione","sameAs":["http:\/\/spazio-news.it","@SpazioNewsMagazine","https:\/\/x.com\/@news_spazio"],"url":"http:\/\/spazio-news.it\/?author=1"}]}},"_links":{"self":[{"href":"http:\/\/spazio-news.it\/index.php?rest_route=\/wp\/v2\/posts\/6646","targetHints":{"allow":["GET"]}}],"collection":[{"href":"http:\/\/spazio-news.it\/index.php?rest_route=\/wp\/v2\/posts"}],"about":[{"href":"http:\/\/spazio-news.it\/index.php?rest_route=\/wp\/v2\/types\/post"}],"author":[{"embeddable":true,"href":"http:\/\/spazio-news.it\/index.php?rest_route=\/wp\/v2\/users\/1"}],"replies":[{"embeddable":true,"href":"http:\/\/spazio-news.it\/index.php?rest_route=%2Fwp%2Fv2%2Fcomments&post=6646"}],"version-history":[{"count":3,"href":"http:\/\/spazio-news.it\/index.php?rest_route=\/wp\/v2\/posts\/6646\/revisions"}],"predecessor-version":[{"id":6694,"href":"http:\/\/spazio-news.it\/index.php?rest_route=\/wp\/v2\/posts\/6646\/revisions\/6694"}],"wp:featuredmedia":[{"embeddable":true,"href":"http:\/\/spazio-news.it\/index.php?rest_route=\/wp\/v2\/media\/6648"}],"wp:attachment":[{"href":"http:\/\/spazio-news.it\/index.php?rest_route=%2Fwp%2Fv2%2Fmedia&parent=6646"}],"wp:term":[{"taxonomy":"category","embeddable":true,"href":"http:\/\/spazio-news.it\/index.php?rest_route=%2Fwp%2Fv2%2Fcategories&post=6646"},{"taxonomy":"post_tag","embeddable":true,"href":"http:\/\/spazio-news.it\/index.php?rest_route=%2Fwp%2Fv2%2Ftags&post=6646"}],"curies":[{"name":"wp","href":"https:\/\/api.w.org\/{rel}","templated":true}]}}