{"id":6653,"date":"2019-10-08T05:58:14","date_gmt":"2019-10-08T04:58:14","guid":{"rendered":"http:\/\/spazio-news.it\/?p=6653"},"modified":"2019-10-14T18:49:14","modified_gmt":"2019-10-14T17:49:14","slug":"esa-la-stazione-spaziale-internazionale-e-sotto-il-comando-italiano","status":"publish","type":"post","link":"http:\/\/spazio-news.it\/?p=6653","title":{"rendered":"ESA: LA STAZIONE SPAZIALE INTERNAZIONALE \u00c8 SOTTO IL COMANDO ITALIANO"},"content":{"rendered":"<p><strong>Luca Parmitano<\/strong> ha preso ufficialmente il comando della <a href=\"http:\/\/www.esa.int\">Stazione Spaziale Internazionale &#8211; ISS<\/a><strong>,<\/strong> dal cosmonauta russo <strong>Alexei Ovchinin<\/strong>.<\/p>\n<p>&#8220;<em>Grazie all&#8217;Europa e all&#8217;Italia &#8211; <\/em>ha detto <strong>Parmitano<\/strong> nel corso del passaggio di consegne avvenuto in collegamento con la Terra<em> \u2013 User\u00f2 poche parole, ma la prima che voglio usare \u00e8 <\/em><em>gratitudine<\/em><em> per te<\/em> c<em>omandante Ovchinin<\/em>, <em>se la missione fino a qui \u00e8 stata un successo \u00e8 merito della tua leadership e ti user\u00f2 come esempio. Sono grato per essere stato scelto come comandante e grato al mio Paese, perch\u00e9 se sono qui \u00e8 grazie all&#8217;educazione che ho avuto, all&#8217;Accademia Aeronautica e a tutti quelli che hanno partecipato alla mia educazione&#8221;. <\/em><\/p>\n<p>La cerimonia, conclusa dal suono simbolico di una campanella di ottone, ha segnato ufficialmente l&#8217;inizio della missione\u00a0<strong>Expedition 61<\/strong>\u00a0e della seconda parte della missione\u00a0<a href=\"http:\/\/spazio-news.it\/spazio-beyond-e-il-nome-della-nuova-missione-di-parmitano\">Beyond<\/a>. L&#8217;astronauta dell&#8217;<a href=\"http:\/\/www.esa.int\">Agenzia Spaziale Europea &#8211; ESA<\/a>\u00a0manterr\u00e0 il ruolo di <strong>responsabile della sicurezza degli equipaggi<\/strong> e della <strong>Stazione<\/strong> per la parte restante della sua permanenza a bordo che si concluder\u00e0 a <strong>febbraio 2020<\/strong>, quando far\u00e0 ritorno sulla Terra dopo circa <strong>sette mesi<\/strong>.<\/p>\n<p>Il Colonnello dell&#8217;Aeronautica Militare, alla sua seconda missione spaziale di lunga durata dopo &#8220;<strong>Volare<\/strong>&#8221; dell&#8217;<a href=\"http:\/\/www.asi.it\">Agenzia Spaziale Italiana \u2013 ASI<\/a> nel 2013, \u00e8 partito per <strong>Beyond<\/strong> lo scorso <strong>20 luglio <\/strong>con un <a href=\"http:\/\/spazio-news.it\/iss-parmitano-iniziati-i-primi-esperimenti-targati-asi\">lancio dal cosmodromo russo di Baikonur<\/a>, in <strong>Kazakhstan<\/strong>, in occasione del <strong>50\u00b0 anniversario della conquista della Luna<\/strong> da parte dell&#8217;<strong>Apollo 11<\/strong>.<\/p>\n","protected":false},"excerpt":{"rendered":"<p>Luca Parmitano ha preso ufficialmente il comando della Stazione Spaziale Internazionale &#8211; ISS, dal cosmonauta russo Alexei Ovchinin. &#8220;Grazie all&#8217;Europa<\/p>\n","protected":false},"author":1,"featured_media":5671,"comment_status":"closed","ping_status":"open","sticky":false,"template":"","format":"standard","meta":{"colormag_page_container_layout":"default_layout","colormag_page_sidebar_layout":"default_layout","footnotes":""},"categories":[32,5],"tags":[54,812,811,1419,596,766],"class_list":["post-6653","post","type-post","status-publish","format-standard","has-post-thumbnail","hentry","category-prima-pagina","category-ricerca-innovazione","tag-aeronautica-militare-italiana","tag-agenzia-spaziale-europea-esa","tag-agenzia-spaziale-italiana-asi","tag-esa-beyond","tag-international-space-station-iss","tag-luca-parmitano"],"yoast_head":"<!-- This site is optimized with the Yoast SEO plugin v26.8 - https:\/\/yoast.com\/product\/yoast-seo-wordpress\/ -->\n<title>ESA: LA STAZIONE SPAZIALE INTERNAZIONALE \u00c8 SOTTO IL COMANDO ITALIANO &#187; Spazio-News Magazine<\/title>\n<meta name=\"description\" content=\"Luca Parmitano ha preso ufficialmente il comando della Stazione Spaziale Internazionale - ISS, dal cosmonauta russo Alexei Ovchinin. &quot;Grazie\" \/>\n<meta name=\"robots\" content=\"index, follow, max-snippet:-1, max-image-preview:large, max-video-preview:-1\" \/>\n<link rel=\"canonical\" href=\"http:\/\/spazio-news.it\/?p=6653\" \/>\n<meta property=\"og:locale\" content=\"it_IT\" \/>\n<meta property=\"og:type\" content=\"article\" \/>\n<meta property=\"og:title\" content=\"ESA: LA STAZIONE SPAZIALE INTERNAZIONALE \u00c8 SOTTO IL COMANDO ITALIANO &#187; Spazio-News Magazine\" \/>\n<meta property=\"og:description\" content=\"Luca Parmitano ha preso ufficialmente il comando della Stazione Spaziale Internazionale - ISS, dal cosmonauta russo Alexei Ovchinin. &quot;Grazie\" \/>\n<meta property=\"og:url\" content=\"http:\/\/spazio-news.it\/?p=6653\" \/>\n<meta property=\"og:site_name\" content=\"Spazio-News Magazine\" \/>\n<meta property=\"article:publisher\" content=\"https:\/\/m.facebook.com\/spazio-news-magazine\" \/>\n<meta property=\"article:author\" content=\"@SpazioNewsMagazine\" \/>\n<meta property=\"article:published_time\" content=\"2019-10-08T04:58:14+00:00\" \/>\n<meta property=\"article:modified_time\" content=\"2019-10-14T17:49:14+00:00\" \/>\n<meta property=\"og:image\" content=\"http:\/\/spazio-news.it\/wp-content\/uploads\/2019\/07\/ricerca-Spazio-Nutriss-ASI-in-orbita-per-Luca-Parmitano-Agenzia-Spaziale-Europea-Stazione-Spaziale-Internazionale.jpg\" \/>\n\t<meta property=\"og:image:width\" content=\"800\" \/>\n\t<meta property=\"og:image:height\" content=\"446\" \/>\n\t<meta property=\"og:image:type\" content=\"image\/jpeg\" \/>\n<meta name=\"author\" content=\"Redazione\" \/>\n<meta name=\"twitter:card\" content=\"summary_large_image\" \/>\n<meta name=\"twitter:creator\" content=\"@news_spazio\" \/>\n<meta name=\"twitter:site\" content=\"@News_spazio\" \/>\n<meta name=\"twitter:label1\" content=\"Scritto da\" \/>\n\t<meta name=\"twitter:data1\" content=\"Redazione\" \/>\n\t<meta name=\"twitter:label2\" content=\"Tempo di lettura stimato\" \/>\n\t<meta name=\"twitter:data2\" content=\"1 minuto\" \/>\n<script type=\"application\/ld+json\" class=\"yoast-schema-graph\">{\"@context\":\"https:\/\/schema.org\",\"@graph\":[{\"@type\":\"NewsArticle\",\"@id\":\"http:\/\/spazio-news.it\/?p=6653#article\",\"isPartOf\":{\"@id\":\"http:\/\/spazio-news.it\/?p=6653\"},\"author\":{\"name\":\"Redazione\",\"@id\":\"http:\/\/spazio-news.it\/#\/schema\/person\/c600904e882e9e166ed8e5e3773d37b3\"},\"headline\":\"ESA: LA STAZIONE SPAZIALE INTERNAZIONALE \u00c8 SOTTO IL COMANDO ITALIANO\",\"datePublished\":\"2019-10-08T04:58:14+00:00\",\"dateModified\":\"2019-10-14T17:49:14+00:00\",\"mainEntityOfPage\":{\"@id\":\"http:\/\/spazio-news.it\/?p=6653\"},\"wordCount\":235,\"publisher\":{\"@id\":\"http:\/\/spazio-news.it\/#organization\"},\"image\":{\"@id\":\"http:\/\/spazio-news.it\/?p=6653#primaryimage\"},\"thumbnailUrl\":\"http:\/\/spazio-news.it\/wp-content\/uploads\/2019\/07\/ricerca-Spazio-Nutriss-ASI-in-orbita-per-Luca-Parmitano-Agenzia-Spaziale-Europea-Stazione-Spaziale-Internazionale.jpg\",\"keywords\":[\"Aeronautica Militare Italiana\",\"Agenzia Spaziale Europea - ESA\",\"Agenzia Spaziale Italiana - ASI\",\"ESA Beyond\",\"International Space Station - ISS\",\"Luca Parmitano\"],\"articleSection\":[\"01 - PRIMA PAGINA\",\"05 - RICERCA &amp; INNOVAZIONE\"],\"inLanguage\":\"it-IT\"},{\"@type\":\"WebPage\",\"@id\":\"http:\/\/spazio-news.it\/?p=6653\",\"url\":\"http:\/\/spazio-news.it\/?p=6653\",\"name\":\"ESA: LA STAZIONE SPAZIALE INTERNAZIONALE \u00c8 SOTTO IL COMANDO ITALIANO &#187; Spazio-News Magazine\",\"isPartOf\":{\"@id\":\"http:\/\/spazio-news.it\/#website\"},\"primaryImageOfPage\":{\"@id\":\"http:\/\/spazio-news.it\/?p=6653#primaryimage\"},\"image\":{\"@id\":\"http:\/\/spazio-news.it\/?p=6653#primaryimage\"},\"thumbnailUrl\":\"http:\/\/spazio-news.it\/wp-content\/uploads\/2019\/07\/ricerca-Spazio-Nutriss-ASI-in-orbita-per-Luca-Parmitano-Agenzia-Spaziale-Europea-Stazione-Spaziale-Internazionale.jpg\",\"datePublished\":\"2019-10-08T04:58:14+00:00\",\"dateModified\":\"2019-10-14T17:49:14+00:00\",\"description\":\"Luca Parmitano ha preso ufficialmente il comando della Stazione Spaziale Internazionale - ISS, dal cosmonauta russo Alexei Ovchinin. \\\"Grazie\",\"breadcrumb\":{\"@id\":\"http:\/\/spazio-news.it\/?p=6653#breadcrumb\"},\"inLanguage\":\"it-IT\",\"potentialAction\":[{\"@type\":\"ReadAction\",\"target\":[\"http:\/\/spazio-news.it\/?p=6653\"]}]},{\"@type\":\"ImageObject\",\"inLanguage\":\"it-IT\",\"@id\":\"http:\/\/spazio-news.it\/?p=6653#primaryimage\",\"url\":\"http:\/\/spazio-news.it\/wp-content\/uploads\/2019\/07\/ricerca-Spazio-Nutriss-ASI-in-orbita-per-Luca-Parmitano-Agenzia-Spaziale-Europea-Stazione-Spaziale-Internazionale.jpg\",\"contentUrl\":\"http:\/\/spazio-news.it\/wp-content\/uploads\/2019\/07\/ricerca-Spazio-Nutriss-ASI-in-orbita-per-Luca-Parmitano-Agenzia-Spaziale-Europea-Stazione-Spaziale-Internazionale.jpg\",\"width\":800,\"height\":446,\"caption\":\"ricerca Spazio Nutriss ASI in orbita per Luca Parmitano Agenzia Spaziale Europea Stazione Spaziale Internazionale\"},{\"@type\":\"BreadcrumbList\",\"@id\":\"http:\/\/spazio-news.it\/?p=6653#breadcrumb\",\"itemListElement\":[{\"@type\":\"ListItem\",\"position\":1,\"name\":\"Home\",\"item\":\"http:\/\/spazio-news.it\/\"},{\"@type\":\"ListItem\",\"position\":2,\"name\":\"ESA: LA STAZIONE SPAZIALE INTERNAZIONALE \u00c8 SOTTO IL COMANDO ITALIANO\"}]},{\"@type\":\"WebSite\",\"@id\":\"http:\/\/spazio-news.it\/#website\",\"url\":\"http:\/\/spazio-news.it\/\",\"name\":\"Spazio-News Magazine\",\"description\":\"La guida che sfida la complessit\u00e0 del mondo industriale\",\"publisher\":{\"@id\":\"http:\/\/spazio-news.it\/#organization\"},\"alternateName\":\"Spazio-news.it\",\"potentialAction\":[{\"@type\":\"SearchAction\",\"target\":{\"@type\":\"EntryPoint\",\"urlTemplate\":\"http:\/\/spazio-news.it\/?s={search_term_string}\"},\"query-input\":{\"@type\":\"PropertyValueSpecification\",\"valueRequired\":true,\"valueName\":\"search_term_string\"}}],\"inLanguage\":\"it-IT\"},{\"@type\":\"Organization\",\"@id\":\"http:\/\/spazio-news.it\/#organization\",\"name\":\"Spazio-News Magazine\",\"url\":\"http:\/\/spazio-news.it\/\",\"logo\":{\"@type\":\"ImageObject\",\"inLanguage\":\"it-IT\",\"@id\":\"http:\/\/spazio-news.it\/#\/schema\/logo\/image\/\",\"url\":\"http:\/\/spazio-news.it\/wp-content\/uploads\/2023\/09\/Logo-Spazio-News-512-x-512-NO-testo.jpg\",\"contentUrl\":\"http:\/\/spazio-news.it\/wp-content\/uploads\/2023\/09\/Logo-Spazio-News-512-x-512-NO-testo.jpg\",\"width\":512,\"height\":512,\"caption\":\"Spazio-News Magazine\"},\"image\":{\"@id\":\"http:\/\/spazio-news.it\/#\/schema\/logo\/image\/\"},\"sameAs\":[\"https:\/\/m.facebook.com\/spazio-news-magazine\",\"https:\/\/x.com\/News_spazio\"]},{\"@type\":\"Person\",\"@id\":\"http:\/\/spazio-news.it\/#\/schema\/person\/c600904e882e9e166ed8e5e3773d37b3\",\"name\":\"Redazione\",\"sameAs\":[\"http:\/\/spazio-news.it\",\"@SpazioNewsMagazine\",\"https:\/\/x.com\/@news_spazio\"],\"url\":\"http:\/\/spazio-news.it\/?author=1\"}]}<\/script>\n<!-- \/ Yoast SEO plugin. -->","yoast_head_json":{"title":"ESA: LA STAZIONE SPAZIALE INTERNAZIONALE \u00c8 SOTTO IL COMANDO ITALIANO &#187; Spazio-News Magazine","description":"Luca Parmitano ha preso ufficialmente il comando della Stazione Spaziale Internazionale - ISS, dal cosmonauta russo Alexei Ovchinin. \"Grazie","robots":{"index":"index","follow":"follow","max-snippet":"max-snippet:-1","max-image-preview":"max-image-preview:large","max-video-preview":"max-video-preview:-1"},"canonical":"http:\/\/spazio-news.it\/?p=6653","og_locale":"it_IT","og_type":"article","og_title":"ESA: LA STAZIONE SPAZIALE INTERNAZIONALE \u00c8 SOTTO IL COMANDO ITALIANO &#187; Spazio-News Magazine","og_description":"Luca Parmitano ha preso ufficialmente il comando della Stazione Spaziale Internazionale - ISS, dal cosmonauta russo Alexei Ovchinin. \"Grazie","og_url":"http:\/\/spazio-news.it\/?p=6653","og_site_name":"Spazio-News Magazine","article_publisher":"https:\/\/m.facebook.com\/spazio-news-magazine","article_author":"@SpazioNewsMagazine","article_published_time":"2019-10-08T04:58:14+00:00","article_modified_time":"2019-10-14T17:49:14+00:00","og_image":[{"width":800,"height":446,"url":"http:\/\/spazio-news.it\/wp-content\/uploads\/2019\/07\/ricerca-Spazio-Nutriss-ASI-in-orbita-per-Luca-Parmitano-Agenzia-Spaziale-Europea-Stazione-Spaziale-Internazionale.jpg","type":"image\/jpeg"}],"author":"Redazione","twitter_card":"summary_large_image","twitter_creator":"@news_spazio","twitter_site":"@News_spazio","twitter_misc":{"Scritto da":"Redazione","Tempo di lettura stimato":"1 minuto"},"schema":{"@context":"https:\/\/schema.org","@graph":[{"@type":"NewsArticle","@id":"http:\/\/spazio-news.it\/?p=6653#article","isPartOf":{"@id":"http:\/\/spazio-news.it\/?p=6653"},"author":{"name":"Redazione","@id":"http:\/\/spazio-news.it\/#\/schema\/person\/c600904e882e9e166ed8e5e3773d37b3"},"headline":"ESA: LA STAZIONE SPAZIALE INTERNAZIONALE \u00c8 SOTTO IL COMANDO ITALIANO","datePublished":"2019-10-08T04:58:14+00:00","dateModified":"2019-10-14T17:49:14+00:00","mainEntityOfPage":{"@id":"http:\/\/spazio-news.it\/?p=6653"},"wordCount":235,"publisher":{"@id":"http:\/\/spazio-news.it\/#organization"},"image":{"@id":"http:\/\/spazio-news.it\/?p=6653#primaryimage"},"thumbnailUrl":"http:\/\/spazio-news.it\/wp-content\/uploads\/2019\/07\/ricerca-Spazio-Nutriss-ASI-in-orbita-per-Luca-Parmitano-Agenzia-Spaziale-Europea-Stazione-Spaziale-Internazionale.jpg","keywords":["Aeronautica Militare Italiana","Agenzia Spaziale Europea - ESA","Agenzia Spaziale Italiana - ASI","ESA Beyond","International Space Station - ISS","Luca Parmitano"],"articleSection":["01 - PRIMA PAGINA","05 - RICERCA &amp; INNOVAZIONE"],"inLanguage":"it-IT"},{"@type":"WebPage","@id":"http:\/\/spazio-news.it\/?p=6653","url":"http:\/\/spazio-news.it\/?p=6653","name":"ESA: LA STAZIONE SPAZIALE INTERNAZIONALE \u00c8 SOTTO IL COMANDO ITALIANO &#187; Spazio-News Magazine","isPartOf":{"@id":"http:\/\/spazio-news.it\/#website"},"primaryImageOfPage":{"@id":"http:\/\/spazio-news.it\/?p=6653#primaryimage"},"image":{"@id":"http:\/\/spazio-news.it\/?p=6653#primaryimage"},"thumbnailUrl":"http:\/\/spazio-news.it\/wp-content\/uploads\/2019\/07\/ricerca-Spazio-Nutriss-ASI-in-orbita-per-Luca-Parmitano-Agenzia-Spaziale-Europea-Stazione-Spaziale-Internazionale.jpg","datePublished":"2019-10-08T04:58:14+00:00","dateModified":"2019-10-14T17:49:14+00:00","description":"Luca Parmitano ha preso ufficialmente il comando della Stazione Spaziale Internazionale - ISS, dal cosmonauta russo Alexei Ovchinin. \"Grazie","breadcrumb":{"@id":"http:\/\/spazio-news.it\/?p=6653#breadcrumb"},"inLanguage":"it-IT","potentialAction":[{"@type":"ReadAction","target":["http:\/\/spazio-news.it\/?p=6653"]}]},{"@type":"ImageObject","inLanguage":"it-IT","@id":"http:\/\/spazio-news.it\/?p=6653#primaryimage","url":"http:\/\/spazio-news.it\/wp-content\/uploads\/2019\/07\/ricerca-Spazio-Nutriss-ASI-in-orbita-per-Luca-Parmitano-Agenzia-Spaziale-Europea-Stazione-Spaziale-Internazionale.jpg","contentUrl":"http:\/\/spazio-news.it\/wp-content\/uploads\/2019\/07\/ricerca-Spazio-Nutriss-ASI-in-orbita-per-Luca-Parmitano-Agenzia-Spaziale-Europea-Stazione-Spaziale-Internazionale.jpg","width":800,"height":446,"caption":"ricerca Spazio Nutriss ASI in orbita per Luca Parmitano Agenzia Spaziale Europea Stazione Spaziale Internazionale"},{"@type":"BreadcrumbList","@id":"http:\/\/spazio-news.it\/?p=6653#breadcrumb","itemListElement":[{"@type":"ListItem","position":1,"name":"Home","item":"http:\/\/spazio-news.it\/"},{"@type":"ListItem","position":2,"name":"ESA: LA STAZIONE SPAZIALE INTERNAZIONALE \u00c8 SOTTO IL COMANDO ITALIANO"}]},{"@type":"WebSite","@id":"http:\/\/spazio-news.it\/#website","url":"http:\/\/spazio-news.it\/","name":"Spazio-News Magazine","description":"La guida che sfida la complessit\u00e0 del mondo industriale","publisher":{"@id":"http:\/\/spazio-news.it\/#organization"},"alternateName":"Spazio-news.it","potentialAction":[{"@type":"SearchAction","target":{"@type":"EntryPoint","urlTemplate":"http:\/\/spazio-news.it\/?s={search_term_string}"},"query-input":{"@type":"PropertyValueSpecification","valueRequired":true,"valueName":"search_term_string"}}],"inLanguage":"it-IT"},{"@type":"Organization","@id":"http:\/\/spazio-news.it\/#organization","name":"Spazio-News Magazine","url":"http:\/\/spazio-news.it\/","logo":{"@type":"ImageObject","inLanguage":"it-IT","@id":"http:\/\/spazio-news.it\/#\/schema\/logo\/image\/","url":"http:\/\/spazio-news.it\/wp-content\/uploads\/2023\/09\/Logo-Spazio-News-512-x-512-NO-testo.jpg","contentUrl":"http:\/\/spazio-news.it\/wp-content\/uploads\/2023\/09\/Logo-Spazio-News-512-x-512-NO-testo.jpg","width":512,"height":512,"caption":"Spazio-News Magazine"},"image":{"@id":"http:\/\/spazio-news.it\/#\/schema\/logo\/image\/"},"sameAs":["https:\/\/m.facebook.com\/spazio-news-magazine","https:\/\/x.com\/News_spazio"]},{"@type":"Person","@id":"http:\/\/spazio-news.it\/#\/schema\/person\/c600904e882e9e166ed8e5e3773d37b3","name":"Redazione","sameAs":["http:\/\/spazio-news.it","@SpazioNewsMagazine","https:\/\/x.com\/@news_spazio"],"url":"http:\/\/spazio-news.it\/?author=1"}]}},"_links":{"self":[{"href":"http:\/\/spazio-news.it\/index.php?rest_route=\/wp\/v2\/posts\/6653","targetHints":{"allow":["GET"]}}],"collection":[{"href":"http:\/\/spazio-news.it\/index.php?rest_route=\/wp\/v2\/posts"}],"about":[{"href":"http:\/\/spazio-news.it\/index.php?rest_route=\/wp\/v2\/types\/post"}],"author":[{"embeddable":true,"href":"http:\/\/spazio-news.it\/index.php?rest_route=\/wp\/v2\/users\/1"}],"replies":[{"embeddable":true,"href":"http:\/\/spazio-news.it\/index.php?rest_route=%2Fwp%2Fv2%2Fcomments&post=6653"}],"version-history":[{"count":2,"href":"http:\/\/spazio-news.it\/index.php?rest_route=\/wp\/v2\/posts\/6653\/revisions"}],"predecessor-version":[{"id":6773,"href":"http:\/\/spazio-news.it\/index.php?rest_route=\/wp\/v2\/posts\/6653\/revisions\/6773"}],"wp:featuredmedia":[{"embeddable":true,"href":"http:\/\/spazio-news.it\/index.php?rest_route=\/wp\/v2\/media\/5671"}],"wp:attachment":[{"href":"http:\/\/spazio-news.it\/index.php?rest_route=%2Fwp%2Fv2%2Fmedia&parent=6653"}],"wp:term":[{"taxonomy":"category","embeddable":true,"href":"http:\/\/spazio-news.it\/index.php?rest_route=%2Fwp%2Fv2%2Fcategories&post=6653"},{"taxonomy":"post_tag","embeddable":true,"href":"http:\/\/spazio-news.it\/index.php?rest_route=%2Fwp%2Fv2%2Ftags&post=6653"}],"curies":[{"name":"wp","href":"https:\/\/api.w.org\/{rel}","templated":true}]}}