{"id":6699,"date":"2019-10-08T04:02:32","date_gmt":"2019-10-08T03:02:32","guid":{"rendered":"http:\/\/spazio-news.it\/?p=6699"},"modified":"2019-10-08T13:12:09","modified_gmt":"2019-10-08T12:12:09","slug":"sicurezza-nazionale-tofalo-in-audizione-alla-camera-sulla-cybersecurity","status":"publish","type":"post","link":"http:\/\/spazio-news.it\/?p=6699","title":{"rendered":"SICUREZZA CYBER NAZIONALE: TOFALO IN AUDIZIONE ALLA CAMERA"},"content":{"rendered":"<div dir=\"auto\">\n<div dir=\"auto\">&#8220;<i>La costruzione di un perimetro di sicurezza nazionale cibernetica \u00e8 un\u2019esigenza non pi\u00f9 procrastinabile per un Paese che vuole cogliere tutte le opportunit\u00e0 tecnologiche, senza dover rinunciare ad un livello di sicurezza adeguato<\/i>\u201d.\u00a0 Lo ha detto <b>Angelo Tofalo<\/b>, <a href=\"http:\/\/www.difesa.it\">Sottosegretario di Stato alla Difesa<\/a>, nel suo intervento alla <a href=\"http:\/\/www.camera.it\">Camera dei Deputati\u00a0<\/a>nell\u2019ambito all\u2019<b>esame del disegno di legge <\/b>recante \u201c<b>Disposizioni urgenti in materia di perimetro di sicurezza nazionale cibernetica<\/b>\u201d.<\/div>\n<div dir=\"auto\">\u201c<i>Questo decreto affronta finalmente in modo organico le connessioni che devono esserci tra i cittadini, le aziende e le pubbliche amministrazioni e le responsabilit\u00e0 che cadono su ognuno di essi. <\/i><i>Tutte le pubbliche amministrazioni, per garantire l\u2019operativit\u00e0 nell\u2019esercizio delle funzioni espletate, necessitano l\u2019integrit\u00e0 e la sicurezza delle proprie infrastrutture tecnologiche. In particolar modo, chi ha compiti estremamente delicati, deve garantire una strategia finalizzata alla continuit\u00e0 operativa.\u00a0In questo percorso il Ministero della Difesa gi\u00e0 collabora attivamente nell\u2019ambito della sicurezza nazionale cibernetica e, in ragione delle competenze e delle capacit\u00e0 sviluppate, contribuisce alle attivit\u00e0 nazionali promosse anche in seno al Nucleo per la Sicurezza Cibernetica\u00a0<\/i><i>&#8211; <\/i>ha evidenziato\u00a0<b>Tofalo -.\u00a0<\/b><i>Tale spinta all\u2019innovazione e alla collaborazione, nel pi\u00f9 ampio disegno di difesa nazionale, \u00e8 stata ribadita nella costruzione del Decreto Legge in esame che prevede, rispetto alle competenze elencate nel pi\u00f9 recente Piano Nazionale, l\u2019estensione delle capacit\u00e0 di verifica e validazione anche per le forniture dei beni e servizi dei sistemi valutati di rilievo in termini di sicurezza nazionale cibernetica, valorizzando e salvaguardando le competenze e le capacit\u00e0 delle nostre pregiate risorse umane\u201d.<\/i><\/div>\n<div dir=\"auto\">Per il <b>Sottosegretario<\/b>, \u201c<i>Dopo aver affrontato i cambiamenti dettati da GDPR, NIS e Golden power ci troviamo davanti ad una nuova e importante sfida. Allineare il livello d\u2019ambizione che questo percorso prevede alle risorse da mettere in campo sar\u00e0 un lavoro molto complesso e il Ministero della Difesa \u00e8 pronto a fare la sua parte. Gi\u00e0 in questi mesi abbiamo avviato un processo di riorganizzazione delle competenze e razionalizzazione delle risorse in ambito cibernetico, per trovarci pronti alla gestione delle minacce presenti nel quinto dominio\u201d.<\/i><\/div>\n<div dir=\"auto\"><strong>Tofalo<\/strong> si dice certo che <i>\u201cquesto processo verr\u00e0 gestito egregiamente dalla Presidenza del Consiglio attraverso il Dipartimento delle Informazioni per la Sicurezza (DIS), per dar voce a tutte le autorevoli istanze dei partecipanti\u201d <\/i>e ribadisce che \u201c<i>l\u2019Amministrazione Difesa vuole partecipare attivamente nel dare il proprio contributo alla scrittura dei decreti attuativi che delineeranno i parametri di valutazione del rischio e definiranno i tempi e le procedure per l\u2019adeguamento agli standard minimi di sicurezza<\/i>\u201d.<br dir=\"auto\" \/>Infine, conclude <b>Tofalo<\/b> \u201c<i>Resta chiaro che un aggravio dei compiti in capo alle proprie strutture e al proprio personale dovr\u00e0 essere sopperito da un rafforzamento delle risorse disponibili\u201d.<\/i><\/div>\n<\/div>\n<div dir=\"auto\"><\/div>\n","protected":false},"excerpt":{"rendered":"<p>&#8220;La costruzione di un perimetro di sicurezza nazionale cibernetica \u00e8 un\u2019esigenza non pi\u00f9 procrastinabile per un Paese che vuole cogliere<\/p>\n","protected":false},"author":1,"featured_media":0,"comment_status":"closed","ping_status":"open","sticky":false,"template":"","format":"standard","meta":{"colormag_page_container_layout":"default_layout","colormag_page_sidebar_layout":"default_layout","footnotes":""},"categories":[32,4],"tags":[478,279,1261,14,758,105,1402,616],"class_list":["post-6699","post","type-post","status-publish","format-standard","hentry","category-prima-pagina","category-istituzioni","tag-angelo-tofalo","tag-camera-dei-deputati","tag-cyber-security","tag-cybersecurity","tag-dipartimento-delle-informazioni-per-la-sicurezza-dis","tag-ministero-della-difesa","tag-sicurezza-nazionale","tag-sottosegretario-di-stato-alla-difesa"],"yoast_head":"<!-- This site is optimized with the Yoast SEO plugin v26.8 - https:\/\/yoast.com\/product\/yoast-seo-wordpress\/ -->\n<title>SICUREZZA CYBER NAZIONALE: TOFALO IN AUDIZIONE ALLA CAMERA &#187; Spazio-News Magazine<\/title>\n<meta name=\"description\" content=\"&quot;La costruzione di un perimetro di sicurezza nazionale cibernetica \u00e8 un\u2019esigenza non pi\u00f9 procrastinabile per un Paese&quot;. Lo ha detto Tofalo\" \/>\n<meta name=\"robots\" content=\"index, follow, max-snippet:-1, max-image-preview:large, max-video-preview:-1\" \/>\n<link rel=\"canonical\" href=\"http:\/\/spazio-news.it\/?p=6699\" \/>\n<meta property=\"og:locale\" content=\"it_IT\" \/>\n<meta property=\"og:type\" content=\"article\" \/>\n<meta property=\"og:title\" content=\"SICUREZZA CYBER NAZIONALE: TOFALO IN AUDIZIONE ALLA CAMERA &#187; Spazio-News Magazine\" \/>\n<meta property=\"og:description\" content=\"&quot;La costruzione di un perimetro di sicurezza nazionale cibernetica \u00e8 un\u2019esigenza non pi\u00f9 procrastinabile per un Paese&quot;. Lo ha detto Tofalo\" \/>\n<meta property=\"og:url\" content=\"http:\/\/spazio-news.it\/?p=6699\" \/>\n<meta property=\"og:site_name\" content=\"Spazio-News Magazine\" \/>\n<meta property=\"article:publisher\" content=\"https:\/\/m.facebook.com\/spazio-news-magazine\" \/>\n<meta property=\"article:author\" content=\"@SpazioNewsMagazine\" \/>\n<meta property=\"article:published_time\" content=\"2019-10-08T03:02:32+00:00\" \/>\n<meta property=\"article:modified_time\" content=\"2019-10-08T12:12:09+00:00\" \/>\n<meta property=\"og:image\" content=\"http:\/\/spazio-news.it\/wp-content\/uploads\/2023\/09\/Spazio-News-Magazine-Logo-IT-Senza-scritta.png\" \/>\n\t<meta property=\"og:image:width\" content=\"1280\" \/>\n\t<meta property=\"og:image:height\" content=\"720\" \/>\n\t<meta property=\"og:image:type\" content=\"image\/png\" \/>\n<meta name=\"author\" content=\"Redazione\" \/>\n<meta name=\"twitter:card\" content=\"summary_large_image\" \/>\n<meta name=\"twitter:creator\" content=\"@news_spazio\" \/>\n<meta name=\"twitter:site\" content=\"@News_spazio\" \/>\n<meta name=\"twitter:label1\" content=\"Scritto da\" \/>\n\t<meta name=\"twitter:data1\" content=\"Redazione\" \/>\n\t<meta name=\"twitter:label2\" content=\"Tempo di lettura stimato\" \/>\n\t<meta name=\"twitter:data2\" content=\"2 minuti\" \/>\n<script type=\"application\/ld+json\" class=\"yoast-schema-graph\">{\"@context\":\"https:\/\/schema.org\",\"@graph\":[{\"@type\":\"NewsArticle\",\"@id\":\"http:\/\/spazio-news.it\/?p=6699#article\",\"isPartOf\":{\"@id\":\"http:\/\/spazio-news.it\/?p=6699\"},\"author\":{\"name\":\"Redazione\",\"@id\":\"http:\/\/spazio-news.it\/#\/schema\/person\/c600904e882e9e166ed8e5e3773d37b3\"},\"headline\":\"SICUREZZA CYBER NAZIONALE: TOFALO IN AUDIZIONE ALLA CAMERA\",\"datePublished\":\"2019-10-08T03:02:32+00:00\",\"dateModified\":\"2019-10-08T12:12:09+00:00\",\"mainEntityOfPage\":{\"@id\":\"http:\/\/spazio-news.it\/?p=6699\"},\"wordCount\":452,\"publisher\":{\"@id\":\"http:\/\/spazio-news.it\/#organization\"},\"keywords\":[\"Angelo Tofalo\",\"Camera dei Deputati\",\"cyber security\",\"cybersecurity\",\"Dipartimento delle informazioni per la sicurezza - DIS\",\"Ministero della Difesa\",\"sicurezza nazionale\",\"Sottosegretario di Stato alla Difesa\"],\"articleSection\":[\"01 - PRIMA PAGINA\",\"03 - ISTITUZIONI\"],\"inLanguage\":\"it-IT\"},{\"@type\":\"WebPage\",\"@id\":\"http:\/\/spazio-news.it\/?p=6699\",\"url\":\"http:\/\/spazio-news.it\/?p=6699\",\"name\":\"SICUREZZA CYBER NAZIONALE: TOFALO IN AUDIZIONE ALLA CAMERA &#187; Spazio-News Magazine\",\"isPartOf\":{\"@id\":\"http:\/\/spazio-news.it\/#website\"},\"datePublished\":\"2019-10-08T03:02:32+00:00\",\"dateModified\":\"2019-10-08T12:12:09+00:00\",\"description\":\"\\\"La costruzione di un perimetro di sicurezza nazionale cibernetica \u00e8 un\u2019esigenza non pi\u00f9 procrastinabile per un Paese\\\". Lo ha detto Tofalo\",\"breadcrumb\":{\"@id\":\"http:\/\/spazio-news.it\/?p=6699#breadcrumb\"},\"inLanguage\":\"it-IT\",\"potentialAction\":[{\"@type\":\"ReadAction\",\"target\":[\"http:\/\/spazio-news.it\/?p=6699\"]}]},{\"@type\":\"BreadcrumbList\",\"@id\":\"http:\/\/spazio-news.it\/?p=6699#breadcrumb\",\"itemListElement\":[{\"@type\":\"ListItem\",\"position\":1,\"name\":\"Home\",\"item\":\"http:\/\/spazio-news.it\/\"},{\"@type\":\"ListItem\",\"position\":2,\"name\":\"SICUREZZA CYBER NAZIONALE: TOFALO IN AUDIZIONE ALLA CAMERA\"}]},{\"@type\":\"WebSite\",\"@id\":\"http:\/\/spazio-news.it\/#website\",\"url\":\"http:\/\/spazio-news.it\/\",\"name\":\"Spazio-News Magazine\",\"description\":\"La guida che sfida la complessit\u00e0 del mondo industriale\",\"publisher\":{\"@id\":\"http:\/\/spazio-news.it\/#organization\"},\"alternateName\":\"Spazio-news.it\",\"potentialAction\":[{\"@type\":\"SearchAction\",\"target\":{\"@type\":\"EntryPoint\",\"urlTemplate\":\"http:\/\/spazio-news.it\/?s={search_term_string}\"},\"query-input\":{\"@type\":\"PropertyValueSpecification\",\"valueRequired\":true,\"valueName\":\"search_term_string\"}}],\"inLanguage\":\"it-IT\"},{\"@type\":\"Organization\",\"@id\":\"http:\/\/spazio-news.it\/#organization\",\"name\":\"Spazio-News Magazine\",\"url\":\"http:\/\/spazio-news.it\/\",\"logo\":{\"@type\":\"ImageObject\",\"inLanguage\":\"it-IT\",\"@id\":\"http:\/\/spazio-news.it\/#\/schema\/logo\/image\/\",\"url\":\"http:\/\/spazio-news.it\/wp-content\/uploads\/2023\/09\/Logo-Spazio-News-512-x-512-NO-testo.jpg\",\"contentUrl\":\"http:\/\/spazio-news.it\/wp-content\/uploads\/2023\/09\/Logo-Spazio-News-512-x-512-NO-testo.jpg\",\"width\":512,\"height\":512,\"caption\":\"Spazio-News Magazine\"},\"image\":{\"@id\":\"http:\/\/spazio-news.it\/#\/schema\/logo\/image\/\"},\"sameAs\":[\"https:\/\/m.facebook.com\/spazio-news-magazine\",\"https:\/\/x.com\/News_spazio\"]},{\"@type\":\"Person\",\"@id\":\"http:\/\/spazio-news.it\/#\/schema\/person\/c600904e882e9e166ed8e5e3773d37b3\",\"name\":\"Redazione\",\"sameAs\":[\"http:\/\/spazio-news.it\",\"@SpazioNewsMagazine\",\"https:\/\/x.com\/@news_spazio\"],\"url\":\"http:\/\/spazio-news.it\/?author=1\"}]}<\/script>\n<!-- \/ Yoast SEO plugin. -->","yoast_head_json":{"title":"SICUREZZA CYBER NAZIONALE: TOFALO IN AUDIZIONE ALLA CAMERA &#187; Spazio-News Magazine","description":"\"La costruzione di un perimetro di sicurezza nazionale cibernetica \u00e8 un\u2019esigenza non pi\u00f9 procrastinabile per un Paese\". Lo ha detto Tofalo","robots":{"index":"index","follow":"follow","max-snippet":"max-snippet:-1","max-image-preview":"max-image-preview:large","max-video-preview":"max-video-preview:-1"},"canonical":"http:\/\/spazio-news.it\/?p=6699","og_locale":"it_IT","og_type":"article","og_title":"SICUREZZA CYBER NAZIONALE: TOFALO IN AUDIZIONE ALLA CAMERA &#187; Spazio-News Magazine","og_description":"\"La costruzione di un perimetro di sicurezza nazionale cibernetica \u00e8 un\u2019esigenza non pi\u00f9 procrastinabile per un Paese\". Lo ha detto Tofalo","og_url":"http:\/\/spazio-news.it\/?p=6699","og_site_name":"Spazio-News Magazine","article_publisher":"https:\/\/m.facebook.com\/spazio-news-magazine","article_author":"@SpazioNewsMagazine","article_published_time":"2019-10-08T03:02:32+00:00","article_modified_time":"2019-10-08T12:12:09+00:00","og_image":[{"width":1280,"height":720,"url":"http:\/\/spazio-news.it\/wp-content\/uploads\/2023\/09\/Spazio-News-Magazine-Logo-IT-Senza-scritta.png","type":"image\/png"}],"author":"Redazione","twitter_card":"summary_large_image","twitter_creator":"@news_spazio","twitter_site":"@News_spazio","twitter_misc":{"Scritto da":"Redazione","Tempo di lettura stimato":"2 minuti"},"schema":{"@context":"https:\/\/schema.org","@graph":[{"@type":"NewsArticle","@id":"http:\/\/spazio-news.it\/?p=6699#article","isPartOf":{"@id":"http:\/\/spazio-news.it\/?p=6699"},"author":{"name":"Redazione","@id":"http:\/\/spazio-news.it\/#\/schema\/person\/c600904e882e9e166ed8e5e3773d37b3"},"headline":"SICUREZZA CYBER NAZIONALE: TOFALO IN AUDIZIONE ALLA CAMERA","datePublished":"2019-10-08T03:02:32+00:00","dateModified":"2019-10-08T12:12:09+00:00","mainEntityOfPage":{"@id":"http:\/\/spazio-news.it\/?p=6699"},"wordCount":452,"publisher":{"@id":"http:\/\/spazio-news.it\/#organization"},"keywords":["Angelo Tofalo","Camera dei Deputati","cyber security","cybersecurity","Dipartimento delle informazioni per la sicurezza - DIS","Ministero della Difesa","sicurezza nazionale","Sottosegretario di Stato alla Difesa"],"articleSection":["01 - PRIMA PAGINA","03 - ISTITUZIONI"],"inLanguage":"it-IT"},{"@type":"WebPage","@id":"http:\/\/spazio-news.it\/?p=6699","url":"http:\/\/spazio-news.it\/?p=6699","name":"SICUREZZA CYBER NAZIONALE: TOFALO IN AUDIZIONE ALLA CAMERA &#187; Spazio-News Magazine","isPartOf":{"@id":"http:\/\/spazio-news.it\/#website"},"datePublished":"2019-10-08T03:02:32+00:00","dateModified":"2019-10-08T12:12:09+00:00","description":"\"La costruzione di un perimetro di sicurezza nazionale cibernetica \u00e8 un\u2019esigenza non pi\u00f9 procrastinabile per un Paese\". Lo ha detto Tofalo","breadcrumb":{"@id":"http:\/\/spazio-news.it\/?p=6699#breadcrumb"},"inLanguage":"it-IT","potentialAction":[{"@type":"ReadAction","target":["http:\/\/spazio-news.it\/?p=6699"]}]},{"@type":"BreadcrumbList","@id":"http:\/\/spazio-news.it\/?p=6699#breadcrumb","itemListElement":[{"@type":"ListItem","position":1,"name":"Home","item":"http:\/\/spazio-news.it\/"},{"@type":"ListItem","position":2,"name":"SICUREZZA CYBER NAZIONALE: TOFALO IN AUDIZIONE ALLA CAMERA"}]},{"@type":"WebSite","@id":"http:\/\/spazio-news.it\/#website","url":"http:\/\/spazio-news.it\/","name":"Spazio-News Magazine","description":"La guida che sfida la complessit\u00e0 del mondo industriale","publisher":{"@id":"http:\/\/spazio-news.it\/#organization"},"alternateName":"Spazio-news.it","potentialAction":[{"@type":"SearchAction","target":{"@type":"EntryPoint","urlTemplate":"http:\/\/spazio-news.it\/?s={search_term_string}"},"query-input":{"@type":"PropertyValueSpecification","valueRequired":true,"valueName":"search_term_string"}}],"inLanguage":"it-IT"},{"@type":"Organization","@id":"http:\/\/spazio-news.it\/#organization","name":"Spazio-News Magazine","url":"http:\/\/spazio-news.it\/","logo":{"@type":"ImageObject","inLanguage":"it-IT","@id":"http:\/\/spazio-news.it\/#\/schema\/logo\/image\/","url":"http:\/\/spazio-news.it\/wp-content\/uploads\/2023\/09\/Logo-Spazio-News-512-x-512-NO-testo.jpg","contentUrl":"http:\/\/spazio-news.it\/wp-content\/uploads\/2023\/09\/Logo-Spazio-News-512-x-512-NO-testo.jpg","width":512,"height":512,"caption":"Spazio-News Magazine"},"image":{"@id":"http:\/\/spazio-news.it\/#\/schema\/logo\/image\/"},"sameAs":["https:\/\/m.facebook.com\/spazio-news-magazine","https:\/\/x.com\/News_spazio"]},{"@type":"Person","@id":"http:\/\/spazio-news.it\/#\/schema\/person\/c600904e882e9e166ed8e5e3773d37b3","name":"Redazione","sameAs":["http:\/\/spazio-news.it","@SpazioNewsMagazine","https:\/\/x.com\/@news_spazio"],"url":"http:\/\/spazio-news.it\/?author=1"}]}},"_links":{"self":[{"href":"http:\/\/spazio-news.it\/index.php?rest_route=\/wp\/v2\/posts\/6699","targetHints":{"allow":["GET"]}}],"collection":[{"href":"http:\/\/spazio-news.it\/index.php?rest_route=\/wp\/v2\/posts"}],"about":[{"href":"http:\/\/spazio-news.it\/index.php?rest_route=\/wp\/v2\/types\/post"}],"author":[{"embeddable":true,"href":"http:\/\/spazio-news.it\/index.php?rest_route=\/wp\/v2\/users\/1"}],"replies":[{"embeddable":true,"href":"http:\/\/spazio-news.it\/index.php?rest_route=%2Fwp%2Fv2%2Fcomments&post=6699"}],"version-history":[{"count":3,"href":"http:\/\/spazio-news.it\/index.php?rest_route=\/wp\/v2\/posts\/6699\/revisions"}],"predecessor-version":[{"id":6703,"href":"http:\/\/spazio-news.it\/index.php?rest_route=\/wp\/v2\/posts\/6699\/revisions\/6703"}],"wp:attachment":[{"href":"http:\/\/spazio-news.it\/index.php?rest_route=%2Fwp%2Fv2%2Fmedia&parent=6699"}],"wp:term":[{"taxonomy":"category","embeddable":true,"href":"http:\/\/spazio-news.it\/index.php?rest_route=%2Fwp%2Fv2%2Fcategories&post=6699"},{"taxonomy":"post_tag","embeddable":true,"href":"http:\/\/spazio-news.it\/index.php?rest_route=%2Fwp%2Fv2%2Ftags&post=6699"}],"curies":[{"name":"wp","href":"https:\/\/api.w.org\/{rel}","templated":true}]}}