{"id":6821,"date":"2019-10-28T01:24:53","date_gmt":"2019-10-28T00:24:53","guid":{"rendered":"http:\/\/spazio-news.it\/?p=6821"},"modified":"2019-10-25T15:06:11","modified_gmt":"2019-10-25T14:06:11","slug":"am-comando-delle-forze-da-combattimento-vestito-e-il-nuovo-comandante","status":"publish","type":"post","link":"http:\/\/spazio-news.it\/?p=6821","title":{"rendered":"AM, COMANDO DELLE FORZE DA COMBATTIMENTO: VESTITO \u00c8 IL NUOVO COMANDANTE"},"content":{"rendered":"<p>Lo scorso 16 ottobre si \u00e8 svolta, presso la <a href=\"http:\/\/www.aeronautica.difesa.it\/\">1^ Regione Aerea di Milano<\/a>, la cerimonia di passaggio di consegne tra il Generale<strong> Silvano Frigerio<\/strong> e il Comandante subentrante<strong>, <\/strong>il Generale di Divisione Aerea<strong> Francesco Vestito.<\/strong><\/p>\n<p>Alla cerimonia, presieduta dal <a href=\"http:\/\/www.aeronautica.difesa.it\/\">Comandante della Squadra Aerea, Generale di Squadra Aerea Gianni Candotti<\/a>, hanno partecipato autorit\u00e0 civili, militari e cittadine, nonch\u00e9 rappresentanti&nbsp;degli Enti e Reparti del presidio aeronautico di Milano ed i Comandanti di tutti i <strong>Reparti Operativi <\/strong>periferici dipendenti dal <strong>Comando delle Forze da Combattimento &#8211; CFC<\/strong>, accompagnati dai rispettivi Presidenti dei Sottufficiali.<\/p>\n<p>Il Generale Frigerio, nel discorso, rivolgendo un indirizzo di saluto ai partecipanti, ha dapprima rivolto<em>&#8220;\u2026un deferente pensiero alle Bandiere di Guerra dei Reparti del CFC ed alle migliaia di colleghi che hanno servito con onore e fermezza la Forza Armata ed il Paese\u2026&#8221;<\/em> ed ha, successivamente, indirizzato un &#8220;<em>sentito apprezzamento al personale del Comando delle Forze da Combattimento che per pi\u00f9 di mille giorni ho avuto il privilegio di comandare e che ha operato ovunque con passione, etica e competenza, sempre senza indugio e senza sosta. Mi avete saputo supportare e consigliare come solo dei veri e leali professionisti sanno fare, <\/em><strong><em>lavorare con voi \u00e8 stato un privilegio<\/em><\/strong><em>&#8220;.<\/em><\/p>\n<p>Continuando il suo pensiero, <strong>Frigerio<\/strong> ha poi evidenziato come nell&#8217;ultimo triennio il <strong>CFC<\/strong> abbia messo a disposizione della <strong>Forza Armata<\/strong> e del Paese una vasta gamma di solide capacit\u00e0 operative di assoluta ed irrinunciabile valenza, riferendosi, in particolare, alle capacit\u00e0 peculiari del <strong>Combat Air Power<\/strong>, in termini di <strong>information superiority<\/strong>, <strong>strategic<\/strong> <strong>awareness<\/strong> ed <strong>ingaggio di precisione<\/strong>, prontamente esprimibili e proiettabili in tutti i <strong>Teatri Operativi<\/strong> in cui lo <strong>Strumento Militare<\/strong> nazionale \u00e8 o potrebbe essere impiegato. &#8220;\u2026&nbsp;<em>Ci\u00f2 grazie al coerente bilanciamento di quattro fattori che \u2013 all&#8217;atto del mio insediamento \u2013 avevo indicato fondamentali per lo scopo: <\/em><strong><em>l&#8217;addestramento<\/em><\/strong><em> degli equipaggi e di tutto il personale operativo, <\/em><strong><em>la Sicurezza del Volo<\/em><\/strong><em>, da considerarsi un enabler e non certo un elemento limitante, <\/em><strong><em>l&#8217;adeguato manning delle unit\u00e0<\/em><\/strong><em><strong> e <\/strong><\/em><strong><em>l&#8217;efficienza di linea,<\/em><\/strong><em> atta a garantire la massima disponibilit\u00e0 dei sistemi d&#8217;arma<\/em>. <em>I risultati conseguiti dai reparti del CFC &#8211; in Italia ed all&#8217;estero, in ogni contesto addestrativo ed operativo &#8211;&nbsp; costituiscono una tangibile indicazione di un giusto mix di questi fattori, oltre che dell&#8217;impegno costantemente prodotto, dell&#8217;elevatissima professionalit\u00e0 del personale e della qualit\u00e0 dei sistemi d&#8217;arma disponibili. In percentuale, l&#8217;attivit\u00e0 di volo operativa \u00e8 cresciuta di oltre il 65%, mentre quella per esercitazioni \u00e8 quasi triplicata&#8230;&#8221;<\/em><\/p>\n<p>Ha preso poi la parola il <strong>Comandante subentrante<\/strong>, <strong>Vestito<\/strong>, che ha espresso la propria gratitudine alle SS.AA. di Forza Armata per avergli affidato la guida del <strong>Comando delle Forze da Combattimento <\/strong>sottolineando come &#8220;\u2026&nbsp;<em>Disponibilit\u00e0 e disciplina sono parametri indiscussi e, come tali, saranno richieste a tutto il personale del CFC, che ha gi\u00e0 dimostrato di saper ben operare. Reputo che, in questo momento cos\u00ec critico per le risorse disponibili, dobbiamo coltivare la creativit\u00e0 dell&#8217;essere umano, dei dipendenti, perch\u00e9 con le proprie capacit\u00e0, l&#8217;inventiva, l&#8217;operare in gruppo, possa dare quello sviluppo che ci permette di individuare soluzioni al di l\u00e0 delle cose.&#8221;<\/em><\/p>\n<p>Con queste parole, infine, rivolgendosi ai <strong>Comandanti di Stormo<\/strong> dipendenti ha detto: <em>&#8220;\u2026 siate informativi informando, comunicativi comunicando, orgoglio della Nazione\u2026&#8221;<\/em>, mentre rivolgendosi al <strong>personale del CFC<\/strong> ha aggiunto &#8220;<em>\u2026 procediamo a tutto gas. Cercate nella vostra soddisfazione personale il vero carburante per l&#8217;efficienza del sistema professionale militare: buon lavoro!&#8221;<\/em><\/p>\n<p>La cerimonia si \u00e8 conclusa con l&#8217;intervento del <strong>Generale Candotti<\/strong> il quale, oltre a ringraziare il Generale Frigerio per il lavoro svolto, ha evidenziato che &#8220;\u2026&nbsp;<em>essere comandanti, ovvero essere leader, significa accettare responsabilit\u00e0 in vista di un obiettivo da raggiungere ma anche sviluppare dedizione ed attenzione verso il personale.<\/em> <em>Promuovete dinamiche di reciproca fiducia, siate umili, siate curiosi, date l&#8217;esempio ed usate i poteri che vi sono conferiti responsabilmente sempre guardando all&#8217;interesse della sicurezza dei cieli italiani\u2026&#8221;<\/em><\/p>\n","protected":false},"excerpt":{"rendered":"<p>Lo scorso 16 ottobre si \u00e8 svolta, presso la 1^ Regione Aerea di Milano, la cerimonia di passaggio di consegne<\/p>\n","protected":false},"author":1,"featured_media":6822,"comment_status":"closed","ping_status":"open","sticky":false,"template":"","format":"standard","meta":{"colormag_page_container_layout":"default_layout","colormag_page_sidebar_layout":"default_layout","footnotes":""},"categories":[32,4],"tags":[3658,54,3657,3661,3660,3659],"class_list":["post-6821","post","type-post","status-publish","format-standard","has-post-thumbnail","hentry","category-prima-pagina","category-istituzioni","tag-1-regione-aerea-di-milano","tag-aeronautica-militare-italiana","tag-comando-delle-forze-da-combattimento-cfc","tag-combat-air-power","tag-generale-francesco-vestito","tag-generale-silvano-frigerio"],"yoast_head":"<!-- This site is optimized with the Yoast SEO plugin v26.8 - https:\/\/yoast.com\/product\/yoast-seo-wordpress\/ -->\n<title>AM, COMANDO DELLE FORZE DA COMBATTIMENTO: VESTITO \u00c8 IL NUOVO COMANDANTE &#187; Spazio-News Magazine<\/title>\n<meta name=\"description\" content=\"Si \u00e8 svolta, presso la 1^ Regione Aerea di Milano, la cerimonia di passaggio di consegne tra Frigerio e il Comandante subentrante Vestito\" \/>\n<meta name=\"robots\" content=\"index, follow, max-snippet:-1, max-image-preview:large, max-video-preview:-1\" \/>\n<link rel=\"canonical\" href=\"http:\/\/spazio-news.it\/?p=6821\" \/>\n<meta property=\"og:locale\" content=\"it_IT\" \/>\n<meta property=\"og:type\" content=\"article\" \/>\n<meta property=\"og:title\" content=\"AM, COMANDO DELLE FORZE DA COMBATTIMENTO: VESTITO \u00c8 IL NUOVO COMANDANTE &#187; Spazio-News Magazine\" \/>\n<meta property=\"og:description\" content=\"Si \u00e8 svolta, presso la 1^ Regione Aerea di Milano, la cerimonia di passaggio di consegne tra Frigerio e il Comandante subentrante Vestito\" \/>\n<meta property=\"og:url\" content=\"http:\/\/spazio-news.it\/?p=6821\" \/>\n<meta property=\"og:site_name\" content=\"Spazio-News Magazine\" \/>\n<meta property=\"article:publisher\" content=\"https:\/\/m.facebook.com\/spazio-news-magazine\" \/>\n<meta property=\"article:author\" content=\"@SpazioNewsMagazine\" \/>\n<meta property=\"article:published_time\" content=\"2019-10-28T00:24:53+00:00\" \/>\n<meta property=\"og:image\" content=\"http:\/\/spazio-news.it\/wp-content\/uploads\/2019\/10\/Aeronautica-Militare-1-Regione-Aerea-di-Milano-Generale-di-Divisione-Aerea-Francesco-Vestito.jpg\" \/>\n\t<meta property=\"og:image:width\" content=\"800\" \/>\n\t<meta property=\"og:image:height\" content=\"446\" \/>\n\t<meta property=\"og:image:type\" content=\"image\/jpeg\" \/>\n<meta name=\"author\" content=\"Redazione\" \/>\n<meta name=\"twitter:card\" content=\"summary_large_image\" \/>\n<meta name=\"twitter:creator\" content=\"@news_spazio\" \/>\n<meta name=\"twitter:site\" content=\"@News_spazio\" \/>\n<meta name=\"twitter:label1\" content=\"Scritto da\" \/>\n\t<meta name=\"twitter:data1\" content=\"Redazione\" \/>\n\t<meta name=\"twitter:label2\" content=\"Tempo di lettura stimato\" \/>\n\t<meta name=\"twitter:data2\" content=\"3 minuti\" \/>\n<script type=\"application\/ld+json\" class=\"yoast-schema-graph\">{\"@context\":\"https:\/\/schema.org\",\"@graph\":[{\"@type\":\"NewsArticle\",\"@id\":\"http:\/\/spazio-news.it\/?p=6821#article\",\"isPartOf\":{\"@id\":\"http:\/\/spazio-news.it\/?p=6821\"},\"author\":{\"name\":\"Redazione\",\"@id\":\"http:\/\/spazio-news.it\/#\/schema\/person\/c600904e882e9e166ed8e5e3773d37b3\"},\"headline\":\"AM, COMANDO DELLE FORZE DA COMBATTIMENTO: VESTITO \u00c8 IL NUOVO COMANDANTE\",\"datePublished\":\"2019-10-28T00:24:53+00:00\",\"mainEntityOfPage\":{\"@id\":\"http:\/\/spazio-news.it\/?p=6821\"},\"wordCount\":652,\"publisher\":{\"@id\":\"http:\/\/spazio-news.it\/#organization\"},\"image\":{\"@id\":\"http:\/\/spazio-news.it\/?p=6821#primaryimage\"},\"thumbnailUrl\":\"http:\/\/spazio-news.it\/wp-content\/uploads\/2019\/10\/Aeronautica-Militare-1^-Regione-Aerea-di-Milano-Generale-di-Divisione-Aerea-Francesco-Vestito.jpg\",\"keywords\":[\"1^ Regione Aerea di Milano\",\"Aeronautica Militare Italiana\",\"Comando delle Forze da Combattimento - CFC\",\"Combat Air Power\",\"Generale Francesco Vestito\",\"Generale Silvano Frigerio\"],\"articleSection\":[\"01 - PRIMA PAGINA\",\"03 - ISTITUZIONI\"],\"inLanguage\":\"it-IT\"},{\"@type\":\"WebPage\",\"@id\":\"http:\/\/spazio-news.it\/?p=6821\",\"url\":\"http:\/\/spazio-news.it\/?p=6821\",\"name\":\"AM, COMANDO DELLE FORZE DA COMBATTIMENTO: VESTITO \u00c8 IL NUOVO COMANDANTE &#187; Spazio-News Magazine\",\"isPartOf\":{\"@id\":\"http:\/\/spazio-news.it\/#website\"},\"primaryImageOfPage\":{\"@id\":\"http:\/\/spazio-news.it\/?p=6821#primaryimage\"},\"image\":{\"@id\":\"http:\/\/spazio-news.it\/?p=6821#primaryimage\"},\"thumbnailUrl\":\"http:\/\/spazio-news.it\/wp-content\/uploads\/2019\/10\/Aeronautica-Militare-1^-Regione-Aerea-di-Milano-Generale-di-Divisione-Aerea-Francesco-Vestito.jpg\",\"datePublished\":\"2019-10-28T00:24:53+00:00\",\"description\":\"Si \u00e8 svolta, presso la 1^ Regione Aerea di Milano, la cerimonia di passaggio di consegne tra Frigerio e il Comandante subentrante Vestito\",\"breadcrumb\":{\"@id\":\"http:\/\/spazio-news.it\/?p=6821#breadcrumb\"},\"inLanguage\":\"it-IT\",\"potentialAction\":[{\"@type\":\"ReadAction\",\"target\":[\"http:\/\/spazio-news.it\/?p=6821\"]}]},{\"@type\":\"ImageObject\",\"inLanguage\":\"it-IT\",\"@id\":\"http:\/\/spazio-news.it\/?p=6821#primaryimage\",\"url\":\"http:\/\/spazio-news.it\/wp-content\/uploads\/2019\/10\/Aeronautica-Militare-1^-Regione-Aerea-di-Milano-Generale-di-Divisione-Aerea-Francesco-Vestito.jpg\",\"contentUrl\":\"http:\/\/spazio-news.it\/wp-content\/uploads\/2019\/10\/Aeronautica-Militare-1^-Regione-Aerea-di-Milano-Generale-di-Divisione-Aerea-Francesco-Vestito.jpg\",\"width\":800,\"height\":446,\"caption\":\"Aeronautica Militare 1^ Regione Aerea di Milano Generale di Divisione Aerea Francesco Vestito\"},{\"@type\":\"BreadcrumbList\",\"@id\":\"http:\/\/spazio-news.it\/?p=6821#breadcrumb\",\"itemListElement\":[{\"@type\":\"ListItem\",\"position\":1,\"name\":\"Home\",\"item\":\"http:\/\/spazio-news.it\/\"},{\"@type\":\"ListItem\",\"position\":2,\"name\":\"AM, COMANDO DELLE FORZE DA COMBATTIMENTO: VESTITO \u00c8 IL NUOVO COMANDANTE\"}]},{\"@type\":\"WebSite\",\"@id\":\"http:\/\/spazio-news.it\/#website\",\"url\":\"http:\/\/spazio-news.it\/\",\"name\":\"Spazio-News Magazine\",\"description\":\"La guida che sfida la complessit\u00e0 del mondo industriale\",\"publisher\":{\"@id\":\"http:\/\/spazio-news.it\/#organization\"},\"alternateName\":\"Spazio-news.it\",\"potentialAction\":[{\"@type\":\"SearchAction\",\"target\":{\"@type\":\"EntryPoint\",\"urlTemplate\":\"http:\/\/spazio-news.it\/?s={search_term_string}\"},\"query-input\":{\"@type\":\"PropertyValueSpecification\",\"valueRequired\":true,\"valueName\":\"search_term_string\"}}],\"inLanguage\":\"it-IT\"},{\"@type\":\"Organization\",\"@id\":\"http:\/\/spazio-news.it\/#organization\",\"name\":\"Spazio-News Magazine\",\"url\":\"http:\/\/spazio-news.it\/\",\"logo\":{\"@type\":\"ImageObject\",\"inLanguage\":\"it-IT\",\"@id\":\"http:\/\/spazio-news.it\/#\/schema\/logo\/image\/\",\"url\":\"http:\/\/spazio-news.it\/wp-content\/uploads\/2023\/09\/Logo-Spazio-News-512-x-512-NO-testo.jpg\",\"contentUrl\":\"http:\/\/spazio-news.it\/wp-content\/uploads\/2023\/09\/Logo-Spazio-News-512-x-512-NO-testo.jpg\",\"width\":512,\"height\":512,\"caption\":\"Spazio-News Magazine\"},\"image\":{\"@id\":\"http:\/\/spazio-news.it\/#\/schema\/logo\/image\/\"},\"sameAs\":[\"https:\/\/m.facebook.com\/spazio-news-magazine\",\"https:\/\/x.com\/News_spazio\"]},{\"@type\":\"Person\",\"@id\":\"http:\/\/spazio-news.it\/#\/schema\/person\/c600904e882e9e166ed8e5e3773d37b3\",\"name\":\"Redazione\",\"sameAs\":[\"http:\/\/spazio-news.it\",\"@SpazioNewsMagazine\",\"https:\/\/x.com\/@news_spazio\"],\"url\":\"http:\/\/spazio-news.it\/?author=1\"}]}<\/script>\n<!-- \/ Yoast SEO plugin. -->","yoast_head_json":{"title":"AM, COMANDO DELLE FORZE DA COMBATTIMENTO: VESTITO \u00c8 IL NUOVO COMANDANTE &#187; Spazio-News Magazine","description":"Si \u00e8 svolta, presso la 1^ Regione Aerea di Milano, la cerimonia di passaggio di consegne tra Frigerio e il Comandante subentrante Vestito","robots":{"index":"index","follow":"follow","max-snippet":"max-snippet:-1","max-image-preview":"max-image-preview:large","max-video-preview":"max-video-preview:-1"},"canonical":"http:\/\/spazio-news.it\/?p=6821","og_locale":"it_IT","og_type":"article","og_title":"AM, COMANDO DELLE FORZE DA COMBATTIMENTO: VESTITO \u00c8 IL NUOVO COMANDANTE &#187; Spazio-News Magazine","og_description":"Si \u00e8 svolta, presso la 1^ Regione Aerea di Milano, la cerimonia di passaggio di consegne tra Frigerio e il Comandante subentrante Vestito","og_url":"http:\/\/spazio-news.it\/?p=6821","og_site_name":"Spazio-News Magazine","article_publisher":"https:\/\/m.facebook.com\/spazio-news-magazine","article_author":"@SpazioNewsMagazine","article_published_time":"2019-10-28T00:24:53+00:00","og_image":[{"width":800,"height":446,"url":"http:\/\/spazio-news.it\/wp-content\/uploads\/2019\/10\/Aeronautica-Militare-1^-Regione-Aerea-di-Milano-Generale-di-Divisione-Aerea-Francesco-Vestito.jpg","type":"image\/jpeg"}],"author":"Redazione","twitter_card":"summary_large_image","twitter_creator":"@news_spazio","twitter_site":"@News_spazio","twitter_misc":{"Scritto da":"Redazione","Tempo di lettura stimato":"3 minuti"},"schema":{"@context":"https:\/\/schema.org","@graph":[{"@type":"NewsArticle","@id":"http:\/\/spazio-news.it\/?p=6821#article","isPartOf":{"@id":"http:\/\/spazio-news.it\/?p=6821"},"author":{"name":"Redazione","@id":"http:\/\/spazio-news.it\/#\/schema\/person\/c600904e882e9e166ed8e5e3773d37b3"},"headline":"AM, COMANDO DELLE FORZE DA COMBATTIMENTO: VESTITO \u00c8 IL NUOVO COMANDANTE","datePublished":"2019-10-28T00:24:53+00:00","mainEntityOfPage":{"@id":"http:\/\/spazio-news.it\/?p=6821"},"wordCount":652,"publisher":{"@id":"http:\/\/spazio-news.it\/#organization"},"image":{"@id":"http:\/\/spazio-news.it\/?p=6821#primaryimage"},"thumbnailUrl":"http:\/\/spazio-news.it\/wp-content\/uploads\/2019\/10\/Aeronautica-Militare-1^-Regione-Aerea-di-Milano-Generale-di-Divisione-Aerea-Francesco-Vestito.jpg","keywords":["1^ Regione Aerea di Milano","Aeronautica Militare Italiana","Comando delle Forze da Combattimento - CFC","Combat Air Power","Generale Francesco Vestito","Generale Silvano Frigerio"],"articleSection":["01 - PRIMA PAGINA","03 - ISTITUZIONI"],"inLanguage":"it-IT"},{"@type":"WebPage","@id":"http:\/\/spazio-news.it\/?p=6821","url":"http:\/\/spazio-news.it\/?p=6821","name":"AM, COMANDO DELLE FORZE DA COMBATTIMENTO: VESTITO \u00c8 IL NUOVO COMANDANTE &#187; Spazio-News Magazine","isPartOf":{"@id":"http:\/\/spazio-news.it\/#website"},"primaryImageOfPage":{"@id":"http:\/\/spazio-news.it\/?p=6821#primaryimage"},"image":{"@id":"http:\/\/spazio-news.it\/?p=6821#primaryimage"},"thumbnailUrl":"http:\/\/spazio-news.it\/wp-content\/uploads\/2019\/10\/Aeronautica-Militare-1^-Regione-Aerea-di-Milano-Generale-di-Divisione-Aerea-Francesco-Vestito.jpg","datePublished":"2019-10-28T00:24:53+00:00","description":"Si \u00e8 svolta, presso la 1^ Regione Aerea di Milano, la cerimonia di passaggio di consegne tra Frigerio e il Comandante subentrante Vestito","breadcrumb":{"@id":"http:\/\/spazio-news.it\/?p=6821#breadcrumb"},"inLanguage":"it-IT","potentialAction":[{"@type":"ReadAction","target":["http:\/\/spazio-news.it\/?p=6821"]}]},{"@type":"ImageObject","inLanguage":"it-IT","@id":"http:\/\/spazio-news.it\/?p=6821#primaryimage","url":"http:\/\/spazio-news.it\/wp-content\/uploads\/2019\/10\/Aeronautica-Militare-1^-Regione-Aerea-di-Milano-Generale-di-Divisione-Aerea-Francesco-Vestito.jpg","contentUrl":"http:\/\/spazio-news.it\/wp-content\/uploads\/2019\/10\/Aeronautica-Militare-1^-Regione-Aerea-di-Milano-Generale-di-Divisione-Aerea-Francesco-Vestito.jpg","width":800,"height":446,"caption":"Aeronautica Militare 1^ Regione Aerea di Milano Generale di Divisione Aerea Francesco Vestito"},{"@type":"BreadcrumbList","@id":"http:\/\/spazio-news.it\/?p=6821#breadcrumb","itemListElement":[{"@type":"ListItem","position":1,"name":"Home","item":"http:\/\/spazio-news.it\/"},{"@type":"ListItem","position":2,"name":"AM, COMANDO DELLE FORZE DA COMBATTIMENTO: VESTITO \u00c8 IL NUOVO COMANDANTE"}]},{"@type":"WebSite","@id":"http:\/\/spazio-news.it\/#website","url":"http:\/\/spazio-news.it\/","name":"Spazio-News Magazine","description":"La guida che sfida la complessit\u00e0 del mondo industriale","publisher":{"@id":"http:\/\/spazio-news.it\/#organization"},"alternateName":"Spazio-news.it","potentialAction":[{"@type":"SearchAction","target":{"@type":"EntryPoint","urlTemplate":"http:\/\/spazio-news.it\/?s={search_term_string}"},"query-input":{"@type":"PropertyValueSpecification","valueRequired":true,"valueName":"search_term_string"}}],"inLanguage":"it-IT"},{"@type":"Organization","@id":"http:\/\/spazio-news.it\/#organization","name":"Spazio-News Magazine","url":"http:\/\/spazio-news.it\/","logo":{"@type":"ImageObject","inLanguage":"it-IT","@id":"http:\/\/spazio-news.it\/#\/schema\/logo\/image\/","url":"http:\/\/spazio-news.it\/wp-content\/uploads\/2023\/09\/Logo-Spazio-News-512-x-512-NO-testo.jpg","contentUrl":"http:\/\/spazio-news.it\/wp-content\/uploads\/2023\/09\/Logo-Spazio-News-512-x-512-NO-testo.jpg","width":512,"height":512,"caption":"Spazio-News Magazine"},"image":{"@id":"http:\/\/spazio-news.it\/#\/schema\/logo\/image\/"},"sameAs":["https:\/\/m.facebook.com\/spazio-news-magazine","https:\/\/x.com\/News_spazio"]},{"@type":"Person","@id":"http:\/\/spazio-news.it\/#\/schema\/person\/c600904e882e9e166ed8e5e3773d37b3","name":"Redazione","sameAs":["http:\/\/spazio-news.it","@SpazioNewsMagazine","https:\/\/x.com\/@news_spazio"],"url":"http:\/\/spazio-news.it\/?author=1"}]}},"_links":{"self":[{"href":"http:\/\/spazio-news.it\/index.php?rest_route=\/wp\/v2\/posts\/6821","targetHints":{"allow":["GET"]}}],"collection":[{"href":"http:\/\/spazio-news.it\/index.php?rest_route=\/wp\/v2\/posts"}],"about":[{"href":"http:\/\/spazio-news.it\/index.php?rest_route=\/wp\/v2\/types\/post"}],"author":[{"embeddable":true,"href":"http:\/\/spazio-news.it\/index.php?rest_route=\/wp\/v2\/users\/1"}],"replies":[{"embeddable":true,"href":"http:\/\/spazio-news.it\/index.php?rest_route=%2Fwp%2Fv2%2Fcomments&post=6821"}],"version-history":[{"count":2,"href":"http:\/\/spazio-news.it\/index.php?rest_route=\/wp\/v2\/posts\/6821\/revisions"}],"predecessor-version":[{"id":6826,"href":"http:\/\/spazio-news.it\/index.php?rest_route=\/wp\/v2\/posts\/6821\/revisions\/6826"}],"wp:featuredmedia":[{"embeddable":true,"href":"http:\/\/spazio-news.it\/index.php?rest_route=\/wp\/v2\/media\/6822"}],"wp:attachment":[{"href":"http:\/\/spazio-news.it\/index.php?rest_route=%2Fwp%2Fv2%2Fmedia&parent=6821"}],"wp:term":[{"taxonomy":"category","embeddable":true,"href":"http:\/\/spazio-news.it\/index.php?rest_route=%2Fwp%2Fv2%2Fcategories&post=6821"},{"taxonomy":"post_tag","embeddable":true,"href":"http:\/\/spazio-news.it\/index.php?rest_route=%2Fwp%2Fv2%2Ftags&post=6821"}],"curies":[{"name":"wp","href":"https:\/\/api.w.org\/{rel}","templated":true}]}}