{"id":6980,"date":"2019-11-06T05:37:19","date_gmt":"2019-11-06T04:37:19","guid":{"rendered":"http:\/\/spazio-news.it\/?p=6980"},"modified":"2019-12-11T21:02:31","modified_gmt":"2019-12-11T20:02:31","slug":"northern-lightning-conclusa-la-missione-nato-con-f-35","status":"publish","type":"post","link":"http:\/\/spazio-news.it\/?p=6980","title":{"rendered":"NORTHERN LIGHTNING: CONCLUSA LA MISSIONE NATO CON F-35"},"content":{"rendered":"<p>Con l\u2019<strong>ammaina bandiera <\/strong>della <a href=\"https:\/\/www.nato.int\">NATO<\/a>, svolta presso l&#8217;<strong>aeroporto di Keflavik<\/strong>, in <strong>Islanda<\/strong>, si \u00e8 conclusa ufficialmente la <a href=\"http:\/\/spazio-news.it\/litalia-e-la-prima-ad-impiegare-lf35-in-unoperazione-nato\">missione &#8220;Northern Lightning&#8221;<\/a>, che ha visto <a href=\"http:\/\/www.aeronautica.difesa.it\">uomini e donne della Task Force Air &#8211; TFA 32nd Wing dell&#8217;Aeronautica Militare<\/a> operare per garantire la <strong>Difesa dello spazio aereo islandese<\/strong>, nell&#8217;ambito delle attivit\u00e0 di <strong>Air Policing<\/strong> dell\u2019<strong>Alleanza<\/strong>.<\/p>\n<p>A presenziare la cerimonia, che ha visto l&#8217;Italia essere il <strong>primo Paese dell&#8217;Alleanza<\/strong> ad impiegare un <a href=\"https:\/\/www.f35.com\">velivolo Lockheed Martin F-35<\/a> in una <strong>operazione<\/strong> <strong>NATO<\/strong>, il neo <a href=\"http:\/\/www.aeronautica.difesa.it\">Comandante del Comando Forze da Combattimento dell&#8217;Aeronautica Militare, il Generale di Divisione Aerea Francesco Vestito<\/a>, ha sottolineando l\u2019impegno dell&#8217;Italia <strong>a tutela della sicurezza dell&#8217;Alleanza<\/strong> e rimarcato l&#8217;importanza di aver iniziato l&#8217;integrazione dei <strong>velivoli di V generazione<\/strong> all&#8217;interno della <strong>NATO<\/strong>.<\/p>\n<p>A partire dal <strong>1 ottobre scorso<\/strong>, a seguito del conseguimento della <strong>Full Operational Capability<\/strong>, ossia la completa capacit\u00e0 operativa per la missione, per oltre tre settimane il <strong>distaccamento italiano<\/strong> ha <strong>assicurato l&#8217;integrit\u00e0 dello spazio aereo<\/strong>, rafforzando l&#8217;attivit\u00e0 di <strong>sorveglianza dei cieli<\/strong> dell&#8217;<strong>Islanda<\/strong> che non possiede capacit\u00e0 e strutture per la <strong>difesa aerea autonoma<\/strong>.<\/p>\n<p><strong>Sei<\/strong> i <a href=\"http:\/\/spazio-news.it\/tag\/f-35\">caccia F35-A <\/a>e circa <strong>130 gli uomini<\/strong> dell&#8217;<a href=\"http:\/\/www.aeronautica.difesa.it\">Aeronautica Militare<\/a>, insieme a due appartenenti all&#8217;<a href=\"http:\/\/www.carabinieri.it\">Arma dei Carabinieri<\/a>, rischierati presso la base aerea della <strong>Icelandic Coast Guard<\/strong> di <strong>Keflavik<\/strong>, per garantire l&#8217;operazione di <strong>Air Policing<\/strong> per la <strong>Difesa dello Spazio Aereo NATO<\/strong> sopra i cieli dell&#8217;Islanda e per effettuare, al contempo, <strong>attivit\u00e0 addestrativa<\/strong> congiunta con la <strong>Coast Guard islandese<\/strong> e con la <strong>Marina Danese<\/strong> con al quale sono state svolte <strong>missioni di <\/strong>&#8220;<strong>slow mouver interception<\/strong>&#8220;.<\/p>\n<p>La partecipazione degli <a href=\"http:\/\/www.aeronautica.difesa.it\">F-35 del 32\u00b0 Stormo di Amendola<\/a> a questa operazione \u00e8 stata infatti un&#8217;opportunit\u00e0 che ha permesso di testare non solo le <strong>capacit\u00e0 operative del velivolo<\/strong>, ma anche la <strong>logistica di proiezione<\/strong>, la <strong>sostenibilit\u00e0<\/strong> e l&#8217;<strong>impiego in un contesto operativo<\/strong>, <strong>climatico<\/strong> ed <strong>ambientale<\/strong> particolare e &#8220;lontano&#8221; dall\u2019Italia.<\/p>\n","protected":false},"excerpt":{"rendered":"<p>Con l\u2019ammaina bandiera della NATO, svolta presso l&#8217;aeroporto di Keflavik, in Islanda, si \u00e8 conclusa ufficialmente la missione &#8220;Northern Lightning&#8221;,<\/p>\n","protected":false},"author":1,"featured_media":6981,"comment_status":"closed","ping_status":"open","sticky":false,"template":"","format":"standard","meta":{"colormag_page_container_layout":"default_layout","colormag_page_sidebar_layout":"default_layout","footnotes":""},"categories":[32,4],"tags":[54,153,612,156,3680,3497,918,3720,3295],"class_list":["post-6980","post","type-post","status-publish","format-standard","has-post-thumbnail","hentry","category-prima-pagina","category-istituzioni","tag-aeronautica-militare-italiana","tag-f-35","tag-islanda","tag-lockheed-martin","tag-lockheed-martin-f-35","tag-nato-northern-lightning","tag-north-atlantic-treaty-organization-nato","tag-task-force-air-tfa-32nd-wing-aeronautica-militare","tag-task-force-air-ita"],"yoast_head":"<!-- This site is optimized with the Yoast SEO plugin v26.8 - https:\/\/yoast.com\/product\/yoast-seo-wordpress\/ -->\n<title>NORTHERN LIGHTNING: CONCLUSA LA MISSIONE NATO CON F-35 &#187; Spazio-News Magazine<\/title>\n<meta name=\"description\" content=\"Con l\u2019ammaina bandiera NATO, svolta presso l&#039;aeroporto di Keflavik, in Islanda, si \u00e8 conclusa ufficialmente la missione &quot;Northern Lightning&quot;\" \/>\n<meta name=\"robots\" content=\"index, follow, max-snippet:-1, max-image-preview:large, max-video-preview:-1\" \/>\n<link rel=\"canonical\" href=\"http:\/\/spazio-news.it\/?p=6980\" \/>\n<meta property=\"og:locale\" content=\"it_IT\" \/>\n<meta property=\"og:type\" content=\"article\" \/>\n<meta property=\"og:title\" content=\"NORTHERN LIGHTNING: CONCLUSA LA MISSIONE NATO CON F-35 &#187; Spazio-News Magazine\" \/>\n<meta property=\"og:description\" content=\"Con l\u2019ammaina bandiera NATO, svolta presso l&#039;aeroporto di Keflavik, in Islanda, si \u00e8 conclusa ufficialmente la missione &quot;Northern Lightning&quot;\" \/>\n<meta property=\"og:url\" content=\"http:\/\/spazio-news.it\/?p=6980\" \/>\n<meta property=\"og:site_name\" content=\"Spazio-News Magazine\" \/>\n<meta property=\"article:publisher\" content=\"https:\/\/m.facebook.com\/spazio-news-magazine\" \/>\n<meta property=\"article:author\" content=\"@SpazioNewsMagazine\" \/>\n<meta property=\"article:published_time\" content=\"2019-11-06T04:37:19+00:00\" \/>\n<meta property=\"article:modified_time\" content=\"2019-12-11T20:02:31+00:00\" \/>\n<meta property=\"og:image\" content=\"http:\/\/spazio-news.it\/wp-content\/uploads\/2019\/10\/Velivolo-F-35A-Aeronautica-Militare-Italiana-caccia-V-generazione.jpg\" \/>\n\t<meta property=\"og:image:width\" content=\"800\" \/>\n\t<meta property=\"og:image:height\" content=\"446\" \/>\n\t<meta property=\"og:image:type\" content=\"image\/jpeg\" \/>\n<meta name=\"author\" content=\"Redazione\" \/>\n<meta name=\"twitter:card\" content=\"summary_large_image\" \/>\n<meta name=\"twitter:creator\" content=\"@news_spazio\" \/>\n<meta name=\"twitter:site\" content=\"@News_spazio\" \/>\n<meta name=\"twitter:label1\" content=\"Scritto da\" \/>\n\t<meta name=\"twitter:data1\" content=\"Redazione\" \/>\n\t<meta name=\"twitter:label2\" content=\"Tempo di lettura stimato\" \/>\n\t<meta name=\"twitter:data2\" content=\"1 minuto\" \/>\n<script type=\"application\/ld+json\" class=\"yoast-schema-graph\">{\"@context\":\"https:\/\/schema.org\",\"@graph\":[{\"@type\":\"NewsArticle\",\"@id\":\"http:\/\/spazio-news.it\/?p=6980#article\",\"isPartOf\":{\"@id\":\"http:\/\/spazio-news.it\/?p=6980\"},\"author\":{\"name\":\"Redazione\",\"@id\":\"http:\/\/spazio-news.it\/#\/schema\/person\/c600904e882e9e166ed8e5e3773d37b3\"},\"headline\":\"NORTHERN LIGHTNING: CONCLUSA LA MISSIONE NATO CON F-35\",\"datePublished\":\"2019-11-06T04:37:19+00:00\",\"dateModified\":\"2019-12-11T20:02:31+00:00\",\"mainEntityOfPage\":{\"@id\":\"http:\/\/spazio-news.it\/?p=6980\"},\"wordCount\":322,\"publisher\":{\"@id\":\"http:\/\/spazio-news.it\/#organization\"},\"image\":{\"@id\":\"http:\/\/spazio-news.it\/?p=6980#primaryimage\"},\"thumbnailUrl\":\"http:\/\/spazio-news.it\/wp-content\/uploads\/2019\/10\/Velivolo-F-35A-Aeronautica-Militare-Italiana-caccia-V-generazione.jpg\",\"keywords\":[\"Aeronautica Militare Italiana\",\"f-35\",\"Islanda\",\"Lockheed Martin\",\"lockheed martin F-35\",\"NATO Northern Lightning\",\"North Atlantic Treaty Organization - NATO\",\"Task Force Air - TFA 32nd Wing Aeronautica Militare\",\"Task Force Air-ITA\"],\"articleSection\":[\"01 - PRIMA PAGINA\",\"03 - ISTITUZIONI\"],\"inLanguage\":\"it-IT\"},{\"@type\":\"WebPage\",\"@id\":\"http:\/\/spazio-news.it\/?p=6980\",\"url\":\"http:\/\/spazio-news.it\/?p=6980\",\"name\":\"NORTHERN LIGHTNING: CONCLUSA LA MISSIONE NATO CON F-35 &#187; Spazio-News Magazine\",\"isPartOf\":{\"@id\":\"http:\/\/spazio-news.it\/#website\"},\"primaryImageOfPage\":{\"@id\":\"http:\/\/spazio-news.it\/?p=6980#primaryimage\"},\"image\":{\"@id\":\"http:\/\/spazio-news.it\/?p=6980#primaryimage\"},\"thumbnailUrl\":\"http:\/\/spazio-news.it\/wp-content\/uploads\/2019\/10\/Velivolo-F-35A-Aeronautica-Militare-Italiana-caccia-V-generazione.jpg\",\"datePublished\":\"2019-11-06T04:37:19+00:00\",\"dateModified\":\"2019-12-11T20:02:31+00:00\",\"description\":\"Con l\u2019ammaina bandiera NATO, svolta presso l'aeroporto di Keflavik, in Islanda, si \u00e8 conclusa ufficialmente la missione \\\"Northern Lightning\\\"\",\"breadcrumb\":{\"@id\":\"http:\/\/spazio-news.it\/?p=6980#breadcrumb\"},\"inLanguage\":\"it-IT\",\"potentialAction\":[{\"@type\":\"ReadAction\",\"target\":[\"http:\/\/spazio-news.it\/?p=6980\"]}]},{\"@type\":\"ImageObject\",\"inLanguage\":\"it-IT\",\"@id\":\"http:\/\/spazio-news.it\/?p=6980#primaryimage\",\"url\":\"http:\/\/spazio-news.it\/wp-content\/uploads\/2019\/10\/Velivolo-F-35A-Aeronautica-Militare-Italiana-caccia-V-generazione.jpg\",\"contentUrl\":\"http:\/\/spazio-news.it\/wp-content\/uploads\/2019\/10\/Velivolo-F-35A-Aeronautica-Militare-Italiana-caccia-V-generazione.jpg\",\"width\":800,\"height\":446,\"caption\":\"2 Lockheed Martin F-35 Lightning II - Joint Strike Fighter-F35 Aeronautica Militare Italiana\"},{\"@type\":\"BreadcrumbList\",\"@id\":\"http:\/\/spazio-news.it\/?p=6980#breadcrumb\",\"itemListElement\":[{\"@type\":\"ListItem\",\"position\":1,\"name\":\"Home\",\"item\":\"http:\/\/spazio-news.it\/\"},{\"@type\":\"ListItem\",\"position\":2,\"name\":\"NORTHERN LIGHTNING: CONCLUSA LA MISSIONE NATO CON F-35\"}]},{\"@type\":\"WebSite\",\"@id\":\"http:\/\/spazio-news.it\/#website\",\"url\":\"http:\/\/spazio-news.it\/\",\"name\":\"Spazio-News Magazine\",\"description\":\"La guida che sfida la complessit\u00e0 del mondo industriale\",\"publisher\":{\"@id\":\"http:\/\/spazio-news.it\/#organization\"},\"alternateName\":\"Spazio-news.it\",\"potentialAction\":[{\"@type\":\"SearchAction\",\"target\":{\"@type\":\"EntryPoint\",\"urlTemplate\":\"http:\/\/spazio-news.it\/?s={search_term_string}\"},\"query-input\":{\"@type\":\"PropertyValueSpecification\",\"valueRequired\":true,\"valueName\":\"search_term_string\"}}],\"inLanguage\":\"it-IT\"},{\"@type\":\"Organization\",\"@id\":\"http:\/\/spazio-news.it\/#organization\",\"name\":\"Spazio-News Magazine\",\"url\":\"http:\/\/spazio-news.it\/\",\"logo\":{\"@type\":\"ImageObject\",\"inLanguage\":\"it-IT\",\"@id\":\"http:\/\/spazio-news.it\/#\/schema\/logo\/image\/\",\"url\":\"http:\/\/spazio-news.it\/wp-content\/uploads\/2023\/09\/Logo-Spazio-News-512-x-512-NO-testo.jpg\",\"contentUrl\":\"http:\/\/spazio-news.it\/wp-content\/uploads\/2023\/09\/Logo-Spazio-News-512-x-512-NO-testo.jpg\",\"width\":512,\"height\":512,\"caption\":\"Spazio-News Magazine\"},\"image\":{\"@id\":\"http:\/\/spazio-news.it\/#\/schema\/logo\/image\/\"},\"sameAs\":[\"https:\/\/m.facebook.com\/spazio-news-magazine\",\"https:\/\/x.com\/News_spazio\"]},{\"@type\":\"Person\",\"@id\":\"http:\/\/spazio-news.it\/#\/schema\/person\/c600904e882e9e166ed8e5e3773d37b3\",\"name\":\"Redazione\",\"sameAs\":[\"http:\/\/spazio-news.it\",\"@SpazioNewsMagazine\",\"https:\/\/x.com\/@news_spazio\"],\"url\":\"http:\/\/spazio-news.it\/?author=1\"}]}<\/script>\n<!-- \/ Yoast SEO plugin. -->","yoast_head_json":{"title":"NORTHERN LIGHTNING: CONCLUSA LA MISSIONE NATO CON F-35 &#187; Spazio-News Magazine","description":"Con l\u2019ammaina bandiera NATO, svolta presso l'aeroporto di Keflavik, in Islanda, si \u00e8 conclusa ufficialmente la missione \"Northern Lightning\"","robots":{"index":"index","follow":"follow","max-snippet":"max-snippet:-1","max-image-preview":"max-image-preview:large","max-video-preview":"max-video-preview:-1"},"canonical":"http:\/\/spazio-news.it\/?p=6980","og_locale":"it_IT","og_type":"article","og_title":"NORTHERN LIGHTNING: CONCLUSA LA MISSIONE NATO CON F-35 &#187; Spazio-News Magazine","og_description":"Con l\u2019ammaina bandiera NATO, svolta presso l'aeroporto di Keflavik, in Islanda, si \u00e8 conclusa ufficialmente la missione \"Northern Lightning\"","og_url":"http:\/\/spazio-news.it\/?p=6980","og_site_name":"Spazio-News Magazine","article_publisher":"https:\/\/m.facebook.com\/spazio-news-magazine","article_author":"@SpazioNewsMagazine","article_published_time":"2019-11-06T04:37:19+00:00","article_modified_time":"2019-12-11T20:02:31+00:00","og_image":[{"width":800,"height":446,"url":"http:\/\/spazio-news.it\/wp-content\/uploads\/2019\/10\/Velivolo-F-35A-Aeronautica-Militare-Italiana-caccia-V-generazione.jpg","type":"image\/jpeg"}],"author":"Redazione","twitter_card":"summary_large_image","twitter_creator":"@news_spazio","twitter_site":"@News_spazio","twitter_misc":{"Scritto da":"Redazione","Tempo di lettura stimato":"1 minuto"},"schema":{"@context":"https:\/\/schema.org","@graph":[{"@type":"NewsArticle","@id":"http:\/\/spazio-news.it\/?p=6980#article","isPartOf":{"@id":"http:\/\/spazio-news.it\/?p=6980"},"author":{"name":"Redazione","@id":"http:\/\/spazio-news.it\/#\/schema\/person\/c600904e882e9e166ed8e5e3773d37b3"},"headline":"NORTHERN LIGHTNING: CONCLUSA LA MISSIONE NATO CON F-35","datePublished":"2019-11-06T04:37:19+00:00","dateModified":"2019-12-11T20:02:31+00:00","mainEntityOfPage":{"@id":"http:\/\/spazio-news.it\/?p=6980"},"wordCount":322,"publisher":{"@id":"http:\/\/spazio-news.it\/#organization"},"image":{"@id":"http:\/\/spazio-news.it\/?p=6980#primaryimage"},"thumbnailUrl":"http:\/\/spazio-news.it\/wp-content\/uploads\/2019\/10\/Velivolo-F-35A-Aeronautica-Militare-Italiana-caccia-V-generazione.jpg","keywords":["Aeronautica Militare Italiana","f-35","Islanda","Lockheed Martin","lockheed martin F-35","NATO Northern Lightning","North Atlantic Treaty Organization - NATO","Task Force Air - TFA 32nd Wing Aeronautica Militare","Task Force Air-ITA"],"articleSection":["01 - PRIMA PAGINA","03 - ISTITUZIONI"],"inLanguage":"it-IT"},{"@type":"WebPage","@id":"http:\/\/spazio-news.it\/?p=6980","url":"http:\/\/spazio-news.it\/?p=6980","name":"NORTHERN LIGHTNING: CONCLUSA LA MISSIONE NATO CON F-35 &#187; Spazio-News Magazine","isPartOf":{"@id":"http:\/\/spazio-news.it\/#website"},"primaryImageOfPage":{"@id":"http:\/\/spazio-news.it\/?p=6980#primaryimage"},"image":{"@id":"http:\/\/spazio-news.it\/?p=6980#primaryimage"},"thumbnailUrl":"http:\/\/spazio-news.it\/wp-content\/uploads\/2019\/10\/Velivolo-F-35A-Aeronautica-Militare-Italiana-caccia-V-generazione.jpg","datePublished":"2019-11-06T04:37:19+00:00","dateModified":"2019-12-11T20:02:31+00:00","description":"Con l\u2019ammaina bandiera NATO, svolta presso l'aeroporto di Keflavik, in Islanda, si \u00e8 conclusa ufficialmente la missione \"Northern Lightning\"","breadcrumb":{"@id":"http:\/\/spazio-news.it\/?p=6980#breadcrumb"},"inLanguage":"it-IT","potentialAction":[{"@type":"ReadAction","target":["http:\/\/spazio-news.it\/?p=6980"]}]},{"@type":"ImageObject","inLanguage":"it-IT","@id":"http:\/\/spazio-news.it\/?p=6980#primaryimage","url":"http:\/\/spazio-news.it\/wp-content\/uploads\/2019\/10\/Velivolo-F-35A-Aeronautica-Militare-Italiana-caccia-V-generazione.jpg","contentUrl":"http:\/\/spazio-news.it\/wp-content\/uploads\/2019\/10\/Velivolo-F-35A-Aeronautica-Militare-Italiana-caccia-V-generazione.jpg","width":800,"height":446,"caption":"2 Lockheed Martin F-35 Lightning II - Joint Strike Fighter-F35 Aeronautica Militare Italiana"},{"@type":"BreadcrumbList","@id":"http:\/\/spazio-news.it\/?p=6980#breadcrumb","itemListElement":[{"@type":"ListItem","position":1,"name":"Home","item":"http:\/\/spazio-news.it\/"},{"@type":"ListItem","position":2,"name":"NORTHERN LIGHTNING: CONCLUSA LA MISSIONE NATO CON F-35"}]},{"@type":"WebSite","@id":"http:\/\/spazio-news.it\/#website","url":"http:\/\/spazio-news.it\/","name":"Spazio-News Magazine","description":"La guida che sfida la complessit\u00e0 del mondo industriale","publisher":{"@id":"http:\/\/spazio-news.it\/#organization"},"alternateName":"Spazio-news.it","potentialAction":[{"@type":"SearchAction","target":{"@type":"EntryPoint","urlTemplate":"http:\/\/spazio-news.it\/?s={search_term_string}"},"query-input":{"@type":"PropertyValueSpecification","valueRequired":true,"valueName":"search_term_string"}}],"inLanguage":"it-IT"},{"@type":"Organization","@id":"http:\/\/spazio-news.it\/#organization","name":"Spazio-News Magazine","url":"http:\/\/spazio-news.it\/","logo":{"@type":"ImageObject","inLanguage":"it-IT","@id":"http:\/\/spazio-news.it\/#\/schema\/logo\/image\/","url":"http:\/\/spazio-news.it\/wp-content\/uploads\/2023\/09\/Logo-Spazio-News-512-x-512-NO-testo.jpg","contentUrl":"http:\/\/spazio-news.it\/wp-content\/uploads\/2023\/09\/Logo-Spazio-News-512-x-512-NO-testo.jpg","width":512,"height":512,"caption":"Spazio-News Magazine"},"image":{"@id":"http:\/\/spazio-news.it\/#\/schema\/logo\/image\/"},"sameAs":["https:\/\/m.facebook.com\/spazio-news-magazine","https:\/\/x.com\/News_spazio"]},{"@type":"Person","@id":"http:\/\/spazio-news.it\/#\/schema\/person\/c600904e882e9e166ed8e5e3773d37b3","name":"Redazione","sameAs":["http:\/\/spazio-news.it","@SpazioNewsMagazine","https:\/\/x.com\/@news_spazio"],"url":"http:\/\/spazio-news.it\/?author=1"}]}},"_links":{"self":[{"href":"http:\/\/spazio-news.it\/index.php?rest_route=\/wp\/v2\/posts\/6980","targetHints":{"allow":["GET"]}}],"collection":[{"href":"http:\/\/spazio-news.it\/index.php?rest_route=\/wp\/v2\/posts"}],"about":[{"href":"http:\/\/spazio-news.it\/index.php?rest_route=\/wp\/v2\/types\/post"}],"author":[{"embeddable":true,"href":"http:\/\/spazio-news.it\/index.php?rest_route=\/wp\/v2\/users\/1"}],"replies":[{"embeddable":true,"href":"http:\/\/spazio-news.it\/index.php?rest_route=%2Fwp%2Fv2%2Fcomments&post=6980"}],"version-history":[{"count":1,"href":"http:\/\/spazio-news.it\/index.php?rest_route=\/wp\/v2\/posts\/6980\/revisions"}],"predecessor-version":[{"id":6982,"href":"http:\/\/spazio-news.it\/index.php?rest_route=\/wp\/v2\/posts\/6980\/revisions\/6982"}],"wp:featuredmedia":[{"embeddable":true,"href":"http:\/\/spazio-news.it\/index.php?rest_route=\/wp\/v2\/media\/6981"}],"wp:attachment":[{"href":"http:\/\/spazio-news.it\/index.php?rest_route=%2Fwp%2Fv2%2Fmedia&parent=6980"}],"wp:term":[{"taxonomy":"category","embeddable":true,"href":"http:\/\/spazio-news.it\/index.php?rest_route=%2Fwp%2Fv2%2Fcategories&post=6980"},{"taxonomy":"post_tag","embeddable":true,"href":"http:\/\/spazio-news.it\/index.php?rest_route=%2Fwp%2Fv2%2Ftags&post=6980"}],"curies":[{"name":"wp","href":"https:\/\/api.w.org\/{rel}","templated":true}]}}