{"id":7132,"date":"2019-11-20T02:33:04","date_gmt":"2019-11-20T01:33:04","guid":{"rendered":"http:\/\/spazio-news.it\/?p=7132"},"modified":"2019-11-17T14:36:44","modified_gmt":"2019-11-17T13:36:44","slug":"enac-zaccheo-laviazione-italiana-cresce-ma-il-cargo-fatica","status":"publish","type":"post","link":"http:\/\/spazio-news.it\/?p=7132","title":{"rendered":"ENAC, ZACCHEO: L\u2019AVIAZIONE ITALIANA CRESCE MA IL CARGO FATICA"},"content":{"rendered":"<p>\u201c<em>Il settore dell\u2019aviazione civile nel nostro Paese rappresenta quasi il 4% del PIL nazionale, ed \u00e8 caratterizzato da uno straordinario dinamismo che lo porta a crescere il doppio rispetto alla media europea: nel 2018 abbiamo registrato circa 185 milioni di passeggeri, con stime che prevedono di raggiungere circa 300 milioni nel 2030<\/em>. <em>In questo ambito, negli ultimi anni, il segmento Air cargo \u00e8 sostanzialmente fermo: il traffico merci nel 2018 rappresenta solo il 6,0% del traffico europeo. Peraltro, nei primi 9 mesi di quest\u2019anno, secondo i dati di <a href=\"https:\/\/assaeroporti.com\">Assaeroporti<\/a>, il cargo \u00e8 diminuito del 4,9% rispetto a 2018. Il volume totale del traffico cargo in Italia \u00e8 circa 1 milione di tonnellate, ovvero meno della met\u00e0 di quello del solo scalo di Francoforte che registra 2,2 milioni di tonnellate. Ritengo che il trasporto cargo debba diventare un asset strategico per il nostro Paese, ma per farlo occorre colmare i ritardi accumulati rispetto ai principali competitor internazionali, tra cui, ad esempio, la Germania, in cui da molti anni il settore della logistica e del trasporto merci \u00e8 considerato prioritario nello sviluppo economico-commerciale del Paese\u201d.<\/em><\/p>\n<p>Con queste parole il <a href=\"http:\/\/www.enac.gov.it\">Presidente dell\u2019Ente Nazionale per l\u2019Aviazione Civile &#8211; ENAC, Nicola Zaccheo<\/a>, ha aperto il suo intervento, lo scorso <strong>13 novembre<\/strong>, all\u2019<a href=\"http:\/\/www.confetra.com\">Assemblea 2019 della Confederazione Generale Italiana dei Trasporti e della Logistica &#8211; CONFETRA<\/a> dal titolo &#8220;<strong>La logistica, costituzione materiale del nuovo mondo. L&#8217;Italia nelle mappe del futuro<\/strong>&#8220;.<\/p>\n<p>Il presidente dell\u2019<strong>ENAC<\/strong> ritiene che stiamo assistendo a <strong>cambiamenti geopolitici<\/strong> che stanno comportando lo <strong>spostamento ovest &#8211;<\/strong> <strong>est<\/strong> dei <strong>flussi commerciali<\/strong> <strong>mondiali<\/strong>, investendo pienamente l&#8217;area <strong>italiana<\/strong>. Pertanto <strong>Zaccheo<\/strong> ha aggiunto che \u201c<em>Occorre intercettare le importanti opportunit\u00e0 che la nostra posizione geografica offre, baricentrica non solo rispetto all\u2019occidente e all\u2019oriente, ma anche e soprattutto rispetto all\u2019Africa, un mercato in forte espansione nel prossimo futuro. Per fare ci\u00f2 bisogna intervenire su pi\u00f9 fronti, non solo in termini di pianificazione e di semplificazione normativa, ma anche di servizi da offrire a tutta la filiera degli attori coinvolti, dalle imprese ai corrieri e agli spedizionieri\u201d.<\/em><\/p>\n<p><em>\u201cL\u2019ENAC e il Ministero delle Infrastrutture e Trasporti <\/em>&#8211; ha concluso il <strong>Presidente dell\u2019Ente<\/strong> -. <em>stanno lavorando alla definizione di una rete aeroportuale del cargo aereo, ovviamente intermodale e integrata con la rete mondiale. Il nostro impegno \u00e8 quello di accelerare questo processo che culminer\u00e0, nel pi\u00f9 breve tempo possibile, in un Piano Nazionale del Cargo Aereo\u201d.<\/em><\/p>\n","protected":false},"excerpt":{"rendered":"<p>\u201cIl settore dell\u2019aviazione civile nel nostro Paese rappresenta quasi il 4% del PIL nazionale, ed \u00e8 caratterizzato da uno straordinario<\/p>\n","protected":false},"author":1,"featured_media":3282,"comment_status":"closed","ping_status":"open","sticky":false,"template":"","format":"standard","meta":{"colormag_page_container_layout":"default_layout","colormag_page_sidebar_layout":"default_layout","footnotes":""},"categories":[32,4],"tags":[144,377,1255,3897,667,1626],"class_list":["post-7132","post","type-post","status-publish","format-standard","has-post-thumbnail","hentry","category-prima-pagina","category-istituzioni","tag-assaeroporti","tag-aviazione-civile","tag-cargo-aereo","tag-confederazione-generale-italiana-dei-trasporti-e-della-logistica-confetra","tag-ente-nazionale-per-laviazione-civile-enac","tag-nicola-zaccheo"],"yoast_head":"<!-- This site is optimized with the Yoast SEO plugin v26.8 - https:\/\/yoast.com\/product\/yoast-seo-wordpress\/ -->\n<title>ENAC, ZACCHEO: L\u2019AVIAZIONE ITALIANA CRESCE MA IL CARGO FATICA &#187; Spazio-News Magazine<\/title>\n<meta name=\"description\" content=\"\u201cIl settore dell\u2019aviazione civile nel nostro Paese rappresenta quasi il 4% del PIL nazionale, ed \u00e8 caratterizzato da uno straordinario dinamismo che lo porta a crescere il doppio\" \/>\n<meta name=\"robots\" content=\"index, follow, max-snippet:-1, max-image-preview:large, max-video-preview:-1\" \/>\n<link rel=\"canonical\" href=\"https:\/\/spazio-news.it\/?p=7132\" \/>\n<meta property=\"og:locale\" content=\"it_IT\" \/>\n<meta property=\"og:type\" content=\"article\" \/>\n<meta property=\"og:title\" content=\"ENAC, ZACCHEO: L\u2019AVIAZIONE ITALIANA CRESCE MA IL CARGO FATICA &#187; Spazio-News Magazine\" \/>\n<meta property=\"og:description\" content=\"\u201cIl settore dell\u2019aviazione civile nel nostro Paese rappresenta quasi il 4% del PIL nazionale, ed \u00e8 caratterizzato da uno straordinario dinamismo che lo porta a crescere il doppio\" \/>\n<meta property=\"og:url\" content=\"https:\/\/spazio-news.it\/?p=7132\" \/>\n<meta property=\"og:site_name\" content=\"Spazio-News Magazine\" \/>\n<meta property=\"article:publisher\" content=\"https:\/\/m.facebook.com\/spazio-news-magazine\" \/>\n<meta property=\"article:author\" content=\"@SpazioNewsMagazine\" \/>\n<meta property=\"article:published_time\" content=\"2019-11-20T01:33:04+00:00\" \/>\n<meta property=\"og:image\" content=\"https:\/\/spazio-news.it\/wp-content\/uploads\/2019\/02\/Aeroporto_Malpensa_Spazio-news-e1551016175339.jpg\" \/>\n\t<meta property=\"og:image:width\" content=\"800\" \/>\n\t<meta property=\"og:image:height\" content=\"446\" \/>\n\t<meta property=\"og:image:type\" content=\"image\/jpeg\" \/>\n<meta name=\"author\" content=\"Redazione\" \/>\n<meta name=\"twitter:card\" content=\"summary_large_image\" \/>\n<meta name=\"twitter:creator\" content=\"@news_spazio\" \/>\n<meta name=\"twitter:site\" content=\"@News_spazio\" \/>\n<meta name=\"twitter:label1\" content=\"Scritto da\" \/>\n\t<meta name=\"twitter:data1\" content=\"Redazione\" \/>\n\t<meta name=\"twitter:label2\" content=\"Tempo di lettura stimato\" \/>\n\t<meta name=\"twitter:data2\" content=\"2 minuti\" \/>\n<script type=\"application\/ld+json\" class=\"yoast-schema-graph\">{\"@context\":\"https:\/\/schema.org\",\"@graph\":[{\"@type\":\"NewsArticle\",\"@id\":\"https:\/\/spazio-news.it\/?p=7132#article\",\"isPartOf\":{\"@id\":\"https:\/\/spazio-news.it\/?p=7132\"},\"author\":{\"name\":\"Redazione\",\"@id\":\"http:\/\/spazio-news.it\/#\/schema\/person\/c600904e882e9e166ed8e5e3773d37b3\"},\"headline\":\"ENAC, ZACCHEO: L\u2019AVIAZIONE ITALIANA CRESCE MA IL CARGO FATICA\",\"datePublished\":\"2019-11-20T01:33:04+00:00\",\"mainEntityOfPage\":{\"@id\":\"https:\/\/spazio-news.it\/?p=7132\"},\"wordCount\":394,\"publisher\":{\"@id\":\"http:\/\/spazio-news.it\/#organization\"},\"image\":{\"@id\":\"https:\/\/spazio-news.it\/?p=7132#primaryimage\"},\"thumbnailUrl\":\"http:\/\/spazio-news.it\/wp-content\/uploads\/2019\/02\/Aeroporto_Malpensa_Spazio-news-e1551016175339.jpg\",\"keywords\":[\"Assaeroporti\",\"aviazione civile\",\"cargo aereo\",\"Confederazione Generale Italiana dei Trasporti e della Logistica - CONFETRA\",\"Ente Nazionale Per l\u2019Aviazione Civile - Enac\",\"Nicola Zaccheo\"],\"articleSection\":[\"01 - PRIMA PAGINA\",\"03 - ISTITUZIONI\"],\"inLanguage\":\"it-IT\"},{\"@type\":\"WebPage\",\"@id\":\"https:\/\/spazio-news.it\/?p=7132\",\"url\":\"https:\/\/spazio-news.it\/?p=7132\",\"name\":\"ENAC, ZACCHEO: L\u2019AVIAZIONE ITALIANA CRESCE MA IL CARGO FATICA &#187; Spazio-News Magazine\",\"isPartOf\":{\"@id\":\"http:\/\/spazio-news.it\/#website\"},\"primaryImageOfPage\":{\"@id\":\"https:\/\/spazio-news.it\/?p=7132#primaryimage\"},\"image\":{\"@id\":\"https:\/\/spazio-news.it\/?p=7132#primaryimage\"},\"thumbnailUrl\":\"http:\/\/spazio-news.it\/wp-content\/uploads\/2019\/02\/Aeroporto_Malpensa_Spazio-news-e1551016175339.jpg\",\"datePublished\":\"2019-11-20T01:33:04+00:00\",\"description\":\"\u201cIl settore dell\u2019aviazione civile nel nostro Paese rappresenta quasi il 4% del PIL nazionale, ed \u00e8 caratterizzato da uno straordinario dinamismo che lo porta a crescere il doppio\",\"breadcrumb\":{\"@id\":\"https:\/\/spazio-news.it\/?p=7132#breadcrumb\"},\"inLanguage\":\"it-IT\",\"potentialAction\":[{\"@type\":\"ReadAction\",\"target\":[\"https:\/\/spazio-news.it\/?p=7132\"]}]},{\"@type\":\"ImageObject\",\"inLanguage\":\"it-IT\",\"@id\":\"https:\/\/spazio-news.it\/?p=7132#primaryimage\",\"url\":\"http:\/\/spazio-news.it\/wp-content\/uploads\/2019\/02\/Aeroporto_Malpensa_Spazio-news-e1551016175339.jpg\",\"contentUrl\":\"http:\/\/spazio-news.it\/wp-content\/uploads\/2019\/02\/Aeroporto_Malpensa_Spazio-news-e1551016175339.jpg\",\"width\":800,\"height\":446,\"caption\":\"Aeroporto_Malpensa_Spazio-news\"},{\"@type\":\"BreadcrumbList\",\"@id\":\"https:\/\/spazio-news.it\/?p=7132#breadcrumb\",\"itemListElement\":[{\"@type\":\"ListItem\",\"position\":1,\"name\":\"Home\",\"item\":\"http:\/\/spazio-news.it\/\"},{\"@type\":\"ListItem\",\"position\":2,\"name\":\"ENAC, ZACCHEO: L\u2019AVIAZIONE ITALIANA CRESCE MA IL CARGO FATICA\"}]},{\"@type\":\"WebSite\",\"@id\":\"http:\/\/spazio-news.it\/#website\",\"url\":\"http:\/\/spazio-news.it\/\",\"name\":\"Spazio-News Magazine\",\"description\":\"La guida che sfida la complessit\u00e0 del mondo industriale\",\"publisher\":{\"@id\":\"http:\/\/spazio-news.it\/#organization\"},\"alternateName\":\"Spazio-news.it\",\"potentialAction\":[{\"@type\":\"SearchAction\",\"target\":{\"@type\":\"EntryPoint\",\"urlTemplate\":\"http:\/\/spazio-news.it\/?s={search_term_string}\"},\"query-input\":{\"@type\":\"PropertyValueSpecification\",\"valueRequired\":true,\"valueName\":\"search_term_string\"}}],\"inLanguage\":\"it-IT\"},{\"@type\":\"Organization\",\"@id\":\"http:\/\/spazio-news.it\/#organization\",\"name\":\"Spazio-News Magazine\",\"url\":\"http:\/\/spazio-news.it\/\",\"logo\":{\"@type\":\"ImageObject\",\"inLanguage\":\"it-IT\",\"@id\":\"http:\/\/spazio-news.it\/#\/schema\/logo\/image\/\",\"url\":\"http:\/\/spazio-news.it\/wp-content\/uploads\/2023\/09\/Logo-Spazio-News-512-x-512-NO-testo.jpg\",\"contentUrl\":\"http:\/\/spazio-news.it\/wp-content\/uploads\/2023\/09\/Logo-Spazio-News-512-x-512-NO-testo.jpg\",\"width\":512,\"height\":512,\"caption\":\"Spazio-News Magazine\"},\"image\":{\"@id\":\"http:\/\/spazio-news.it\/#\/schema\/logo\/image\/\"},\"sameAs\":[\"https:\/\/m.facebook.com\/spazio-news-magazine\",\"https:\/\/x.com\/News_spazio\"]},{\"@type\":\"Person\",\"@id\":\"http:\/\/spazio-news.it\/#\/schema\/person\/c600904e882e9e166ed8e5e3773d37b3\",\"name\":\"Redazione\",\"sameAs\":[\"http:\/\/spazio-news.it\",\"@SpazioNewsMagazine\",\"https:\/\/x.com\/@news_spazio\"],\"url\":\"http:\/\/spazio-news.it\/?author=1\"}]}<\/script>\n<!-- \/ Yoast SEO plugin. -->","yoast_head_json":{"title":"ENAC, ZACCHEO: L\u2019AVIAZIONE ITALIANA CRESCE MA IL CARGO FATICA &#187; Spazio-News Magazine","description":"\u201cIl settore dell\u2019aviazione civile nel nostro Paese rappresenta quasi il 4% del PIL nazionale, ed \u00e8 caratterizzato da uno straordinario dinamismo che lo porta a crescere il doppio","robots":{"index":"index","follow":"follow","max-snippet":"max-snippet:-1","max-image-preview":"max-image-preview:large","max-video-preview":"max-video-preview:-1"},"canonical":"https:\/\/spazio-news.it\/?p=7132","og_locale":"it_IT","og_type":"article","og_title":"ENAC, ZACCHEO: L\u2019AVIAZIONE ITALIANA CRESCE MA IL CARGO FATICA &#187; Spazio-News Magazine","og_description":"\u201cIl settore dell\u2019aviazione civile nel nostro Paese rappresenta quasi il 4% del PIL nazionale, ed \u00e8 caratterizzato da uno straordinario dinamismo che lo porta a crescere il doppio","og_url":"https:\/\/spazio-news.it\/?p=7132","og_site_name":"Spazio-News Magazine","article_publisher":"https:\/\/m.facebook.com\/spazio-news-magazine","article_author":"@SpazioNewsMagazine","article_published_time":"2019-11-20T01:33:04+00:00","og_image":[{"width":800,"height":446,"url":"https:\/\/spazio-news.it\/wp-content\/uploads\/2019\/02\/Aeroporto_Malpensa_Spazio-news-e1551016175339.jpg","type":"image\/jpeg"}],"author":"Redazione","twitter_card":"summary_large_image","twitter_creator":"@news_spazio","twitter_site":"@News_spazio","twitter_misc":{"Scritto da":"Redazione","Tempo di lettura stimato":"2 minuti"},"schema":{"@context":"https:\/\/schema.org","@graph":[{"@type":"NewsArticle","@id":"https:\/\/spazio-news.it\/?p=7132#article","isPartOf":{"@id":"https:\/\/spazio-news.it\/?p=7132"},"author":{"name":"Redazione","@id":"http:\/\/spazio-news.it\/#\/schema\/person\/c600904e882e9e166ed8e5e3773d37b3"},"headline":"ENAC, ZACCHEO: L\u2019AVIAZIONE ITALIANA CRESCE MA IL CARGO FATICA","datePublished":"2019-11-20T01:33:04+00:00","mainEntityOfPage":{"@id":"https:\/\/spazio-news.it\/?p=7132"},"wordCount":394,"publisher":{"@id":"http:\/\/spazio-news.it\/#organization"},"image":{"@id":"https:\/\/spazio-news.it\/?p=7132#primaryimage"},"thumbnailUrl":"http:\/\/spazio-news.it\/wp-content\/uploads\/2019\/02\/Aeroporto_Malpensa_Spazio-news-e1551016175339.jpg","keywords":["Assaeroporti","aviazione civile","cargo aereo","Confederazione Generale Italiana dei Trasporti e della Logistica - CONFETRA","Ente Nazionale Per l\u2019Aviazione Civile - Enac","Nicola Zaccheo"],"articleSection":["01 - PRIMA PAGINA","03 - ISTITUZIONI"],"inLanguage":"it-IT"},{"@type":"WebPage","@id":"https:\/\/spazio-news.it\/?p=7132","url":"https:\/\/spazio-news.it\/?p=7132","name":"ENAC, ZACCHEO: L\u2019AVIAZIONE ITALIANA CRESCE MA IL CARGO FATICA &#187; Spazio-News Magazine","isPartOf":{"@id":"http:\/\/spazio-news.it\/#website"},"primaryImageOfPage":{"@id":"https:\/\/spazio-news.it\/?p=7132#primaryimage"},"image":{"@id":"https:\/\/spazio-news.it\/?p=7132#primaryimage"},"thumbnailUrl":"http:\/\/spazio-news.it\/wp-content\/uploads\/2019\/02\/Aeroporto_Malpensa_Spazio-news-e1551016175339.jpg","datePublished":"2019-11-20T01:33:04+00:00","description":"\u201cIl settore dell\u2019aviazione civile nel nostro Paese rappresenta quasi il 4% del PIL nazionale, ed \u00e8 caratterizzato da uno straordinario dinamismo che lo porta a crescere il doppio","breadcrumb":{"@id":"https:\/\/spazio-news.it\/?p=7132#breadcrumb"},"inLanguage":"it-IT","potentialAction":[{"@type":"ReadAction","target":["https:\/\/spazio-news.it\/?p=7132"]}]},{"@type":"ImageObject","inLanguage":"it-IT","@id":"https:\/\/spazio-news.it\/?p=7132#primaryimage","url":"http:\/\/spazio-news.it\/wp-content\/uploads\/2019\/02\/Aeroporto_Malpensa_Spazio-news-e1551016175339.jpg","contentUrl":"http:\/\/spazio-news.it\/wp-content\/uploads\/2019\/02\/Aeroporto_Malpensa_Spazio-news-e1551016175339.jpg","width":800,"height":446,"caption":"Aeroporto_Malpensa_Spazio-news"},{"@type":"BreadcrumbList","@id":"https:\/\/spazio-news.it\/?p=7132#breadcrumb","itemListElement":[{"@type":"ListItem","position":1,"name":"Home","item":"http:\/\/spazio-news.it\/"},{"@type":"ListItem","position":2,"name":"ENAC, ZACCHEO: L\u2019AVIAZIONE ITALIANA CRESCE MA IL CARGO FATICA"}]},{"@type":"WebSite","@id":"http:\/\/spazio-news.it\/#website","url":"http:\/\/spazio-news.it\/","name":"Spazio-News Magazine","description":"La guida che sfida la complessit\u00e0 del mondo industriale","publisher":{"@id":"http:\/\/spazio-news.it\/#organization"},"alternateName":"Spazio-news.it","potentialAction":[{"@type":"SearchAction","target":{"@type":"EntryPoint","urlTemplate":"http:\/\/spazio-news.it\/?s={search_term_string}"},"query-input":{"@type":"PropertyValueSpecification","valueRequired":true,"valueName":"search_term_string"}}],"inLanguage":"it-IT"},{"@type":"Organization","@id":"http:\/\/spazio-news.it\/#organization","name":"Spazio-News Magazine","url":"http:\/\/spazio-news.it\/","logo":{"@type":"ImageObject","inLanguage":"it-IT","@id":"http:\/\/spazio-news.it\/#\/schema\/logo\/image\/","url":"http:\/\/spazio-news.it\/wp-content\/uploads\/2023\/09\/Logo-Spazio-News-512-x-512-NO-testo.jpg","contentUrl":"http:\/\/spazio-news.it\/wp-content\/uploads\/2023\/09\/Logo-Spazio-News-512-x-512-NO-testo.jpg","width":512,"height":512,"caption":"Spazio-News Magazine"},"image":{"@id":"http:\/\/spazio-news.it\/#\/schema\/logo\/image\/"},"sameAs":["https:\/\/m.facebook.com\/spazio-news-magazine","https:\/\/x.com\/News_spazio"]},{"@type":"Person","@id":"http:\/\/spazio-news.it\/#\/schema\/person\/c600904e882e9e166ed8e5e3773d37b3","name":"Redazione","sameAs":["http:\/\/spazio-news.it","@SpazioNewsMagazine","https:\/\/x.com\/@news_spazio"],"url":"http:\/\/spazio-news.it\/?author=1"}]}},"_links":{"self":[{"href":"http:\/\/spazio-news.it\/index.php?rest_route=\/wp\/v2\/posts\/7132","targetHints":{"allow":["GET"]}}],"collection":[{"href":"http:\/\/spazio-news.it\/index.php?rest_route=\/wp\/v2\/posts"}],"about":[{"href":"http:\/\/spazio-news.it\/index.php?rest_route=\/wp\/v2\/types\/post"}],"author":[{"embeddable":true,"href":"http:\/\/spazio-news.it\/index.php?rest_route=\/wp\/v2\/users\/1"}],"replies":[{"embeddable":true,"href":"http:\/\/spazio-news.it\/index.php?rest_route=%2Fwp%2Fv2%2Fcomments&post=7132"}],"version-history":[{"count":1,"href":"http:\/\/spazio-news.it\/index.php?rest_route=\/wp\/v2\/posts\/7132\/revisions"}],"predecessor-version":[{"id":7133,"href":"http:\/\/spazio-news.it\/index.php?rest_route=\/wp\/v2\/posts\/7132\/revisions\/7133"}],"wp:featuredmedia":[{"embeddable":true,"href":"http:\/\/spazio-news.it\/index.php?rest_route=\/wp\/v2\/media\/3282"}],"wp:attachment":[{"href":"http:\/\/spazio-news.it\/index.php?rest_route=%2Fwp%2Fv2%2Fmedia&parent=7132"}],"wp:term":[{"taxonomy":"category","embeddable":true,"href":"http:\/\/spazio-news.it\/index.php?rest_route=%2Fwp%2Fv2%2Fcategories&post=7132"},{"taxonomy":"post_tag","embeddable":true,"href":"http:\/\/spazio-news.it\/index.php?rest_route=%2Fwp%2Fv2%2Ftags&post=7132"}],"curies":[{"name":"wp","href":"https:\/\/api.w.org\/{rel}","templated":true}]}}