{"id":7334,"date":"2019-12-02T02:08:26","date_gmt":"2019-12-02T01:08:26","guid":{"rendered":"http:\/\/spazio-news.it\/?p=7334"},"modified":"2019-12-01T14:14:01","modified_gmt":"2019-12-01T13:14:01","slug":"accordo-centoco-piaggio-per-un-p-180-avanti-evo","status":"publish","type":"post","link":"http:\/\/spazio-news.it\/?p=7334","title":{"rendered":"ACCORDO CENTOCO \u2013 PIAGGIO PER UN P-180 AVANTI EVO"},"content":{"rendered":"<p>Il gruppo canadese<strong> Centoco Holding Corp<\/strong> ha <strong>preso in consegna<\/strong> un <a href=\"http:\/\/www.piaggioaerospace.it\">Piaggio P-180 Avanti EVO<\/a>.<\/p>\n<p><em>&#8220;Seguo con interesse questo velivolo sin dalla sua entrata in servizio &#8211; <\/em>ha commentato <strong>Anthony G. Toldo<\/strong>, <strong>Presidente di Centoco Holding Corp<\/strong>. -. <em>Non solo \u00e8 il pi\u00f9 veloce turboelica al mondo, ma ha costi operativi incredibilmente bassi ed \u00e8 ecologicamente sostenibile&#8221;. \u00a0 <\/em><\/p>\n<p>Prodotto nel <strong>2018<\/strong>, ed impiegato da Piaggio in attivit\u00e0 di <strong>marketing<\/strong> e <strong>voli dimostrativi<\/strong>, il <strong>P-180<\/strong> di <strong>Centoco<\/strong> \u00e8 stato acquistato per essere utilizzato non solo per voli privati ma anche per attivit\u00e0 charter per le quali l\u2019azienda canadese gi\u00e0 possiede specifica licenza.<\/p>\n<p>\u201c<em>Dopo i recenti annunci di nuovi ordini per l\u2019Avanti Evo, la decisione di Anthony Toldo di scegliere il nostro aereo \u00e8 un chiaro segnale del crescente interesse, specialmente in America del Nord, nei confronti di questo velivolo<\/em> &#8211; ha aggiunto <strong>Vincenzo Nicastro<\/strong>, <strong>Commissario Straordinario Piaggio Aerospace <\/strong>-. <em>Credo che stiamo intraprendendo le azioni giuste per ricreare fiducia nell&#8217;azienda e nel suo futuro&#8221;. \u00a0<\/em><\/p>\n<p>L\u2019accordo prevede anche l\u2019impegno, da parte di <a href=\"http:\/\/www.piaggioaerospace.it\">Piaggio Aerospace<\/a>, di mantenere in futuro un\u2019opzione per il noleggio dell<strong>\u2019Avanti EVO <\/strong>per le proprie <strong>attivit\u00e0 commerciali<\/strong> e di <strong>marketing<\/strong> in <strong>Nord<\/strong> <strong>America<\/strong>.<\/p>\n","protected":false},"excerpt":{"rendered":"<p>Il gruppo canadese Centoco Holding Corp ha preso in consegna un Piaggio P-180 Avanti EVO. &#8220;Seguo con interesse questo velivolo<\/p>\n","protected":false},"author":1,"featured_media":2355,"comment_status":"closed","ping_status":"open","sticky":false,"template":"","format":"standard","meta":{"colormag_page_container_layout":"default_layout","colormag_page_sidebar_layout":"default_layout","footnotes":""},"categories":[32,3],"tags":[4062,1226,1517,3712,2587],"class_list":["post-7334","post","type-post","status-publish","format-standard","has-post-thumbnail","hentry","category-prima-pagina","category-industria","tag-centoco-holding-corp","tag-piaggio-aero-industries-spa","tag-piaggio-aerospace","tag-piaggio-aerospace-p-180-avanti-evo","tag-vincenzo-nicastro"],"yoast_head":"<!-- This site is optimized with the Yoast SEO plugin v26.8 - https:\/\/yoast.com\/product\/yoast-seo-wordpress\/ -->\n<title>ACCORDO CENTOCO \u2013 PIAGGIO PER UN P-180 AVANTI EVO &#187; Spazio-News Magazine<\/title>\n<meta name=\"description\" content=\"Il gruppo canadese Centoco Holding Corp ha preso in consegna un Piaggio P-180 Avanti EVO. Prodotto nel 2018, ed impiegato da Piaggio in\" \/>\n<meta name=\"robots\" content=\"index, follow, max-snippet:-1, max-image-preview:large, max-video-preview:-1\" \/>\n<link rel=\"canonical\" href=\"https:\/\/spazio-news.it\/?p=7334\" \/>\n<meta property=\"og:locale\" content=\"it_IT\" \/>\n<meta property=\"og:type\" content=\"article\" \/>\n<meta property=\"og:title\" content=\"ACCORDO CENTOCO \u2013 PIAGGIO PER UN P-180 AVANTI EVO &#187; Spazio-News Magazine\" \/>\n<meta property=\"og:description\" content=\"Il gruppo canadese Centoco Holding Corp ha preso in consegna un Piaggio P-180 Avanti EVO. Prodotto nel 2018, ed impiegato da Piaggio in\" \/>\n<meta property=\"og:url\" content=\"https:\/\/spazio-news.it\/?p=7334\" \/>\n<meta property=\"og:site_name\" content=\"Spazio-News Magazine\" \/>\n<meta property=\"article:publisher\" content=\"https:\/\/m.facebook.com\/spazio-news-magazine\" \/>\n<meta property=\"article:author\" content=\"@SpazioNewsMagazine\" \/>\n<meta property=\"article:published_time\" content=\"2019-12-02T01:08:26+00:00\" \/>\n<meta property=\"og:image\" content=\"https:\/\/spazio-news.it\/wp-content\/uploads\/2018\/11\/Piaggio-Aerospace-P-180-Spazio-News.it_-e1556974354880.png\" \/>\n\t<meta property=\"og:image:width\" content=\"800\" \/>\n\t<meta property=\"og:image:height\" content=\"446\" \/>\n\t<meta property=\"og:image:type\" content=\"image\/png\" \/>\n<meta name=\"author\" content=\"Redazione\" \/>\n<meta name=\"twitter:card\" content=\"summary_large_image\" \/>\n<meta name=\"twitter:creator\" content=\"@news_spazio\" \/>\n<meta name=\"twitter:site\" content=\"@News_spazio\" \/>\n<meta name=\"twitter:label1\" content=\"Scritto da\" \/>\n\t<meta name=\"twitter:data1\" content=\"Redazione\" \/>\n\t<meta name=\"twitter:label2\" content=\"Tempo di lettura stimato\" \/>\n\t<meta name=\"twitter:data2\" content=\"1 minuto\" \/>\n<script type=\"application\/ld+json\" class=\"yoast-schema-graph\">{\"@context\":\"https:\/\/schema.org\",\"@graph\":[{\"@type\":\"NewsArticle\",\"@id\":\"https:\/\/spazio-news.it\/?p=7334#article\",\"isPartOf\":{\"@id\":\"https:\/\/spazio-news.it\/?p=7334\"},\"author\":{\"name\":\"Redazione\",\"@id\":\"https:\/\/spazio-news.it\/#\/schema\/person\/c600904e882e9e166ed8e5e3773d37b3\"},\"headline\":\"ACCORDO CENTOCO \u2013 PIAGGIO PER UN P-180 AVANTI EVO\",\"datePublished\":\"2019-12-02T01:08:26+00:00\",\"mainEntityOfPage\":{\"@id\":\"https:\/\/spazio-news.it\/?p=7334\"},\"wordCount\":202,\"publisher\":{\"@id\":\"https:\/\/spazio-news.it\/#organization\"},\"image\":{\"@id\":\"https:\/\/spazio-news.it\/?p=7334#primaryimage\"},\"thumbnailUrl\":\"http:\/\/spazio-news.it\/wp-content\/uploads\/2018\/11\/Piaggio-Aerospace-P-180-Spazio-News.it_-e1556974354880.png\",\"keywords\":[\"Centoco Holding Corp\",\"Piaggio Aero Industries SpA\",\"Piaggio Aerospace\",\"Piaggio Aerospace P-180 Avanti EVO\",\"Vincenzo Nicastro\"],\"articleSection\":[\"01 - PRIMA PAGINA\",\"02 - INDUSTRIA\"],\"inLanguage\":\"it-IT\"},{\"@type\":\"WebPage\",\"@id\":\"https:\/\/spazio-news.it\/?p=7334\",\"url\":\"https:\/\/spazio-news.it\/?p=7334\",\"name\":\"ACCORDO CENTOCO \u2013 PIAGGIO PER UN P-180 AVANTI EVO &#187; Spazio-News Magazine\",\"isPartOf\":{\"@id\":\"https:\/\/spazio-news.it\/#website\"},\"primaryImageOfPage\":{\"@id\":\"https:\/\/spazio-news.it\/?p=7334#primaryimage\"},\"image\":{\"@id\":\"https:\/\/spazio-news.it\/?p=7334#primaryimage\"},\"thumbnailUrl\":\"http:\/\/spazio-news.it\/wp-content\/uploads\/2018\/11\/Piaggio-Aerospace-P-180-Spazio-News.it_-e1556974354880.png\",\"datePublished\":\"2019-12-02T01:08:26+00:00\",\"description\":\"Il gruppo canadese Centoco Holding Corp ha preso in consegna un Piaggio P-180 Avanti EVO. Prodotto nel 2018, ed impiegato da Piaggio in\",\"breadcrumb\":{\"@id\":\"https:\/\/spazio-news.it\/?p=7334#breadcrumb\"},\"inLanguage\":\"it-IT\",\"potentialAction\":[{\"@type\":\"ReadAction\",\"target\":[\"https:\/\/spazio-news.it\/?p=7334\"]}]},{\"@type\":\"ImageObject\",\"inLanguage\":\"it-IT\",\"@id\":\"https:\/\/spazio-news.it\/?p=7334#primaryimage\",\"url\":\"http:\/\/spazio-news.it\/wp-content\/uploads\/2018\/11\/Piaggio-Aerospace-P-180-Spazio-News.it_-e1556974354880.png\",\"contentUrl\":\"http:\/\/spazio-news.it\/wp-content\/uploads\/2018\/11\/Piaggio-Aerospace-P-180-Spazio-News.it_-e1556974354880.png\",\"width\":800,\"height\":446,\"caption\":\"Piaggio Aerospace P-180 Spazio-News.it\"},{\"@type\":\"BreadcrumbList\",\"@id\":\"https:\/\/spazio-news.it\/?p=7334#breadcrumb\",\"itemListElement\":[{\"@type\":\"ListItem\",\"position\":1,\"name\":\"Home\",\"item\":\"https:\/\/spazio-news.it\/\"},{\"@type\":\"ListItem\",\"position\":2,\"name\":\"ACCORDO CENTOCO \u2013 PIAGGIO PER UN P-180 AVANTI EVO\"}]},{\"@type\":\"WebSite\",\"@id\":\"https:\/\/spazio-news.it\/#website\",\"url\":\"https:\/\/spazio-news.it\/\",\"name\":\"Spazio-News Magazine\",\"description\":\"La guida che sfida la complessit\u00e0 del mondo industriale\",\"publisher\":{\"@id\":\"https:\/\/spazio-news.it\/#organization\"},\"alternateName\":\"Spazio-news.it\",\"potentialAction\":[{\"@type\":\"SearchAction\",\"target\":{\"@type\":\"EntryPoint\",\"urlTemplate\":\"https:\/\/spazio-news.it\/?s={search_term_string}\"},\"query-input\":{\"@type\":\"PropertyValueSpecification\",\"valueRequired\":true,\"valueName\":\"search_term_string\"}}],\"inLanguage\":\"it-IT\"},{\"@type\":\"Organization\",\"@id\":\"https:\/\/spazio-news.it\/#organization\",\"name\":\"Spazio-News Magazine\",\"url\":\"https:\/\/spazio-news.it\/\",\"logo\":{\"@type\":\"ImageObject\",\"inLanguage\":\"it-IT\",\"@id\":\"https:\/\/spazio-news.it\/#\/schema\/logo\/image\/\",\"url\":\"http:\/\/spazio-news.it\/wp-content\/uploads\/2023\/09\/Logo-Spazio-News-512-x-512-NO-testo.jpg\",\"contentUrl\":\"http:\/\/spazio-news.it\/wp-content\/uploads\/2023\/09\/Logo-Spazio-News-512-x-512-NO-testo.jpg\",\"width\":512,\"height\":512,\"caption\":\"Spazio-News Magazine\"},\"image\":{\"@id\":\"https:\/\/spazio-news.it\/#\/schema\/logo\/image\/\"},\"sameAs\":[\"https:\/\/m.facebook.com\/spazio-news-magazine\",\"https:\/\/x.com\/News_spazio\"]},{\"@type\":\"Person\",\"@id\":\"https:\/\/spazio-news.it\/#\/schema\/person\/c600904e882e9e166ed8e5e3773d37b3\",\"name\":\"Redazione\",\"sameAs\":[\"http:\/\/spazio-news.it\",\"@SpazioNewsMagazine\",\"https:\/\/x.com\/@news_spazio\"],\"url\":\"http:\/\/spazio-news.it\/?author=1\"}]}<\/script>\n<!-- \/ Yoast SEO plugin. -->","yoast_head_json":{"title":"ACCORDO CENTOCO \u2013 PIAGGIO PER UN P-180 AVANTI EVO &#187; Spazio-News Magazine","description":"Il gruppo canadese Centoco Holding Corp ha preso in consegna un Piaggio P-180 Avanti EVO. Prodotto nel 2018, ed impiegato da Piaggio in","robots":{"index":"index","follow":"follow","max-snippet":"max-snippet:-1","max-image-preview":"max-image-preview:large","max-video-preview":"max-video-preview:-1"},"canonical":"https:\/\/spazio-news.it\/?p=7334","og_locale":"it_IT","og_type":"article","og_title":"ACCORDO CENTOCO \u2013 PIAGGIO PER UN P-180 AVANTI EVO &#187; Spazio-News Magazine","og_description":"Il gruppo canadese Centoco Holding Corp ha preso in consegna un Piaggio P-180 Avanti EVO. Prodotto nel 2018, ed impiegato da Piaggio in","og_url":"https:\/\/spazio-news.it\/?p=7334","og_site_name":"Spazio-News Magazine","article_publisher":"https:\/\/m.facebook.com\/spazio-news-magazine","article_author":"@SpazioNewsMagazine","article_published_time":"2019-12-02T01:08:26+00:00","og_image":[{"width":800,"height":446,"url":"https:\/\/spazio-news.it\/wp-content\/uploads\/2018\/11\/Piaggio-Aerospace-P-180-Spazio-News.it_-e1556974354880.png","type":"image\/png"}],"author":"Redazione","twitter_card":"summary_large_image","twitter_creator":"@news_spazio","twitter_site":"@News_spazio","twitter_misc":{"Scritto da":"Redazione","Tempo di lettura stimato":"1 minuto"},"schema":{"@context":"https:\/\/schema.org","@graph":[{"@type":"NewsArticle","@id":"https:\/\/spazio-news.it\/?p=7334#article","isPartOf":{"@id":"https:\/\/spazio-news.it\/?p=7334"},"author":{"name":"Redazione","@id":"https:\/\/spazio-news.it\/#\/schema\/person\/c600904e882e9e166ed8e5e3773d37b3"},"headline":"ACCORDO CENTOCO \u2013 PIAGGIO PER UN P-180 AVANTI EVO","datePublished":"2019-12-02T01:08:26+00:00","mainEntityOfPage":{"@id":"https:\/\/spazio-news.it\/?p=7334"},"wordCount":202,"publisher":{"@id":"https:\/\/spazio-news.it\/#organization"},"image":{"@id":"https:\/\/spazio-news.it\/?p=7334#primaryimage"},"thumbnailUrl":"http:\/\/spazio-news.it\/wp-content\/uploads\/2018\/11\/Piaggio-Aerospace-P-180-Spazio-News.it_-e1556974354880.png","keywords":["Centoco Holding Corp","Piaggio Aero Industries SpA","Piaggio Aerospace","Piaggio Aerospace P-180 Avanti EVO","Vincenzo Nicastro"],"articleSection":["01 - PRIMA PAGINA","02 - INDUSTRIA"],"inLanguage":"it-IT"},{"@type":"WebPage","@id":"https:\/\/spazio-news.it\/?p=7334","url":"https:\/\/spazio-news.it\/?p=7334","name":"ACCORDO CENTOCO \u2013 PIAGGIO PER UN P-180 AVANTI EVO &#187; Spazio-News Magazine","isPartOf":{"@id":"https:\/\/spazio-news.it\/#website"},"primaryImageOfPage":{"@id":"https:\/\/spazio-news.it\/?p=7334#primaryimage"},"image":{"@id":"https:\/\/spazio-news.it\/?p=7334#primaryimage"},"thumbnailUrl":"http:\/\/spazio-news.it\/wp-content\/uploads\/2018\/11\/Piaggio-Aerospace-P-180-Spazio-News.it_-e1556974354880.png","datePublished":"2019-12-02T01:08:26+00:00","description":"Il gruppo canadese Centoco Holding Corp ha preso in consegna un Piaggio P-180 Avanti EVO. Prodotto nel 2018, ed impiegato da Piaggio in","breadcrumb":{"@id":"https:\/\/spazio-news.it\/?p=7334#breadcrumb"},"inLanguage":"it-IT","potentialAction":[{"@type":"ReadAction","target":["https:\/\/spazio-news.it\/?p=7334"]}]},{"@type":"ImageObject","inLanguage":"it-IT","@id":"https:\/\/spazio-news.it\/?p=7334#primaryimage","url":"http:\/\/spazio-news.it\/wp-content\/uploads\/2018\/11\/Piaggio-Aerospace-P-180-Spazio-News.it_-e1556974354880.png","contentUrl":"http:\/\/spazio-news.it\/wp-content\/uploads\/2018\/11\/Piaggio-Aerospace-P-180-Spazio-News.it_-e1556974354880.png","width":800,"height":446,"caption":"Piaggio Aerospace P-180 Spazio-News.it"},{"@type":"BreadcrumbList","@id":"https:\/\/spazio-news.it\/?p=7334#breadcrumb","itemListElement":[{"@type":"ListItem","position":1,"name":"Home","item":"https:\/\/spazio-news.it\/"},{"@type":"ListItem","position":2,"name":"ACCORDO CENTOCO \u2013 PIAGGIO PER UN P-180 AVANTI EVO"}]},{"@type":"WebSite","@id":"https:\/\/spazio-news.it\/#website","url":"https:\/\/spazio-news.it\/","name":"Spazio-News Magazine","description":"La guida che sfida la complessit\u00e0 del mondo industriale","publisher":{"@id":"https:\/\/spazio-news.it\/#organization"},"alternateName":"Spazio-news.it","potentialAction":[{"@type":"SearchAction","target":{"@type":"EntryPoint","urlTemplate":"https:\/\/spazio-news.it\/?s={search_term_string}"},"query-input":{"@type":"PropertyValueSpecification","valueRequired":true,"valueName":"search_term_string"}}],"inLanguage":"it-IT"},{"@type":"Organization","@id":"https:\/\/spazio-news.it\/#organization","name":"Spazio-News Magazine","url":"https:\/\/spazio-news.it\/","logo":{"@type":"ImageObject","inLanguage":"it-IT","@id":"https:\/\/spazio-news.it\/#\/schema\/logo\/image\/","url":"http:\/\/spazio-news.it\/wp-content\/uploads\/2023\/09\/Logo-Spazio-News-512-x-512-NO-testo.jpg","contentUrl":"http:\/\/spazio-news.it\/wp-content\/uploads\/2023\/09\/Logo-Spazio-News-512-x-512-NO-testo.jpg","width":512,"height":512,"caption":"Spazio-News Magazine"},"image":{"@id":"https:\/\/spazio-news.it\/#\/schema\/logo\/image\/"},"sameAs":["https:\/\/m.facebook.com\/spazio-news-magazine","https:\/\/x.com\/News_spazio"]},{"@type":"Person","@id":"https:\/\/spazio-news.it\/#\/schema\/person\/c600904e882e9e166ed8e5e3773d37b3","name":"Redazione","sameAs":["http:\/\/spazio-news.it","@SpazioNewsMagazine","https:\/\/x.com\/@news_spazio"],"url":"http:\/\/spazio-news.it\/?author=1"}]}},"_links":{"self":[{"href":"http:\/\/spazio-news.it\/index.php?rest_route=\/wp\/v2\/posts\/7334","targetHints":{"allow":["GET"]}}],"collection":[{"href":"http:\/\/spazio-news.it\/index.php?rest_route=\/wp\/v2\/posts"}],"about":[{"href":"http:\/\/spazio-news.it\/index.php?rest_route=\/wp\/v2\/types\/post"}],"author":[{"embeddable":true,"href":"http:\/\/spazio-news.it\/index.php?rest_route=\/wp\/v2\/users\/1"}],"replies":[{"embeddable":true,"href":"http:\/\/spazio-news.it\/index.php?rest_route=%2Fwp%2Fv2%2Fcomments&post=7334"}],"version-history":[{"count":1,"href":"http:\/\/spazio-news.it\/index.php?rest_route=\/wp\/v2\/posts\/7334\/revisions"}],"predecessor-version":[{"id":7335,"href":"http:\/\/spazio-news.it\/index.php?rest_route=\/wp\/v2\/posts\/7334\/revisions\/7335"}],"wp:featuredmedia":[{"embeddable":true,"href":"http:\/\/spazio-news.it\/index.php?rest_route=\/wp\/v2\/media\/2355"}],"wp:attachment":[{"href":"http:\/\/spazio-news.it\/index.php?rest_route=%2Fwp%2Fv2%2Fmedia&parent=7334"}],"wp:term":[{"taxonomy":"category","embeddable":true,"href":"http:\/\/spazio-news.it\/index.php?rest_route=%2Fwp%2Fv2%2Fcategories&post=7334"},{"taxonomy":"post_tag","embeddable":true,"href":"http:\/\/spazio-news.it\/index.php?rest_route=%2Fwp%2Fv2%2Ftags&post=7334"}],"curies":[{"name":"wp","href":"https:\/\/api.w.org\/{rel}","templated":true}]}}