{"id":756,"date":"2018-09-07T09:27:46","date_gmt":"2018-09-07T09:27:46","guid":{"rendered":"http:\/\/spazio-news.it\/?p=756"},"modified":"2019-05-27T20:07:00","modified_gmt":"2019-05-27T19:07:00","slug":"tofalo-visita-il-centro-sperimentale-di-volo-dellam","status":"publish","type":"post","link":"http:\/\/spazio-news.it\/?p=756","title":{"rendered":"TOFALO VISITA IL CENTRO SPERIMENTALE DI VOLO DELL\u2019AM"},"content":{"rendered":"<p>Il <strong>Sottosegretario di Stato alla Difesa<\/strong>, <strong>Angelo Tofalo<\/strong>, si \u00e8 recato in visita presso i Reparti del Centro Sperimentale di Volo dell\u2019Aeronautica Militare di <strong>Pratica di Mare<\/strong>, nell\u2019ambito degli incontri con il <strong>personale militare<\/strong> per <strong>approfondire<\/strong> la <strong>conoscenza<\/strong> delle specifiche realt\u00e0.<\/p>\n<p>Ad accoglierlo nell\u2019aeroporto \u201c<strong>Mario De Bernardi<\/strong>\u201d erano presenti il <strong>Comandante Logistico Generale di Squadra Aerea Giovanni Fantuzzi<\/strong>, da cui dipende il <strong>Centro Sperimentale di Volo<\/strong> al comando del <strong>Generale di Brigata Aerea Mauro Lunardi<\/strong>.<\/p>\n<p>La visita \u00e8 iniziata con la presentazione delle principali attivit\u00e0 del Centro tra cui la sperimentazione e valutazione degli aeromobili dell\u2019Aeronautica Militare e del materiale tecnico, la definizione delle metodologie per il loro impiego e la manutenzione, il controllo della configurazione software degli aeromobili.<\/p>\n<p><em>\u201cHo iniziato una serie di incontri e visite ai Reparti della Difesa per approfondire la conoscenza degli uomini e delle donne che ogni giorno monitorano luoghi sensibili, navigano sopra e sotto il livello del mare, ci rappresentano nelle missioni in Europa e nel mondo, sorvolano il nostro ed altri territori, per trovare le soluzioni utili ad accrescerne l\u2019operativit\u00e0 e di conseguenza innalzare il nostro livello di sicurezza. Oggi ho visto militari di elevatissima professionalit\u00e0 che con estrema competenza e passione servono le Istituzioni e il Paese. \u00c8 nostro dovere offrire loro gli strumenti per restringere al minimo la propria vulnerabilit\u00e0 durante lo svolgimento di azioni con una portata ai limiti delle potenzialit\u00e0 umane &#8211;<\/em> ha commentato il Sottosegretario Tofalo, sottolineando che <em>\u201cil Centro Sperimentale di Volo rappresenta una vera e propria nicchia di eccellenza e motivo di orgoglio per la Difesa\u201d.<\/em><\/p>\n<p>Al Sottosegretario \u00e8 stato presentato il velivolo <strong>T-346A<\/strong> che rappresenta il pi\u00f9 moderno velivolo prodotto da <strong>Leonardo <\/strong>(<a href=\"http:\/\/www.leonardocompany.com\"><em>www.<cite class=\"iUh30\">leonardocompany.com<\/cite><\/em><\/a>) per l\u2019addestramento avanzato dei piloti dell\u2019<strong>Aeronautica Militare<\/strong> destinati a operare principalmente su <strong>Eurofighter ed F-35<\/strong>. Completate le procedure di sicurezza, Tofalo ha eseguito un volo a bordo di questo velivolo che associato a un sistema di addestramento a terra (Ground Based Training System) composto da pi\u00f9 apparati di simulazione, \u00e8 stato progettato per soddisfare in termini di costo ed efficacia specifici obiettivi addestrativi. In particolare grazie alla sua sofisticata tecnologia di simulazione, gli allievi hanno la possibilit\u00e0 di addestrarsi in scenari complessi e i piloti militari di realizzare le fasi di addestramento avanzato in maniera efficace e a costi ridotti.<\/p>\n<p>La visita \u00e8 proseguita nei laboratori del Reparto Tecnologie Materiali Aeronautici e Spaziali e al Reparto Medicina Aeronautica e Spaziale. Al termine, nel salutare e ringraziare il personale del Centro Sperimentale di Volo, il Sottosegretario Tofalo ha voluto sottolineare che <em>\u201cin virt\u00f9 della delega concessa dal Ministro Trenta, relativa alla trattazione delle problematiche connesse alla diffusione della cultura della difesa e della sicurezza, \u00e8 mia ferma intenzione continuare questo giro di visite e di incontri con il personale civile e militare della Difesa per conoscere personalmente e poter raccontare le diverse realt\u00e0 dove operano le nostre donne ed i nostri uomini\u201d.<\/em><\/p>\n","protected":false},"excerpt":{"rendered":"<p>Il Sottosegretario di Stato alla Difesa, Angelo Tofalo, si \u00e8 recato in visita presso i Reparti del Centro Sperimentale di<\/p>\n","protected":false},"author":1,"featured_media":757,"comment_status":"closed","ping_status":"open","sticky":false,"template":"","format":"standard","meta":{"colormag_page_container_layout":"default_layout","colormag_page_sidebar_layout":"default_layout","footnotes":""},"categories":[32,4],"tags":[54,478,617,19,53,488,618,616],"class_list":["post-756","post","type-post","status-publish","format-standard","has-post-thumbnail","hentry","category-prima-pagina","category-istituzioni","tag-aeronautica-militare-italiana","tag-angelo-tofalo","tag-centro-sperimentale-di-volo-dellaeronautica-militare","tag-difesa","tag-eurofighter","tag-pratica-di-mare","tag-reparto-sperimentale-volo-rsv","tag-sottosegretario-di-stato-alla-difesa"],"yoast_head":"<!-- This site is optimized with the Yoast SEO plugin v26.8 - https:\/\/yoast.com\/product\/yoast-seo-wordpress\/ -->\n<title>TOFALO VISITA IL CENTRO SPERIMENTALE DI VOLO DELL\u2019AM &#187; Spazio-News Magazine<\/title>\n<meta name=\"description\" content=\"Il Sottosegretario di Stato alla Difesa, Angelo Tofalo, si \u00e8 recato in visita presso i Reparti del Centro Sperimentale di Volo dell\u2019Aeronautica Militare di\" \/>\n<meta name=\"robots\" content=\"index, follow, max-snippet:-1, max-image-preview:large, max-video-preview:-1\" \/>\n<link rel=\"canonical\" href=\"http:\/\/spazio-news.it\/?p=756\" \/>\n<meta property=\"og:locale\" content=\"it_IT\" \/>\n<meta property=\"og:type\" content=\"article\" \/>\n<meta property=\"og:title\" content=\"TOFALO VISITA IL CENTRO SPERIMENTALE DI VOLO DELL\u2019AM &#187; Spazio-News Magazine\" \/>\n<meta property=\"og:description\" content=\"Il Sottosegretario di Stato alla Difesa, Angelo Tofalo, si \u00e8 recato in visita presso i Reparti del Centro Sperimentale di Volo dell\u2019Aeronautica Militare di\" \/>\n<meta property=\"og:url\" content=\"http:\/\/spazio-news.it\/?p=756\" \/>\n<meta property=\"og:site_name\" content=\"Spazio-News Magazine\" \/>\n<meta property=\"article:publisher\" content=\"https:\/\/m.facebook.com\/spazio-news-magazine\" \/>\n<meta property=\"article:author\" content=\"@SpazioNewsMagazine\" \/>\n<meta property=\"article:published_time\" content=\"2018-09-07T09:27:46+00:00\" \/>\n<meta property=\"article:modified_time\" content=\"2019-05-27T19:07:00+00:00\" \/>\n<meta property=\"og:image\" content=\"http:\/\/spazio-news.it\/wp-content\/uploads\/2018\/09\/Angelo-Tofalo-Difesa-Reparto-Sperimentale-Volo-AMI-Spazio-news.it_.jpg\" \/>\n\t<meta property=\"og:image:width\" content=\"800\" \/>\n\t<meta property=\"og:image:height\" content=\"445\" \/>\n\t<meta property=\"og:image:type\" content=\"image\/jpeg\" \/>\n<meta name=\"author\" content=\"Redazione\" \/>\n<meta name=\"twitter:card\" content=\"summary_large_image\" \/>\n<meta name=\"twitter:creator\" content=\"@news_spazio\" \/>\n<meta name=\"twitter:site\" content=\"@News_spazio\" \/>\n<meta name=\"twitter:label1\" content=\"Scritto da\" \/>\n\t<meta name=\"twitter:data1\" content=\"Redazione\" \/>\n\t<meta name=\"twitter:label2\" content=\"Tempo di lettura stimato\" \/>\n\t<meta name=\"twitter:data2\" content=\"2 minuti\" \/>\n<script type=\"application\/ld+json\" class=\"yoast-schema-graph\">{\"@context\":\"https:\/\/schema.org\",\"@graph\":[{\"@type\":\"NewsArticle\",\"@id\":\"http:\/\/spazio-news.it\/?p=756#article\",\"isPartOf\":{\"@id\":\"http:\/\/spazio-news.it\/?p=756\"},\"author\":{\"name\":\"Redazione\",\"@id\":\"http:\/\/spazio-news.it\/#\/schema\/person\/c600904e882e9e166ed8e5e3773d37b3\"},\"headline\":\"TOFALO VISITA IL CENTRO SPERIMENTALE DI VOLO DELL\u2019AM\",\"datePublished\":\"2018-09-07T09:27:46+00:00\",\"dateModified\":\"2019-05-27T19:07:00+00:00\",\"mainEntityOfPage\":{\"@id\":\"http:\/\/spazio-news.it\/?p=756\"},\"wordCount\":491,\"publisher\":{\"@id\":\"http:\/\/spazio-news.it\/#organization\"},\"image\":{\"@id\":\"http:\/\/spazio-news.it\/?p=756#primaryimage\"},\"thumbnailUrl\":\"http:\/\/spazio-news.it\/wp-content\/uploads\/2018\/09\/Angelo-Tofalo-Difesa-Reparto-Sperimentale-Volo-AMI-Spazio-news.it_.jpg\",\"keywords\":[\"Aeronautica Militare Italiana\",\"Angelo Tofalo\",\"Centro Sperimentale di Volo dell\u2019Aeronautica Militare\",\"difesa\",\"Eurofighter\",\"Pratica di Mare\",\"Reparto Sperimentale Volo - RSV\",\"Sottosegretario di Stato alla Difesa\"],\"articleSection\":[\"01 - PRIMA PAGINA\",\"03 - ISTITUZIONI\"],\"inLanguage\":\"it-IT\"},{\"@type\":\"WebPage\",\"@id\":\"http:\/\/spazio-news.it\/?p=756\",\"url\":\"http:\/\/spazio-news.it\/?p=756\",\"name\":\"TOFALO VISITA IL CENTRO SPERIMENTALE DI VOLO DELL\u2019AM &#187; Spazio-News Magazine\",\"isPartOf\":{\"@id\":\"http:\/\/spazio-news.it\/#website\"},\"primaryImageOfPage\":{\"@id\":\"http:\/\/spazio-news.it\/?p=756#primaryimage\"},\"image\":{\"@id\":\"http:\/\/spazio-news.it\/?p=756#primaryimage\"},\"thumbnailUrl\":\"http:\/\/spazio-news.it\/wp-content\/uploads\/2018\/09\/Angelo-Tofalo-Difesa-Reparto-Sperimentale-Volo-AMI-Spazio-news.it_.jpg\",\"datePublished\":\"2018-09-07T09:27:46+00:00\",\"dateModified\":\"2019-05-27T19:07:00+00:00\",\"description\":\"Il Sottosegretario di Stato alla Difesa, Angelo Tofalo, si \u00e8 recato in visita presso i Reparti del Centro Sperimentale di Volo dell\u2019Aeronautica Militare di\",\"breadcrumb\":{\"@id\":\"http:\/\/spazio-news.it\/?p=756#breadcrumb\"},\"inLanguage\":\"it-IT\",\"potentialAction\":[{\"@type\":\"ReadAction\",\"target\":[\"http:\/\/spazio-news.it\/?p=756\"]}]},{\"@type\":\"ImageObject\",\"inLanguage\":\"it-IT\",\"@id\":\"http:\/\/spazio-news.it\/?p=756#primaryimage\",\"url\":\"http:\/\/spazio-news.it\/wp-content\/uploads\/2018\/09\/Angelo-Tofalo-Difesa-Reparto-Sperimentale-Volo-AMI-Spazio-news.it_.jpg\",\"contentUrl\":\"http:\/\/spazio-news.it\/wp-content\/uploads\/2018\/09\/Angelo-Tofalo-Difesa-Reparto-Sperimentale-Volo-AMI-Spazio-news.it_.jpg\",\"width\":800,\"height\":445,\"caption\":\"Angelo Tofalo Difesa Reparto Sperimentale Volo AMI Spazio-news.it\"},{\"@type\":\"BreadcrumbList\",\"@id\":\"http:\/\/spazio-news.it\/?p=756#breadcrumb\",\"itemListElement\":[{\"@type\":\"ListItem\",\"position\":1,\"name\":\"Home\",\"item\":\"http:\/\/spazio-news.it\/\"},{\"@type\":\"ListItem\",\"position\":2,\"name\":\"TOFALO VISITA IL CENTRO SPERIMENTALE DI VOLO DELL\u2019AM\"}]},{\"@type\":\"WebSite\",\"@id\":\"http:\/\/spazio-news.it\/#website\",\"url\":\"http:\/\/spazio-news.it\/\",\"name\":\"Spazio-News Magazine\",\"description\":\"La guida che sfida la complessit\u00e0 del mondo industriale\",\"publisher\":{\"@id\":\"http:\/\/spazio-news.it\/#organization\"},\"alternateName\":\"Spazio-news.it\",\"potentialAction\":[{\"@type\":\"SearchAction\",\"target\":{\"@type\":\"EntryPoint\",\"urlTemplate\":\"http:\/\/spazio-news.it\/?s={search_term_string}\"},\"query-input\":{\"@type\":\"PropertyValueSpecification\",\"valueRequired\":true,\"valueName\":\"search_term_string\"}}],\"inLanguage\":\"it-IT\"},{\"@type\":\"Organization\",\"@id\":\"http:\/\/spazio-news.it\/#organization\",\"name\":\"Spazio-News Magazine\",\"url\":\"http:\/\/spazio-news.it\/\",\"logo\":{\"@type\":\"ImageObject\",\"inLanguage\":\"it-IT\",\"@id\":\"http:\/\/spazio-news.it\/#\/schema\/logo\/image\/\",\"url\":\"http:\/\/spazio-news.it\/wp-content\/uploads\/2023\/09\/Logo-Spazio-News-512-x-512-NO-testo.jpg\",\"contentUrl\":\"http:\/\/spazio-news.it\/wp-content\/uploads\/2023\/09\/Logo-Spazio-News-512-x-512-NO-testo.jpg\",\"width\":512,\"height\":512,\"caption\":\"Spazio-News Magazine\"},\"image\":{\"@id\":\"http:\/\/spazio-news.it\/#\/schema\/logo\/image\/\"},\"sameAs\":[\"https:\/\/m.facebook.com\/spazio-news-magazine\",\"https:\/\/x.com\/News_spazio\"]},{\"@type\":\"Person\",\"@id\":\"http:\/\/spazio-news.it\/#\/schema\/person\/c600904e882e9e166ed8e5e3773d37b3\",\"name\":\"Redazione\",\"sameAs\":[\"http:\/\/spazio-news.it\",\"@SpazioNewsMagazine\",\"https:\/\/x.com\/@news_spazio\"],\"url\":\"http:\/\/spazio-news.it\/?author=1\"}]}<\/script>\n<!-- \/ Yoast SEO plugin. -->","yoast_head_json":{"title":"TOFALO VISITA IL CENTRO SPERIMENTALE DI VOLO DELL\u2019AM &#187; Spazio-News Magazine","description":"Il Sottosegretario di Stato alla Difesa, Angelo Tofalo, si \u00e8 recato in visita presso i Reparti del Centro Sperimentale di Volo dell\u2019Aeronautica Militare di","robots":{"index":"index","follow":"follow","max-snippet":"max-snippet:-1","max-image-preview":"max-image-preview:large","max-video-preview":"max-video-preview:-1"},"canonical":"http:\/\/spazio-news.it\/?p=756","og_locale":"it_IT","og_type":"article","og_title":"TOFALO VISITA IL CENTRO SPERIMENTALE DI VOLO DELL\u2019AM &#187; Spazio-News Magazine","og_description":"Il Sottosegretario di Stato alla Difesa, Angelo Tofalo, si \u00e8 recato in visita presso i Reparti del Centro Sperimentale di Volo dell\u2019Aeronautica Militare di","og_url":"http:\/\/spazio-news.it\/?p=756","og_site_name":"Spazio-News Magazine","article_publisher":"https:\/\/m.facebook.com\/spazio-news-magazine","article_author":"@SpazioNewsMagazine","article_published_time":"2018-09-07T09:27:46+00:00","article_modified_time":"2019-05-27T19:07:00+00:00","og_image":[{"width":800,"height":445,"url":"http:\/\/spazio-news.it\/wp-content\/uploads\/2018\/09\/Angelo-Tofalo-Difesa-Reparto-Sperimentale-Volo-AMI-Spazio-news.it_.jpg","type":"image\/jpeg"}],"author":"Redazione","twitter_card":"summary_large_image","twitter_creator":"@news_spazio","twitter_site":"@News_spazio","twitter_misc":{"Scritto da":"Redazione","Tempo di lettura stimato":"2 minuti"},"schema":{"@context":"https:\/\/schema.org","@graph":[{"@type":"NewsArticle","@id":"http:\/\/spazio-news.it\/?p=756#article","isPartOf":{"@id":"http:\/\/spazio-news.it\/?p=756"},"author":{"name":"Redazione","@id":"http:\/\/spazio-news.it\/#\/schema\/person\/c600904e882e9e166ed8e5e3773d37b3"},"headline":"TOFALO VISITA IL CENTRO SPERIMENTALE DI VOLO DELL\u2019AM","datePublished":"2018-09-07T09:27:46+00:00","dateModified":"2019-05-27T19:07:00+00:00","mainEntityOfPage":{"@id":"http:\/\/spazio-news.it\/?p=756"},"wordCount":491,"publisher":{"@id":"http:\/\/spazio-news.it\/#organization"},"image":{"@id":"http:\/\/spazio-news.it\/?p=756#primaryimage"},"thumbnailUrl":"http:\/\/spazio-news.it\/wp-content\/uploads\/2018\/09\/Angelo-Tofalo-Difesa-Reparto-Sperimentale-Volo-AMI-Spazio-news.it_.jpg","keywords":["Aeronautica Militare Italiana","Angelo Tofalo","Centro Sperimentale di Volo dell\u2019Aeronautica Militare","difesa","Eurofighter","Pratica di Mare","Reparto Sperimentale Volo - RSV","Sottosegretario di Stato alla Difesa"],"articleSection":["01 - PRIMA PAGINA","03 - ISTITUZIONI"],"inLanguage":"it-IT"},{"@type":"WebPage","@id":"http:\/\/spazio-news.it\/?p=756","url":"http:\/\/spazio-news.it\/?p=756","name":"TOFALO VISITA IL CENTRO SPERIMENTALE DI VOLO DELL\u2019AM &#187; Spazio-News Magazine","isPartOf":{"@id":"http:\/\/spazio-news.it\/#website"},"primaryImageOfPage":{"@id":"http:\/\/spazio-news.it\/?p=756#primaryimage"},"image":{"@id":"http:\/\/spazio-news.it\/?p=756#primaryimage"},"thumbnailUrl":"http:\/\/spazio-news.it\/wp-content\/uploads\/2018\/09\/Angelo-Tofalo-Difesa-Reparto-Sperimentale-Volo-AMI-Spazio-news.it_.jpg","datePublished":"2018-09-07T09:27:46+00:00","dateModified":"2019-05-27T19:07:00+00:00","description":"Il Sottosegretario di Stato alla Difesa, Angelo Tofalo, si \u00e8 recato in visita presso i Reparti del Centro Sperimentale di Volo dell\u2019Aeronautica Militare di","breadcrumb":{"@id":"http:\/\/spazio-news.it\/?p=756#breadcrumb"},"inLanguage":"it-IT","potentialAction":[{"@type":"ReadAction","target":["http:\/\/spazio-news.it\/?p=756"]}]},{"@type":"ImageObject","inLanguage":"it-IT","@id":"http:\/\/spazio-news.it\/?p=756#primaryimage","url":"http:\/\/spazio-news.it\/wp-content\/uploads\/2018\/09\/Angelo-Tofalo-Difesa-Reparto-Sperimentale-Volo-AMI-Spazio-news.it_.jpg","contentUrl":"http:\/\/spazio-news.it\/wp-content\/uploads\/2018\/09\/Angelo-Tofalo-Difesa-Reparto-Sperimentale-Volo-AMI-Spazio-news.it_.jpg","width":800,"height":445,"caption":"Angelo Tofalo Difesa Reparto Sperimentale Volo AMI Spazio-news.it"},{"@type":"BreadcrumbList","@id":"http:\/\/spazio-news.it\/?p=756#breadcrumb","itemListElement":[{"@type":"ListItem","position":1,"name":"Home","item":"http:\/\/spazio-news.it\/"},{"@type":"ListItem","position":2,"name":"TOFALO VISITA IL CENTRO SPERIMENTALE DI VOLO DELL\u2019AM"}]},{"@type":"WebSite","@id":"http:\/\/spazio-news.it\/#website","url":"http:\/\/spazio-news.it\/","name":"Spazio-News Magazine","description":"La guida che sfida la complessit\u00e0 del mondo industriale","publisher":{"@id":"http:\/\/spazio-news.it\/#organization"},"alternateName":"Spazio-news.it","potentialAction":[{"@type":"SearchAction","target":{"@type":"EntryPoint","urlTemplate":"http:\/\/spazio-news.it\/?s={search_term_string}"},"query-input":{"@type":"PropertyValueSpecification","valueRequired":true,"valueName":"search_term_string"}}],"inLanguage":"it-IT"},{"@type":"Organization","@id":"http:\/\/spazio-news.it\/#organization","name":"Spazio-News Magazine","url":"http:\/\/spazio-news.it\/","logo":{"@type":"ImageObject","inLanguage":"it-IT","@id":"http:\/\/spazio-news.it\/#\/schema\/logo\/image\/","url":"http:\/\/spazio-news.it\/wp-content\/uploads\/2023\/09\/Logo-Spazio-News-512-x-512-NO-testo.jpg","contentUrl":"http:\/\/spazio-news.it\/wp-content\/uploads\/2023\/09\/Logo-Spazio-News-512-x-512-NO-testo.jpg","width":512,"height":512,"caption":"Spazio-News Magazine"},"image":{"@id":"http:\/\/spazio-news.it\/#\/schema\/logo\/image\/"},"sameAs":["https:\/\/m.facebook.com\/spazio-news-magazine","https:\/\/x.com\/News_spazio"]},{"@type":"Person","@id":"http:\/\/spazio-news.it\/#\/schema\/person\/c600904e882e9e166ed8e5e3773d37b3","name":"Redazione","sameAs":["http:\/\/spazio-news.it","@SpazioNewsMagazine","https:\/\/x.com\/@news_spazio"],"url":"http:\/\/spazio-news.it\/?author=1"}]}},"_links":{"self":[{"href":"http:\/\/spazio-news.it\/index.php?rest_route=\/wp\/v2\/posts\/756","targetHints":{"allow":["GET"]}}],"collection":[{"href":"http:\/\/spazio-news.it\/index.php?rest_route=\/wp\/v2\/posts"}],"about":[{"href":"http:\/\/spazio-news.it\/index.php?rest_route=\/wp\/v2\/types\/post"}],"author":[{"embeddable":true,"href":"http:\/\/spazio-news.it\/index.php?rest_route=\/wp\/v2\/users\/1"}],"replies":[{"embeddable":true,"href":"http:\/\/spazio-news.it\/index.php?rest_route=%2Fwp%2Fv2%2Fcomments&post=756"}],"version-history":[{"count":7,"href":"http:\/\/spazio-news.it\/index.php?rest_route=\/wp\/v2\/posts\/756\/revisions"}],"predecessor-version":[{"id":4635,"href":"http:\/\/spazio-news.it\/index.php?rest_route=\/wp\/v2\/posts\/756\/revisions\/4635"}],"wp:featuredmedia":[{"embeddable":true,"href":"http:\/\/spazio-news.it\/index.php?rest_route=\/wp\/v2\/media\/757"}],"wp:attachment":[{"href":"http:\/\/spazio-news.it\/index.php?rest_route=%2Fwp%2Fv2%2Fmedia&parent=756"}],"wp:term":[{"taxonomy":"category","embeddable":true,"href":"http:\/\/spazio-news.it\/index.php?rest_route=%2Fwp%2Fv2%2Fcategories&post=756"},{"taxonomy":"post_tag","embeddable":true,"href":"http:\/\/spazio-news.it\/index.php?rest_route=%2Fwp%2Fv2%2Ftags&post=756"}],"curies":[{"name":"wp","href":"https:\/\/api.w.org\/{rel}","templated":true}]}}