{"id":7575,"date":"2019-12-18T08:11:06","date_gmt":"2019-12-18T07:11:06","guid":{"rendered":"http:\/\/spazio-news.it\/?p=7575"},"modified":"2020-01-16T10:14:31","modified_gmt":"2020-01-16T09:14:31","slug":"cultura-dello-spazio-si-chiude-lasi-open-days-2019","status":"publish","type":"post","link":"http:\/\/spazio-news.it\/?p=7575","title":{"rendered":"CULTURA DELLO SPAZIO: SI CHIUDE L&#8217;ASI OPEN DAYS 2019"},"content":{"rendered":"<p>Si \u00e8 concluso, lo scorso <strong>11 dicembre<\/strong>, l\u2019ultimo appuntamento del 19 degli &#8220;<a href=\"https:\/\/www.asi.it\">ASI Open Days<\/a>&#8220;,gli eventi di<strong> diffusione della cultura spaziale <\/strong>che l\u2019<a href=\"https:\/\/www.asi.it\">Agenzia Spaziale Italiana<\/a> rivolge agli studenti. Undici giorni, in quattro cicli, all&#8217;insegna della<strong> scienza spaziale <\/strong>e del divertimento, con esperti del settore che hanno guidato i visitatori alla <strong>scoperta dello spazio<\/strong>.<\/p>\n<p>Gli studenti hanno avuto l\u2019opportunit\u00e0 di partecipare con i loro insegnanti a un programma che ha incoraggiato il <strong>ragionamento scientifico<\/strong> e il <strong>lavoro di gruppo<\/strong>. Nel corso della manifestazione, infatti, grande spazio \u00e8 stato destinato ai <strong>laboratori \u201c<\/strong><strong>hands<\/strong><em><strong>&#8211;<\/strong><\/em><strong>on\u201d<\/strong> dove gli studenti, divisi in gruppi, hanno imparato vari concetti sperimentando e utilizzando il metodo scientifico anche con l\u2019aiuto di modelli e di entusiasmanti video.<\/p>\n<p>I piccoli visitatori hanno anche avuto l\u2019occasione di conoscere meglio la <strong>Stazione Spaziale Internazionale<\/strong> &#8211; <strong>ISS<\/strong> e la <strong>vita degli<\/strong><strong>astronauti<\/strong> che si trovano a bordo: hanno capito come \u00e8 nata la <strong>ISS<\/strong> e studiato le caratteristiche e moduli principali.<\/p>\n<p>\u201c<em>Ma soprattutto hanno scoperto <\/em><em>cosa fanno ogni giorno gli astronauti<\/em><em>: dai diversi esperimenti scientifici ai test continui che devono effettuare sul proprio corpo sottoposto a condizioni di microgravit\u00e0. E hanno compreso come le attivit\u00e0 che svolgono vadano inquadrate nel quadro pi\u00f9 ampio del tentativo di vivere in futuro permanentemente nello Spazio e colonizzare altri pianeti<\/em> \u2013 si legge nella nota diffusa dall\u2019ASI -. <em>Proprio per questo \u00e8 stata dedicata grande attenzione anche al<\/em><em>pianeta Marte<\/em><em>: un pianeta per alcuni versi simili al nostro, la cui colonizzazione sembra diventare &#8211; giorno dopo giorno &#8211; sempre pi\u00f9 tecnicamente possibile.&nbsp; I giovani visitatori hanno sperimentato quali sono le difficolt\u00e0 connesse all&#8217;atterraggio di una sonda sul Pianeta Rosso e imparato come superarle. Gli studenti hanno avuto anche l\u2019opportunit\u00e0 di <\/em><em>costruire un modello funzionante di <\/em><em>lander<\/em><em> e di cimentarsi in alcune missioni in un ambiente marziano simulato, scoprendo <\/em><em>cosa sono e<\/em><em>a cosa servono i <\/em><em>rover<\/em><em> e quali sono le sfide legate alla loro progettazione\u201d.<\/em><\/p>\n<p>L\u2019<strong>Agenzia<\/strong> riaprir\u00e0 le proprie porte agli studenti delle <strong>scuole primarie<\/strong> e <strong>secondarie<\/strong><strong>di primo grado<\/strong> nella <strong>primavera 2020<\/strong>, a cui saranno proposte nuove <strong>attivit\u00e0<\/strong><strong>interattive<\/strong>, <strong>esercitazioni<\/strong> e <strong>laboratori<\/strong> capaci di ispirare i giovani visitatori e i loro insegnanti.<\/p>\n","protected":false},"excerpt":{"rendered":"<p>Si \u00e8 concluso, lo scorso 11 dicembre, l\u2019ultimo appuntamento del 19 degli &#8220;ASI Open Days&#8220;,gli eventi di diffusione della cultura<\/p>\n","protected":false},"author":1,"featured_media":1622,"comment_status":"closed","ping_status":"open","sticky":false,"template":"","format":"standard","meta":{"colormag_page_container_layout":"default_layout","colormag_page_sidebar_layout":"default_layout","footnotes":""},"categories":[32,4],"tags":[811,4214,129],"class_list":["post-7575","post","type-post","status-publish","format-standard","has-post-thumbnail","hentry","category-prima-pagina","category-istituzioni","tag-agenzia-spaziale-italiana-asi","tag-asi-open-day","tag-spazio"],"yoast_head":"<!-- This site is optimized with the Yoast SEO plugin v26.8 - https:\/\/yoast.com\/product\/yoast-seo-wordpress\/ -->\n<title>CULTURA DELLO SPAZIO: SI CHIUDE L&#039;ASI OPEN DAYS 2019 &#187; Spazio-News Magazine<\/title>\n<meta name=\"description\" content=\"Si \u00e8 concluso, lo scorso 11 dicembre, l\u2019ultimo appuntamento del 2019 degli &quot;ASI Open Days&quot;, gli eventi di diffusione della cultura\" \/>\n<meta name=\"robots\" content=\"index, follow, max-snippet:-1, max-image-preview:large, max-video-preview:-1\" \/>\n<link rel=\"canonical\" href=\"http:\/\/spazio-news.it\/?p=7575\" \/>\n<meta property=\"og:locale\" content=\"it_IT\" \/>\n<meta property=\"og:type\" content=\"article\" \/>\n<meta property=\"og:title\" content=\"CULTURA DELLO SPAZIO: SI CHIUDE L&#039;ASI OPEN DAYS 2019 &#187; Spazio-News Magazine\" \/>\n<meta property=\"og:description\" content=\"Si \u00e8 concluso, lo scorso 11 dicembre, l\u2019ultimo appuntamento del 2019 degli &quot;ASI Open Days&quot;, gli eventi di diffusione della cultura\" \/>\n<meta property=\"og:url\" content=\"http:\/\/spazio-news.it\/?p=7575\" \/>\n<meta property=\"og:site_name\" content=\"Spazio-News Magazine\" \/>\n<meta property=\"article:publisher\" content=\"https:\/\/m.facebook.com\/spazio-news-magazine\" \/>\n<meta property=\"article:author\" content=\"@SpazioNewsMagazine\" \/>\n<meta property=\"article:published_time\" content=\"2019-12-18T07:11:06+00:00\" \/>\n<meta property=\"article:modified_time\" content=\"2020-01-16T09:14:31+00:00\" \/>\n<meta property=\"og:image\" content=\"http:\/\/spazio-news.it\/wp-content\/uploads\/2018\/10\/Agenzia-Spaziale-Italiana-ASI-Logo-porta.png\" \/>\n\t<meta property=\"og:image:width\" content=\"800\" \/>\n\t<meta property=\"og:image:height\" content=\"446\" \/>\n\t<meta property=\"og:image:type\" content=\"image\/png\" \/>\n<meta name=\"author\" content=\"Redazione\" \/>\n<meta name=\"twitter:card\" content=\"summary_large_image\" \/>\n<meta name=\"twitter:creator\" content=\"@news_spazio\" \/>\n<meta name=\"twitter:site\" content=\"@News_spazio\" \/>\n<meta name=\"twitter:label1\" content=\"Scritto da\" \/>\n\t<meta name=\"twitter:data1\" content=\"Redazione\" \/>\n\t<meta name=\"twitter:label2\" content=\"Tempo di lettura stimato\" \/>\n\t<meta name=\"twitter:data2\" content=\"2 minuti\" \/>\n<script type=\"application\/ld+json\" class=\"yoast-schema-graph\">{\"@context\":\"https:\/\/schema.org\",\"@graph\":[{\"@type\":\"NewsArticle\",\"@id\":\"http:\/\/spazio-news.it\/?p=7575#article\",\"isPartOf\":{\"@id\":\"http:\/\/spazio-news.it\/?p=7575\"},\"author\":{\"name\":\"Redazione\",\"@id\":\"http:\/\/spazio-news.it\/#\/schema\/person\/c600904e882e9e166ed8e5e3773d37b3\"},\"headline\":\"CULTURA DELLO SPAZIO: SI CHIUDE L&#8217;ASI OPEN DAYS 2019\",\"datePublished\":\"2019-12-18T07:11:06+00:00\",\"dateModified\":\"2020-01-16T09:14:31+00:00\",\"mainEntityOfPage\":{\"@id\":\"http:\/\/spazio-news.it\/?p=7575\"},\"wordCount\":369,\"publisher\":{\"@id\":\"http:\/\/spazio-news.it\/#organization\"},\"image\":{\"@id\":\"http:\/\/spazio-news.it\/?p=7575#primaryimage\"},\"thumbnailUrl\":\"http:\/\/spazio-news.it\/wp-content\/uploads\/2018\/10\/Agenzia-Spaziale-Italiana-ASI-Logo-porta.png\",\"keywords\":[\"Agenzia Spaziale Italiana - ASI\",\"ASI Open Day\",\"Spazio\"],\"articleSection\":[\"01 - PRIMA PAGINA\",\"03 - ISTITUZIONI\"],\"inLanguage\":\"it-IT\"},{\"@type\":\"WebPage\",\"@id\":\"http:\/\/spazio-news.it\/?p=7575\",\"url\":\"http:\/\/spazio-news.it\/?p=7575\",\"name\":\"CULTURA DELLO SPAZIO: SI CHIUDE L'ASI OPEN DAYS 2019 &#187; Spazio-News Magazine\",\"isPartOf\":{\"@id\":\"http:\/\/spazio-news.it\/#website\"},\"primaryImageOfPage\":{\"@id\":\"http:\/\/spazio-news.it\/?p=7575#primaryimage\"},\"image\":{\"@id\":\"http:\/\/spazio-news.it\/?p=7575#primaryimage\"},\"thumbnailUrl\":\"http:\/\/spazio-news.it\/wp-content\/uploads\/2018\/10\/Agenzia-Spaziale-Italiana-ASI-Logo-porta.png\",\"datePublished\":\"2019-12-18T07:11:06+00:00\",\"dateModified\":\"2020-01-16T09:14:31+00:00\",\"description\":\"Si \u00e8 concluso, lo scorso 11 dicembre, l\u2019ultimo appuntamento del 2019 degli \\\"ASI Open Days\\\", gli eventi di diffusione della cultura\",\"breadcrumb\":{\"@id\":\"http:\/\/spazio-news.it\/?p=7575#breadcrumb\"},\"inLanguage\":\"it-IT\",\"potentialAction\":[{\"@type\":\"ReadAction\",\"target\":[\"http:\/\/spazio-news.it\/?p=7575\"]}]},{\"@type\":\"ImageObject\",\"inLanguage\":\"it-IT\",\"@id\":\"http:\/\/spazio-news.it\/?p=7575#primaryimage\",\"url\":\"http:\/\/spazio-news.it\/wp-content\/uploads\/2018\/10\/Agenzia-Spaziale-Italiana-ASI-Logo-porta.png\",\"contentUrl\":\"http:\/\/spazio-news.it\/wp-content\/uploads\/2018\/10\/Agenzia-Spaziale-Italiana-ASI-Logo-porta.png\",\"width\":800,\"height\":446,\"caption\":\"Agenzia Spaziale Italiana - ASI Logo porta\"},{\"@type\":\"BreadcrumbList\",\"@id\":\"http:\/\/spazio-news.it\/?p=7575#breadcrumb\",\"itemListElement\":[{\"@type\":\"ListItem\",\"position\":1,\"name\":\"Home\",\"item\":\"http:\/\/spazio-news.it\/\"},{\"@type\":\"ListItem\",\"position\":2,\"name\":\"CULTURA DELLO SPAZIO: SI CHIUDE L&#8217;ASI OPEN DAYS 2019\"}]},{\"@type\":\"WebSite\",\"@id\":\"http:\/\/spazio-news.it\/#website\",\"url\":\"http:\/\/spazio-news.it\/\",\"name\":\"Spazio-News Magazine\",\"description\":\"La guida che sfida la complessit\u00e0 del mondo industriale\",\"publisher\":{\"@id\":\"http:\/\/spazio-news.it\/#organization\"},\"alternateName\":\"Spazio-news.it\",\"potentialAction\":[{\"@type\":\"SearchAction\",\"target\":{\"@type\":\"EntryPoint\",\"urlTemplate\":\"http:\/\/spazio-news.it\/?s={search_term_string}\"},\"query-input\":{\"@type\":\"PropertyValueSpecification\",\"valueRequired\":true,\"valueName\":\"search_term_string\"}}],\"inLanguage\":\"it-IT\"},{\"@type\":\"Organization\",\"@id\":\"http:\/\/spazio-news.it\/#organization\",\"name\":\"Spazio-News Magazine\",\"url\":\"http:\/\/spazio-news.it\/\",\"logo\":{\"@type\":\"ImageObject\",\"inLanguage\":\"it-IT\",\"@id\":\"http:\/\/spazio-news.it\/#\/schema\/logo\/image\/\",\"url\":\"http:\/\/spazio-news.it\/wp-content\/uploads\/2023\/09\/Logo-Spazio-News-512-x-512-NO-testo.jpg\",\"contentUrl\":\"http:\/\/spazio-news.it\/wp-content\/uploads\/2023\/09\/Logo-Spazio-News-512-x-512-NO-testo.jpg\",\"width\":512,\"height\":512,\"caption\":\"Spazio-News Magazine\"},\"image\":{\"@id\":\"http:\/\/spazio-news.it\/#\/schema\/logo\/image\/\"},\"sameAs\":[\"https:\/\/m.facebook.com\/spazio-news-magazine\",\"https:\/\/x.com\/News_spazio\"]},{\"@type\":\"Person\",\"@id\":\"http:\/\/spazio-news.it\/#\/schema\/person\/c600904e882e9e166ed8e5e3773d37b3\",\"name\":\"Redazione\",\"sameAs\":[\"http:\/\/spazio-news.it\",\"@SpazioNewsMagazine\",\"https:\/\/x.com\/@news_spazio\"],\"url\":\"http:\/\/spazio-news.it\/?author=1\"}]}<\/script>\n<!-- \/ Yoast SEO plugin. -->","yoast_head_json":{"title":"CULTURA DELLO SPAZIO: SI CHIUDE L'ASI OPEN DAYS 2019 &#187; Spazio-News Magazine","description":"Si \u00e8 concluso, lo scorso 11 dicembre, l\u2019ultimo appuntamento del 2019 degli \"ASI Open Days\", gli eventi di diffusione della cultura","robots":{"index":"index","follow":"follow","max-snippet":"max-snippet:-1","max-image-preview":"max-image-preview:large","max-video-preview":"max-video-preview:-1"},"canonical":"http:\/\/spazio-news.it\/?p=7575","og_locale":"it_IT","og_type":"article","og_title":"CULTURA DELLO SPAZIO: SI CHIUDE L'ASI OPEN DAYS 2019 &#187; Spazio-News Magazine","og_description":"Si \u00e8 concluso, lo scorso 11 dicembre, l\u2019ultimo appuntamento del 2019 degli \"ASI Open Days\", gli eventi di diffusione della cultura","og_url":"http:\/\/spazio-news.it\/?p=7575","og_site_name":"Spazio-News Magazine","article_publisher":"https:\/\/m.facebook.com\/spazio-news-magazine","article_author":"@SpazioNewsMagazine","article_published_time":"2019-12-18T07:11:06+00:00","article_modified_time":"2020-01-16T09:14:31+00:00","og_image":[{"width":800,"height":446,"url":"http:\/\/spazio-news.it\/wp-content\/uploads\/2018\/10\/Agenzia-Spaziale-Italiana-ASI-Logo-porta.png","type":"image\/png"}],"author":"Redazione","twitter_card":"summary_large_image","twitter_creator":"@news_spazio","twitter_site":"@News_spazio","twitter_misc":{"Scritto da":"Redazione","Tempo di lettura stimato":"2 minuti"},"schema":{"@context":"https:\/\/schema.org","@graph":[{"@type":"NewsArticle","@id":"http:\/\/spazio-news.it\/?p=7575#article","isPartOf":{"@id":"http:\/\/spazio-news.it\/?p=7575"},"author":{"name":"Redazione","@id":"http:\/\/spazio-news.it\/#\/schema\/person\/c600904e882e9e166ed8e5e3773d37b3"},"headline":"CULTURA DELLO SPAZIO: SI CHIUDE L&#8217;ASI OPEN DAYS 2019","datePublished":"2019-12-18T07:11:06+00:00","dateModified":"2020-01-16T09:14:31+00:00","mainEntityOfPage":{"@id":"http:\/\/spazio-news.it\/?p=7575"},"wordCount":369,"publisher":{"@id":"http:\/\/spazio-news.it\/#organization"},"image":{"@id":"http:\/\/spazio-news.it\/?p=7575#primaryimage"},"thumbnailUrl":"http:\/\/spazio-news.it\/wp-content\/uploads\/2018\/10\/Agenzia-Spaziale-Italiana-ASI-Logo-porta.png","keywords":["Agenzia Spaziale Italiana - ASI","ASI Open Day","Spazio"],"articleSection":["01 - PRIMA PAGINA","03 - ISTITUZIONI"],"inLanguage":"it-IT"},{"@type":"WebPage","@id":"http:\/\/spazio-news.it\/?p=7575","url":"http:\/\/spazio-news.it\/?p=7575","name":"CULTURA DELLO SPAZIO: SI CHIUDE L'ASI OPEN DAYS 2019 &#187; Spazio-News Magazine","isPartOf":{"@id":"http:\/\/spazio-news.it\/#website"},"primaryImageOfPage":{"@id":"http:\/\/spazio-news.it\/?p=7575#primaryimage"},"image":{"@id":"http:\/\/spazio-news.it\/?p=7575#primaryimage"},"thumbnailUrl":"http:\/\/spazio-news.it\/wp-content\/uploads\/2018\/10\/Agenzia-Spaziale-Italiana-ASI-Logo-porta.png","datePublished":"2019-12-18T07:11:06+00:00","dateModified":"2020-01-16T09:14:31+00:00","description":"Si \u00e8 concluso, lo scorso 11 dicembre, l\u2019ultimo appuntamento del 2019 degli \"ASI Open Days\", gli eventi di diffusione della cultura","breadcrumb":{"@id":"http:\/\/spazio-news.it\/?p=7575#breadcrumb"},"inLanguage":"it-IT","potentialAction":[{"@type":"ReadAction","target":["http:\/\/spazio-news.it\/?p=7575"]}]},{"@type":"ImageObject","inLanguage":"it-IT","@id":"http:\/\/spazio-news.it\/?p=7575#primaryimage","url":"http:\/\/spazio-news.it\/wp-content\/uploads\/2018\/10\/Agenzia-Spaziale-Italiana-ASI-Logo-porta.png","contentUrl":"http:\/\/spazio-news.it\/wp-content\/uploads\/2018\/10\/Agenzia-Spaziale-Italiana-ASI-Logo-porta.png","width":800,"height":446,"caption":"Agenzia Spaziale Italiana - ASI Logo porta"},{"@type":"BreadcrumbList","@id":"http:\/\/spazio-news.it\/?p=7575#breadcrumb","itemListElement":[{"@type":"ListItem","position":1,"name":"Home","item":"http:\/\/spazio-news.it\/"},{"@type":"ListItem","position":2,"name":"CULTURA DELLO SPAZIO: SI CHIUDE L&#8217;ASI OPEN DAYS 2019"}]},{"@type":"WebSite","@id":"http:\/\/spazio-news.it\/#website","url":"http:\/\/spazio-news.it\/","name":"Spazio-News Magazine","description":"La guida che sfida la complessit\u00e0 del mondo industriale","publisher":{"@id":"http:\/\/spazio-news.it\/#organization"},"alternateName":"Spazio-news.it","potentialAction":[{"@type":"SearchAction","target":{"@type":"EntryPoint","urlTemplate":"http:\/\/spazio-news.it\/?s={search_term_string}"},"query-input":{"@type":"PropertyValueSpecification","valueRequired":true,"valueName":"search_term_string"}}],"inLanguage":"it-IT"},{"@type":"Organization","@id":"http:\/\/spazio-news.it\/#organization","name":"Spazio-News Magazine","url":"http:\/\/spazio-news.it\/","logo":{"@type":"ImageObject","inLanguage":"it-IT","@id":"http:\/\/spazio-news.it\/#\/schema\/logo\/image\/","url":"http:\/\/spazio-news.it\/wp-content\/uploads\/2023\/09\/Logo-Spazio-News-512-x-512-NO-testo.jpg","contentUrl":"http:\/\/spazio-news.it\/wp-content\/uploads\/2023\/09\/Logo-Spazio-News-512-x-512-NO-testo.jpg","width":512,"height":512,"caption":"Spazio-News Magazine"},"image":{"@id":"http:\/\/spazio-news.it\/#\/schema\/logo\/image\/"},"sameAs":["https:\/\/m.facebook.com\/spazio-news-magazine","https:\/\/x.com\/News_spazio"]},{"@type":"Person","@id":"http:\/\/spazio-news.it\/#\/schema\/person\/c600904e882e9e166ed8e5e3773d37b3","name":"Redazione","sameAs":["http:\/\/spazio-news.it","@SpazioNewsMagazine","https:\/\/x.com\/@news_spazio"],"url":"http:\/\/spazio-news.it\/?author=1"}]}},"_links":{"self":[{"href":"http:\/\/spazio-news.it\/index.php?rest_route=\/wp\/v2\/posts\/7575","targetHints":{"allow":["GET"]}}],"collection":[{"href":"http:\/\/spazio-news.it\/index.php?rest_route=\/wp\/v2\/posts"}],"about":[{"href":"http:\/\/spazio-news.it\/index.php?rest_route=\/wp\/v2\/types\/post"}],"author":[{"embeddable":true,"href":"http:\/\/spazio-news.it\/index.php?rest_route=\/wp\/v2\/users\/1"}],"replies":[{"embeddable":true,"href":"http:\/\/spazio-news.it\/index.php?rest_route=%2Fwp%2Fv2%2Fcomments&post=7575"}],"version-history":[{"count":2,"href":"http:\/\/spazio-news.it\/index.php?rest_route=\/wp\/v2\/posts\/7575\/revisions"}],"predecessor-version":[{"id":7719,"href":"http:\/\/spazio-news.it\/index.php?rest_route=\/wp\/v2\/posts\/7575\/revisions\/7719"}],"wp:featuredmedia":[{"embeddable":true,"href":"http:\/\/spazio-news.it\/index.php?rest_route=\/wp\/v2\/media\/1622"}],"wp:attachment":[{"href":"http:\/\/spazio-news.it\/index.php?rest_route=%2Fwp%2Fv2%2Fmedia&parent=7575"}],"wp:term":[{"taxonomy":"category","embeddable":true,"href":"http:\/\/spazio-news.it\/index.php?rest_route=%2Fwp%2Fv2%2Fcategories&post=7575"},{"taxonomy":"post_tag","embeddable":true,"href":"http:\/\/spazio-news.it\/index.php?rest_route=%2Fwp%2Fv2%2Ftags&post=7575"}],"curies":[{"name":"wp","href":"https:\/\/api.w.org\/{rel}","templated":true}]}}