{"id":7581,"date":"2019-12-18T11:40:48","date_gmt":"2019-12-18T10:40:48","guid":{"rendered":"http:\/\/spazio-news.it\/?p=7581"},"modified":"2019-12-18T11:50:57","modified_gmt":"2019-12-18T10:50:57","slug":"cosmo-skymed-partito-il-primo-satellite-della-ii-generazione","status":"publish","type":"post","link":"http:\/\/spazio-news.it\/?p=7581","title":{"rendered":"COSMO-SKYMED: PARTITO IL PRIMO SATELLITE DELLA II GENERAZIONE"},"content":{"rendered":"<p>Dopo il rinvio di 24 ore, a causa di un\u00a0<strong>problema nelle verifiche software del lanciatore<\/strong>, \u00e8 partito oggi alle 9.54 ora italiana,\u00a0il\u00a0<strong>vettore Soyuz<\/strong>\u00a0con a bordo il primo satellite\u00a0<strong>COSMO-SkyMed di II Generazione<\/strong>\u00a0&#8211;\u00a0<strong>CSG,<\/strong> dell\u2019<a href=\"https:\/\/www.asi.it\/\">Agenzia Spaziale Italiana \u2013ASI<\/a><strong>\u00a0<\/strong>e del\u00a0<strong>Ministero della Difesa<\/strong>.<\/p>\n<p>Il <strong>satellite CSG<\/strong>, dedicato all\u2019<strong>Osservazione della Terra<\/strong>, \u00e8 stato lanciato insieme alla sonda\u00a0<strong style=\"box-sizing: border-box; border: 0px; font-variant-numeric: inherit; font-variant-east-asian: inherit; font-stretch: inherit; line-height: inherit; font-family: 'Open Sans', serif; font-size: 15px; margin: 0px; outline: 0px; padding: 0px; vertical-align: baseline; color: #444444; text-align: start;\"><a style=\"box-sizing: border-box; border: 0px; font-variant: inherit; font-stretch: inherit; line-height: inherit; font-family: inherit; font-style: inherit; font-weight: inherit; margin: 0px; outline: 0px; padding: 0px; vertical-align: baseline; color: #289dcc; text-decoration-line: none;\" href=\"http:\/\/sci.esa.int\/cheops\/54030-summary\/\">CHEOPS<\/a><\/strong>, dell\u2019<strong>Agenzia Spaziale Europea &#8211; ESA<\/strong>, dedicata alla caratterizzazione dei\u00a0<strong>pianeti esterni al sistema solare.<\/strong><\/p>\n<p>\u201c<em>La nuova generazione dei satelliti COSMO-SkyMed permette al nostro Paese di confermare<\/em>\u00a0\u2013 ha commentato il Presidente dell\u2019Agenzia Spaziale Italiana\u00a0<strong>Giorgio Saccoccia<\/strong>\u00a0&#8211;\u00a0<em>un\u2019eccellenza tecnologica Italiana, riconosciuta a livello mondiale. La nuova generazione rafforzer\u00e0 la leadership del nostro Paese nel settore dell\u2019Osservazione della Terra da satellite e dei suoi servizi ed applicazioni, quale efficace strumento di crescita economica e benessere sociale. La nuova generazione COSMO-SkyMed sar\u00e0 caratterizzata, grazie ai significativi investimenti dell\u2019ASI e della Difesa Italiana, da nuove funzionalit\u00e0, migliori prestazioni e maggiore flessibilit\u00e0 di utilizzo. Il successo di questo primo lancio della seconda generazione di satelliti COSMO-SkyMed \u00e8 un importante passo volto a garantire la continuit\u00e0 e il consolidamento di una straordinaria infrastruttura unica al mondo capace di garantire i pi\u00f9 sofisticati servizi di monitoraggio e osservazione del nostro pianeta\u201d.<\/em><\/p>\n<p>I\u00a0<strong>satelliti COSMO-SkyMed<\/strong>\u00a0di nuova Generazione rappresentano lo stato dell\u2019arte nel settore dei\u00a0<strong>radar ad apertura sintetica<\/strong>, in grado di garantire alte prestazioni ed affidabilit\u00e0 uniche nel panorama internazionale. Il nuovo\u00a0<strong>sistema di controllo d\u2019assetto<\/strong>, la possibilit\u00e0 di acquisire i dati in\u00a0<strong>quadrupla\u00a0polarizzazione,<\/strong>\u00a0il raddoppio dei\u00a0<strong>moduli di trasmissione<\/strong>\/<strong>ricezione<\/strong>, sono solo alcuni esempi delle innovazioni introdotte dalla nuova generazione, sia dal punto di vista tecnologico sia dal punto di vista delle modalit\u00e0 operative. Tali innovazioni permetteranno una maggiore capacit\u00e0 operativa e nuovi e pi\u00f9 efficaci servizi ed applicazioni a favore di una vasta utenza istituzionale e commerciale. Al\u00a0<strong>primo COSMO-SkyMed di Seconda Generazione<\/strong>\u00a0si affiancher\u00e0 nel 2020 il secondo satellite, che sar\u00e0 lanciato con il vettore europeo, a leadership Italiana,\u00a0<strong>VEGA C<\/strong>.<\/p>\n<p>COSMO-SkyMed di seconda generazione rappresenta un primato Italiano, realizzato da\u00a0<strong>Thales Alenia Space Italia<\/strong>\u00a0e\u00a0<strong>Telespazio<\/strong>, con la significativa partecipazione di\u00a0<strong>Leonardo<\/strong>\u00a0e di un consistente numero di piccole e medie imprese Italiane.<\/p>\n","protected":false},"excerpt":{"rendered":"<p>Dopo il rinvio di 24 ore, a causa di un\u00a0problema nelle verifiche software del lanciatore, \u00e8 partito oggi alle 9.54<\/p>\n","protected":false},"author":1,"featured_media":4397,"comment_status":"closed","ping_status":"open","sticky":false,"template":"","format":"standard","meta":{"colormag_page_container_layout":"default_layout","colormag_page_sidebar_layout":"default_layout","footnotes":""},"categories":[32,3],"tags":[812,811,1720,201,746,1574,83,260,105,1071,2812,994,86,934],"class_list":["post-7581","post","type-post","status-publish","format-standard","has-post-thumbnail","hentry","category-prima-pagina","category-industria","tag-agenzia-spaziale-europea-esa","tag-agenzia-spaziale-italiana-asi","tag-airbus-defence-and-space","tag-ambiente","tag-avio-spa","tag-cheops","tag-cosmo-skymed","tag-leonardo-spa","tag-ministero-della-difesa","tag-osservazione-della-terra","tag-satcom-satellite-communications","tag-soyuz","tag-telespazio","tag-thales-alenia-space"],"yoast_head":"<!-- This site is optimized with the Yoast SEO plugin v26.8 - https:\/\/yoast.com\/product\/yoast-seo-wordpress\/ -->\n<title>COSMO-SKYMED: PARTITO IL PRIMO SATELLITE DELLA II GENERAZIONE &#187; Spazio-News Magazine<\/title>\n<meta name=\"description\" content=\"Dopo il rinvio di 24 ore, a causa di un\u00a0problema, \u00e8 partito\u00a0il\u00a0vettore Soyuz\u00a0con a bordo il primo satellite\u00a0COSMO-SkyMed di II Generazione\" \/>\n<meta name=\"robots\" content=\"index, follow, max-snippet:-1, max-image-preview:large, max-video-preview:-1\" \/>\n<link rel=\"canonical\" href=\"http:\/\/spazio-news.it\/?p=7581\" \/>\n<meta property=\"og:locale\" content=\"it_IT\" \/>\n<meta property=\"og:type\" content=\"article\" \/>\n<meta property=\"og:title\" content=\"COSMO-SKYMED: PARTITO IL PRIMO SATELLITE DELLA II GENERAZIONE &#187; Spazio-News Magazine\" \/>\n<meta property=\"og:description\" content=\"Dopo il rinvio di 24 ore, a causa di un\u00a0problema, \u00e8 partito\u00a0il\u00a0vettore Soyuz\u00a0con a bordo il primo satellite\u00a0COSMO-SkyMed di II Generazione\" \/>\n<meta property=\"og:url\" content=\"http:\/\/spazio-news.it\/?p=7581\" \/>\n<meta property=\"og:site_name\" content=\"Spazio-News Magazine\" \/>\n<meta property=\"article:publisher\" content=\"https:\/\/m.facebook.com\/spazio-news-magazine\" \/>\n<meta property=\"article:author\" content=\"@SpazioNewsMagazine\" \/>\n<meta property=\"article:published_time\" content=\"2019-12-18T10:40:48+00:00\" \/>\n<meta property=\"article:modified_time\" content=\"2019-12-18T10:50:57+00:00\" \/>\n<meta property=\"og:image\" content=\"http:\/\/spazio-news.it\/wp-content\/uploads\/2019\/05\/Arianespace-Avio-Vega-rocket-ESA-Vettore-Satelliti-Spazio.jpg\" \/>\n\t<meta property=\"og:image:width\" content=\"800\" \/>\n\t<meta property=\"og:image:height\" content=\"446\" \/>\n\t<meta property=\"og:image:type\" content=\"image\/jpeg\" \/>\n<meta name=\"author\" content=\"Redazione\" \/>\n<meta name=\"twitter:card\" content=\"summary_large_image\" \/>\n<meta name=\"twitter:creator\" content=\"@news_spazio\" \/>\n<meta name=\"twitter:site\" content=\"@News_spazio\" \/>\n<meta name=\"twitter:label1\" content=\"Scritto da\" \/>\n\t<meta name=\"twitter:data1\" content=\"Redazione\" \/>\n\t<meta name=\"twitter:label2\" content=\"Tempo di lettura stimato\" \/>\n\t<meta name=\"twitter:data2\" content=\"2 minuti\" \/>\n<script type=\"application\/ld+json\" class=\"yoast-schema-graph\">{\"@context\":\"https:\/\/schema.org\",\"@graph\":[{\"@type\":\"NewsArticle\",\"@id\":\"http:\/\/spazio-news.it\/?p=7581#article\",\"isPartOf\":{\"@id\":\"http:\/\/spazio-news.it\/?p=7581\"},\"author\":{\"name\":\"Redazione\",\"@id\":\"http:\/\/spazio-news.it\/#\/schema\/person\/c600904e882e9e166ed8e5e3773d37b3\"},\"headline\":\"COSMO-SKYMED: PARTITO IL PRIMO SATELLITE DELLA II GENERAZIONE\",\"datePublished\":\"2019-12-18T10:40:48+00:00\",\"dateModified\":\"2019-12-18T10:50:57+00:00\",\"mainEntityOfPage\":{\"@id\":\"http:\/\/spazio-news.it\/?p=7581\"},\"wordCount\":373,\"publisher\":{\"@id\":\"http:\/\/spazio-news.it\/#organization\"},\"image\":{\"@id\":\"http:\/\/spazio-news.it\/?p=7581#primaryimage\"},\"thumbnailUrl\":\"http:\/\/spazio-news.it\/wp-content\/uploads\/2019\/05\/Arianespace-Avio-Vega-rocket-ESA-Vettore-Satelliti-Spazio.jpg\",\"keywords\":[\"Agenzia Spaziale Europea - ESA\",\"Agenzia Spaziale Italiana - ASI\",\"Airbus Defence and Space\",\"Ambiente\",\"Avio SpA\",\"Cheops\",\"COSMO-SkyMed\",\"Leonardo SPA\",\"Ministero della Difesa\",\"Osservazione della Terra\",\"SatCom - SATellite COMmunications\",\"Soyuz\",\"Telespazio\",\"Thales Alenia Space\"],\"articleSection\":[\"01 - PRIMA PAGINA\",\"02 - INDUSTRIA\"],\"inLanguage\":\"it-IT\"},{\"@type\":\"WebPage\",\"@id\":\"http:\/\/spazio-news.it\/?p=7581\",\"url\":\"http:\/\/spazio-news.it\/?p=7581\",\"name\":\"COSMO-SKYMED: PARTITO IL PRIMO SATELLITE DELLA II GENERAZIONE &#187; Spazio-News Magazine\",\"isPartOf\":{\"@id\":\"http:\/\/spazio-news.it\/#website\"},\"primaryImageOfPage\":{\"@id\":\"http:\/\/spazio-news.it\/?p=7581#primaryimage\"},\"image\":{\"@id\":\"http:\/\/spazio-news.it\/?p=7581#primaryimage\"},\"thumbnailUrl\":\"http:\/\/spazio-news.it\/wp-content\/uploads\/2019\/05\/Arianespace-Avio-Vega-rocket-ESA-Vettore-Satelliti-Spazio.jpg\",\"datePublished\":\"2019-12-18T10:40:48+00:00\",\"dateModified\":\"2019-12-18T10:50:57+00:00\",\"description\":\"Dopo il rinvio di 24 ore, a causa di un\u00a0problema, \u00e8 partito\u00a0il\u00a0vettore Soyuz\u00a0con a bordo il primo satellite\u00a0COSMO-SkyMed di II Generazione\",\"breadcrumb\":{\"@id\":\"http:\/\/spazio-news.it\/?p=7581#breadcrumb\"},\"inLanguage\":\"it-IT\",\"potentialAction\":[{\"@type\":\"ReadAction\",\"target\":[\"http:\/\/spazio-news.it\/?p=7581\"]}]},{\"@type\":\"ImageObject\",\"inLanguage\":\"it-IT\",\"@id\":\"http:\/\/spazio-news.it\/?p=7581#primaryimage\",\"url\":\"http:\/\/spazio-news.it\/wp-content\/uploads\/2019\/05\/Arianespace-Avio-Vega-rocket-ESA-Vettore-Satelliti-Spazio.jpg\",\"contentUrl\":\"http:\/\/spazio-news.it\/wp-content\/uploads\/2019\/05\/Arianespace-Avio-Vega-rocket-ESA-Vettore-Satelliti-Spazio.jpg\",\"width\":800,\"height\":446,\"caption\":\"Arianespace Avio Vega rocket ESA Vettore Satelliti Spazio\"},{\"@type\":\"BreadcrumbList\",\"@id\":\"http:\/\/spazio-news.it\/?p=7581#breadcrumb\",\"itemListElement\":[{\"@type\":\"ListItem\",\"position\":1,\"name\":\"Home\",\"item\":\"http:\/\/spazio-news.it\/\"},{\"@type\":\"ListItem\",\"position\":2,\"name\":\"COSMO-SKYMED: PARTITO IL PRIMO SATELLITE DELLA II GENERAZIONE\"}]},{\"@type\":\"WebSite\",\"@id\":\"http:\/\/spazio-news.it\/#website\",\"url\":\"http:\/\/spazio-news.it\/\",\"name\":\"Spazio-News Magazine\",\"description\":\"La guida che sfida la complessit\u00e0 del mondo industriale\",\"publisher\":{\"@id\":\"http:\/\/spazio-news.it\/#organization\"},\"alternateName\":\"Spazio-news.it\",\"potentialAction\":[{\"@type\":\"SearchAction\",\"target\":{\"@type\":\"EntryPoint\",\"urlTemplate\":\"http:\/\/spazio-news.it\/?s={search_term_string}\"},\"query-input\":{\"@type\":\"PropertyValueSpecification\",\"valueRequired\":true,\"valueName\":\"search_term_string\"}}],\"inLanguage\":\"it-IT\"},{\"@type\":\"Organization\",\"@id\":\"http:\/\/spazio-news.it\/#organization\",\"name\":\"Spazio-News Magazine\",\"url\":\"http:\/\/spazio-news.it\/\",\"logo\":{\"@type\":\"ImageObject\",\"inLanguage\":\"it-IT\",\"@id\":\"http:\/\/spazio-news.it\/#\/schema\/logo\/image\/\",\"url\":\"http:\/\/spazio-news.it\/wp-content\/uploads\/2023\/09\/Logo-Spazio-News-512-x-512-NO-testo.jpg\",\"contentUrl\":\"http:\/\/spazio-news.it\/wp-content\/uploads\/2023\/09\/Logo-Spazio-News-512-x-512-NO-testo.jpg\",\"width\":512,\"height\":512,\"caption\":\"Spazio-News Magazine\"},\"image\":{\"@id\":\"http:\/\/spazio-news.it\/#\/schema\/logo\/image\/\"},\"sameAs\":[\"https:\/\/m.facebook.com\/spazio-news-magazine\",\"https:\/\/x.com\/News_spazio\"]},{\"@type\":\"Person\",\"@id\":\"http:\/\/spazio-news.it\/#\/schema\/person\/c600904e882e9e166ed8e5e3773d37b3\",\"name\":\"Redazione\",\"sameAs\":[\"http:\/\/spazio-news.it\",\"@SpazioNewsMagazine\",\"https:\/\/x.com\/@news_spazio\"],\"url\":\"http:\/\/spazio-news.it\/?author=1\"}]}<\/script>\n<!-- \/ Yoast SEO plugin. -->","yoast_head_json":{"title":"COSMO-SKYMED: PARTITO IL PRIMO SATELLITE DELLA II GENERAZIONE &#187; Spazio-News Magazine","description":"Dopo il rinvio di 24 ore, a causa di un\u00a0problema, \u00e8 partito\u00a0il\u00a0vettore Soyuz\u00a0con a bordo il primo satellite\u00a0COSMO-SkyMed di II Generazione","robots":{"index":"index","follow":"follow","max-snippet":"max-snippet:-1","max-image-preview":"max-image-preview:large","max-video-preview":"max-video-preview:-1"},"canonical":"http:\/\/spazio-news.it\/?p=7581","og_locale":"it_IT","og_type":"article","og_title":"COSMO-SKYMED: PARTITO IL PRIMO SATELLITE DELLA II GENERAZIONE &#187; Spazio-News Magazine","og_description":"Dopo il rinvio di 24 ore, a causa di un\u00a0problema, \u00e8 partito\u00a0il\u00a0vettore Soyuz\u00a0con a bordo il primo satellite\u00a0COSMO-SkyMed di II Generazione","og_url":"http:\/\/spazio-news.it\/?p=7581","og_site_name":"Spazio-News Magazine","article_publisher":"https:\/\/m.facebook.com\/spazio-news-magazine","article_author":"@SpazioNewsMagazine","article_published_time":"2019-12-18T10:40:48+00:00","article_modified_time":"2019-12-18T10:50:57+00:00","og_image":[{"width":800,"height":446,"url":"http:\/\/spazio-news.it\/wp-content\/uploads\/2019\/05\/Arianespace-Avio-Vega-rocket-ESA-Vettore-Satelliti-Spazio.jpg","type":"image\/jpeg"}],"author":"Redazione","twitter_card":"summary_large_image","twitter_creator":"@news_spazio","twitter_site":"@News_spazio","twitter_misc":{"Scritto da":"Redazione","Tempo di lettura stimato":"2 minuti"},"schema":{"@context":"https:\/\/schema.org","@graph":[{"@type":"NewsArticle","@id":"http:\/\/spazio-news.it\/?p=7581#article","isPartOf":{"@id":"http:\/\/spazio-news.it\/?p=7581"},"author":{"name":"Redazione","@id":"http:\/\/spazio-news.it\/#\/schema\/person\/c600904e882e9e166ed8e5e3773d37b3"},"headline":"COSMO-SKYMED: PARTITO IL PRIMO SATELLITE DELLA II GENERAZIONE","datePublished":"2019-12-18T10:40:48+00:00","dateModified":"2019-12-18T10:50:57+00:00","mainEntityOfPage":{"@id":"http:\/\/spazio-news.it\/?p=7581"},"wordCount":373,"publisher":{"@id":"http:\/\/spazio-news.it\/#organization"},"image":{"@id":"http:\/\/spazio-news.it\/?p=7581#primaryimage"},"thumbnailUrl":"http:\/\/spazio-news.it\/wp-content\/uploads\/2019\/05\/Arianespace-Avio-Vega-rocket-ESA-Vettore-Satelliti-Spazio.jpg","keywords":["Agenzia Spaziale Europea - ESA","Agenzia Spaziale Italiana - ASI","Airbus Defence and Space","Ambiente","Avio SpA","Cheops","COSMO-SkyMed","Leonardo SPA","Ministero della Difesa","Osservazione della Terra","SatCom - SATellite COMmunications","Soyuz","Telespazio","Thales Alenia Space"],"articleSection":["01 - PRIMA PAGINA","02 - INDUSTRIA"],"inLanguage":"it-IT"},{"@type":"WebPage","@id":"http:\/\/spazio-news.it\/?p=7581","url":"http:\/\/spazio-news.it\/?p=7581","name":"COSMO-SKYMED: PARTITO IL PRIMO SATELLITE DELLA II GENERAZIONE &#187; Spazio-News Magazine","isPartOf":{"@id":"http:\/\/spazio-news.it\/#website"},"primaryImageOfPage":{"@id":"http:\/\/spazio-news.it\/?p=7581#primaryimage"},"image":{"@id":"http:\/\/spazio-news.it\/?p=7581#primaryimage"},"thumbnailUrl":"http:\/\/spazio-news.it\/wp-content\/uploads\/2019\/05\/Arianespace-Avio-Vega-rocket-ESA-Vettore-Satelliti-Spazio.jpg","datePublished":"2019-12-18T10:40:48+00:00","dateModified":"2019-12-18T10:50:57+00:00","description":"Dopo il rinvio di 24 ore, a causa di un\u00a0problema, \u00e8 partito\u00a0il\u00a0vettore Soyuz\u00a0con a bordo il primo satellite\u00a0COSMO-SkyMed di II Generazione","breadcrumb":{"@id":"http:\/\/spazio-news.it\/?p=7581#breadcrumb"},"inLanguage":"it-IT","potentialAction":[{"@type":"ReadAction","target":["http:\/\/spazio-news.it\/?p=7581"]}]},{"@type":"ImageObject","inLanguage":"it-IT","@id":"http:\/\/spazio-news.it\/?p=7581#primaryimage","url":"http:\/\/spazio-news.it\/wp-content\/uploads\/2019\/05\/Arianespace-Avio-Vega-rocket-ESA-Vettore-Satelliti-Spazio.jpg","contentUrl":"http:\/\/spazio-news.it\/wp-content\/uploads\/2019\/05\/Arianespace-Avio-Vega-rocket-ESA-Vettore-Satelliti-Spazio.jpg","width":800,"height":446,"caption":"Arianespace Avio Vega rocket ESA Vettore Satelliti Spazio"},{"@type":"BreadcrumbList","@id":"http:\/\/spazio-news.it\/?p=7581#breadcrumb","itemListElement":[{"@type":"ListItem","position":1,"name":"Home","item":"http:\/\/spazio-news.it\/"},{"@type":"ListItem","position":2,"name":"COSMO-SKYMED: PARTITO IL PRIMO SATELLITE DELLA II GENERAZIONE"}]},{"@type":"WebSite","@id":"http:\/\/spazio-news.it\/#website","url":"http:\/\/spazio-news.it\/","name":"Spazio-News Magazine","description":"La guida che sfida la complessit\u00e0 del mondo industriale","publisher":{"@id":"http:\/\/spazio-news.it\/#organization"},"alternateName":"Spazio-news.it","potentialAction":[{"@type":"SearchAction","target":{"@type":"EntryPoint","urlTemplate":"http:\/\/spazio-news.it\/?s={search_term_string}"},"query-input":{"@type":"PropertyValueSpecification","valueRequired":true,"valueName":"search_term_string"}}],"inLanguage":"it-IT"},{"@type":"Organization","@id":"http:\/\/spazio-news.it\/#organization","name":"Spazio-News Magazine","url":"http:\/\/spazio-news.it\/","logo":{"@type":"ImageObject","inLanguage":"it-IT","@id":"http:\/\/spazio-news.it\/#\/schema\/logo\/image\/","url":"http:\/\/spazio-news.it\/wp-content\/uploads\/2023\/09\/Logo-Spazio-News-512-x-512-NO-testo.jpg","contentUrl":"http:\/\/spazio-news.it\/wp-content\/uploads\/2023\/09\/Logo-Spazio-News-512-x-512-NO-testo.jpg","width":512,"height":512,"caption":"Spazio-News Magazine"},"image":{"@id":"http:\/\/spazio-news.it\/#\/schema\/logo\/image\/"},"sameAs":["https:\/\/m.facebook.com\/spazio-news-magazine","https:\/\/x.com\/News_spazio"]},{"@type":"Person","@id":"http:\/\/spazio-news.it\/#\/schema\/person\/c600904e882e9e166ed8e5e3773d37b3","name":"Redazione","sameAs":["http:\/\/spazio-news.it","@SpazioNewsMagazine","https:\/\/x.com\/@news_spazio"],"url":"http:\/\/spazio-news.it\/?author=1"}]}},"_links":{"self":[{"href":"http:\/\/spazio-news.it\/index.php?rest_route=\/wp\/v2\/posts\/7581","targetHints":{"allow":["GET"]}}],"collection":[{"href":"http:\/\/spazio-news.it\/index.php?rest_route=\/wp\/v2\/posts"}],"about":[{"href":"http:\/\/spazio-news.it\/index.php?rest_route=\/wp\/v2\/types\/post"}],"author":[{"embeddable":true,"href":"http:\/\/spazio-news.it\/index.php?rest_route=\/wp\/v2\/users\/1"}],"replies":[{"embeddable":true,"href":"http:\/\/spazio-news.it\/index.php?rest_route=%2Fwp%2Fv2%2Fcomments&post=7581"}],"version-history":[{"count":1,"href":"http:\/\/spazio-news.it\/index.php?rest_route=\/wp\/v2\/posts\/7581\/revisions"}],"predecessor-version":[{"id":7582,"href":"http:\/\/spazio-news.it\/index.php?rest_route=\/wp\/v2\/posts\/7581\/revisions\/7582"}],"wp:featuredmedia":[{"embeddable":true,"href":"http:\/\/spazio-news.it\/index.php?rest_route=\/wp\/v2\/media\/4397"}],"wp:attachment":[{"href":"http:\/\/spazio-news.it\/index.php?rest_route=%2Fwp%2Fv2%2Fmedia&parent=7581"}],"wp:term":[{"taxonomy":"category","embeddable":true,"href":"http:\/\/spazio-news.it\/index.php?rest_route=%2Fwp%2Fv2%2Fcategories&post=7581"},{"taxonomy":"post_tag","embeddable":true,"href":"http:\/\/spazio-news.it\/index.php?rest_route=%2Fwp%2Fv2%2Ftags&post=7581"}],"curies":[{"name":"wp","href":"https:\/\/api.w.org\/{rel}","templated":true}]}}